{"id":7532,"date":"2024-08-26T08:38:38","date_gmt":"2024-08-26T06:38:38","guid":{"rendered":"https:\/\/covasna45.ro\/?p=7532"},"modified":"2024-08-26T08:38:39","modified_gmt":"2024-08-26T06:38:39","slug":"ministrul-economiei-tva-ul-nu-va-creste","status":"publish","type":"post","link":"https:\/\/covasna45.ro\/index.php\/lumea-noastra\/ministrul-economiei-tva-ul-nu-va-creste\/","title":{"rendered":"Ministrul Economiei: \u201eTVA-ul nu va cre\u015fte\u201d"},"content":{"rendered":"\n<p>Ministrul Economiei, \u015etefan Radu Oprea, a declarat c\u0103 TVA nu va cre\u015fte iar dac\u0103 \u201ene facem treaba mai bine la Ministerul Finan\u0163elor, privitor la colectare, nu ar trebui s\u0103 mai creasc\u0103 taxele \u015fi impozitele \u00een Rom\u00e2nia\u201d. El a men\u0163ionat, la <a href=\"https:\/\/www.news.ro\/politic-intern\/stefan-radu-oprea-tva-creste-ne-facem-treaba-bine-ministerul-finantelor-privitor-colectare-ar-trebui-creasca-taxe-impozite-romania-discutia-impozitul-proprietate-cererea-plata-4-pnrr-1922403825002024082021712524\">B1TV<\/a>, c\u0103 discu\u0163ia despre impozitul pe proprietate va avea loc \u00een cererea de plat\u0103 num\u0103rul 4 din PNRR, odat\u0103 cu reforma fiscal\u0103.<\/p>\n\n\n\n<p>\u201e<strong><em>TVA-ul nu va cre\u015fte, a fost \u00een discu\u0163ii \u015fi scenarii, \u015fi acesta, pentru c\u0103 \u00a0\u00eentotdeauna se fac foarte multe prognoze. Niciodat\u0103 PSD nu a acceptat o cre\u015ftere de TVA \u015fi nu cred c\u0103 va accepta<\/em><\/strong>\u201d, a declarat ministrul Economiei.<\/p>\n\n\n\n<p>Despre o posibil\u0103 cre\u015ftere de taxe \u015fi impozite, \u00eencep\u00e2nd de anul viitor, \u015etefan Radu Oprea a precizat c\u0103 \u201e<strong><em>digitalizarea trebuie s\u0103 aduc\u0103 beneficii \u015fi aduce beneficii \u015fi vedem c\u0103 deja se colecteaz\u0103 mai mult<\/em><\/strong>\u201d.<\/p>\n\n\n\n<p>\u201e<strong><em>Cred c\u0103, dac\u0103 ne facem treaba mai bine la Ministerul Finan\u0163elor Publice, privitor la colectare, \u015fi cre\u015ftem economia, nu ar trebui s\u0103 mai creasc\u0103 taxe \u015fi impozite \u00een Rom\u00e2nia. Dac\u0103 ne uit\u0103m la statele din jurul nostru, la Ungaria, alte \u0163\u0103ri care au reu\u015fit s\u0103 introduc\u0103 digitalizarea \u015fi e-factura,vedem c\u0103 ei deja sunt la un 36% &#8211; 38% colectare venituri la bugetul de stat, noi eram undeva la 27%, media european\u0103 cred c\u0103 este 42%. De aceea spun c\u0103 implementarea digitaliz\u0103rii \u00een sistemul de colectare trebuie s\u0103 aduc\u0103 rezultate<\/em><\/strong>\u201d, a afirmat Oprea.<\/p>\n\n\n\n<p>Ministrul Economiei a subliniat, despre impozitul pe proprietate, c\u0103 \u201esocial-democra\u0163ii au spus \u00eentotdeauna c\u0103 trebuie s\u0103 fie o impozitare just\u0103 \u015fi corect\u0103 \u00een societate\u201d.<\/p>\n\n\n\n<p>\u201eVorbim despre echitate \u015fi justi\u0163ie social\u0103\u201d, a completat ministrul, ar\u0103t\u00e2nd c\u0103 un raport al impozit\u0103rii muncii \u015fi al capitalului spune c\u0103 trebuie s\u0103 fie 40-60. \u201e<strong><em>\u00cen Rom\u00e2nia, 60% munca, 40% capitalul, \u00een Europa este invers \u015fi atunci, probabil c\u0103 dac\u0103 vrem s\u0103 moderniz\u0103m statul rom\u00e2n \u015fi to\u0163i spunem lucrul acesta, ar trebui s\u0103 avem \u00een vedere \u015fi aceast\u0103 chestiune. E o discu\u0163ie care va avea loc \u00een societate \u015fi care va fi \u00een cererea de plat\u0103 nr 4, \u00een momentul \u00een care vom discuta despre reforma fiscal\u0103. Ea va avea loc \u015fi vom participa cu to\u0163ii la ea, \u015fi guvern \u015fi antreprenori \u015fi sindicate. Va fi o discu\u0163ie \u00een societate<\/em><\/strong>\u201d, a mai declarat ministrul Economiei.<\/p>\n","protected":false},"excerpt":{"rendered":"<p>Ministrul Economiei, \u015etefan Radu Oprea, a declarat c\u0103 TVA nu va cre\u015fte iar dac\u0103 \u201ene facem treaba mai bine la Ministerul Finan\u0163elor, privitor la colectare, nu ar trebui s\u0103 mai creasc\u0103 taxele \u015fi impozitele \u00een Rom\u00e2nia\u201d. El a men\u0163ionat, la B1TV, c\u0103 discu\u0163ia despre impozitul pe proprietate va avea loc \u00een cererea de plat\u0103 num\u0103rul [&hellip;]<\/p>\n","protected":false},"author":1,"featured_media":7533,"comment_status":"open","ping_status":"closed","sticky":false,"template":"","format":"standard","meta":{"tdm_status":"","tdm_grid_status":"","footnotes":""},"categories":[14],"tags":[352,2708,881],"class_list":{"0":"post-7532","1":"post","2":"type-post","3":"status-publish","4":"format-standard","5":"has-post-thumbnail","7":"category-lumea-noastra","8":"tag-economie","9":"tag-stefan-radu-oprea","10":"tag-tva"},"yoast_head":"<!-- This site is optimized with the Yoast SEO plugin v27.5 - https:\/\/yoast.com\/product\/yoast-seo-wordpress\/ -->\n<title>Ministrul Economiei: \u201eTVA-ul nu va cre\u015fte\u201d - Covasna45<\/title>\n<meta name=\"description\" content=\"Ministrul precizeaz\u0103 c\u0103 social-democra\u0163ii au spus \u00eentotdeauna c\u0103 trebuie s\u0103 fie o impozitare just\u0103 \u015fi corect\u0103 \u00een societate.\" \/>\n<meta name=\"robots\" content=\"index, follow, max-snippet:-1, max-image-preview:large, max-video-preview:-1\" \/>\n<link rel=\"canonical\" href=\"https:\/\/covasna45.ro\/index.php\/lumea-noastra\/ministrul-economiei-tva-ul-nu-va-creste\/\" \/>\n<meta property=\"og:locale\" content=\"ro_RO\" \/>\n<meta property=\"og:type\" content=\"article\" \/>\n<meta property=\"og:title\" content=\"Ministrul Economiei: \u201eTVA-ul nu va cre\u015fte\u201d - Covasna45\" \/>\n<meta property=\"og:description\" content=\"Ministrul precizeaz\u0103 c\u0103 social-democra\u0163ii au spus \u00eentotdeauna c\u0103 trebuie s\u0103 fie o impozitare just\u0103 \u015fi corect\u0103 \u00een societate.\" \/>\n<meta property=\"og:url\" content=\"https:\/\/covasna45.ro\/index.php\/lumea-noastra\/ministrul-economiei-tva-ul-nu-va-creste\/\" \/>\n<meta property=\"og:site_name\" content=\"Covasna45\" \/>\n<meta property=\"article:published_time\" content=\"2024-08-26T06:38:38+00:00\" \/>\n<meta property=\"article:modified_time\" content=\"2024-08-26T06:38:39+00:00\" \/>\n<meta property=\"og:image\" content=\"https:\/\/covasna45.ro\/wp-content\/uploads\/2024\/08\/oprea.jpg\" \/>\n\t<meta property=\"og:image:width\" content=\"2048\" \/>\n\t<meta property=\"og:image:height\" content=\"1365\" \/>\n\t<meta property=\"og:image:type\" content=\"image\/jpeg\" \/>\n<meta name=\"author\" content=\"Covasna45\" \/>\n<meta name=\"twitter:card\" content=\"summary_large_image\" \/>\n<meta name=\"twitter:label1\" content=\"Scris de\" \/>\n\t<meta name=\"twitter:data1\" content=\"Covasna45\" \/>\n\t<meta name=\"twitter:label2\" content=\"Timp estimat pentru citire\" \/>\n\t<meta name=\"twitter:data2\" content=\"3 minute\" \/>\n<script type=\"application\/ld+json\" class=\"yoast-schema-graph\">{\"@context\":\"https:\\\/\\\/schema.org\",\"@graph\":[{\"@type\":\"Article\",\"@id\":\"https:\\\/\\\/covasna45.ro\\\/index.php\\\/lumea-noastra\\\/ministrul-economiei-tva-ul-nu-va-creste\\\/#article\",\"isPartOf\":{\"@id\":\"https:\\\/\\\/covasna45.ro\\\/index.php\\\/lumea-noastra\\\/ministrul-economiei-tva-ul-nu-va-creste\\\/\"},\"author\":{\"name\":\"Covasna45\",\"@id\":\"https:\\\/\\\/covasna45.ro\\\/#\\\/schema\\\/person\\\/e674052bd7d95d70bbb007a1060ab73c\"},\"headline\":\"Ministrul Economiei: \u201eTVA-ul nu va cre\u015fte\u201d\",\"datePublished\":\"2024-08-26T06:38:38+00:00\",\"dateModified\":\"2024-08-26T06:38:39+00:00\",\"mainEntityOfPage\":{\"@id\":\"https:\\\/\\\/covasna45.ro\\\/index.php\\\/lumea-noastra\\\/ministrul-economiei-tva-ul-nu-va-creste\\\/\"},\"wordCount\":396,\"commentCount\":0,\"publisher\":{\"@id\":\"https:\\\/\\\/covasna45.ro\\\/#organization\"},\"image\":{\"@id\":\"https:\\\/\\\/covasna45.ro\\\/index.php\\\/lumea-noastra\\\/ministrul-economiei-tva-ul-nu-va-creste\\\/#primaryimage\"},\"thumbnailUrl\":\"https:\\\/\\\/covasna45.ro\\\/wp-content\\\/uploads\\\/2024\\\/08\\\/oprea.jpg\",\"keywords\":[\"Economie\",\"stefan radu oprea\",\"TVA\"],\"articleSection\":[\"Lumea noastr\u0103\"],\"inLanguage\":\"ro-RO\",\"potentialAction\":[{\"@type\":\"CommentAction\",\"name\":\"Comment\",\"target\":[\"https:\\\/\\\/covasna45.ro\\\/index.php\\\/lumea-noastra\\\/ministrul-economiei-tva-ul-nu-va-creste\\\/#respond\"]}]},{\"@type\":\"WebPage\",\"@id\":\"https:\\\/\\\/covasna45.ro\\\/index.php\\\/lumea-noastra\\\/ministrul-economiei-tva-ul-nu-va-creste\\\/\",\"url\":\"https:\\\/\\\/covasna45.ro\\\/index.php\\\/lumea-noastra\\\/ministrul-economiei-tva-ul-nu-va-creste\\\/\",\"name\":\"Ministrul Economiei: \u201eTVA-ul nu va cre\u015fte\u201d - Covasna45\",\"isPartOf\":{\"@id\":\"https:\\\/\\\/covasna45.ro\\\/#website\"},\"primaryImageOfPage\":{\"@id\":\"https:\\\/\\\/covasna45.ro\\\/index.php\\\/lumea-noastra\\\/ministrul-economiei-tva-ul-nu-va-creste\\\/#primaryimage\"},\"image\":{\"@id\":\"https:\\\/\\\/covasna45.ro\\\/index.php\\\/lumea-noastra\\\/ministrul-economiei-tva-ul-nu-va-creste\\\/#primaryimage\"},\"thumbnailUrl\":\"https:\\\/\\\/covasna45.ro\\\/wp-content\\\/uploads\\\/2024\\\/08\\\/oprea.jpg\",\"datePublished\":\"2024-08-26T06:38:38+00:00\",\"dateModified\":\"2024-08-26T06:38:39+00:00\",\"description\":\"Ministrul precizeaz\u0103 c\u0103 social-democra\u0163ii au spus \u00eentotdeauna c\u0103 trebuie s\u0103 fie o impozitare just\u0103 \u015fi corect\u0103 \u00een societate.\",\"breadcrumb\":{\"@id\":\"https:\\\/\\\/covasna45.ro\\\/index.php\\\/lumea-noastra\\\/ministrul-economiei-tva-ul-nu-va-creste\\\/#breadcrumb\"},\"inLanguage\":\"ro-RO\",\"potentialAction\":[{\"@type\":\"ReadAction\",\"target\":[\"https:\\\/\\\/covasna45.ro\\\/index.php\\\/lumea-noastra\\\/ministrul-economiei-tva-ul-nu-va-creste\\\/\"]}]},{\"@type\":\"ImageObject\",\"inLanguage\":\"ro-RO\",\"@id\":\"https:\\\/\\\/covasna45.ro\\\/index.php\\\/lumea-noastra\\\/ministrul-economiei-tva-ul-nu-va-creste\\\/#primaryimage\",\"url\":\"https:\\\/\\\/covasna45.ro\\\/wp-content\\\/uploads\\\/2024\\\/08\\\/oprea.jpg\",\"contentUrl\":\"https:\\\/\\\/covasna45.ro\\\/wp-content\\\/uploads\\\/2024\\\/08\\\/oprea.jpg\",\"width\":2048,\"height\":1365},{\"@type\":\"BreadcrumbList\",\"@id\":\"https:\\\/\\\/covasna45.ro\\\/index.php\\\/lumea-noastra\\\/ministrul-economiei-tva-ul-nu-va-creste\\\/#breadcrumb\",\"itemListElement\":[{\"@type\":\"ListItem\",\"position\":1,\"name\":\"Prima pagin\u0103\",\"item\":\"https:\\\/\\\/covasna45.ro\\\/\"},{\"@type\":\"ListItem\",\"position\":2,\"name\":\"Ministrul Economiei: \u201eTVA-ul nu va cre\u015fte\u201d\"}]},{\"@type\":\"WebSite\",\"@id\":\"https:\\\/\\\/covasna45.ro\\\/#website\",\"url\":\"https:\\\/\\\/covasna45.ro\\\/\",\"name\":\"covasna45.ro\",\"description\":\"\",\"publisher\":{\"@id\":\"https:\\\/\\\/covasna45.ro\\\/#organization\"},\"potentialAction\":[{\"@type\":\"SearchAction\",\"target\":{\"@type\":\"EntryPoint\",\"urlTemplate\":\"https:\\\/\\\/covasna45.ro\\\/?s={search_term_string}\"},\"query-input\":{\"@type\":\"PropertyValueSpecification\",\"valueRequired\":true,\"valueName\":\"search_term_string\"}}],\"inLanguage\":\"ro-RO\"},{\"@type\":\"Organization\",\"@id\":\"https:\\\/\\\/covasna45.ro\\\/#organization\",\"name\":\"covasna45.ro\",\"url\":\"https:\\\/\\\/covasna45.ro\\\/\",\"logo\":{\"@type\":\"ImageObject\",\"inLanguage\":\"ro-RO\",\"@id\":\"https:\\\/\\\/covasna45.ro\\\/#\\\/schema\\\/logo\\\/image\\\/\",\"url\":\"https:\\\/\\\/covasna45.ro\\\/wp-content\\\/uploads\\\/2023\\\/01\\\/icon_logo.png\",\"contentUrl\":\"https:\\\/\\\/covasna45.ro\\\/wp-content\\\/uploads\\\/2023\\\/01\\\/icon_logo.png\",\"width\":1900,\"height\":1900,\"caption\":\"covasna45.ro\"},\"image\":{\"@id\":\"https:\\\/\\\/covasna45.ro\\\/#\\\/schema\\\/logo\\\/image\\\/\"}},{\"@type\":\"Person\",\"@id\":\"https:\\\/\\\/covasna45.ro\\\/#\\\/schema\\\/person\\\/e674052bd7d95d70bbb007a1060ab73c\",\"name\":\"Covasna45\",\"image\":{\"@type\":\"ImageObject\",\"inLanguage\":\"ro-RO\",\"@id\":\"https:\\\/\\\/covasna45.ro\\\/wp-content\\\/uploads\\\/2025\\\/10\\\/icon_logo_covasna45-150x150.png\",\"url\":\"https:\\\/\\\/covasna45.ro\\\/wp-content\\\/uploads\\\/2025\\\/10\\\/icon_logo_covasna45-150x150.png\",\"contentUrl\":\"https:\\\/\\\/covasna45.ro\\\/wp-content\\\/uploads\\\/2025\\\/10\\\/icon_logo_covasna45-150x150.png\",\"caption\":\"Covasna45\"},\"sameAs\":[\"https:\\\/\\\/covasna45.ro\"],\"url\":\"https:\\\/\\\/covasna45.ro\\\/index.php\\\/author\\\/covasna\\\/\"}]}<\/script>\n<!-- \/ Yoast SEO plugin. -->","yoast_head_json":{"title":"Ministrul Economiei: \u201eTVA-ul nu va cre\u015fte\u201d - Covasna45","description":"Ministrul precizeaz\u0103 c\u0103 social-democra\u0163ii au spus \u00eentotdeauna c\u0103 trebuie s\u0103 fie o impozitare just\u0103 \u015fi corect\u0103 \u00een societate.","robots":{"index":"index","follow":"follow","max-snippet":"max-snippet:-1","max-image-preview":"max-image-preview:large","max-video-preview":"max-video-preview:-1"},"canonical":"https:\/\/covasna45.ro\/index.php\/lumea-noastra\/ministrul-economiei-tva-ul-nu-va-creste\/","og_locale":"ro_RO","og_type":"article","og_title":"Ministrul Economiei: \u201eTVA-ul nu va cre\u015fte\u201d - Covasna45","og_description":"Ministrul precizeaz\u0103 c\u0103 social-democra\u0163ii au spus \u00eentotdeauna c\u0103 trebuie s\u0103 fie o impozitare just\u0103 \u015fi corect\u0103 \u00een societate.","og_url":"https:\/\/covasna45.ro\/index.php\/lumea-noastra\/ministrul-economiei-tva-ul-nu-va-creste\/","og_site_name":"Covasna45","article_published_time":"2024-08-26T06:38:38+00:00","article_modified_time":"2024-08-26T06:38:39+00:00","og_image":[{"width":2048,"height":1365,"url":"https:\/\/covasna45.ro\/wp-content\/uploads\/2024\/08\/oprea.jpg","type":"image\/jpeg"}],"author":"Covasna45","twitter_card":"summary_large_image","twitter_misc":{"Scris de":"Covasna45","Timp estimat pentru citire":"3 minute"},"schema":{"@context":"https:\/\/schema.org","@graph":[{"@type":"Article","@id":"https:\/\/covasna45.ro\/index.php\/lumea-noastra\/ministrul-economiei-tva-ul-nu-va-creste\/#article","isPartOf":{"@id":"https:\/\/covasna45.ro\/index.php\/lumea-noastra\/ministrul-economiei-tva-ul-nu-va-creste\/"},"author":{"name":"Covasna45","@id":"https:\/\/covasna45.ro\/#\/schema\/person\/e674052bd7d95d70bbb007a1060ab73c"},"headline":"Ministrul Economiei: \u201eTVA-ul nu va cre\u015fte\u201d","datePublished":"2024-08-26T06:38:38+00:00","dateModified":"2024-08-26T06:38:39+00:00","mainEntityOfPage":{"@id":"https:\/\/covasna45.ro\/index.php\/lumea-noastra\/ministrul-economiei-tva-ul-nu-va-creste\/"},"wordCount":396,"commentCount":0,"publisher":{"@id":"https:\/\/covasna45.ro\/#organization"},"image":{"@id":"https:\/\/covasna45.ro\/index.php\/lumea-noastra\/ministrul-economiei-tva-ul-nu-va-creste\/#primaryimage"},"thumbnailUrl":"https:\/\/covasna45.ro\/wp-content\/uploads\/2024\/08\/oprea.jpg","keywords":["Economie","stefan radu oprea","TVA"],"articleSection":["Lumea noastr\u0103"],"inLanguage":"ro-RO","potentialAction":[{"@type":"CommentAction","name":"Comment","target":["https:\/\/covasna45.ro\/index.php\/lumea-noastra\/ministrul-economiei-tva-ul-nu-va-creste\/#respond"]}]},{"@type":"WebPage","@id":"https:\/\/covasna45.ro\/index.php\/lumea-noastra\/ministrul-economiei-tva-ul-nu-va-creste\/","url":"https:\/\/covasna45.ro\/index.php\/lumea-noastra\/ministrul-economiei-tva-ul-nu-va-creste\/","name":"Ministrul Economiei: \u201eTVA-ul nu va cre\u015fte\u201d - Covasna45","isPartOf":{"@id":"https:\/\/covasna45.ro\/#website"},"primaryImageOfPage":{"@id":"https:\/\/covasna45.ro\/index.php\/lumea-noastra\/ministrul-economiei-tva-ul-nu-va-creste\/#primaryimage"},"image":{"@id":"https:\/\/covasna45.ro\/index.php\/lumea-noastra\/ministrul-economiei-tva-ul-nu-va-creste\/#primaryimage"},"thumbnailUrl":"https:\/\/covasna45.ro\/wp-content\/uploads\/2024\/08\/oprea.jpg","datePublished":"2024-08-26T06:38:38+00:00","dateModified":"2024-08-26T06:38:39+00:00","description":"Ministrul precizeaz\u0103 c\u0103 social-democra\u0163ii au spus \u00eentotdeauna c\u0103 trebuie s\u0103 fie o impozitare just\u0103 \u015fi corect\u0103 \u00een societate.","breadcrumb":{"@id":"https:\/\/covasna45.ro\/index.php\/lumea-noastra\/ministrul-economiei-tva-ul-nu-va-creste\/#breadcrumb"},"inLanguage":"ro-RO","potentialAction":[{"@type":"ReadAction","target":["https:\/\/covasna45.ro\/index.php\/lumea-noastra\/ministrul-economiei-tva-ul-nu-va-creste\/"]}]},{"@type":"ImageObject","inLanguage":"ro-RO","@id":"https:\/\/covasna45.ro\/index.php\/lumea-noastra\/ministrul-economiei-tva-ul-nu-va-creste\/#primaryimage","url":"https:\/\/covasna45.ro\/wp-content\/uploads\/2024\/08\/oprea.jpg","contentUrl":"https:\/\/covasna45.ro\/wp-content\/uploads\/2024\/08\/oprea.jpg","width":2048,"height":1365},{"@type":"BreadcrumbList","@id":"https:\/\/covasna45.ro\/index.php\/lumea-noastra\/ministrul-economiei-tva-ul-nu-va-creste\/#breadcrumb","itemListElement":[{"@type":"ListItem","position":1,"name":"Prima pagin\u0103","item":"https:\/\/covasna45.ro\/"},{"@type":"ListItem","position":2,"name":"Ministrul Economiei: \u201eTVA-ul nu va cre\u015fte\u201d"}]},{"@type":"WebSite","@id":"https:\/\/covasna45.ro\/#website","url":"https:\/\/covasna45.ro\/","name":"covasna45.ro","description":"","publisher":{"@id":"https:\/\/covasna45.ro\/#organization"},"potentialAction":[{"@type":"SearchAction","target":{"@type":"EntryPoint","urlTemplate":"https:\/\/covasna45.ro\/?s={search_term_string}"},"query-input":{"@type":"PropertyValueSpecification","valueRequired":true,"valueName":"search_term_string"}}],"inLanguage":"ro-RO"},{"@type":"Organization","@id":"https:\/\/covasna45.ro\/#organization","name":"covasna45.ro","url":"https:\/\/covasna45.ro\/","logo":{"@type":"ImageObject","inLanguage":"ro-RO","@id":"https:\/\/covasna45.ro\/#\/schema\/logo\/image\/","url":"https:\/\/covasna45.ro\/wp-content\/uploads\/2023\/01\/icon_logo.png","contentUrl":"https:\/\/covasna45.ro\/wp-content\/uploads\/2023\/01\/icon_logo.png","width":1900,"height":1900,"caption":"covasna45.ro"},"image":{"@id":"https:\/\/covasna45.ro\/#\/schema\/logo\/image\/"}},{"@type":"Person","@id":"https:\/\/covasna45.ro\/#\/schema\/person\/e674052bd7d95d70bbb007a1060ab73c","name":"Covasna45","image":{"@type":"ImageObject","inLanguage":"ro-RO","@id":"https:\/\/covasna45.ro\/wp-content\/uploads\/2025\/10\/icon_logo_covasna45-150x150.png","url":"https:\/\/covasna45.ro\/wp-content\/uploads\/2025\/10\/icon_logo_covasna45-150x150.png","contentUrl":"https:\/\/covasna45.ro\/wp-content\/uploads\/2025\/10\/icon_logo_covasna45-150x150.png","caption":"Covasna45"},"sameAs":["https:\/\/covasna45.ro"],"url":"https:\/\/covasna45.ro\/index.php\/author\/covasna\/"}]}},"_links":{"self":[{"href":"https:\/\/covasna45.ro\/index.php\/wp-json\/wp\/v2\/posts\/7532","targetHints":{"allow":["GET"]}}],"collection":[{"href":"https:\/\/covasna45.ro\/index.php\/wp-json\/wp\/v2\/posts"}],"about":[{"href":"https:\/\/covasna45.ro\/index.php\/wp-json\/wp\/v2\/types\/post"}],"author":[{"embeddable":true,"href":"https:\/\/covasna45.ro\/index.php\/wp-json\/wp\/v2\/users\/1"}],"replies":[{"embeddable":true,"href":"https:\/\/covasna45.ro\/index.php\/wp-json\/wp\/v2\/comments?post=7532"}],"version-history":[{"count":1,"href":"https:\/\/covasna45.ro\/index.php\/wp-json\/wp\/v2\/posts\/7532\/revisions"}],"predecessor-version":[{"id":7534,"href":"https:\/\/covasna45.ro\/index.php\/wp-json\/wp\/v2\/posts\/7532\/revisions\/7534"}],"wp:featuredmedia":[{"embeddable":true,"href":"https:\/\/covasna45.ro\/index.php\/wp-json\/wp\/v2\/media\/7533"}],"wp:attachment":[{"href":"https:\/\/covasna45.ro\/index.php\/wp-json\/wp\/v2\/media?parent=7532"}],"wp:term":[{"taxonomy":"category","embeddable":true,"href":"https:\/\/covasna45.ro\/index.php\/wp-json\/wp\/v2\/categories?post=7532"},{"taxonomy":"post_tag","embeddable":true,"href":"https:\/\/covasna45.ro\/index.php\/wp-json\/wp\/v2\/tags?post=7532"}],"curies":[{"name":"wp","href":"https:\/\/api.w.org\/{rel}","templated":true}]}}