{"id":7608,"date":"2024-08-29T13:04:06","date_gmt":"2024-08-29T11:04:06","guid":{"rendered":"https:\/\/covasna45.ro\/?p=7608"},"modified":"2024-08-29T13:25:19","modified_gmt":"2024-08-29T11:25:19","slug":"cj-covasna-a-depus-cererea-de-finantare-pentru-refugiul-montan-de-pe-varful-bodoc","status":"publish","type":"post","link":"https:\/\/covasna45.ro\/index.php\/lumea-noastra\/cj-covasna-a-depus-cererea-de-finantare-pentru-refugiul-montan-de-pe-varful-bodoc\/","title":{"rendered":"CJ Covasna a depus cererea de finan\u021bare pentru refugiul montan de pe V\u00e2rful Bodoc"},"content":{"rendered":"\n<p>Proiectul privind construc\u021bia unui refugiu montan cu observator panoramic pe V\u00e2rful Bodoc a fost depus pentru finan\u021bare la Agen\u021bia pentru Dezvoltare Regional\u0103 Centru. Ce-i drept, solicitarea abia a fost depus\u0103, ieri, dar are toate \u0219ansele s\u0103 fie eligibil\u0103. Vorbim despre un fel de turn cu 3 etaje, realizat din lemn \u0219i metal, care va fi amplasat la o altitudine de aproape 1.200 de metri. \u0218i care se dore\u0219te a fi o viitoare atrac\u021bie turistic\u0103 a jude\u021bului Covasna.<\/p>\n\n\n\n<figure class=\"wp-block-image size-full\"><img loading=\"lazy\" decoding=\"async\" width=\"1024\" height=\"454\" src=\"https:\/\/covasna45.ro\/wp-content\/uploads\/2024\/08\/fef-bod.jpeg\" alt=\"\" class=\"wp-image-7610\" srcset=\"https:\/\/covasna45.ro\/wp-content\/uploads\/2024\/08\/fef-bod.jpeg 1024w, https:\/\/covasna45.ro\/wp-content\/uploads\/2024\/08\/fef-bod-300x133.jpeg 300w, https:\/\/covasna45.ro\/wp-content\/uploads\/2024\/08\/fef-bod-768x341.jpeg 768w, https:\/\/covasna45.ro\/wp-content\/uploads\/2024\/08\/fef-bod-150x67.jpeg 150w, https:\/\/covasna45.ro\/wp-content\/uploads\/2024\/08\/fef-bod-696x309.jpeg 696w\" sizes=\"auto, (max-width: 1024px) 100vw, 1024px\" \/><\/figure>\n\n\n\n<p>Ini\u021biatorul proiectului este vicepre\u0219edintele CJ Covasna, Jakab Istvan Barna. El spune c\u0103 din refugiu vom avea o vedere spectaculoas\u0103 asupra zonelor T\u00e2rgu Secuiesc, Covasna, Sf\u00e2ntu Gheorghe \u0219i chiar Bra\u0219ov. De altfel, \u00een octombrie anul trecut, c\u00e2nd s-a aprobat studiul de fezabilitate, Jakab scria, entuziasmat, pe pagina sa de <a href=\"https:\/\/www.facebook.com\/jakabistvanbarna\">Facebook<\/a>, c\u0103 cei care vor veni la acest refugiu \u201ese vor sim\u021bi, f\u0103r\u0103 exagerare, ca \u0219i cum s-ar afla \u00een v\u00e2rful lumii\u201d.<\/p>\n\n\n\n<p>\u201e<strong><em>\u00cen \u0219edin\u021ba de Consiliu Jude\u021bean de ieri am aprobat indicatorii tehnici \u0219i proiectul tehnic pentru care aveam deja autoriza\u021bie. Am reu\u0219it s\u0103 depunem cererea de finan\u021bare \u0219i sper\u0103m \u00eentr-un rezultat bun. Dup\u0103 semnarea contractului cu ADR, putem \u00eencepe contractarea lucr\u0103rilor de execu\u021bie. Sper\u0103m c\u0103 p\u00e2n\u0103 la sf\u00e2r\u0219itul anului s\u0103 semn\u0103m contractul de finan\u021bare<\/em><\/strong>\u201d, a declarat el pentru <a href=\"https:\/\/covasna45.ro\/index.php\/lumea-noastra\/cj-covasna-finanteaza-447-de-proiecte-culturale-pentru-tineret-si-biserici\/\">covasna45.ro<\/a>.<\/p>\n\n\n\n<h2 class=\"wp-block-heading\">C\u00e2teva date tehnice<\/h2>\n\n\n\n<p>Principalii indicatori tehnico-economici ai refugiului au deja toate aprob\u0103rile. Suprafa\u021ba construit\u0103 total\u0103 va fi de 23.78 metri p\u0103tra\u021bi, pe o suprafa\u021b\u0103 construit\u0103 desf\u0103\u0219urat\u0103 de 118.88 mp. Parterul va avea o suprafa\u021b\u0103 util\u0103 de 21 mp. Durata de execu\u021bie a lucr\u0103rilor va fi de 12 luni, de la semnarea contractelor de achizi\u021bie.<\/p>\n\n\n\n<h2 class=\"wp-block-heading\">C\u00e2t cost\u0103, de ce se face \u0219i pentru cine?<\/h2>\n\n\n\n<p>Refugiul va costa 1.436.634,93 lei, cu TVA. Banii vor veni din fonduri europene. (Mai exact din Programul Regiunea Centru 2021-2027,&nbsp; Prioritatea 7. O regiune cu turism sustenabil, Ac\u021biunea 7.1. Dezvoltarea durabil\u0103 a comunit\u0103\u021bilor rurale prin punerea \u00een valoare a poten\u021bialului lor turistic natural \u0219i cultural, Interven\u021bia 7.1.2 \u2013 Protejarea \u0219i valorificarea \u00een scop turistic a patrimoniului natural \u0219i a resurselor balneare, Obiectiv specific (OS) 4.6 &#8211; Cre\u0219terea rolului culturii \u0219i al turismului sustenabil \u00een dezvoltarea economic\u0103, incluziunea social\u0103 \u0219i inovarea social\u0103).<\/p>\n\n\n\n<figure class=\"wp-block-image size-large\"><img loading=\"lazy\" decoding=\"async\" width=\"1024\" height=\"683\" src=\"https:\/\/covasna45.ro\/wp-content\/uploads\/2024\/08\/hiking-1024x683.jpg\" alt=\"\" class=\"wp-image-7614\" srcset=\"https:\/\/covasna45.ro\/wp-content\/uploads\/2024\/08\/hiking-1024x683.jpg 1024w, https:\/\/covasna45.ro\/wp-content\/uploads\/2024\/08\/hiking-300x200.jpg 300w, https:\/\/covasna45.ro\/wp-content\/uploads\/2024\/08\/hiking-768x512.jpg 768w, https:\/\/covasna45.ro\/wp-content\/uploads\/2024\/08\/hiking-1536x1024.jpg 1536w, https:\/\/covasna45.ro\/wp-content\/uploads\/2024\/08\/hiking-2048x1365.jpg 2048w, https:\/\/covasna45.ro\/wp-content\/uploads\/2024\/08\/hiking-150x100.jpg 150w, https:\/\/covasna45.ro\/wp-content\/uploads\/2024\/08\/hiking-696x464.jpg 696w, https:\/\/covasna45.ro\/wp-content\/uploads\/2024\/08\/hiking-1068x712.jpg 1068w, https:\/\/covasna45.ro\/wp-content\/uploads\/2024\/08\/hiking-1920x1280.jpg 1920w\" sizes=\"auto, (max-width: 1024px) 100vw, 1024px\" \/><\/figure>\n\n\n\n<p>Cei de la Consiliul Jude\u021bean Covasna subliniaz\u0103, \u00een Referatul de aprobare a indicatorilor tehnici, avantajele viitoarei construc\u021bii:<\/p>\n\n\n\n<p>\u201e<strong><em>Realizarea acestei investi\u021bii va constitui un punct de atrac\u021bie turistic\u0103 nu numai pentru practican\u021bii turismului montan, dar \u0219i pentru persoanele care iubesc drume\u021biile, construirea refugiului montan cu observator panoramic aduc\u00e2nd o contribu\u021bie esen\u021bial\u0103 la promovarea poten\u021bialului turistic natural extraordinar al acestei zone. Misiunea acestei investi\u021bii este de a \u00eencuraja petrecerea timpului \u00een aer liber \u0219i practicarea activit\u0103\u021bilor non-intruzive, specifice ecoturismului, av\u00e2nd \u00een vedere faptul c\u0103 edificiul va avea un rol triplu, de observator panoramic pentru turi\u0219ti, refugiu montan \u0219i amplasament pentru pasiona\u021bii de fotografie.<\/em><\/strong><\/p>\n\n\n\n<p>Refugiul montan cu observator panoramic va fi amplasat la o altitudine de aproape 1.200 de metri \u00een apropierea V\u00e2rfului Bodoc, l\u00e2ng\u0103 traseele turistice din Mun\u021bii Bodoc, de unde turi\u0219tii pot admira peisajele din zona Carpa\u021bilor de curbur\u0103 \u0219i a Depresiunii Bra\u0219ovului\u201d.<\/p>\n\n\n\n<figure class=\"wp-block-image size-full\"><img loading=\"lazy\" decoding=\"async\" width=\"1015\" height=\"448\" src=\"https:\/\/covasna45.ro\/wp-content\/uploads\/2024\/08\/refugiu-bodoc.jpeg\" alt=\"\" class=\"wp-image-7611\" srcset=\"https:\/\/covasna45.ro\/wp-content\/uploads\/2024\/08\/refugiu-bodoc.jpeg 1015w, https:\/\/covasna45.ro\/wp-content\/uploads\/2024\/08\/refugiu-bodoc-300x132.jpeg 300w, https:\/\/covasna45.ro\/wp-content\/uploads\/2024\/08\/refugiu-bodoc-768x339.jpeg 768w, https:\/\/covasna45.ro\/wp-content\/uploads\/2024\/08\/refugiu-bodoc-150x66.jpeg 150w, https:\/\/covasna45.ro\/wp-content\/uploads\/2024\/08\/refugiu-bodoc-696x307.jpeg 696w\" sizes=\"auto, (max-width: 1015px) 100vw, 1015px\" \/><\/figure>\n\n\n\n<p>Drumul p\u00e2n\u0103 la viitorul refugiu nu va fi simplu. Pentru \u201ec\u00e2rcota\u0219i\u201d, obiectivul pare c\u0103 se adreseaz\u0103 unui num\u0103r limitat de beneficiari: cei care au condi\u021bie fizic\u0103 (deci \u00een mare partre tineri), cei care sunt pasiona\u021bi de aventuri (\u0219i care \u00ee\u0219i doresc s\u0103 stea pe o st\u00e2nc\u0103 \u0219i s\u0103 priveasc\u0103 \u00een jos f\u0103r\u0103 a avea r\u0103u de \u00een\u0103l\u021bime), cei care nu se tem de ur\u0219i \u0219i alte animale \u0219i care au curaj s\u0103 \u00eennopteze singuri, \u00een v\u00e2rful muntelui \u0219i pasiona\u021bii de fotografie&#8230; Un fel de turism de ni\u0219\u0103. Jakab Istvan Barna spune c\u0103 nu e chiar a\u0219a.<\/p>\n\n\n\n<figure class=\"wp-block-image size-large\"><img loading=\"lazy\" decoding=\"async\" width=\"1024\" height=\"768\" src=\"https:\/\/covasna45.ro\/wp-content\/uploads\/2024\/08\/jakab-1024x768.jpg\" alt=\"\" class=\"wp-image-7612\" srcset=\"https:\/\/covasna45.ro\/wp-content\/uploads\/2024\/08\/jakab-1024x768.jpg 1024w, https:\/\/covasna45.ro\/wp-content\/uploads\/2024\/08\/jakab-300x225.jpg 300w, https:\/\/covasna45.ro\/wp-content\/uploads\/2024\/08\/jakab-768x576.jpg 768w, https:\/\/covasna45.ro\/wp-content\/uploads\/2024\/08\/jakab-1536x1152.jpg 1536w, https:\/\/covasna45.ro\/wp-content\/uploads\/2024\/08\/jakab-150x113.jpg 150w, https:\/\/covasna45.ro\/wp-content\/uploads\/2024\/08\/jakab-696x522.jpg 696w, https:\/\/covasna45.ro\/wp-content\/uploads\/2024\/08\/jakab-1068x801.jpg 1068w, https:\/\/covasna45.ro\/wp-content\/uploads\/2024\/08\/jakab-1920x1440.jpg 1920w, https:\/\/covasna45.ro\/wp-content\/uploads\/2024\/08\/jakab.jpg 2048w\" sizes=\"auto, (max-width: 1024px) 100vw, 1024px\" \/><\/figure>\n\n\n\n<p>\u201e<strong><em>Ecoturismul, drume\u021biile sunt \u00een trend at\u00e2t \u00een Europa, c\u00e2t \u0219i \u00een Rom\u00e2nia. Cu alte cuvinte, natura devine tot mai atractiv\u0103. Refugii montane mai sunt, dar acesta va fi unic. Nu doar prin designul futurist, care va atrage cu siguran\u021b\u0103 mul\u021bi turi\u0219ti, c\u00e2t mai ales prin componenta de observator. Ar trebui numit mai degrab\u0103 Observator panoramic cu refugiu, nu invers. Va avea o cabin\u0103 \u00een care se poate \u00eennopta<\/em><\/strong>\u201d, ne explic\u0103 vicepre\u0219edintele CJ Covasna. C\u00e2t despre ur\u0219i, el spune c\u0103 nu vor fi o problem at\u00e2ta timp c\u00e2t oamenii vor \u0219ti cum s\u0103 se comporte \u0219i cum s\u0103 respecte natura, \u00een general.<\/p>\n\n\n\n<h2 class=\"wp-block-heading\">Ideile bune se preiau<\/h2>\n\n\n\n<p>\u00cen mun\u021bii Rom\u00e2niei sunt amplasate, de ceva ani, multe refugii, \u00een colaborare cu Salvamont. Unele sunt instalate \u00een a\u0219a-numitele puncte \u201ebelvedere\u201d, unde frumuse\u021bea peisajului \u00ee\u021bi taie respira\u021bia. Printre cele mai spectaculoase se num\u0103r\u0103 cele din Parcul Na\u0163ional Cheile Bicazului-H\u0103\u015fma\u015f. Sunt realizate din lemn \u0219i aluminiu, materiale aduse p\u00e2n\u0103 sus cu elicopterul.<\/p>\n\n\n\n<figure class=\"wp-block-image size-large\"><img loading=\"lazy\" decoding=\"async\" width=\"1024\" height=\"768\" src=\"https:\/\/covasna45.ro\/wp-content\/uploads\/2024\/08\/ref-hasmas-1024x768.jpg\" alt=\"\" class=\"wp-image-7613\" srcset=\"https:\/\/covasna45.ro\/wp-content\/uploads\/2024\/08\/ref-hasmas-1024x768.jpg 1024w, https:\/\/covasna45.ro\/wp-content\/uploads\/2024\/08\/ref-hasmas-300x225.jpg 300w, https:\/\/covasna45.ro\/wp-content\/uploads\/2024\/08\/ref-hasmas-768x576.jpg 768w, https:\/\/covasna45.ro\/wp-content\/uploads\/2024\/08\/ref-hasmas-150x113.jpg 150w, https:\/\/covasna45.ro\/wp-content\/uploads\/2024\/08\/ref-hasmas-696x522.jpg 696w, https:\/\/covasna45.ro\/wp-content\/uploads\/2024\/08\/ref-hasmas-1068x801.jpg 1068w, https:\/\/covasna45.ro\/wp-content\/uploads\/2024\/08\/ref-hasmas.jpg 1440w\" sizes=\"auto, (max-width: 1024px) 100vw, 1024px\" \/><\/figure>\n\n\n\n<p>\u201e<strong><em>Ideea ne-a venit chiar de la Cheile Bizazului, unde sunt amplasate dou\u0103 astfel de cabine cu vedere panoramic\u0103. \u00cen 3 ani de la instalarea lor au atras nu mai pu\u021bin de 35.000 de turi\u0219ti\u201d<\/em><\/strong>, ne mai spune Jakab. Cifr\u0103 care i-a f\u0103cut s\u0103 se g\u00e2ndeasc\u0103 imediat \u0219i la jude\u021bul nostru: cum ar fi s\u0103 avem peste 10.000 de oameni care vin an de an s\u0103 vad\u0103 T\u00e2rgu Secuiesc \u0219i Covasna de la \u00een\u0103l\u021bimea de 1.190 metri a V\u00e2rfului Bodoc? Ar fi bine.<\/p>\n","protected":false},"excerpt":{"rendered":"<p>Proiectul privind construc\u021bia unui refugiu montan cu observator panoramic pe V\u00e2rful Bodoc a fost depus pentru finan\u021bare la Agen\u021bia pentru Dezvoltare Regional\u0103 Centru. Ce-i drept, solicitarea abia a fost depus\u0103, ieri, dar are toate \u0219ansele s\u0103 fie eligibil\u0103. Vorbim despre un fel de turn cu 3 etaje, realizat din lemn \u0219i metal, care va fi [&hellip;]<\/p>\n","protected":false},"author":1,"featured_media":7609,"comment_status":"open","ping_status":"closed","sticky":false,"template":"","format":"standard","meta":{"tdm_status":"","tdm_grid_status":"","footnotes":""},"categories":[14],"tags":[2722,379,2723],"class_list":{"0":"post-7608","1":"post","2":"type-post","3":"status-publish","4":"format-standard","5":"has-post-thumbnail","7":"category-lumea-noastra","8":"tag-bodoc","9":"tag-cj-covasna","10":"tag-refugiu"},"yoast_head":"<!-- This site is optimized with the Yoast SEO plugin v27.5 - https:\/\/yoast.com\/product\/yoast-seo-wordpress\/ -->\n<title>CJ Covasna a depus cererea de finan\u021bare pentru refugiul montan de pe V\u00e2rful Bodoc - Covasna45<\/title>\n<meta name=\"description\" content=\"Refugiul montan cu observator panoramic va fi amplasat la o altitudine de aproape 1.200 de metri \u00een apropierea V\u00e2rfului Bodoc.\" \/>\n<meta name=\"robots\" content=\"index, follow, max-snippet:-1, max-image-preview:large, max-video-preview:-1\" \/>\n<link rel=\"canonical\" href=\"https:\/\/covasna45.ro\/index.php\/lumea-noastra\/cj-covasna-a-depus-cererea-de-finantare-pentru-refugiul-montan-de-pe-varful-bodoc\/\" \/>\n<meta property=\"og:locale\" content=\"ro_RO\" \/>\n<meta property=\"og:type\" content=\"article\" \/>\n<meta property=\"og:title\" content=\"CJ Covasna a depus cererea de finan\u021bare pentru refugiul montan de pe V\u00e2rful Bodoc - Covasna45\" \/>\n<meta property=\"og:description\" content=\"Refugiul montan cu observator panoramic va fi amplasat la o altitudine de aproape 1.200 de metri \u00een apropierea V\u00e2rfului Bodoc.\" \/>\n<meta property=\"og:url\" content=\"https:\/\/covasna45.ro\/index.php\/lumea-noastra\/cj-covasna-a-depus-cererea-de-finantare-pentru-refugiul-montan-de-pe-varful-bodoc\/\" \/>\n<meta property=\"og:site_name\" content=\"Covasna45\" \/>\n<meta property=\"article:published_time\" content=\"2024-08-29T11:04:06+00:00\" \/>\n<meta property=\"article:modified_time\" content=\"2024-08-29T11:25:19+00:00\" \/>\n<meta property=\"og:image\" content=\"https:\/\/covasna45.ro\/wp-content\/uploads\/2024\/08\/ref-bodoc-5.jpeg\" \/>\n\t<meta property=\"og:image:width\" content=\"1024\" \/>\n\t<meta property=\"og:image:height\" content=\"596\" \/>\n\t<meta property=\"og:image:type\" content=\"image\/jpeg\" \/>\n<meta name=\"author\" content=\"Covasna45\" \/>\n<meta name=\"twitter:card\" content=\"summary_large_image\" \/>\n<meta name=\"twitter:label1\" content=\"Scris de\" \/>\n\t<meta name=\"twitter:data1\" content=\"Covasna45\" \/>\n\t<meta name=\"twitter:label2\" content=\"Timp estimat pentru citire\" \/>\n\t<meta name=\"twitter:data2\" content=\"6 minute\" \/>\n<script type=\"application\/ld+json\" class=\"yoast-schema-graph\">{\"@context\":\"https:\\\/\\\/schema.org\",\"@graph\":[{\"@type\":\"Article\",\"@id\":\"https:\\\/\\\/covasna45.ro\\\/index.php\\\/lumea-noastra\\\/cj-covasna-a-depus-cererea-de-finantare-pentru-refugiul-montan-de-pe-varful-bodoc\\\/#article\",\"isPartOf\":{\"@id\":\"https:\\\/\\\/covasna45.ro\\\/index.php\\\/lumea-noastra\\\/cj-covasna-a-depus-cererea-de-finantare-pentru-refugiul-montan-de-pe-varful-bodoc\\\/\"},\"author\":{\"name\":\"Covasna45\",\"@id\":\"https:\\\/\\\/covasna45.ro\\\/#\\\/schema\\\/person\\\/e674052bd7d95d70bbb007a1060ab73c\"},\"headline\":\"CJ Covasna a depus cererea de finan\u021bare pentru refugiul montan de pe V\u00e2rful Bodoc\",\"datePublished\":\"2024-08-29T11:04:06+00:00\",\"dateModified\":\"2024-08-29T11:25:19+00:00\",\"mainEntityOfPage\":{\"@id\":\"https:\\\/\\\/covasna45.ro\\\/index.php\\\/lumea-noastra\\\/cj-covasna-a-depus-cererea-de-finantare-pentru-refugiul-montan-de-pe-varful-bodoc\\\/\"},\"wordCount\":937,\"commentCount\":0,\"publisher\":{\"@id\":\"https:\\\/\\\/covasna45.ro\\\/#organization\"},\"image\":{\"@id\":\"https:\\\/\\\/covasna45.ro\\\/index.php\\\/lumea-noastra\\\/cj-covasna-a-depus-cererea-de-finantare-pentru-refugiul-montan-de-pe-varful-bodoc\\\/#primaryimage\"},\"thumbnailUrl\":\"https:\\\/\\\/covasna45.ro\\\/wp-content\\\/uploads\\\/2024\\\/08\\\/ref-bodoc-5.jpeg\",\"keywords\":[\"Bodoc\",\"CJ Covasna\",\"refugiu\"],\"articleSection\":[\"Lumea noastr\u0103\"],\"inLanguage\":\"ro-RO\",\"potentialAction\":[{\"@type\":\"CommentAction\",\"name\":\"Comment\",\"target\":[\"https:\\\/\\\/covasna45.ro\\\/index.php\\\/lumea-noastra\\\/cj-covasna-a-depus-cererea-de-finantare-pentru-refugiul-montan-de-pe-varful-bodoc\\\/#respond\"]}]},{\"@type\":\"WebPage\",\"@id\":\"https:\\\/\\\/covasna45.ro\\\/index.php\\\/lumea-noastra\\\/cj-covasna-a-depus-cererea-de-finantare-pentru-refugiul-montan-de-pe-varful-bodoc\\\/\",\"url\":\"https:\\\/\\\/covasna45.ro\\\/index.php\\\/lumea-noastra\\\/cj-covasna-a-depus-cererea-de-finantare-pentru-refugiul-montan-de-pe-varful-bodoc\\\/\",\"name\":\"CJ Covasna a depus cererea de finan\u021bare pentru refugiul montan de pe V\u00e2rful Bodoc - Covasna45\",\"isPartOf\":{\"@id\":\"https:\\\/\\\/covasna45.ro\\\/#website\"},\"primaryImageOfPage\":{\"@id\":\"https:\\\/\\\/covasna45.ro\\\/index.php\\\/lumea-noastra\\\/cj-covasna-a-depus-cererea-de-finantare-pentru-refugiul-montan-de-pe-varful-bodoc\\\/#primaryimage\"},\"image\":{\"@id\":\"https:\\\/\\\/covasna45.ro\\\/index.php\\\/lumea-noastra\\\/cj-covasna-a-depus-cererea-de-finantare-pentru-refugiul-montan-de-pe-varful-bodoc\\\/#primaryimage\"},\"thumbnailUrl\":\"https:\\\/\\\/covasna45.ro\\\/wp-content\\\/uploads\\\/2024\\\/08\\\/ref-bodoc-5.jpeg\",\"datePublished\":\"2024-08-29T11:04:06+00:00\",\"dateModified\":\"2024-08-29T11:25:19+00:00\",\"description\":\"Refugiul montan cu observator panoramic va fi amplasat la o altitudine de aproape 1.200 de metri \u00een apropierea V\u00e2rfului Bodoc.\",\"breadcrumb\":{\"@id\":\"https:\\\/\\\/covasna45.ro\\\/index.php\\\/lumea-noastra\\\/cj-covasna-a-depus-cererea-de-finantare-pentru-refugiul-montan-de-pe-varful-bodoc\\\/#breadcrumb\"},\"inLanguage\":\"ro-RO\",\"potentialAction\":[{\"@type\":\"ReadAction\",\"target\":[\"https:\\\/\\\/covasna45.ro\\\/index.php\\\/lumea-noastra\\\/cj-covasna-a-depus-cererea-de-finantare-pentru-refugiul-montan-de-pe-varful-bodoc\\\/\"]}]},{\"@type\":\"ImageObject\",\"inLanguage\":\"ro-RO\",\"@id\":\"https:\\\/\\\/covasna45.ro\\\/index.php\\\/lumea-noastra\\\/cj-covasna-a-depus-cererea-de-finantare-pentru-refugiul-montan-de-pe-varful-bodoc\\\/#primaryimage\",\"url\":\"https:\\\/\\\/covasna45.ro\\\/wp-content\\\/uploads\\\/2024\\\/08\\\/ref-bodoc-5.jpeg\",\"contentUrl\":\"https:\\\/\\\/covasna45.ro\\\/wp-content\\\/uploads\\\/2024\\\/08\\\/ref-bodoc-5.jpeg\",\"width\":1024,\"height\":596},{\"@type\":\"BreadcrumbList\",\"@id\":\"https:\\\/\\\/covasna45.ro\\\/index.php\\\/lumea-noastra\\\/cj-covasna-a-depus-cererea-de-finantare-pentru-refugiul-montan-de-pe-varful-bodoc\\\/#breadcrumb\",\"itemListElement\":[{\"@type\":\"ListItem\",\"position\":1,\"name\":\"Prima pagin\u0103\",\"item\":\"https:\\\/\\\/covasna45.ro\\\/\"},{\"@type\":\"ListItem\",\"position\":2,\"name\":\"CJ Covasna a depus cererea de finan\u021bare pentru refugiul montan de pe V\u00e2rful Bodoc\"}]},{\"@type\":\"WebSite\",\"@id\":\"https:\\\/\\\/covasna45.ro\\\/#website\",\"url\":\"https:\\\/\\\/covasna45.ro\\\/\",\"name\":\"covasna45.ro\",\"description\":\"\",\"publisher\":{\"@id\":\"https:\\\/\\\/covasna45.ro\\\/#organization\"},\"potentialAction\":[{\"@type\":\"SearchAction\",\"target\":{\"@type\":\"EntryPoint\",\"urlTemplate\":\"https:\\\/\\\/covasna45.ro\\\/?s={search_term_string}\"},\"query-input\":{\"@type\":\"PropertyValueSpecification\",\"valueRequired\":true,\"valueName\":\"search_term_string\"}}],\"inLanguage\":\"ro-RO\"},{\"@type\":\"Organization\",\"@id\":\"https:\\\/\\\/covasna45.ro\\\/#organization\",\"name\":\"covasna45.ro\",\"url\":\"https:\\\/\\\/covasna45.ro\\\/\",\"logo\":{\"@type\":\"ImageObject\",\"inLanguage\":\"ro-RO\",\"@id\":\"https:\\\/\\\/covasna45.ro\\\/#\\\/schema\\\/logo\\\/image\\\/\",\"url\":\"https:\\\/\\\/covasna45.ro\\\/wp-content\\\/uploads\\\/2023\\\/01\\\/icon_logo.png\",\"contentUrl\":\"https:\\\/\\\/covasna45.ro\\\/wp-content\\\/uploads\\\/2023\\\/01\\\/icon_logo.png\",\"width\":1900,\"height\":1900,\"caption\":\"covasna45.ro\"},\"image\":{\"@id\":\"https:\\\/\\\/covasna45.ro\\\/#\\\/schema\\\/logo\\\/image\\\/\"}},{\"@type\":\"Person\",\"@id\":\"https:\\\/\\\/covasna45.ro\\\/#\\\/schema\\\/person\\\/e674052bd7d95d70bbb007a1060ab73c\",\"name\":\"Covasna45\",\"image\":{\"@type\":\"ImageObject\",\"inLanguage\":\"ro-RO\",\"@id\":\"https:\\\/\\\/covasna45.ro\\\/wp-content\\\/uploads\\\/2025\\\/10\\\/icon_logo_covasna45-150x150.png\",\"url\":\"https:\\\/\\\/covasna45.ro\\\/wp-content\\\/uploads\\\/2025\\\/10\\\/icon_logo_covasna45-150x150.png\",\"contentUrl\":\"https:\\\/\\\/covasna45.ro\\\/wp-content\\\/uploads\\\/2025\\\/10\\\/icon_logo_covasna45-150x150.png\",\"caption\":\"Covasna45\"},\"sameAs\":[\"https:\\\/\\\/covasna45.ro\"],\"url\":\"https:\\\/\\\/covasna45.ro\\\/index.php\\\/author\\\/covasna\\\/\"}]}<\/script>\n<!-- \/ Yoast SEO plugin. -->","yoast_head_json":{"title":"CJ Covasna a depus cererea de finan\u021bare pentru refugiul montan de pe V\u00e2rful Bodoc - Covasna45","description":"Refugiul montan cu observator panoramic va fi amplasat la o altitudine de aproape 1.200 de metri \u00een apropierea V\u00e2rfului Bodoc.","robots":{"index":"index","follow":"follow","max-snippet":"max-snippet:-1","max-image-preview":"max-image-preview:large","max-video-preview":"max-video-preview:-1"},"canonical":"https:\/\/covasna45.ro\/index.php\/lumea-noastra\/cj-covasna-a-depus-cererea-de-finantare-pentru-refugiul-montan-de-pe-varful-bodoc\/","og_locale":"ro_RO","og_type":"article","og_title":"CJ Covasna a depus cererea de finan\u021bare pentru refugiul montan de pe V\u00e2rful Bodoc - Covasna45","og_description":"Refugiul montan cu observator panoramic va fi amplasat la o altitudine de aproape 1.200 de metri \u00een apropierea V\u00e2rfului Bodoc.","og_url":"https:\/\/covasna45.ro\/index.php\/lumea-noastra\/cj-covasna-a-depus-cererea-de-finantare-pentru-refugiul-montan-de-pe-varful-bodoc\/","og_site_name":"Covasna45","article_published_time":"2024-08-29T11:04:06+00:00","article_modified_time":"2024-08-29T11:25:19+00:00","og_image":[{"width":1024,"height":596,"url":"https:\/\/covasna45.ro\/wp-content\/uploads\/2024\/08\/ref-bodoc-5.jpeg","type":"image\/jpeg"}],"author":"Covasna45","twitter_card":"summary_large_image","twitter_misc":{"Scris de":"Covasna45","Timp estimat pentru citire":"6 minute"},"schema":{"@context":"https:\/\/schema.org","@graph":[{"@type":"Article","@id":"https:\/\/covasna45.ro\/index.php\/lumea-noastra\/cj-covasna-a-depus-cererea-de-finantare-pentru-refugiul-montan-de-pe-varful-bodoc\/#article","isPartOf":{"@id":"https:\/\/covasna45.ro\/index.php\/lumea-noastra\/cj-covasna-a-depus-cererea-de-finantare-pentru-refugiul-montan-de-pe-varful-bodoc\/"},"author":{"name":"Covasna45","@id":"https:\/\/covasna45.ro\/#\/schema\/person\/e674052bd7d95d70bbb007a1060ab73c"},"headline":"CJ Covasna a depus cererea de finan\u021bare pentru refugiul montan de pe V\u00e2rful Bodoc","datePublished":"2024-08-29T11:04:06+00:00","dateModified":"2024-08-29T11:25:19+00:00","mainEntityOfPage":{"@id":"https:\/\/covasna45.ro\/index.php\/lumea-noastra\/cj-covasna-a-depus-cererea-de-finantare-pentru-refugiul-montan-de-pe-varful-bodoc\/"},"wordCount":937,"commentCount":0,"publisher":{"@id":"https:\/\/covasna45.ro\/#organization"},"image":{"@id":"https:\/\/covasna45.ro\/index.php\/lumea-noastra\/cj-covasna-a-depus-cererea-de-finantare-pentru-refugiul-montan-de-pe-varful-bodoc\/#primaryimage"},"thumbnailUrl":"https:\/\/covasna45.ro\/wp-content\/uploads\/2024\/08\/ref-bodoc-5.jpeg","keywords":["Bodoc","CJ Covasna","refugiu"],"articleSection":["Lumea noastr\u0103"],"inLanguage":"ro-RO","potentialAction":[{"@type":"CommentAction","name":"Comment","target":["https:\/\/covasna45.ro\/index.php\/lumea-noastra\/cj-covasna-a-depus-cererea-de-finantare-pentru-refugiul-montan-de-pe-varful-bodoc\/#respond"]}]},{"@type":"WebPage","@id":"https:\/\/covasna45.ro\/index.php\/lumea-noastra\/cj-covasna-a-depus-cererea-de-finantare-pentru-refugiul-montan-de-pe-varful-bodoc\/","url":"https:\/\/covasna45.ro\/index.php\/lumea-noastra\/cj-covasna-a-depus-cererea-de-finantare-pentru-refugiul-montan-de-pe-varful-bodoc\/","name":"CJ Covasna a depus cererea de finan\u021bare pentru refugiul montan de pe V\u00e2rful Bodoc - Covasna45","isPartOf":{"@id":"https:\/\/covasna45.ro\/#website"},"primaryImageOfPage":{"@id":"https:\/\/covasna45.ro\/index.php\/lumea-noastra\/cj-covasna-a-depus-cererea-de-finantare-pentru-refugiul-montan-de-pe-varful-bodoc\/#primaryimage"},"image":{"@id":"https:\/\/covasna45.ro\/index.php\/lumea-noastra\/cj-covasna-a-depus-cererea-de-finantare-pentru-refugiul-montan-de-pe-varful-bodoc\/#primaryimage"},"thumbnailUrl":"https:\/\/covasna45.ro\/wp-content\/uploads\/2024\/08\/ref-bodoc-5.jpeg","datePublished":"2024-08-29T11:04:06+00:00","dateModified":"2024-08-29T11:25:19+00:00","description":"Refugiul montan cu observator panoramic va fi amplasat la o altitudine de aproape 1.200 de metri \u00een apropierea V\u00e2rfului Bodoc.","breadcrumb":{"@id":"https:\/\/covasna45.ro\/index.php\/lumea-noastra\/cj-covasna-a-depus-cererea-de-finantare-pentru-refugiul-montan-de-pe-varful-bodoc\/#breadcrumb"},"inLanguage":"ro-RO","potentialAction":[{"@type":"ReadAction","target":["https:\/\/covasna45.ro\/index.php\/lumea-noastra\/cj-covasna-a-depus-cererea-de-finantare-pentru-refugiul-montan-de-pe-varful-bodoc\/"]}]},{"@type":"ImageObject","inLanguage":"ro-RO","@id":"https:\/\/covasna45.ro\/index.php\/lumea-noastra\/cj-covasna-a-depus-cererea-de-finantare-pentru-refugiul-montan-de-pe-varful-bodoc\/#primaryimage","url":"https:\/\/covasna45.ro\/wp-content\/uploads\/2024\/08\/ref-bodoc-5.jpeg","contentUrl":"https:\/\/covasna45.ro\/wp-content\/uploads\/2024\/08\/ref-bodoc-5.jpeg","width":1024,"height":596},{"@type":"BreadcrumbList","@id":"https:\/\/covasna45.ro\/index.php\/lumea-noastra\/cj-covasna-a-depus-cererea-de-finantare-pentru-refugiul-montan-de-pe-varful-bodoc\/#breadcrumb","itemListElement":[{"@type":"ListItem","position":1,"name":"Prima pagin\u0103","item":"https:\/\/covasna45.ro\/"},{"@type":"ListItem","position":2,"name":"CJ Covasna a depus cererea de finan\u021bare pentru refugiul montan de pe V\u00e2rful Bodoc"}]},{"@type":"WebSite","@id":"https:\/\/covasna45.ro\/#website","url":"https:\/\/covasna45.ro\/","name":"covasna45.ro","description":"","publisher":{"@id":"https:\/\/covasna45.ro\/#organization"},"potentialAction":[{"@type":"SearchAction","target":{"@type":"EntryPoint","urlTemplate":"https:\/\/covasna45.ro\/?s={search_term_string}"},"query-input":{"@type":"PropertyValueSpecification","valueRequired":true,"valueName":"search_term_string"}}],"inLanguage":"ro-RO"},{"@type":"Organization","@id":"https:\/\/covasna45.ro\/#organization","name":"covasna45.ro","url":"https:\/\/covasna45.ro\/","logo":{"@type":"ImageObject","inLanguage":"ro-RO","@id":"https:\/\/covasna45.ro\/#\/schema\/logo\/image\/","url":"https:\/\/covasna45.ro\/wp-content\/uploads\/2023\/01\/icon_logo.png","contentUrl":"https:\/\/covasna45.ro\/wp-content\/uploads\/2023\/01\/icon_logo.png","width":1900,"height":1900,"caption":"covasna45.ro"},"image":{"@id":"https:\/\/covasna45.ro\/#\/schema\/logo\/image\/"}},{"@type":"Person","@id":"https:\/\/covasna45.ro\/#\/schema\/person\/e674052bd7d95d70bbb007a1060ab73c","name":"Covasna45","image":{"@type":"ImageObject","inLanguage":"ro-RO","@id":"https:\/\/covasna45.ro\/wp-content\/uploads\/2025\/10\/icon_logo_covasna45-150x150.png","url":"https:\/\/covasna45.ro\/wp-content\/uploads\/2025\/10\/icon_logo_covasna45-150x150.png","contentUrl":"https:\/\/covasna45.ro\/wp-content\/uploads\/2025\/10\/icon_logo_covasna45-150x150.png","caption":"Covasna45"},"sameAs":["https:\/\/covasna45.ro"],"url":"https:\/\/covasna45.ro\/index.php\/author\/covasna\/"}]}},"_links":{"self":[{"href":"https:\/\/covasna45.ro\/index.php\/wp-json\/wp\/v2\/posts\/7608","targetHints":{"allow":["GET"]}}],"collection":[{"href":"https:\/\/covasna45.ro\/index.php\/wp-json\/wp\/v2\/posts"}],"about":[{"href":"https:\/\/covasna45.ro\/index.php\/wp-json\/wp\/v2\/types\/post"}],"author":[{"embeddable":true,"href":"https:\/\/covasna45.ro\/index.php\/wp-json\/wp\/v2\/users\/1"}],"replies":[{"embeddable":true,"href":"https:\/\/covasna45.ro\/index.php\/wp-json\/wp\/v2\/comments?post=7608"}],"version-history":[{"count":2,"href":"https:\/\/covasna45.ro\/index.php\/wp-json\/wp\/v2\/posts\/7608\/revisions"}],"predecessor-version":[{"id":7616,"href":"https:\/\/covasna45.ro\/index.php\/wp-json\/wp\/v2\/posts\/7608\/revisions\/7616"}],"wp:featuredmedia":[{"embeddable":true,"href":"https:\/\/covasna45.ro\/index.php\/wp-json\/wp\/v2\/media\/7609"}],"wp:attachment":[{"href":"https:\/\/covasna45.ro\/index.php\/wp-json\/wp\/v2\/media?parent=7608"}],"wp:term":[{"taxonomy":"category","embeddable":true,"href":"https:\/\/covasna45.ro\/index.php\/wp-json\/wp\/v2\/categories?post=7608"},{"taxonomy":"post_tag","embeddable":true,"href":"https:\/\/covasna45.ro\/index.php\/wp-json\/wp\/v2\/tags?post=7608"}],"curies":[{"name":"wp","href":"https:\/\/api.w.org\/{rel}","templated":true}]}}