{"id":7730,"date":"2024-09-09T08:56:50","date_gmt":"2024-09-09T06:56:50","guid":{"rendered":"https:\/\/covasna45.ro\/?p=7730"},"modified":"2024-09-09T09:11:27","modified_gmt":"2024-09-09T07:11:27","slug":"reportaj-o-tura-prin-hotelurile-cerbul-caprioara-si-covasna","status":"publish","type":"post","link":"https:\/\/covasna45.ro\/index.php\/lumea-noastra\/reportaj-o-tura-prin-hotelurile-cerbul-caprioara-si-covasna\/","title":{"rendered":"Reportaj: O \u201etur\u0103\u201d prin hotelurile \u201eCerbul\u201d, \u201eC\u0103prioara\u201d \u0219i \u201eCovasna\u201d"},"content":{"rendered":"\n<p><em>Cel mai mare operator economic din ora\u0219ul Covasna \u2013 \u0219i deci cel mai important contributor la bugetul local &#8211; este SC Turism Covasna SA, firm\u0103 ce de\u021bine \u0219i administreaz\u0103 hotelurile \u201eC\u0103prioara\u201d, \u201eCerbul\u201d, \u201eCovasna\u201d \u0219i Complexul \u201eValea Z\u00e2nelor\u201d. Nu mai pu\u021bin de 20.000 de oameni le-au trecut pragul \u00een 2023, iar cifrele pe 2024 se anun\u021b\u0103 \u0219i mai bune. Un loc aparte, unic \u00een Rom\u00e2nia prin simplul motiv c\u0103 cele trei hoteluri sunt amplasate direct \u201epe surs\u0103\u201d: izvoare de ap\u0103 mineral\u0103 \u0219i gaz de mofet\u0103.<\/em><\/p>\n\n\n\n<figure class=\"wp-block-image size-large\"><img loading=\"lazy\" decoding=\"async\" width=\"1024\" height=\"768\" src=\"https:\/\/covasna45.ro\/wp-content\/uploads\/2024\/09\/cerbul-claire-1024x768.jpg\" alt=\"\" class=\"wp-image-7732\" srcset=\"https:\/\/covasna45.ro\/wp-content\/uploads\/2024\/09\/cerbul-claire-1024x768.jpg 1024w, https:\/\/covasna45.ro\/wp-content\/uploads\/2024\/09\/cerbul-claire-300x225.jpg 300w, https:\/\/covasna45.ro\/wp-content\/uploads\/2024\/09\/cerbul-claire-768x576.jpg 768w, https:\/\/covasna45.ro\/wp-content\/uploads\/2024\/09\/cerbul-claire-1536x1152.jpg 1536w, https:\/\/covasna45.ro\/wp-content\/uploads\/2024\/09\/cerbul-claire-150x113.jpg 150w, https:\/\/covasna45.ro\/wp-content\/uploads\/2024\/09\/cerbul-claire-696x522.jpg 696w, https:\/\/covasna45.ro\/wp-content\/uploads\/2024\/09\/cerbul-claire-1068x801.jpg 1068w, https:\/\/covasna45.ro\/wp-content\/uploads\/2024\/09\/cerbul-claire.jpg 1780w\" sizes=\"auto, (max-width: 1024px) 100vw, 1024px\" \/><\/figure>\n\n\n\n<p>Fondul de investi\u021bii Transilvania Investments este ac\u021bionarul principal al companiei SC Turism Covasna SA. La 30 iunie 2024, administra active \u00een valoare de 2.061,88 milioane lei (peste 420 de milioane de euro), \u00een cre\u0219tere cu 38,19% fa\u021b\u0103 de iunie 2023. Fondul are <a href=\"https:\/\/transilvaniainvestments.ro\/en\/\">investi\u021bii<\/a> &nbsp;nu doar \u00een hoteluri (printre care \u0219i Aro Palace din Bra\u0219ov), ci \u0219i \u00een servicii bancare, companii din energie, industrie sau imobiliare. <\/p>\n\n\n\n<figure class=\"wp-block-image size-large\"><img loading=\"lazy\" decoding=\"async\" width=\"1024\" height=\"626\" src=\"https:\/\/covasna45.ro\/wp-content\/uploads\/2024\/09\/trans-fond-1024x626.jpg\" alt=\"\" class=\"wp-image-7733\" srcset=\"https:\/\/covasna45.ro\/wp-content\/uploads\/2024\/09\/trans-fond-1024x626.jpg 1024w, https:\/\/covasna45.ro\/wp-content\/uploads\/2024\/09\/trans-fond-300x183.jpg 300w, https:\/\/covasna45.ro\/wp-content\/uploads\/2024\/09\/trans-fond-768x469.jpg 768w, https:\/\/covasna45.ro\/wp-content\/uploads\/2024\/09\/trans-fond-150x92.jpg 150w, https:\/\/covasna45.ro\/wp-content\/uploads\/2024\/09\/trans-fond-696x425.jpg 696w, https:\/\/covasna45.ro\/wp-content\/uploads\/2024\/09\/trans-fond.jpg 1059w\" sizes=\"auto, (max-width: 1024px) 100vw, 1024px\" \/><\/figure>\n\n\n\n<p>Consiliul de Administra\u021bie i-a \u00eencredin\u021bat Narcisei Diaconu misiunea de a conduce compania din Covasna.<\/p>\n\n\n\n<figure class=\"wp-block-image size-large\"><img loading=\"lazy\" decoding=\"async\" width=\"1024\" height=\"645\" src=\"https:\/\/covasna45.ro\/wp-content\/uploads\/2024\/09\/narcisa-receptie-3-1024x645.jpg\" alt=\"\" class=\"wp-image-7734\" srcset=\"https:\/\/covasna45.ro\/wp-content\/uploads\/2024\/09\/narcisa-receptie-3-1024x645.jpg 1024w, https:\/\/covasna45.ro\/wp-content\/uploads\/2024\/09\/narcisa-receptie-3-300x189.jpg 300w, https:\/\/covasna45.ro\/wp-content\/uploads\/2024\/09\/narcisa-receptie-3-768x483.jpg 768w, https:\/\/covasna45.ro\/wp-content\/uploads\/2024\/09\/narcisa-receptie-3-150x94.jpg 150w, https:\/\/covasna45.ro\/wp-content\/uploads\/2024\/09\/narcisa-receptie-3-696x438.jpg 696w, https:\/\/covasna45.ro\/wp-content\/uploads\/2024\/09\/narcisa-receptie-3-1068x672.jpg 1068w, https:\/\/covasna45.ro\/wp-content\/uploads\/2024\/09\/narcisa-receptie-3.jpg 1355w\" sizes=\"auto, (max-width: 1024px) 100vw, 1024px\" \/><\/figure>\n\n\n\n<p>Specialist\u0103 \u00een Drept \u0219i fost\u0103 jurist\u0103 a companiei timp de aproape 14 ani, Narcisa Diaconu are un contract de mandat cu obiective clare. Nu e un loc de munc\u0103 \u00een care \u201etimpul trece, leafa merge\u201d. Vine zi de zi la birou \u2013 din Bra\u0219ov &#8211; cu ideea clar\u0103 c\u0103 toat\u0103 lumea trebuie s\u0103 c\u00e2\u0219tige ceva.<\/p>\n\n\n\n<p>Lista celor care au de c\u00e2\u0219tigat e destul de lung\u0103, iar ora\u0219ul Covasna e pe list\u0103. Din taxa de sta\u021biune \u0219i d\u0103rile pe care SC Turism Covasna SA le achit\u0103, prim\u0103ria rezolv\u0103 o mul\u021bime de lucruri.<\/p>\n\n\n\n<p>Dar, de departe, cei mai c\u00e2\u0219tiga\u021bi sunt turi\u0219tii.<\/p>\n\n\n\n<figure class=\"wp-block-image size-large\"><img loading=\"lazy\" decoding=\"async\" width=\"1024\" height=\"768\" src=\"https:\/\/covasna45.ro\/wp-content\/uploads\/2024\/09\/mof-1-capr-1024x768.jpg\" alt=\"\" class=\"wp-image-7756\" srcset=\"https:\/\/covasna45.ro\/wp-content\/uploads\/2024\/09\/mof-1-capr-1024x768.jpg 1024w, https:\/\/covasna45.ro\/wp-content\/uploads\/2024\/09\/mof-1-capr-300x225.jpg 300w, https:\/\/covasna45.ro\/wp-content\/uploads\/2024\/09\/mof-1-capr-768x576.jpg 768w, https:\/\/covasna45.ro\/wp-content\/uploads\/2024\/09\/mof-1-capr-1536x1152.jpg 1536w, https:\/\/covasna45.ro\/wp-content\/uploads\/2024\/09\/mof-1-capr-150x113.jpg 150w, https:\/\/covasna45.ro\/wp-content\/uploads\/2024\/09\/mof-1-capr-696x522.jpg 696w, https:\/\/covasna45.ro\/wp-content\/uploads\/2024\/09\/mof-1-capr-1068x801.jpg 1068w, https:\/\/covasna45.ro\/wp-content\/uploads\/2024\/09\/mof-1-capr.jpg 1680w\" sizes=\"auto, (max-width: 1024px) 100vw, 1024px\" \/><\/figure>\n\n\n\n<p>Hotelul Covasna a fost inaugurat \u00een 1972. Ca \u0219i \u201eC\u0103prioara\u201d \u0219i \u201eCerbul\u201d, a fost construit pe izvoare de ap\u0103 mineral\u0103 \u0219i mofete. Cu a\u0219a resurse \u00een dotare, succesul era pe jum\u0103tate asigurat.<\/p>\n\n\n\n<figure class=\"wp-block-image size-large\"><img loading=\"lazy\" decoding=\"async\" width=\"1024\" height=\"768\" src=\"https:\/\/covasna45.ro\/wp-content\/uploads\/2024\/09\/hol-cv-1-1024x768.jpg\" alt=\"\" class=\"wp-image-7735\" srcset=\"https:\/\/covasna45.ro\/wp-content\/uploads\/2024\/09\/hol-cv-1-1024x768.jpg 1024w, https:\/\/covasna45.ro\/wp-content\/uploads\/2024\/09\/hol-cv-1-300x225.jpg 300w, https:\/\/covasna45.ro\/wp-content\/uploads\/2024\/09\/hol-cv-1-768x576.jpg 768w, https:\/\/covasna45.ro\/wp-content\/uploads\/2024\/09\/hol-cv-1-1536x1152.jpg 1536w, https:\/\/covasna45.ro\/wp-content\/uploads\/2024\/09\/hol-cv-1-150x113.jpg 150w, https:\/\/covasna45.ro\/wp-content\/uploads\/2024\/09\/hol-cv-1-696x522.jpg 696w, https:\/\/covasna45.ro\/wp-content\/uploads\/2024\/09\/hol-cv-1-1068x801.jpg 1068w, https:\/\/covasna45.ro\/wp-content\/uploads\/2024\/09\/hol-cv-1.jpg 1680w\" sizes=\"auto, (max-width: 1024px) 100vw, 1024px\" \/><\/figure>\n\n\n\n<p>\u201e<strong><em>Dac\u0103 vii aici peste trei luni, vei g\u0103si ceva schimbat. Noi \u00een permanen\u021b\u0103 schimb\u0103m ceva, fie c\u0103 vorbim de dot\u0103ri, servicii sau meniu. Noi trebuie s\u0103 provoc\u0103m turistul, s\u0103 \u00eei oferim mereu ceva nou, s\u0103 vad\u0103 un upgrade. Nu poate veni la restaurant acum \u0219i peste 3 luni s\u0103 vin\u0103 din nou \u0219i s\u0103 vad\u0103 acela\u0219i lucru. Turistul trebuie s\u0103 ne redescopere de fiecare dat\u0103. Trebuie s\u0103 vad\u0103 c\u0103 ne pas\u0103, c\u0103 avem dorin\u021ba de a-l mul\u021bumi \u0219i a-i oferi servicii premium. Pe de alt\u0103 parte, ne dorim ca fiecare oaspete s\u0103 devin\u0103 un ambasador al nostru<\/em><\/strong>\u201d,&nbsp; spune Narcisa Diaconu pentru <a href=\"https:\/\/covasna45.ro\/index.php\/lumea-noastra\/dr-horvath-alpar-turismul-inseamna-experiente-palpitante-accesibile-oricui\/\">covasna45.ro<\/a>. <\/p>\n\n\n\n<figure class=\"wp-block-image size-large\"><img loading=\"lazy\" decoding=\"async\" width=\"1024\" height=\"768\" src=\"https:\/\/covasna45.ro\/wp-content\/uploads\/2024\/09\/narcisa-6-1024x768.jpg\" alt=\"\" class=\"wp-image-7757\" srcset=\"https:\/\/covasna45.ro\/wp-content\/uploads\/2024\/09\/narcisa-6-1024x768.jpg 1024w, https:\/\/covasna45.ro\/wp-content\/uploads\/2024\/09\/narcisa-6-300x225.jpg 300w, https:\/\/covasna45.ro\/wp-content\/uploads\/2024\/09\/narcisa-6-768x576.jpg 768w, https:\/\/covasna45.ro\/wp-content\/uploads\/2024\/09\/narcisa-6-1536x1152.jpg 1536w, https:\/\/covasna45.ro\/wp-content\/uploads\/2024\/09\/narcisa-6-2048x1536.jpg 2048w, https:\/\/covasna45.ro\/wp-content\/uploads\/2024\/09\/narcisa-6-150x113.jpg 150w, https:\/\/covasna45.ro\/wp-content\/uploads\/2024\/09\/narcisa-6-696x522.jpg 696w, https:\/\/covasna45.ro\/wp-content\/uploads\/2024\/09\/narcisa-6-1068x801.jpg 1068w, https:\/\/covasna45.ro\/wp-content\/uploads\/2024\/09\/narcisa-6-1920x1440.jpg 1920w\" sizes=\"auto, (max-width: 1024px) 100vw, 1024px\" \/><\/figure>\n\n\n\n<p>A\u0219a c\u0103 cealalt\u0103 \u201ejum\u0103tate de succes\u201d st\u0103 \u00een creativitate \u0219i implicare. Narcisa ajunge diminea\u021ba la birou \u0219i pleac\u0103 seara, de multe ori dup\u0103 ora 20.00. Arat\u0103 impecabil, e mereu z\u00e2mbitoare \u2013 ca orice gazd\u0103 bun\u0103 \u2013 \u0219i are \u00een portbagaj schimburi, inclusiv cizme de cauciuc. Pentru c\u0103 nu se \u0219tie niciodat\u0103&#8230;<\/p>\n\n\n\n<h2 class=\"wp-block-heading\">Semn\u0103turi pre\u021bioase<\/h2>\n\n\n\n<p>Dac\u0103 dai o \u201etur\u0103\u201d prin cele trei hoteluri afli o mul\u021bime de lucruri interesante. Dar mai \u00eent\u00e2i sim\u021bi \u00een aer c\u0103 e\u0219ti \u00eentr-o loca\u021bie \u201ebalneo\u201d. Aerul e c\u00e2nd umed, c\u00e2nd parfumat. Sim\u021bi ba o briz\u0103 cald\u0103, ba un aer uscat. Culorile se schimb\u0103 de la o \u00eenc\u0103pere la alta, iar pe pere\u021bi sunt o mul\u021bime de accesorii puse acolo cu un scop. Cuvinte-cheie de la oaspe\u021bi despre \u0219ederea lor aici au fost puse pe un tablou&#8230;<\/p>\n\n\n\n<figure class=\"wp-block-image size-large\"><img loading=\"lazy\" decoding=\"async\" width=\"768\" height=\"1024\" src=\"https:\/\/covasna45.ro\/wp-content\/uploads\/2024\/09\/tablou-cuv-cheie-768x1024.jpg\" alt=\"\" class=\"wp-image-7736\" srcset=\"https:\/\/covasna45.ro\/wp-content\/uploads\/2024\/09\/tablou-cuv-cheie-768x1024.jpg 768w, https:\/\/covasna45.ro\/wp-content\/uploads\/2024\/09\/tablou-cuv-cheie-225x300.jpg 225w, https:\/\/covasna45.ro\/wp-content\/uploads\/2024\/09\/tablou-cuv-cheie-1152x1536.jpg 1152w, https:\/\/covasna45.ro\/wp-content\/uploads\/2024\/09\/tablou-cuv-cheie-1536x2048.jpg 1536w, https:\/\/covasna45.ro\/wp-content\/uploads\/2024\/09\/tablou-cuv-cheie-150x200.jpg 150w, https:\/\/covasna45.ro\/wp-content\/uploads\/2024\/09\/tablou-cuv-cheie-300x400.jpg 300w, https:\/\/covasna45.ro\/wp-content\/uploads\/2024\/09\/tablou-cuv-cheie-696x928.jpg 696w, https:\/\/covasna45.ro\/wp-content\/uploads\/2024\/09\/tablou-cuv-cheie-1068x1424.jpg 1068w, https:\/\/covasna45.ro\/wp-content\/uploads\/2024\/09\/tablou-cuv-cheie.jpg 1700w\" sizes=\"auto, (max-width: 768px) 100vw, 768px\" \/><\/figure>\n\n\n\n<p>Un perete enorm, cu un panou decorativ pe care sunt cerbi \u0219i c\u0103prioare, arat\u0103 spectaculos. Artistul Petre Achi\u021benie, cel care l-a realizat, are un palmares impresionant: a semnat picturi \u00een peste 50 de biserici, \u00een trei palate din Abu Dhabi, dar \u0219i fresca de pe Mausoleul de la M\u0103r\u0103\u0219e\u0219ti.<\/p>\n\n\n\n<figure class=\"wp-block-image size-large\"><img loading=\"lazy\" decoding=\"async\" width=\"1024\" height=\"768\" src=\"https:\/\/covasna45.ro\/wp-content\/uploads\/2024\/09\/panou-1-1024x768.jpg\" alt=\"\" class=\"wp-image-7737\" srcset=\"https:\/\/covasna45.ro\/wp-content\/uploads\/2024\/09\/panou-1-1024x768.jpg 1024w, https:\/\/covasna45.ro\/wp-content\/uploads\/2024\/09\/panou-1-300x225.jpg 300w, https:\/\/covasna45.ro\/wp-content\/uploads\/2024\/09\/panou-1-768x576.jpg 768w, https:\/\/covasna45.ro\/wp-content\/uploads\/2024\/09\/panou-1-1536x1152.jpg 1536w, https:\/\/covasna45.ro\/wp-content\/uploads\/2024\/09\/panou-1-150x113.jpg 150w, https:\/\/covasna45.ro\/wp-content\/uploads\/2024\/09\/panou-1-696x522.jpg 696w, https:\/\/covasna45.ro\/wp-content\/uploads\/2024\/09\/panou-1-1068x801.jpg 1068w, https:\/\/covasna45.ro\/wp-content\/uploads\/2024\/09\/panou-1.jpg 1800w\" sizes=\"auto, (max-width: 1024px) 100vw, 1024px\" \/><\/figure>\n\n\n\n<p>Imagini vechi din Covasna, cu oameni care se \u00eemb\u0103iau \u00een Balta Dracului, sunt expuse ici \u0219i colo, amintiri dragi \u0219i semn de respect pentru istoria unui loc at\u00e2t de generos.<\/p>\n\n\n\n<figure class=\"wp-block-image size-large\"><img loading=\"lazy\" decoding=\"async\" width=\"1024\" height=\"593\" src=\"https:\/\/covasna45.ro\/wp-content\/uploads\/2024\/09\/tablou-vechi-cv-2-1024x593.jpg\" alt=\"\" class=\"wp-image-7738\" srcset=\"https:\/\/covasna45.ro\/wp-content\/uploads\/2024\/09\/tablou-vechi-cv-2-1024x593.jpg 1024w, https:\/\/covasna45.ro\/wp-content\/uploads\/2024\/09\/tablou-vechi-cv-2-300x174.jpg 300w, https:\/\/covasna45.ro\/wp-content\/uploads\/2024\/09\/tablou-vechi-cv-2-768x445.jpg 768w, https:\/\/covasna45.ro\/wp-content\/uploads\/2024\/09\/tablou-vechi-cv-2-1536x890.jpg 1536w, https:\/\/covasna45.ro\/wp-content\/uploads\/2024\/09\/tablou-vechi-cv-2-150x87.jpg 150w, https:\/\/covasna45.ro\/wp-content\/uploads\/2024\/09\/tablou-vechi-cv-2-696x403.jpg 696w, https:\/\/covasna45.ro\/wp-content\/uploads\/2024\/09\/tablou-vechi-cv-2-1068x619.jpg 1068w, https:\/\/covasna45.ro\/wp-content\/uploads\/2024\/09\/tablou-vechi-cv-2.jpg 1717w\" sizes=\"auto, (max-width: 1024px) 100vw, 1024px\" \/><\/figure>\n\n\n\n<p>O hart\u0103 cu sta\u021biunile balneoclimaterice din toat\u0103 \u021bara este \u0219i ea instalat\u0103 la vedere. Putem vedea c\u00e2t de bogat\u0103 e Rom\u00e2nia c\u00e2nd vine vorba despre balneologie.<\/p>\n\n\n\n<figure class=\"wp-block-image size-large\"><img loading=\"lazy\" decoding=\"async\" width=\"1024\" height=\"561\" src=\"https:\/\/covasna45.ro\/wp-content\/uploads\/2024\/09\/harta-balneo-1024x561.jpg\" alt=\"\" class=\"wp-image-7739\" srcset=\"https:\/\/covasna45.ro\/wp-content\/uploads\/2024\/09\/harta-balneo-1024x561.jpg 1024w, https:\/\/covasna45.ro\/wp-content\/uploads\/2024\/09\/harta-balneo-300x164.jpg 300w, https:\/\/covasna45.ro\/wp-content\/uploads\/2024\/09\/harta-balneo-768x420.jpg 768w, https:\/\/covasna45.ro\/wp-content\/uploads\/2024\/09\/harta-balneo-1536x841.jpg 1536w, https:\/\/covasna45.ro\/wp-content\/uploads\/2024\/09\/harta-balneo-150x82.jpg 150w, https:\/\/covasna45.ro\/wp-content\/uploads\/2024\/09\/harta-balneo-696x381.jpg 696w, https:\/\/covasna45.ro\/wp-content\/uploads\/2024\/09\/harta-balneo-1068x585.jpg 1068w, https:\/\/covasna45.ro\/wp-content\/uploads\/2024\/09\/harta-balneo.jpg 1715w\" sizes=\"auto, (max-width: 1024px) 100vw, 1024px\" \/><\/figure>\n\n\n\n<p>Iar semn\u0103tura doamnei Ana Aslan din Cartea de Onoare a devenit un tablou \u00een sine.<\/p>\n\n\n\n<figure class=\"wp-block-image size-large\"><img loading=\"lazy\" decoding=\"async\" width=\"1024\" height=\"596\" src=\"https:\/\/covasna45.ro\/wp-content\/uploads\/2024\/09\/ana-aslan-4-1024x596.jpg\" alt=\"\" class=\"wp-image-7758\" srcset=\"https:\/\/covasna45.ro\/wp-content\/uploads\/2024\/09\/ana-aslan-4-1024x596.jpg 1024w, https:\/\/covasna45.ro\/wp-content\/uploads\/2024\/09\/ana-aslan-4-300x175.jpg 300w, https:\/\/covasna45.ro\/wp-content\/uploads\/2024\/09\/ana-aslan-4-768x447.jpg 768w, https:\/\/covasna45.ro\/wp-content\/uploads\/2024\/09\/ana-aslan-4-1536x894.jpg 1536w, https:\/\/covasna45.ro\/wp-content\/uploads\/2024\/09\/ana-aslan-4-150x87.jpg 150w, https:\/\/covasna45.ro\/wp-content\/uploads\/2024\/09\/ana-aslan-4-696x405.jpg 696w, https:\/\/covasna45.ro\/wp-content\/uploads\/2024\/09\/ana-aslan-4-1068x622.jpg 1068w, https:\/\/covasna45.ro\/wp-content\/uploads\/2024\/09\/ana-aslan-4.jpg 1726w\" sizes=\"auto, (max-width: 1024px) 100vw, 1024px\" \/><\/figure>\n\n\n\n<figure class=\"wp-block-image size-large\"><img loading=\"lazy\" decoding=\"async\" width=\"1024\" height=\"604\" src=\"https:\/\/covasna45.ro\/wp-content\/uploads\/2024\/09\/ana-semn2-1024x604.jpg\" alt=\"\" class=\"wp-image-7740\" srcset=\"https:\/\/covasna45.ro\/wp-content\/uploads\/2024\/09\/ana-semn2-1024x604.jpg 1024w, https:\/\/covasna45.ro\/wp-content\/uploads\/2024\/09\/ana-semn2-300x177.jpg 300w, https:\/\/covasna45.ro\/wp-content\/uploads\/2024\/09\/ana-semn2-768x453.jpg 768w, https:\/\/covasna45.ro\/wp-content\/uploads\/2024\/09\/ana-semn2-150x89.jpg 150w, https:\/\/covasna45.ro\/wp-content\/uploads\/2024\/09\/ana-semn2-696x411.jpg 696w, https:\/\/covasna45.ro\/wp-content\/uploads\/2024\/09\/ana-semn2-1068x630.jpg 1068w, https:\/\/covasna45.ro\/wp-content\/uploads\/2024\/09\/ana-semn2.jpg 1381w\" sizes=\"auto, (max-width: 1024px) 100vw, 1024px\" \/><\/figure>\n\n\n\n<p>\u00cen iulie 2024, chiar cosmonautul Dumitru Prunariu a fost aici. Ce spune el e foarte interesant: \u201eCovasna pare un ora\u0219 mic \u0219i pu\u021bin semnificativ pentru cei care nu l-au vizitat\u201d. Apoi spune c\u0103 a stat la \u201eC\u0103prioara\u201d \u0219i c\u0103 dot\u0103rile \u0219i tratamentele de aici, plus zona, sunt la superlativ. <\/p>\n\n\n\n<figure class=\"wp-block-image size-large\"><img loading=\"lazy\" decoding=\"async\" width=\"1024\" height=\"651\" src=\"https:\/\/covasna45.ro\/wp-content\/uploads\/2024\/09\/prunariu-1024x651.jpg\" alt=\"\" class=\"wp-image-7741\" srcset=\"https:\/\/covasna45.ro\/wp-content\/uploads\/2024\/09\/prunariu-1024x651.jpg 1024w, https:\/\/covasna45.ro\/wp-content\/uploads\/2024\/09\/prunariu-300x191.jpg 300w, https:\/\/covasna45.ro\/wp-content\/uploads\/2024\/09\/prunariu-768x488.jpg 768w, https:\/\/covasna45.ro\/wp-content\/uploads\/2024\/09\/prunariu-1536x976.jpg 1536w, https:\/\/covasna45.ro\/wp-content\/uploads\/2024\/09\/prunariu-150x95.jpg 150w, https:\/\/covasna45.ro\/wp-content\/uploads\/2024\/09\/prunariu-696x442.jpg 696w, https:\/\/covasna45.ro\/wp-content\/uploads\/2024\/09\/prunariu-1068x679.jpg 1068w, https:\/\/covasna45.ro\/wp-content\/uploads\/2024\/09\/prunariu.jpg 1808w\" sizes=\"auto, (max-width: 1024px) 100vw, 1024px\" \/><\/figure>\n\n\n\n<p>\u201eRealizezi c\u0103 acest loc binecuv\u00e2ntat poate fi plasat \u00een fruntea multor locuri din lume\u201d, spune el. Poate, da.<\/p>\n\n\n\n<h2 class=\"wp-block-heading\">Ora\u0219 sau sta\u021biune?<\/h2>\n\n\n\n<p>Ce-i drept, ora\u0219ul Covasna nu are parte de aceea\u0219i promovare ca alte locuri. Da, mul\u021bi au auzit de Spitalul de Cardiologie \u0219i de faptul c\u0103 e un or\u0103\u0219el de munte unde se trateaz\u0103 bolnavii de inim\u0103, dar cam at\u00e2t. Investi\u021biile autorit\u0103\u021bilor jude\u021bene c\u00e2nd vine vorba de promovare se concentreaz\u0103 pe T\u00e2rgu Secuiesc \u0219i Sf\u00e2ntu Gheorghe. Acolo se investesc de altfel \u0219i cele mai multe sume \u00een infrastructur\u0103, cl\u0103diri \u0219i nenum\u0103rate evenimente, mai mult sau mai pu\u021bin de succes. Scaunul Orbai e \u201eruda s\u0103rac\u0103\u201d, chiar dac\u0103 are, de departe, cel mai mare poten\u021bial \u0219i e \u0219i cel mai frumos loc. Ca dovad\u0103, \u00een ultimii ani, au \u00eenceput s\u0103 vin\u0103 la Covasna tot mai mul\u021bi turi\u0219ti din Bra\u0219ov \u0219i Sf\u00e2ntu Gheorghe.<\/p>\n\n\n\n<figure class=\"wp-block-image size-large\"><img loading=\"lazy\" decoding=\"async\" width=\"1024\" height=\"579\" src=\"https:\/\/covasna45.ro\/wp-content\/uploads\/2024\/09\/rest6-1024x579.jpg\" alt=\"\" class=\"wp-image-7742\" srcset=\"https:\/\/covasna45.ro\/wp-content\/uploads\/2024\/09\/rest6-1024x579.jpg 1024w, https:\/\/covasna45.ro\/wp-content\/uploads\/2024\/09\/rest6-300x170.jpg 300w, https:\/\/covasna45.ro\/wp-content\/uploads\/2024\/09\/rest6-768x434.jpg 768w, https:\/\/covasna45.ro\/wp-content\/uploads\/2024\/09\/rest6-1536x868.jpg 1536w, https:\/\/covasna45.ro\/wp-content\/uploads\/2024\/09\/rest6-150x85.jpg 150w, https:\/\/covasna45.ro\/wp-content\/uploads\/2024\/09\/rest6-696x393.jpg 696w, https:\/\/covasna45.ro\/wp-content\/uploads\/2024\/09\/rest6-1068x604.jpg 1068w, https:\/\/covasna45.ro\/wp-content\/uploads\/2024\/09\/rest6.jpg 1808w\" sizes=\"auto, (max-width: 1024px) 100vw, 1024px\" \/><\/figure>\n\n\n\n<p>\u00cen ceea ce prive\u0219te administra\u021bia ora\u0219ului, face c\u00e2t poate cu ce are. Mai sunt c\u00e2teva str\u0103zi l\u0103turalnice f\u0103r\u0103 asfalt, se mai lucreaz\u0103 la alimentarea cu ap\u0103, transportul public poate fi \u00eembun\u0103t\u0103\u021bit. Cur\u0103\u021benia e \u00eens\u0103 de nota 10. Lipse\u0219te \u00eens\u0103 acea&#8230; atmosfer\u0103 de sta\u021biune, chit c\u0103 la intrare scrie clar c\u0103 e sta\u021biune turistic\u0103 de interes na\u021bional, iar fiecare turist pl\u0103te\u0219te o tax\u0103 pentru asta.<\/p>\n\n\n\n<figure class=\"wp-block-image size-large\"><img loading=\"lazy\" decoding=\"async\" width=\"1024\" height=\"712\" src=\"https:\/\/covasna45.ro\/wp-content\/uploads\/2024\/09\/oras-covasna-1024x712.jpg\" alt=\"\" class=\"wp-image-7681\" srcset=\"https:\/\/covasna45.ro\/wp-content\/uploads\/2024\/09\/oras-covasna-1024x712.jpg 1024w, https:\/\/covasna45.ro\/wp-content\/uploads\/2024\/09\/oras-covasna-300x209.jpg 300w, https:\/\/covasna45.ro\/wp-content\/uploads\/2024\/09\/oras-covasna-768x534.jpg 768w, https:\/\/covasna45.ro\/wp-content\/uploads\/2024\/09\/oras-covasna-1536x1068.jpg 1536w, https:\/\/covasna45.ro\/wp-content\/uploads\/2024\/09\/oras-covasna-150x104.jpg 150w, https:\/\/covasna45.ro\/wp-content\/uploads\/2024\/09\/oras-covasna-696x484.jpg 696w, https:\/\/covasna45.ro\/wp-content\/uploads\/2024\/09\/oras-covasna-1068x743.jpg 1068w, https:\/\/covasna45.ro\/wp-content\/uploads\/2024\/09\/oras-covasna.jpg 1704w\" sizes=\"auto, (max-width: 1024px) 100vw, 1024px\" \/><\/figure>\n\n\n\n<p>S\u0103 nu uit\u0103m, totu\u0219i, c\u0103 ora\u0219ul Covasna a fost comun\u0103 p\u00e2n\u0103 \u00een anul 1952. La finele anilor 60, dup\u0103 ce s-a construit Spitalul de Cardiologie, s-a dezvoltat industria turismului balnear. Unde sunt azi hotelurile frumoase era o mare mla\u0219tin\u0103.<\/p>\n\n\n\n<figure class=\"wp-block-image size-large\"><img loading=\"lazy\" decoding=\"async\" width=\"1024\" height=\"560\" src=\"https:\/\/covasna45.ro\/wp-content\/uploads\/2024\/09\/tablou-vechi-1024x560.jpg\" alt=\"\" class=\"wp-image-7755\" srcset=\"https:\/\/covasna45.ro\/wp-content\/uploads\/2024\/09\/tablou-vechi-1024x560.jpg 1024w, https:\/\/covasna45.ro\/wp-content\/uploads\/2024\/09\/tablou-vechi-300x164.jpg 300w, https:\/\/covasna45.ro\/wp-content\/uploads\/2024\/09\/tablou-vechi-768x420.jpg 768w, https:\/\/covasna45.ro\/wp-content\/uploads\/2024\/09\/tablou-vechi-1536x839.jpg 1536w, https:\/\/covasna45.ro\/wp-content\/uploads\/2024\/09\/tablou-vechi-150x82.jpg 150w, https:\/\/covasna45.ro\/wp-content\/uploads\/2024\/09\/tablou-vechi-696x380.jpg 696w, https:\/\/covasna45.ro\/wp-content\/uploads\/2024\/09\/tablou-vechi-1068x584.jpg 1068w, https:\/\/covasna45.ro\/wp-content\/uploads\/2024\/09\/tablou-vechi.jpg 1667w\" sizes=\"auto, (max-width: 1024px) 100vw, 1024px\" \/><\/figure>\n\n\n\n<p>\u201e<strong><em>Ulterior au fost construite \u0219i hotelurile<\/em><\/strong>\u201d, ne explica acum ceva timp, \u00eentr-un <a href=\"https:\/\/covasna45.ro\/index.php\/lumea-noastra\/interviu-cu-gyero-jozsef-trebuie-sa-schimbam-profilul-turistului-care-vine-in-covasna\/\">interviu<\/a>, primarul Gyer\u0151&nbsp;J\u00f3zsef<strong><em>.<\/em><\/strong> \u201e<strong><em>Acestea au fost construite peste izvoarele de ap\u0103 mineral\u0103 \u0219i cele de gaz mofetic. De aceea, func\u021bia locativ\u0103 se amestec\u0103 cu cea turistic\u0103. Deci noi nu avem o sta\u021biune cum e Sovata, unde sunt separate ora\u0219ul \u0219i sta\u021biunea. La noi, \u00een perioada comunist\u0103, efectiv au fost plantate hoteluri \u00een zonele cu ap\u0103 mineral\u0103. Pe l\u00e2ng\u0103 func\u021bia turistic\u0103, devenit\u0103 pregnant\u0103 la nivelul economiei locale, s-a men\u021binut \u0219i func\u021bia locativ\u0103, cu oameni care locuiau \u00een case sau blocuri<\/em><\/strong>\u201d.<\/p>\n\n\n\n<p>Acei oameni \u00eenc\u0103 locuiesc \u00een case sau blocuri. Turi\u0219tii le pot \u201eadmira\u201d rufele \u00eentinse pe s\u00e2rmele din balcoane, pot vedea cai cu c\u0103ru\u021be, c\u00e2teva oi sau g\u0103ini prin cur\u021bi. Pentru localnici, ora\u0219ul nu e neap\u0103rat o \u201esta\u021biune\u201d, \u00een care turi\u0219tii s\u0103 aib\u0103 \u00eent\u00e2ietate. Ora\u0219ul e casa lor.<\/p>\n\n\n\n<figure class=\"wp-block-image size-large\"><img loading=\"lazy\" decoding=\"async\" width=\"1024\" height=\"768\" src=\"https:\/\/covasna45.ro\/wp-content\/uploads\/2024\/08\/covasna-oras-1024x768.jpg\" alt=\"\" class=\"wp-image-7425\" srcset=\"https:\/\/covasna45.ro\/wp-content\/uploads\/2024\/08\/covasna-oras-1024x768.jpg 1024w, https:\/\/covasna45.ro\/wp-content\/uploads\/2024\/08\/covasna-oras-300x225.jpg 300w, https:\/\/covasna45.ro\/wp-content\/uploads\/2024\/08\/covasna-oras-768x576.jpg 768w, https:\/\/covasna45.ro\/wp-content\/uploads\/2024\/08\/covasna-oras-1536x1152.jpg 1536w, https:\/\/covasna45.ro\/wp-content\/uploads\/2024\/08\/covasna-oras-150x113.jpg 150w, https:\/\/covasna45.ro\/wp-content\/uploads\/2024\/08\/covasna-oras-696x522.jpg 696w, https:\/\/covasna45.ro\/wp-content\/uploads\/2024\/08\/covasna-oras-1068x801.jpg 1068w, https:\/\/covasna45.ro\/wp-content\/uploads\/2024\/08\/covasna-oras-1920x1440.jpg 1920w, https:\/\/covasna45.ro\/wp-content\/uploads\/2024\/08\/covasna-oras.jpg 2048w\" sizes=\"auto, (max-width: 1024px) 100vw, 1024px\" \/><\/figure>\n\n\n\n<p>\u0218i, pentru c\u0103 \u00een ora\u0219 nu sunt prea multe oferte speciale pentru turi\u0219ti, cei de la SC Turism Covasna SA au realizat o bro\u0219ur\u0103 cu atrac\u021bii ale zonei, pe care o pun la dispozi\u021bie oaspe\u021bilor. Sunt descrise acolo \u0219i Malna\u0219 B\u0103i, \u0219i Bodoc, \u0219i Bibor\u021beni, castele, muzee, biserici sau Comand\u0103ul, \u201eun sat mic cu suflet mare\u201d.<\/p>\n\n\n\n<figure class=\"wp-block-image size-large\"><img loading=\"lazy\" decoding=\"async\" width=\"1024\" height=\"607\" src=\"https:\/\/covasna45.ro\/wp-content\/uploads\/2024\/09\/piscina-1-1024x607.jpg\" alt=\"\" class=\"wp-image-7743\" srcset=\"https:\/\/covasna45.ro\/wp-content\/uploads\/2024\/09\/piscina-1-1024x607.jpg 1024w, https:\/\/covasna45.ro\/wp-content\/uploads\/2024\/09\/piscina-1-300x178.jpg 300w, https:\/\/covasna45.ro\/wp-content\/uploads\/2024\/09\/piscina-1-768x456.jpg 768w, https:\/\/covasna45.ro\/wp-content\/uploads\/2024\/09\/piscina-1-1536x911.jpg 1536w, https:\/\/covasna45.ro\/wp-content\/uploads\/2024\/09\/piscina-1-2048x1215.jpg 2048w, https:\/\/covasna45.ro\/wp-content\/uploads\/2024\/09\/piscina-1-150x89.jpg 150w, https:\/\/covasna45.ro\/wp-content\/uploads\/2024\/09\/piscina-1-696x413.jpg 696w, https:\/\/covasna45.ro\/wp-content\/uploads\/2024\/09\/piscina-1-1068x634.jpg 1068w, https:\/\/covasna45.ro\/wp-content\/uploads\/2024\/09\/piscina-1-1920x1139.jpg 1920w\" sizes=\"auto, (max-width: 1024px) 100vw, 1024px\" \/><\/figure>\n\n\n\n<p>Dar cei care vin la \u201eC\u0103prioara\u201d nu prea au motive s\u0103 ias\u0103 din hotel. Au at\u00e2tea de f\u0103cut \u00een interior, c\u0103 nici nu au timp de altele. Numai pachetele de la spa sunt at\u00e2t de multe, c\u0103 le pierzi \u0219irul. Au piscin\u0103, au jacuzzi \u00een interior \u0219i exterior, au hammam, au sal\u0103 de fitness, restaurant. Tot ce vrei.<\/p>\n\n\n\n<figure class=\"wp-block-image size-large\"><img loading=\"lazy\" decoding=\"async\" width=\"1024\" height=\"542\" src=\"https:\/\/covasna45.ro\/wp-content\/uploads\/2024\/09\/fitness-1-1024x542.jpg\" alt=\"\" class=\"wp-image-7744\" srcset=\"https:\/\/covasna45.ro\/wp-content\/uploads\/2024\/09\/fitness-1-1024x542.jpg 1024w, https:\/\/covasna45.ro\/wp-content\/uploads\/2024\/09\/fitness-1-300x159.jpg 300w, https:\/\/covasna45.ro\/wp-content\/uploads\/2024\/09\/fitness-1-768x407.jpg 768w, https:\/\/covasna45.ro\/wp-content\/uploads\/2024\/09\/fitness-1-1536x813.jpg 1536w, https:\/\/covasna45.ro\/wp-content\/uploads\/2024\/09\/fitness-1-150x79.jpg 150w, https:\/\/covasna45.ro\/wp-content\/uploads\/2024\/09\/fitness-1-696x369.jpg 696w, https:\/\/covasna45.ro\/wp-content\/uploads\/2024\/09\/fitness-1-1068x566.jpg 1068w, https:\/\/covasna45.ro\/wp-content\/uploads\/2024\/09\/fitness-1-1920x1017.jpg 1920w, https:\/\/covasna45.ro\/wp-content\/uploads\/2024\/09\/fitness-1.jpg 2009w\" sizes=\"auto, (max-width: 1024px) 100vw, 1024px\" \/><\/figure>\n\n\n\n<p>\u0218i au inclusiv ni\u0219te camere cu nume de pietre semipre\u021bioase \u00een care accentul e pus nu doar pe culoarea respectiv\u0103, c\u00e2t pe energia pietrei \u0219i beneficiile ei pentru corpul uman.<\/p>\n\n\n\n<figure class=\"wp-block-image size-large\"><img loading=\"lazy\" decoding=\"async\" width=\"1024\" height=\"669\" src=\"https:\/\/covasna45.ro\/wp-content\/uploads\/2024\/09\/masaj-1-1024x669.jpg\" alt=\"\" class=\"wp-image-7745\" srcset=\"https:\/\/covasna45.ro\/wp-content\/uploads\/2024\/09\/masaj-1-1024x669.jpg 1024w, https:\/\/covasna45.ro\/wp-content\/uploads\/2024\/09\/masaj-1-300x196.jpg 300w, https:\/\/covasna45.ro\/wp-content\/uploads\/2024\/09\/masaj-1-768x501.jpg 768w, https:\/\/covasna45.ro\/wp-content\/uploads\/2024\/09\/masaj-1-1536x1003.jpg 1536w, https:\/\/covasna45.ro\/wp-content\/uploads\/2024\/09\/masaj-1-150x98.jpg 150w, https:\/\/covasna45.ro\/wp-content\/uploads\/2024\/09\/masaj-1-696x454.jpg 696w, https:\/\/covasna45.ro\/wp-content\/uploads\/2024\/09\/masaj-1-1068x697.jpg 1068w, https:\/\/covasna45.ro\/wp-content\/uploads\/2024\/09\/masaj-1.jpg 1726w\" sizes=\"auto, (max-width: 1024px) 100vw, 1024px\" \/><\/figure>\n\n\n\n<p>De altfel, Narcisa Diaconu \u0219i-a propus s\u0103 creeze aici \u201eun mix perfect\u201d pentru corp \u0219i spirit.<\/p>\n\n\n\n<p>Simplu fapt c\u0103 lucrezi aici e o terapie \u00een sine. Aerul ionizat, parfumurile \u0219i \u00een general energia pozitiv\u0103 a at\u00e2tor resurse naturale sunt un plus pentru cei aproape 150 de angaja\u021bi \u0219i cei care le sunt oaspe\u021bi.<\/p>\n\n\n\n<figure class=\"wp-block-image size-large\"><img loading=\"lazy\" decoding=\"async\" width=\"1024\" height=\"768\" src=\"https:\/\/covasna45.ro\/wp-content\/uploads\/2024\/09\/ana-2-1024x768.jpg\" alt=\"\" class=\"wp-image-7746\" srcset=\"https:\/\/covasna45.ro\/wp-content\/uploads\/2024\/09\/ana-2-1024x768.jpg 1024w, https:\/\/covasna45.ro\/wp-content\/uploads\/2024\/09\/ana-2-300x225.jpg 300w, https:\/\/covasna45.ro\/wp-content\/uploads\/2024\/09\/ana-2-768x576.jpg 768w, https:\/\/covasna45.ro\/wp-content\/uploads\/2024\/09\/ana-2-1536x1152.jpg 1536w, https:\/\/covasna45.ro\/wp-content\/uploads\/2024\/09\/ana-2-150x113.jpg 150w, https:\/\/covasna45.ro\/wp-content\/uploads\/2024\/09\/ana-2-696x522.jpg 696w, https:\/\/covasna45.ro\/wp-content\/uploads\/2024\/09\/ana-2-1068x801.jpg 1068w, https:\/\/covasna45.ro\/wp-content\/uploads\/2024\/09\/ana-2.jpg 1680w\" sizes=\"auto, (max-width: 1024px) 100vw, 1024px\" \/><\/figure>\n\n\n\n<p><em>Revenim la \u201etura\u201d noastr\u0103.<\/em><\/p>\n\n\n\n<p>Hotelul \u201eCovasna\u201d este primul care a fost construit \u0219i care a deschis, practic, drumul spre turismul balnear al zonei. De ceva timp, beneficiaz\u0103 de transform\u0103ri importante. Se fac investi\u021bii \u00een camere, fiind deja modernizate primele 40 din cele 125. Arat\u0103 ca la 4 stele!<\/p>\n\n\n\n<figure class=\"wp-block-image size-large\"><img loading=\"lazy\" decoding=\"async\" width=\"1024\" height=\"768\" src=\"https:\/\/covasna45.ro\/wp-content\/uploads\/2024\/09\/camera-cv1-1024x768.jpg\" alt=\"\" class=\"wp-image-7747\" srcset=\"https:\/\/covasna45.ro\/wp-content\/uploads\/2024\/09\/camera-cv1-1024x768.jpg 1024w, https:\/\/covasna45.ro\/wp-content\/uploads\/2024\/09\/camera-cv1-300x225.jpg 300w, https:\/\/covasna45.ro\/wp-content\/uploads\/2024\/09\/camera-cv1-768x576.jpg 768w, https:\/\/covasna45.ro\/wp-content\/uploads\/2024\/09\/camera-cv1-1536x1152.jpg 1536w, https:\/\/covasna45.ro\/wp-content\/uploads\/2024\/09\/camera-cv1-150x113.jpg 150w, https:\/\/covasna45.ro\/wp-content\/uploads\/2024\/09\/camera-cv1-696x522.jpg 696w, https:\/\/covasna45.ro\/wp-content\/uploads\/2024\/09\/camera-cv1-1068x801.jpg 1068w, https:\/\/covasna45.ro\/wp-content\/uploads\/2024\/09\/camera-cv1.jpg 1680w\" sizes=\"auto, (max-width: 1024px) 100vw, 1024px\" \/><\/figure>\n\n\n\n<p>Au lucrat cu speciali\u0219ti \u2013 arhitec\u021bi \u0219i designeri \u2013 care au fost aten\u021bi la detalii, la culori. Perdelele sunt fie de m\u0103tase, fie de in, iar dot\u0103rile sunt create special pentru industria ospitalit\u0103\u021bii, nu cump\u0103rate te miri de unde.<\/p>\n\n\n\n<figure class=\"wp-block-image size-large\"><img loading=\"lazy\" decoding=\"async\" width=\"1024\" height=\"768\" src=\"https:\/\/covasna45.ro\/wp-content\/uploads\/2024\/09\/cam-cv-2-1024x768.jpg\" alt=\"\" class=\"wp-image-7748\" srcset=\"https:\/\/covasna45.ro\/wp-content\/uploads\/2024\/09\/cam-cv-2-1024x768.jpg 1024w, https:\/\/covasna45.ro\/wp-content\/uploads\/2024\/09\/cam-cv-2-300x225.jpg 300w, https:\/\/covasna45.ro\/wp-content\/uploads\/2024\/09\/cam-cv-2-768x576.jpg 768w, https:\/\/covasna45.ro\/wp-content\/uploads\/2024\/09\/cam-cv-2-1536x1152.jpg 1536w, https:\/\/covasna45.ro\/wp-content\/uploads\/2024\/09\/cam-cv-2-150x113.jpg 150w, https:\/\/covasna45.ro\/wp-content\/uploads\/2024\/09\/cam-cv-2-696x522.jpg 696w, https:\/\/covasna45.ro\/wp-content\/uploads\/2024\/09\/cam-cv-2-1068x801.jpg 1068w, https:\/\/covasna45.ro\/wp-content\/uploads\/2024\/09\/cam-cv-2.jpg 1680w\" sizes=\"auto, (max-width: 1024px) 100vw, 1024px\" \/><\/figure>\n\n\n\n<p>Aici vin la tratament balnear oameni de toate v\u00e2rstele, din toat\u0103 \u021bara. E un mic furnicar, pentru c\u0103 po\u021bi beneficia de b\u0103i cu ap\u0103 cald\u0103 carbogazoas\u0103, mofete, instalatii pentru electro-, kineto- \u0219i hidroterapie.<\/p>\n\n\n\n<p>\u201e<strong><em>Un sejur la noi este egal cu o investi\u021bie \u00een propria s\u0103n\u0103tate. Pentru c\u0103 de aici pleci alt om. Pleci relaxat, odihnit, cu chef de via\u021b\u0103, cu energie bun\u0103. Pleci zen. Ce poate fi mai spectaculos dec\u00e2t s\u0103 faci o baie cu ap\u0103 mineral\u0103?<\/em><\/strong>\u201d, ne spune Narcisa Diaconu.<\/p>\n\n\n\n<figure class=\"wp-block-image size-large\"><img loading=\"lazy\" decoding=\"async\" width=\"1024\" height=\"981\" src=\"https:\/\/covasna45.ro\/wp-content\/uploads\/2024\/09\/apa-min-1024x981.jpg\" alt=\"\" class=\"wp-image-7749\" srcset=\"https:\/\/covasna45.ro\/wp-content\/uploads\/2024\/09\/apa-min-1024x981.jpg 1024w, https:\/\/covasna45.ro\/wp-content\/uploads\/2024\/09\/apa-min-300x287.jpg 300w, https:\/\/covasna45.ro\/wp-content\/uploads\/2024\/09\/apa-min-768x736.jpg 768w, https:\/\/covasna45.ro\/wp-content\/uploads\/2024\/09\/apa-min-1536x1472.jpg 1536w, https:\/\/covasna45.ro\/wp-content\/uploads\/2024\/09\/apa-min-150x144.jpg 150w, https:\/\/covasna45.ro\/wp-content\/uploads\/2024\/09\/apa-min-696x667.jpg 696w, https:\/\/covasna45.ro\/wp-content\/uploads\/2024\/09\/apa-min-1068x1023.jpg 1068w, https:\/\/covasna45.ro\/wp-content\/uploads\/2024\/09\/apa-min-1920x1840.jpg 1920w, https:\/\/covasna45.ro\/wp-content\/uploads\/2024\/09\/apa-min.jpg 2030w\" sizes=\"auto, (max-width: 1024px) 100vw, 1024px\" \/><\/figure>\n\n\n\n<p>La \u201eC\u0103prioara\u201d au a\u0219a-numitul Mineral Spa, de exemplu, unde au dep\u0103\u0219it ideea de simple masaje sau terapii: le numesc experien\u021be.<\/p>\n\n\n\n<figure class=\"wp-block-image size-large\"><img loading=\"lazy\" decoding=\"async\" width=\"1024\" height=\"620\" src=\"https:\/\/covasna45.ro\/wp-content\/uploads\/2024\/09\/spa-cv-4-1024x620.jpg\" alt=\"\" class=\"wp-image-7750\" srcset=\"https:\/\/covasna45.ro\/wp-content\/uploads\/2024\/09\/spa-cv-4-1024x620.jpg 1024w, https:\/\/covasna45.ro\/wp-content\/uploads\/2024\/09\/spa-cv-4-300x182.jpg 300w, https:\/\/covasna45.ro\/wp-content\/uploads\/2024\/09\/spa-cv-4-768x465.jpg 768w, https:\/\/covasna45.ro\/wp-content\/uploads\/2024\/09\/spa-cv-4-1536x930.jpg 1536w, https:\/\/covasna45.ro\/wp-content\/uploads\/2024\/09\/spa-cv-4-150x91.jpg 150w, https:\/\/covasna45.ro\/wp-content\/uploads\/2024\/09\/spa-cv-4-696x421.jpg 696w, https:\/\/covasna45.ro\/wp-content\/uploads\/2024\/09\/spa-cv-4-1068x647.jpg 1068w, https:\/\/covasna45.ro\/wp-content\/uploads\/2024\/09\/spa-cv-4.jpg 1800w\" sizes=\"auto, (max-width: 1024px) 100vw, 1024px\" \/><\/figure>\n\n\n\n<h2 class=\"wp-block-heading\">Poveste de iarn\u0103<\/h2>\n\n\n\n<p>&nbsp;Hotelul \u201eCerbul\u201d are \u0219i el farmecul lui. \u0218i o mul\u021bime de pove\u0219ti faine. Iat\u0103 una: anul trecut, de Revelion, au g\u0103zduit o petrecere \u00een timpul c\u0103reia un t\u00e2n\u0103r i-a cerut m\u00e2na iubitei sale. Ea a acceptat \u0219i au decis ca nunta s\u0103 o fac\u0103 tot aici, chiar \u00een acest an, de Revelion. Cuplul e din jude\u021bul C\u0103l\u0103ra\u0219i \u0219i au prieteni dintr-o gr\u0103mad\u0103 de jude\u021be care vor veni la fericitul eveniment.<\/p>\n\n\n\n<figure class=\"wp-block-image size-large\"><img loading=\"lazy\" decoding=\"async\" width=\"1024\" height=\"768\" src=\"https:\/\/covasna45.ro\/wp-content\/uploads\/2024\/09\/cerbul-events-1024x768.jpg\" alt=\"\" class=\"wp-image-7751\" srcset=\"https:\/\/covasna45.ro\/wp-content\/uploads\/2024\/09\/cerbul-events-1024x768.jpg 1024w, https:\/\/covasna45.ro\/wp-content\/uploads\/2024\/09\/cerbul-events-300x225.jpg 300w, https:\/\/covasna45.ro\/wp-content\/uploads\/2024\/09\/cerbul-events-768x576.jpg 768w, https:\/\/covasna45.ro\/wp-content\/uploads\/2024\/09\/cerbul-events-1536x1152.jpg 1536w, https:\/\/covasna45.ro\/wp-content\/uploads\/2024\/09\/cerbul-events-150x113.jpg 150w, https:\/\/covasna45.ro\/wp-content\/uploads\/2024\/09\/cerbul-events-696x522.jpg 696w, https:\/\/covasna45.ro\/wp-content\/uploads\/2024\/09\/cerbul-events-1068x801.jpg 1068w, https:\/\/covasna45.ro\/wp-content\/uploads\/2024\/09\/cerbul-events.jpg 1780w\" sizes=\"auto, (max-width: 1024px) 100vw, 1024px\" \/><\/figure>\n\n\n\n<h2 class=\"wp-block-heading\">Sere \u0219i panouri<\/h2>\n\n\n\n<p>Costurile cu energia electric\u0103 \u0219i termic\u0103 pentru cele trei hoteluri sunt uria\u0219e. Motiv pentru care Narcisa Diaconu a instalat pe \u201eC\u0103prioara\u201d panouri fotovoltaice. Este, de altfel, \u0219i o tendin\u021b\u0103 global\u0103 spre energia verde \u0219i \u00een orice companie trebuie s\u0103 \u021bii pasul.<\/p>\n\n\n\n<figure class=\"wp-block-image size-large\"><img loading=\"lazy\" decoding=\"async\" width=\"1024\" height=\"651\" src=\"https:\/\/covasna45.ro\/wp-content\/uploads\/2024\/09\/fotovolt-1024x651.jpg\" alt=\"\" class=\"wp-image-7752\" srcset=\"https:\/\/covasna45.ro\/wp-content\/uploads\/2024\/09\/fotovolt-1024x651.jpg 1024w, https:\/\/covasna45.ro\/wp-content\/uploads\/2024\/09\/fotovolt-300x191.jpg 300w, https:\/\/covasna45.ro\/wp-content\/uploads\/2024\/09\/fotovolt-768x488.jpg 768w, https:\/\/covasna45.ro\/wp-content\/uploads\/2024\/09\/fotovolt-1536x976.jpg 1536w, https:\/\/covasna45.ro\/wp-content\/uploads\/2024\/09\/fotovolt-150x95.jpg 150w, https:\/\/covasna45.ro\/wp-content\/uploads\/2024\/09\/fotovolt-696x442.jpg 696w, https:\/\/covasna45.ro\/wp-content\/uploads\/2024\/09\/fotovolt-1068x679.jpg 1068w, https:\/\/covasna45.ro\/wp-content\/uploads\/2024\/09\/fotovolt.jpg 1808w\" sizes=\"auto, (max-width: 1024px) 100vw, 1024px\" \/><\/figure>\n\n\n\n<p>O alt\u0103 component\u0103 sustenabil\u0103 a afacerii sunt dou\u0103 sere de legume pe care le-au f\u0103cut acum ceva timp. Legumele pentru restaurantele complexului vin \u00een mare parte de aici. Anul acesta, de exemplu, au cules de acolo 400 de kilograme de castrave\u021bi!<\/p>\n\n\n\n<p>Buc\u0103t\u0103ria e un atu \u00een astfel de afaceri. Pentru turi\u0219ti, m\u00e2ncarea e important\u0103. La \u201eC\u0103prioara\u201d se servesc micul dejun \u0219i pr\u00e2nzul \u00een sistem \u201ebufet suedez\u201d: fiecare se serve\u0219te cu c\u00e2t pofte\u0219te. Totul e g\u0103tit pe loc&nbsp; \u0219i au grij\u0103 s\u0103 mul\u021bumeasc\u0103 toate gusturile. Au de la fructe de mare \u0219i pe\u0219te, p\u00e2n\u0103 la ciorbe tradi\u021bionale \u0219i gula\u0219. Au \u0219i cofetari, care fac mai multe feluri de pr\u0103jituri pentru fiecare pr\u00e2nz. Sunt foarte bune!<\/p>\n\n\n\n<figure class=\"wp-block-image size-large\"><img loading=\"lazy\" decoding=\"async\" width=\"1024\" height=\"651\" src=\"https:\/\/covasna45.ro\/wp-content\/uploads\/2024\/09\/parji-1024x651.jpg\" alt=\"\" class=\"wp-image-7753\" srcset=\"https:\/\/covasna45.ro\/wp-content\/uploads\/2024\/09\/parji-1024x651.jpg 1024w, https:\/\/covasna45.ro\/wp-content\/uploads\/2024\/09\/parji-300x191.jpg 300w, https:\/\/covasna45.ro\/wp-content\/uploads\/2024\/09\/parji-768x488.jpg 768w, https:\/\/covasna45.ro\/wp-content\/uploads\/2024\/09\/parji-1536x976.jpg 1536w, https:\/\/covasna45.ro\/wp-content\/uploads\/2024\/09\/parji-150x95.jpg 150w, https:\/\/covasna45.ro\/wp-content\/uploads\/2024\/09\/parji-696x442.jpg 696w, https:\/\/covasna45.ro\/wp-content\/uploads\/2024\/09\/parji-1068x679.jpg 1068w, https:\/\/covasna45.ro\/wp-content\/uploads\/2024\/09\/parji.jpg 1808w\" sizes=\"auto, (max-width: 1024px) 100vw, 1024px\" \/><\/figure>\n\n\n\n<p>Zilele acestea, cei de la SC Turism Covasna fac preg\u0103tiri pentru Ziua Mondial\u0103 a Turismului. O marcheaz\u0103 \u00een fiecare an pe 27 septembrie \u0219i e normal s\u0103 fie a\u0219a. Preg\u0103tesc o mul\u021bime de momente speciale: e, cumva, \u0219i ziua lor. O s\u0103 mergem \u0219i noi \u0219i o s\u0103 v\u0103 povestim!<\/p>\n\n\n\n<figure class=\"wp-block-image size-large\"><img loading=\"lazy\" decoding=\"async\" width=\"1024\" height=\"596\" src=\"https:\/\/covasna45.ro\/wp-content\/uploads\/2024\/09\/receptie-3-1024x596.jpg\" alt=\"\" class=\"wp-image-7754\" srcset=\"https:\/\/covasna45.ro\/wp-content\/uploads\/2024\/09\/receptie-3-1024x596.jpg 1024w, https:\/\/covasna45.ro\/wp-content\/uploads\/2024\/09\/receptie-3-300x175.jpg 300w, https:\/\/covasna45.ro\/wp-content\/uploads\/2024\/09\/receptie-3-768x447.jpg 768w, https:\/\/covasna45.ro\/wp-content\/uploads\/2024\/09\/receptie-3-1536x894.jpg 1536w, https:\/\/covasna45.ro\/wp-content\/uploads\/2024\/09\/receptie-3-150x87.jpg 150w, https:\/\/covasna45.ro\/wp-content\/uploads\/2024\/09\/receptie-3-696x405.jpg 696w, https:\/\/covasna45.ro\/wp-content\/uploads\/2024\/09\/receptie-3-1068x622.jpg 1068w, https:\/\/covasna45.ro\/wp-content\/uploads\/2024\/09\/receptie-3.jpg 1726w\" sizes=\"auto, (max-width: 1024px) 100vw, 1024px\" \/><\/figure>\n\n\n\n<p>Dac\u0103 vre\u021bi s\u0103 citi\u021bi mai multe despre ei, au un site cu toate informa\u021biile. Da\u021bi click <a href=\"https:\/\/turismcovasna.ro\/\">AICI.<\/a> Am mai scris \u0219i despre mofeta de la Spitalul de Cardiologie, <a href=\"https:\/\/covasna45.ro\/index.php\/lumea-noastra\/mofeta-din-covasna-furnicarul-de-la-poalele-muntilor\/\">AICI<\/a>.<\/p>\n","protected":false},"excerpt":{"rendered":"<p>Cel mai mare operator economic din ora\u0219ul Covasna \u2013 \u0219i deci cel mai important contributor la bugetul local &#8211; este SC Turism Covasna SA, firm\u0103 ce de\u021bine \u0219i administreaz\u0103 hotelurile \u201eC\u0103prioara\u201d, \u201eCerbul\u201d, \u201eCovasna\u201d \u0219i Complexul \u201eValea Z\u00e2nelor\u201d. Nu mai pu\u021bin de 20.000 de oameni le-au trecut pragul \u00een 2023, iar cifrele pe 2024 se anun\u021b\u0103 [&hellip;]<\/p>\n","protected":false},"author":3,"featured_media":7731,"comment_status":"open","ping_status":"closed","sticky":false,"template":"","format":"standard","meta":{"tdm_status":"","tdm_grid_status":"","footnotes":""},"categories":[14],"tags":[2743,21,2744,2742,648],"class_list":{"0":"post-7730","1":"post","2":"type-post","3":"status-publish","4":"format-standard","5":"has-post-thumbnail","7":"category-lumea-noastra","8":"tag-caprioara","9":"tag-covasna","10":"tag-mofete","11":"tag-sc-turism-covasna-sa","12":"tag-turism"},"yoast_head":"<!-- This site is optimized with the Yoast SEO plugin v27.5 - https:\/\/yoast.com\/product\/yoast-seo-wordpress\/ -->\n<title>Reportaj: O \u201etur\u0103\u201d prin hotelurile \u201eCerbul\u201d, \u201eC\u0103prioara\u201d \u0219i \u201eCovasna\u201d - Covasna45<\/title>\n<meta name=\"description\" content=\"Hotelul Covasna a fost inaugurat \u00een 1972. Ca \u0219i \u201eC\u0103prioara\u201d \u0219i \u201eCerbul\u201d, a fost construit pe izvoare de ap\u0103 mineral\u0103 \u0219i mofete.\" \/>\n<meta name=\"robots\" content=\"index, follow, max-snippet:-1, max-image-preview:large, max-video-preview:-1\" \/>\n<link rel=\"canonical\" href=\"https:\/\/covasna45.ro\/index.php\/lumea-noastra\/reportaj-o-tura-prin-hotelurile-cerbul-caprioara-si-covasna\/\" \/>\n<meta property=\"og:locale\" content=\"ro_RO\" \/>\n<meta property=\"og:type\" content=\"article\" \/>\n<meta property=\"og:title\" content=\"Reportaj: O \u201etur\u0103\u201d prin hotelurile \u201eCerbul\u201d, \u201eC\u0103prioara\u201d \u0219i \u201eCovasna\u201d - Covasna45\" \/>\n<meta property=\"og:description\" content=\"Hotelul Covasna a fost inaugurat \u00een 1972. Ca \u0219i \u201eC\u0103prioara\u201d \u0219i \u201eCerbul\u201d, a fost construit pe izvoare de ap\u0103 mineral\u0103 \u0219i mofete.\" \/>\n<meta property=\"og:url\" content=\"https:\/\/covasna45.ro\/index.php\/lumea-noastra\/reportaj-o-tura-prin-hotelurile-cerbul-caprioara-si-covasna\/\" \/>\n<meta property=\"og:site_name\" content=\"Covasna45\" \/>\n<meta property=\"article:published_time\" content=\"2024-09-09T06:56:50+00:00\" \/>\n<meta property=\"article:modified_time\" content=\"2024-09-09T07:11:27+00:00\" \/>\n<meta property=\"og:image\" content=\"https:\/\/covasna45.ro\/wp-content\/uploads\/2024\/09\/narcisa-mofeta.jpg\" \/>\n\t<meta property=\"og:image:width\" content=\"1654\" \/>\n\t<meta property=\"og:image:height\" content=\"800\" \/>\n\t<meta property=\"og:image:type\" content=\"image\/jpeg\" \/>\n<meta name=\"author\" content=\"Gina Artenie\" \/>\n<meta name=\"twitter:card\" content=\"summary_large_image\" \/>\n<meta name=\"twitter:label1\" content=\"Scris de\" \/>\n\t<meta name=\"twitter:data1\" content=\"Gina Artenie\" \/>\n\t<meta name=\"twitter:label2\" content=\"Timp estimat pentru citire\" \/>\n\t<meta name=\"twitter:data2\" content=\"16 minute\" \/>\n<script type=\"application\/ld+json\" class=\"yoast-schema-graph\">{\"@context\":\"https:\\\/\\\/schema.org\",\"@graph\":[{\"@type\":\"Article\",\"@id\":\"https:\\\/\\\/covasna45.ro\\\/index.php\\\/lumea-noastra\\\/reportaj-o-tura-prin-hotelurile-cerbul-caprioara-si-covasna\\\/#article\",\"isPartOf\":{\"@id\":\"https:\\\/\\\/covasna45.ro\\\/index.php\\\/lumea-noastra\\\/reportaj-o-tura-prin-hotelurile-cerbul-caprioara-si-covasna\\\/\"},\"author\":{\"name\":\"Gina Artenie\",\"@id\":\"https:\\\/\\\/covasna45.ro\\\/#\\\/schema\\\/person\\\/a1349b84526c62ffb40b193ae8676c7e\"},\"headline\":\"Reportaj: O \u201etur\u0103\u201d prin hotelurile \u201eCerbul\u201d, \u201eC\u0103prioara\u201d \u0219i \u201eCovasna\u201d\",\"datePublished\":\"2024-09-09T06:56:50+00:00\",\"dateModified\":\"2024-09-09T07:11:27+00:00\",\"mainEntityOfPage\":{\"@id\":\"https:\\\/\\\/covasna45.ro\\\/index.php\\\/lumea-noastra\\\/reportaj-o-tura-prin-hotelurile-cerbul-caprioara-si-covasna\\\/\"},\"wordCount\":1969,\"commentCount\":0,\"publisher\":{\"@id\":\"https:\\\/\\\/covasna45.ro\\\/#organization\"},\"image\":{\"@id\":\"https:\\\/\\\/covasna45.ro\\\/index.php\\\/lumea-noastra\\\/reportaj-o-tura-prin-hotelurile-cerbul-caprioara-si-covasna\\\/#primaryimage\"},\"thumbnailUrl\":\"https:\\\/\\\/covasna45.ro\\\/wp-content\\\/uploads\\\/2024\\\/09\\\/narcisa-mofeta.jpg\",\"keywords\":[\"Caprioara\",\"covasna\",\"mofete\",\"SC Turism Covasna SA\",\"Turism\"],\"articleSection\":[\"Lumea noastr\u0103\"],\"inLanguage\":\"ro-RO\",\"potentialAction\":[{\"@type\":\"CommentAction\",\"name\":\"Comment\",\"target\":[\"https:\\\/\\\/covasna45.ro\\\/index.php\\\/lumea-noastra\\\/reportaj-o-tura-prin-hotelurile-cerbul-caprioara-si-covasna\\\/#respond\"]}]},{\"@type\":\"WebPage\",\"@id\":\"https:\\\/\\\/covasna45.ro\\\/index.php\\\/lumea-noastra\\\/reportaj-o-tura-prin-hotelurile-cerbul-caprioara-si-covasna\\\/\",\"url\":\"https:\\\/\\\/covasna45.ro\\\/index.php\\\/lumea-noastra\\\/reportaj-o-tura-prin-hotelurile-cerbul-caprioara-si-covasna\\\/\",\"name\":\"Reportaj: O \u201etur\u0103\u201d prin hotelurile \u201eCerbul\u201d, \u201eC\u0103prioara\u201d \u0219i \u201eCovasna\u201d - Covasna45\",\"isPartOf\":{\"@id\":\"https:\\\/\\\/covasna45.ro\\\/#website\"},\"primaryImageOfPage\":{\"@id\":\"https:\\\/\\\/covasna45.ro\\\/index.php\\\/lumea-noastra\\\/reportaj-o-tura-prin-hotelurile-cerbul-caprioara-si-covasna\\\/#primaryimage\"},\"image\":{\"@id\":\"https:\\\/\\\/covasna45.ro\\\/index.php\\\/lumea-noastra\\\/reportaj-o-tura-prin-hotelurile-cerbul-caprioara-si-covasna\\\/#primaryimage\"},\"thumbnailUrl\":\"https:\\\/\\\/covasna45.ro\\\/wp-content\\\/uploads\\\/2024\\\/09\\\/narcisa-mofeta.jpg\",\"datePublished\":\"2024-09-09T06:56:50+00:00\",\"dateModified\":\"2024-09-09T07:11:27+00:00\",\"description\":\"Hotelul Covasna a fost inaugurat \u00een 1972. Ca \u0219i \u201eC\u0103prioara\u201d \u0219i \u201eCerbul\u201d, a fost construit pe izvoare de ap\u0103 mineral\u0103 \u0219i mofete.\",\"breadcrumb\":{\"@id\":\"https:\\\/\\\/covasna45.ro\\\/index.php\\\/lumea-noastra\\\/reportaj-o-tura-prin-hotelurile-cerbul-caprioara-si-covasna\\\/#breadcrumb\"},\"inLanguage\":\"ro-RO\",\"potentialAction\":[{\"@type\":\"ReadAction\",\"target\":[\"https:\\\/\\\/covasna45.ro\\\/index.php\\\/lumea-noastra\\\/reportaj-o-tura-prin-hotelurile-cerbul-caprioara-si-covasna\\\/\"]}]},{\"@type\":\"ImageObject\",\"inLanguage\":\"ro-RO\",\"@id\":\"https:\\\/\\\/covasna45.ro\\\/index.php\\\/lumea-noastra\\\/reportaj-o-tura-prin-hotelurile-cerbul-caprioara-si-covasna\\\/#primaryimage\",\"url\":\"https:\\\/\\\/covasna45.ro\\\/wp-content\\\/uploads\\\/2024\\\/09\\\/narcisa-mofeta.jpg\",\"contentUrl\":\"https:\\\/\\\/covasna45.ro\\\/wp-content\\\/uploads\\\/2024\\\/09\\\/narcisa-mofeta.jpg\",\"width\":1654,\"height\":800},{\"@type\":\"BreadcrumbList\",\"@id\":\"https:\\\/\\\/covasna45.ro\\\/index.php\\\/lumea-noastra\\\/reportaj-o-tura-prin-hotelurile-cerbul-caprioara-si-covasna\\\/#breadcrumb\",\"itemListElement\":[{\"@type\":\"ListItem\",\"position\":1,\"name\":\"Prima pagin\u0103\",\"item\":\"https:\\\/\\\/covasna45.ro\\\/\"},{\"@type\":\"ListItem\",\"position\":2,\"name\":\"Reportaj: O \u201etur\u0103\u201d prin hotelurile \u201eCerbul\u201d, \u201eC\u0103prioara\u201d \u0219i \u201eCovasna\u201d\"}]},{\"@type\":\"WebSite\",\"@id\":\"https:\\\/\\\/covasna45.ro\\\/#website\",\"url\":\"https:\\\/\\\/covasna45.ro\\\/\",\"name\":\"covasna45.ro\",\"description\":\"\",\"publisher\":{\"@id\":\"https:\\\/\\\/covasna45.ro\\\/#organization\"},\"potentialAction\":[{\"@type\":\"SearchAction\",\"target\":{\"@type\":\"EntryPoint\",\"urlTemplate\":\"https:\\\/\\\/covasna45.ro\\\/?s={search_term_string}\"},\"query-input\":{\"@type\":\"PropertyValueSpecification\",\"valueRequired\":true,\"valueName\":\"search_term_string\"}}],\"inLanguage\":\"ro-RO\"},{\"@type\":\"Organization\",\"@id\":\"https:\\\/\\\/covasna45.ro\\\/#organization\",\"name\":\"covasna45.ro\",\"url\":\"https:\\\/\\\/covasna45.ro\\\/\",\"logo\":{\"@type\":\"ImageObject\",\"inLanguage\":\"ro-RO\",\"@id\":\"https:\\\/\\\/covasna45.ro\\\/#\\\/schema\\\/logo\\\/image\\\/\",\"url\":\"https:\\\/\\\/covasna45.ro\\\/wp-content\\\/uploads\\\/2023\\\/01\\\/icon_logo.png\",\"contentUrl\":\"https:\\\/\\\/covasna45.ro\\\/wp-content\\\/uploads\\\/2023\\\/01\\\/icon_logo.png\",\"width\":1900,\"height\":1900,\"caption\":\"covasna45.ro\"},\"image\":{\"@id\":\"https:\\\/\\\/covasna45.ro\\\/#\\\/schema\\\/logo\\\/image\\\/\"}},{\"@type\":\"Person\",\"@id\":\"https:\\\/\\\/covasna45.ro\\\/#\\\/schema\\\/person\\\/a1349b84526c62ffb40b193ae8676c7e\",\"name\":\"Gina Artenie\",\"image\":{\"@type\":\"ImageObject\",\"inLanguage\":\"ro-RO\",\"@id\":\"https:\\\/\\\/covasna45.ro\\\/wp-content\\\/uploads\\\/2023\\\/08\\\/gina_artenie-150x150.jpg\",\"url\":\"https:\\\/\\\/covasna45.ro\\\/wp-content\\\/uploads\\\/2023\\\/08\\\/gina_artenie-150x150.jpg\",\"contentUrl\":\"https:\\\/\\\/covasna45.ro\\\/wp-content\\\/uploads\\\/2023\\\/08\\\/gina_artenie-150x150.jpg\",\"caption\":\"Gina Artenie\"},\"sameAs\":[\"http:\\\/\\\/www.covasna45.ro\"],\"url\":\"https:\\\/\\\/covasna45.ro\\\/index.php\\\/author\\\/gina\\\/\"}]}<\/script>\n<!-- \/ Yoast SEO plugin. -->","yoast_head_json":{"title":"Reportaj: O \u201etur\u0103\u201d prin hotelurile \u201eCerbul\u201d, \u201eC\u0103prioara\u201d \u0219i \u201eCovasna\u201d - Covasna45","description":"Hotelul Covasna a fost inaugurat \u00een 1972. Ca \u0219i \u201eC\u0103prioara\u201d \u0219i \u201eCerbul\u201d, a fost construit pe izvoare de ap\u0103 mineral\u0103 \u0219i mofete.","robots":{"index":"index","follow":"follow","max-snippet":"max-snippet:-1","max-image-preview":"max-image-preview:large","max-video-preview":"max-video-preview:-1"},"canonical":"https:\/\/covasna45.ro\/index.php\/lumea-noastra\/reportaj-o-tura-prin-hotelurile-cerbul-caprioara-si-covasna\/","og_locale":"ro_RO","og_type":"article","og_title":"Reportaj: O \u201etur\u0103\u201d prin hotelurile \u201eCerbul\u201d, \u201eC\u0103prioara\u201d \u0219i \u201eCovasna\u201d - Covasna45","og_description":"Hotelul Covasna a fost inaugurat \u00een 1972. Ca \u0219i \u201eC\u0103prioara\u201d \u0219i \u201eCerbul\u201d, a fost construit pe izvoare de ap\u0103 mineral\u0103 \u0219i mofete.","og_url":"https:\/\/covasna45.ro\/index.php\/lumea-noastra\/reportaj-o-tura-prin-hotelurile-cerbul-caprioara-si-covasna\/","og_site_name":"Covasna45","article_published_time":"2024-09-09T06:56:50+00:00","article_modified_time":"2024-09-09T07:11:27+00:00","og_image":[{"width":1654,"height":800,"url":"https:\/\/covasna45.ro\/wp-content\/uploads\/2024\/09\/narcisa-mofeta.jpg","type":"image\/jpeg"}],"author":"Gina Artenie","twitter_card":"summary_large_image","twitter_misc":{"Scris de":"Gina Artenie","Timp estimat pentru citire":"16 minute"},"schema":{"@context":"https:\/\/schema.org","@graph":[{"@type":"Article","@id":"https:\/\/covasna45.ro\/index.php\/lumea-noastra\/reportaj-o-tura-prin-hotelurile-cerbul-caprioara-si-covasna\/#article","isPartOf":{"@id":"https:\/\/covasna45.ro\/index.php\/lumea-noastra\/reportaj-o-tura-prin-hotelurile-cerbul-caprioara-si-covasna\/"},"author":{"name":"Gina Artenie","@id":"https:\/\/covasna45.ro\/#\/schema\/person\/a1349b84526c62ffb40b193ae8676c7e"},"headline":"Reportaj: O \u201etur\u0103\u201d prin hotelurile \u201eCerbul\u201d, \u201eC\u0103prioara\u201d \u0219i \u201eCovasna\u201d","datePublished":"2024-09-09T06:56:50+00:00","dateModified":"2024-09-09T07:11:27+00:00","mainEntityOfPage":{"@id":"https:\/\/covasna45.ro\/index.php\/lumea-noastra\/reportaj-o-tura-prin-hotelurile-cerbul-caprioara-si-covasna\/"},"wordCount":1969,"commentCount":0,"publisher":{"@id":"https:\/\/covasna45.ro\/#organization"},"image":{"@id":"https:\/\/covasna45.ro\/index.php\/lumea-noastra\/reportaj-o-tura-prin-hotelurile-cerbul-caprioara-si-covasna\/#primaryimage"},"thumbnailUrl":"https:\/\/covasna45.ro\/wp-content\/uploads\/2024\/09\/narcisa-mofeta.jpg","keywords":["Caprioara","covasna","mofete","SC Turism Covasna SA","Turism"],"articleSection":["Lumea noastr\u0103"],"inLanguage":"ro-RO","potentialAction":[{"@type":"CommentAction","name":"Comment","target":["https:\/\/covasna45.ro\/index.php\/lumea-noastra\/reportaj-o-tura-prin-hotelurile-cerbul-caprioara-si-covasna\/#respond"]}]},{"@type":"WebPage","@id":"https:\/\/covasna45.ro\/index.php\/lumea-noastra\/reportaj-o-tura-prin-hotelurile-cerbul-caprioara-si-covasna\/","url":"https:\/\/covasna45.ro\/index.php\/lumea-noastra\/reportaj-o-tura-prin-hotelurile-cerbul-caprioara-si-covasna\/","name":"Reportaj: O \u201etur\u0103\u201d prin hotelurile \u201eCerbul\u201d, \u201eC\u0103prioara\u201d \u0219i \u201eCovasna\u201d - Covasna45","isPartOf":{"@id":"https:\/\/covasna45.ro\/#website"},"primaryImageOfPage":{"@id":"https:\/\/covasna45.ro\/index.php\/lumea-noastra\/reportaj-o-tura-prin-hotelurile-cerbul-caprioara-si-covasna\/#primaryimage"},"image":{"@id":"https:\/\/covasna45.ro\/index.php\/lumea-noastra\/reportaj-o-tura-prin-hotelurile-cerbul-caprioara-si-covasna\/#primaryimage"},"thumbnailUrl":"https:\/\/covasna45.ro\/wp-content\/uploads\/2024\/09\/narcisa-mofeta.jpg","datePublished":"2024-09-09T06:56:50+00:00","dateModified":"2024-09-09T07:11:27+00:00","description":"Hotelul Covasna a fost inaugurat \u00een 1972. Ca \u0219i \u201eC\u0103prioara\u201d \u0219i \u201eCerbul\u201d, a fost construit pe izvoare de ap\u0103 mineral\u0103 \u0219i mofete.","breadcrumb":{"@id":"https:\/\/covasna45.ro\/index.php\/lumea-noastra\/reportaj-o-tura-prin-hotelurile-cerbul-caprioara-si-covasna\/#breadcrumb"},"inLanguage":"ro-RO","potentialAction":[{"@type":"ReadAction","target":["https:\/\/covasna45.ro\/index.php\/lumea-noastra\/reportaj-o-tura-prin-hotelurile-cerbul-caprioara-si-covasna\/"]}]},{"@type":"ImageObject","inLanguage":"ro-RO","@id":"https:\/\/covasna45.ro\/index.php\/lumea-noastra\/reportaj-o-tura-prin-hotelurile-cerbul-caprioara-si-covasna\/#primaryimage","url":"https:\/\/covasna45.ro\/wp-content\/uploads\/2024\/09\/narcisa-mofeta.jpg","contentUrl":"https:\/\/covasna45.ro\/wp-content\/uploads\/2024\/09\/narcisa-mofeta.jpg","width":1654,"height":800},{"@type":"BreadcrumbList","@id":"https:\/\/covasna45.ro\/index.php\/lumea-noastra\/reportaj-o-tura-prin-hotelurile-cerbul-caprioara-si-covasna\/#breadcrumb","itemListElement":[{"@type":"ListItem","position":1,"name":"Prima pagin\u0103","item":"https:\/\/covasna45.ro\/"},{"@type":"ListItem","position":2,"name":"Reportaj: O \u201etur\u0103\u201d prin hotelurile \u201eCerbul\u201d, \u201eC\u0103prioara\u201d \u0219i \u201eCovasna\u201d"}]},{"@type":"WebSite","@id":"https:\/\/covasna45.ro\/#website","url":"https:\/\/covasna45.ro\/","name":"covasna45.ro","description":"","publisher":{"@id":"https:\/\/covasna45.ro\/#organization"},"potentialAction":[{"@type":"SearchAction","target":{"@type":"EntryPoint","urlTemplate":"https:\/\/covasna45.ro\/?s={search_term_string}"},"query-input":{"@type":"PropertyValueSpecification","valueRequired":true,"valueName":"search_term_string"}}],"inLanguage":"ro-RO"},{"@type":"Organization","@id":"https:\/\/covasna45.ro\/#organization","name":"covasna45.ro","url":"https:\/\/covasna45.ro\/","logo":{"@type":"ImageObject","inLanguage":"ro-RO","@id":"https:\/\/covasna45.ro\/#\/schema\/logo\/image\/","url":"https:\/\/covasna45.ro\/wp-content\/uploads\/2023\/01\/icon_logo.png","contentUrl":"https:\/\/covasna45.ro\/wp-content\/uploads\/2023\/01\/icon_logo.png","width":1900,"height":1900,"caption":"covasna45.ro"},"image":{"@id":"https:\/\/covasna45.ro\/#\/schema\/logo\/image\/"}},{"@type":"Person","@id":"https:\/\/covasna45.ro\/#\/schema\/person\/a1349b84526c62ffb40b193ae8676c7e","name":"Gina Artenie","image":{"@type":"ImageObject","inLanguage":"ro-RO","@id":"https:\/\/covasna45.ro\/wp-content\/uploads\/2023\/08\/gina_artenie-150x150.jpg","url":"https:\/\/covasna45.ro\/wp-content\/uploads\/2023\/08\/gina_artenie-150x150.jpg","contentUrl":"https:\/\/covasna45.ro\/wp-content\/uploads\/2023\/08\/gina_artenie-150x150.jpg","caption":"Gina Artenie"},"sameAs":["http:\/\/www.covasna45.ro"],"url":"https:\/\/covasna45.ro\/index.php\/author\/gina\/"}]}},"_links":{"self":[{"href":"https:\/\/covasna45.ro\/index.php\/wp-json\/wp\/v2\/posts\/7730","targetHints":{"allow":["GET"]}}],"collection":[{"href":"https:\/\/covasna45.ro\/index.php\/wp-json\/wp\/v2\/posts"}],"about":[{"href":"https:\/\/covasna45.ro\/index.php\/wp-json\/wp\/v2\/types\/post"}],"author":[{"embeddable":true,"href":"https:\/\/covasna45.ro\/index.php\/wp-json\/wp\/v2\/users\/3"}],"replies":[{"embeddable":true,"href":"https:\/\/covasna45.ro\/index.php\/wp-json\/wp\/v2\/comments?post=7730"}],"version-history":[{"count":2,"href":"https:\/\/covasna45.ro\/index.php\/wp-json\/wp\/v2\/posts\/7730\/revisions"}],"predecessor-version":[{"id":7760,"href":"https:\/\/covasna45.ro\/index.php\/wp-json\/wp\/v2\/posts\/7730\/revisions\/7760"}],"wp:featuredmedia":[{"embeddable":true,"href":"https:\/\/covasna45.ro\/index.php\/wp-json\/wp\/v2\/media\/7731"}],"wp:attachment":[{"href":"https:\/\/covasna45.ro\/index.php\/wp-json\/wp\/v2\/media?parent=7730"}],"wp:term":[{"taxonomy":"category","embeddable":true,"href":"https:\/\/covasna45.ro\/index.php\/wp-json\/wp\/v2\/categories?post=7730"},{"taxonomy":"post_tag","embeddable":true,"href":"https:\/\/covasna45.ro\/index.php\/wp-json\/wp\/v2\/tags?post=7730"}],"curies":[{"name":"wp","href":"https:\/\/api.w.org\/{rel}","templated":true}]}}