{"id":7794,"date":"2024-09-11T10:27:10","date_gmt":"2024-09-11T08:27:10","guid":{"rendered":"https:\/\/covasna45.ro\/?p=7794"},"modified":"2024-09-11T10:30:17","modified_gmt":"2024-09-11T08:30:17","slug":"video-mircea-geoana-candideaza-la-presedintie-avem-nevoie-de-o-schimbare-adevarata","status":"publish","type":"post","link":"https:\/\/covasna45.ro\/index.php\/uncategorized\/video-mircea-geoana-candideaza-la-presedintie-avem-nevoie-de-o-schimbare-adevarata\/","title":{"rendered":"VIDEO. Mircea Geoan\u0103 candideaz\u0103 la pre\u0219edin\u021bie: \u201eAvem nevoie de o schimbare adev\u0103rat\u0103\u201d"},"content":{"rendered":"\n<p>Fostul secretar general adjunct al NATO, Mircea Geoan\u0103, a anun\u0163at ast\u0103zi c\u0103 intr\u0103 \u00een cursa pentru func\u0163ia de pre\u015fedinte al Rom\u00e2niei, \u00een calitate de candidat independent.<br><br>\u201e<strong><em>Puteam s\u0103 v\u0103 propun o \u0163ar\u0103 perfect\u0103. S\u0103 m\u0103 prezint drept politicianul perfect, s\u0103 v\u0103 spun c\u0103 toate problemele vor disp\u0103rea peste noapte. Dar \u015ftim c\u0103 nu asta este realitatea. Nu suntem perfec\u0163i. Eu nu sunt perfect. \u0162ara noastr\u0103 nu este perfect\u0103. Dar \u015fti\u0163i ce putem face? Putem s\u0103 muncim. S\u0103 ne suflec\u0103m m\u00e2necile \u015fi s\u0103 construim \u00eempreun\u0103 o \u0163ar\u0103 \u00een care fiecare voce conteaz\u0103 \u015fi fiecare efort se vede. Candidez la Pre\u015fedin\u0163ia Rom\u00e2niei pentru c\u0103 \u015ftiu c\u0103 avem nevoie de o schimbare adev\u0103rat\u0103<\/em><\/strong>&#8222;, a spus acesta, \u00eentr-un mesaj video publicat pe pagina sa oficial\u0103 de <a href=\"https:\/\/www.facebook.com\/mircea.geoana?locale=ro_RO\">Facebook<\/a>.<br><br>Sloganul lui Mircea <a href=\"https:\/\/covasna45.ro\/index.php\/lumea-noastra\/mircea-geoana-plec-de-la-nato-dupa-5-ani-cu-sentimentul-misiunii-indeplinite\/\">Geoan\u0103<\/a>, prezentat la finalul clipului, este &#8222;Independent. Viziune. Respect&#8221;.<\/p>\n\n\n\n<figure class=\"wp-block-video\"><video height=\"338\" style=\"aspect-ratio: 640 \/ 338;\" width=\"640\" controls src=\"https:\/\/covasna45.ro\/wp-content\/uploads\/2024\/09\/459174211_1880547852455907_2566215636347236763_n.mp4\"><\/video><\/figure>\n","protected":false},"excerpt":{"rendered":"<p>Fostul secretar general adjunct al NATO, Mircea Geoan\u0103, a anun\u0163at ast\u0103zi c\u0103 intr\u0103 \u00een cursa pentru func\u0163ia de pre\u015fedinte al Rom\u00e2niei, \u00een calitate de candidat independent. \u201ePuteam s\u0103 v\u0103 propun o \u0163ar\u0103 perfect\u0103. S\u0103 m\u0103 prezint drept politicianul perfect, s\u0103 v\u0103 spun c\u0103 toate problemele vor disp\u0103rea peste noapte. Dar \u015ftim c\u0103 nu asta este [&hellip;]<\/p>\n","protected":false},"author":1,"featured_media":7796,"comment_status":"open","ping_status":"closed","sticky":false,"template":"","format":"standard","meta":{"tdm_status":"","tdm_grid_status":"","footnotes":""},"categories":[1],"tags":[],"class_list":{"0":"post-7794","1":"post","2":"type-post","3":"status-publish","4":"format-standard","5":"has-post-thumbnail","7":"category-uncategorized"},"yoast_head":"<!-- This site is optimized with the Yoast SEO plugin v27.5 - https:\/\/yoast.com\/product\/yoast-seo-wordpress\/ -->\n<title>VIDEO. Mircea Geoan\u0103 candideaz\u0103 la pre\u0219edin\u021bie: \u201eAvem nevoie de o schimbare adev\u0103rat\u0103\u201d - Covasna45<\/title>\n<meta name=\"description\" content=\"Sloganul lui Mircea Geoan\u0103, prezentat la finalul clipului de lansare a candidaturii, este &quot;Independent. Viziune. Respect&quot;.\" \/>\n<meta name=\"robots\" content=\"index, follow, max-snippet:-1, max-image-preview:large, max-video-preview:-1\" \/>\n<link rel=\"canonical\" href=\"https:\/\/covasna45.ro\/index.php\/uncategorized\/video-mircea-geoana-candideaza-la-presedintie-avem-nevoie-de-o-schimbare-adevarata\/\" \/>\n<meta property=\"og:locale\" content=\"ro_RO\" \/>\n<meta property=\"og:type\" content=\"article\" \/>\n<meta property=\"og:title\" content=\"VIDEO. Mircea Geoan\u0103 candideaz\u0103 la pre\u0219edin\u021bie: \u201eAvem nevoie de o schimbare adev\u0103rat\u0103\u201d - Covasna45\" \/>\n<meta property=\"og:description\" content=\"Sloganul lui Mircea Geoan\u0103, prezentat la finalul clipului de lansare a candidaturii, este &quot;Independent. Viziune. Respect&quot;.\" \/>\n<meta property=\"og:url\" content=\"https:\/\/covasna45.ro\/index.php\/uncategorized\/video-mircea-geoana-candideaza-la-presedintie-avem-nevoie-de-o-schimbare-adevarata\/\" \/>\n<meta property=\"og:site_name\" content=\"Covasna45\" \/>\n<meta property=\"article:published_time\" content=\"2024-09-11T08:27:10+00:00\" \/>\n<meta property=\"article:modified_time\" content=\"2024-09-11T08:30:17+00:00\" \/>\n<meta property=\"og:image\" content=\"https:\/\/covasna45.ro\/wp-content\/uploads\/2024\/09\/mgeoana-candidat.jpg\" \/>\n\t<meta property=\"og:image:width\" content=\"1355\" \/>\n\t<meta property=\"og:image:height\" content=\"697\" \/>\n\t<meta property=\"og:image:type\" content=\"image\/jpeg\" \/>\n<meta name=\"author\" content=\"Covasna45\" \/>\n<meta name=\"twitter:card\" content=\"summary_large_image\" \/>\n<meta name=\"twitter:label1\" content=\"Scris de\" \/>\n\t<meta name=\"twitter:data1\" content=\"Covasna45\" \/>\n\t<meta name=\"twitter:label2\" content=\"Timp estimat pentru citire\" \/>\n\t<meta name=\"twitter:data2\" content=\"1 minut\" \/>\n<script type=\"application\/ld+json\" class=\"yoast-schema-graph\">{\"@context\":\"https:\\\/\\\/schema.org\",\"@graph\":[{\"@type\":\"Article\",\"@id\":\"https:\\\/\\\/covasna45.ro\\\/index.php\\\/uncategorized\\\/video-mircea-geoana-candideaza-la-presedintie-avem-nevoie-de-o-schimbare-adevarata\\\/#article\",\"isPartOf\":{\"@id\":\"https:\\\/\\\/covasna45.ro\\\/index.php\\\/uncategorized\\\/video-mircea-geoana-candideaza-la-presedintie-avem-nevoie-de-o-schimbare-adevarata\\\/\"},\"author\":{\"name\":\"Covasna45\",\"@id\":\"https:\\\/\\\/covasna45.ro\\\/#\\\/schema\\\/person\\\/e674052bd7d95d70bbb007a1060ab73c\"},\"headline\":\"VIDEO. Mircea Geoan\u0103 candideaz\u0103 la pre\u0219edin\u021bie: \u201eAvem nevoie de o schimbare adev\u0103rat\u0103\u201d\",\"datePublished\":\"2024-09-11T08:27:10+00:00\",\"dateModified\":\"2024-09-11T08:30:17+00:00\",\"mainEntityOfPage\":{\"@id\":\"https:\\\/\\\/covasna45.ro\\\/index.php\\\/uncategorized\\\/video-mircea-geoana-candideaza-la-presedintie-avem-nevoie-de-o-schimbare-adevarata\\\/\"},\"wordCount\":164,\"commentCount\":0,\"publisher\":{\"@id\":\"https:\\\/\\\/covasna45.ro\\\/#organization\"},\"image\":{\"@id\":\"https:\\\/\\\/covasna45.ro\\\/index.php\\\/uncategorized\\\/video-mircea-geoana-candideaza-la-presedintie-avem-nevoie-de-o-schimbare-adevarata\\\/#primaryimage\"},\"thumbnailUrl\":\"https:\\\/\\\/covasna45.ro\\\/wp-content\\\/uploads\\\/2024\\\/09\\\/mgeoana-candidat.jpg\",\"articleSection\":[\"Uncategorized\"],\"inLanguage\":\"ro-RO\",\"potentialAction\":[{\"@type\":\"CommentAction\",\"name\":\"Comment\",\"target\":[\"https:\\\/\\\/covasna45.ro\\\/index.php\\\/uncategorized\\\/video-mircea-geoana-candideaza-la-presedintie-avem-nevoie-de-o-schimbare-adevarata\\\/#respond\"]}]},{\"@type\":\"WebPage\",\"@id\":\"https:\\\/\\\/covasna45.ro\\\/index.php\\\/uncategorized\\\/video-mircea-geoana-candideaza-la-presedintie-avem-nevoie-de-o-schimbare-adevarata\\\/\",\"url\":\"https:\\\/\\\/covasna45.ro\\\/index.php\\\/uncategorized\\\/video-mircea-geoana-candideaza-la-presedintie-avem-nevoie-de-o-schimbare-adevarata\\\/\",\"name\":\"VIDEO. Mircea Geoan\u0103 candideaz\u0103 la pre\u0219edin\u021bie: \u201eAvem nevoie de o schimbare adev\u0103rat\u0103\u201d - Covasna45\",\"isPartOf\":{\"@id\":\"https:\\\/\\\/covasna45.ro\\\/#website\"},\"primaryImageOfPage\":{\"@id\":\"https:\\\/\\\/covasna45.ro\\\/index.php\\\/uncategorized\\\/video-mircea-geoana-candideaza-la-presedintie-avem-nevoie-de-o-schimbare-adevarata\\\/#primaryimage\"},\"image\":{\"@id\":\"https:\\\/\\\/covasna45.ro\\\/index.php\\\/uncategorized\\\/video-mircea-geoana-candideaza-la-presedintie-avem-nevoie-de-o-schimbare-adevarata\\\/#primaryimage\"},\"thumbnailUrl\":\"https:\\\/\\\/covasna45.ro\\\/wp-content\\\/uploads\\\/2024\\\/09\\\/mgeoana-candidat.jpg\",\"datePublished\":\"2024-09-11T08:27:10+00:00\",\"dateModified\":\"2024-09-11T08:30:17+00:00\",\"description\":\"Sloganul lui Mircea Geoan\u0103, prezentat la finalul clipului de lansare a candidaturii, este \\\"Independent. Viziune. Respect\\\".\",\"breadcrumb\":{\"@id\":\"https:\\\/\\\/covasna45.ro\\\/index.php\\\/uncategorized\\\/video-mircea-geoana-candideaza-la-presedintie-avem-nevoie-de-o-schimbare-adevarata\\\/#breadcrumb\"},\"inLanguage\":\"ro-RO\",\"potentialAction\":[{\"@type\":\"ReadAction\",\"target\":[\"https:\\\/\\\/covasna45.ro\\\/index.php\\\/uncategorized\\\/video-mircea-geoana-candideaza-la-presedintie-avem-nevoie-de-o-schimbare-adevarata\\\/\"]}]},{\"@type\":\"ImageObject\",\"inLanguage\":\"ro-RO\",\"@id\":\"https:\\\/\\\/covasna45.ro\\\/index.php\\\/uncategorized\\\/video-mircea-geoana-candideaza-la-presedintie-avem-nevoie-de-o-schimbare-adevarata\\\/#primaryimage\",\"url\":\"https:\\\/\\\/covasna45.ro\\\/wp-content\\\/uploads\\\/2024\\\/09\\\/mgeoana-candidat.jpg\",\"contentUrl\":\"https:\\\/\\\/covasna45.ro\\\/wp-content\\\/uploads\\\/2024\\\/09\\\/mgeoana-candidat.jpg\",\"width\":1355,\"height\":697},{\"@type\":\"BreadcrumbList\",\"@id\":\"https:\\\/\\\/covasna45.ro\\\/index.php\\\/uncategorized\\\/video-mircea-geoana-candideaza-la-presedintie-avem-nevoie-de-o-schimbare-adevarata\\\/#breadcrumb\",\"itemListElement\":[{\"@type\":\"ListItem\",\"position\":1,\"name\":\"Prima pagin\u0103\",\"item\":\"https:\\\/\\\/covasna45.ro\\\/\"},{\"@type\":\"ListItem\",\"position\":2,\"name\":\"VIDEO. Mircea Geoan\u0103 candideaz\u0103 la pre\u0219edin\u021bie: \u201eAvem nevoie de o schimbare adev\u0103rat\u0103\u201d\"}]},{\"@type\":\"WebSite\",\"@id\":\"https:\\\/\\\/covasna45.ro\\\/#website\",\"url\":\"https:\\\/\\\/covasna45.ro\\\/\",\"name\":\"covasna45.ro\",\"description\":\"\",\"publisher\":{\"@id\":\"https:\\\/\\\/covasna45.ro\\\/#organization\"},\"potentialAction\":[{\"@type\":\"SearchAction\",\"target\":{\"@type\":\"EntryPoint\",\"urlTemplate\":\"https:\\\/\\\/covasna45.ro\\\/?s={search_term_string}\"},\"query-input\":{\"@type\":\"PropertyValueSpecification\",\"valueRequired\":true,\"valueName\":\"search_term_string\"}}],\"inLanguage\":\"ro-RO\"},{\"@type\":\"Organization\",\"@id\":\"https:\\\/\\\/covasna45.ro\\\/#organization\",\"name\":\"covasna45.ro\",\"url\":\"https:\\\/\\\/covasna45.ro\\\/\",\"logo\":{\"@type\":\"ImageObject\",\"inLanguage\":\"ro-RO\",\"@id\":\"https:\\\/\\\/covasna45.ro\\\/#\\\/schema\\\/logo\\\/image\\\/\",\"url\":\"https:\\\/\\\/covasna45.ro\\\/wp-content\\\/uploads\\\/2023\\\/01\\\/icon_logo.png\",\"contentUrl\":\"https:\\\/\\\/covasna45.ro\\\/wp-content\\\/uploads\\\/2023\\\/01\\\/icon_logo.png\",\"width\":1900,\"height\":1900,\"caption\":\"covasna45.ro\"},\"image\":{\"@id\":\"https:\\\/\\\/covasna45.ro\\\/#\\\/schema\\\/logo\\\/image\\\/\"}},{\"@type\":\"Person\",\"@id\":\"https:\\\/\\\/covasna45.ro\\\/#\\\/schema\\\/person\\\/e674052bd7d95d70bbb007a1060ab73c\",\"name\":\"Covasna45\",\"image\":{\"@type\":\"ImageObject\",\"inLanguage\":\"ro-RO\",\"@id\":\"https:\\\/\\\/covasna45.ro\\\/wp-content\\\/uploads\\\/2025\\\/10\\\/icon_logo_covasna45-150x150.png\",\"url\":\"https:\\\/\\\/covasna45.ro\\\/wp-content\\\/uploads\\\/2025\\\/10\\\/icon_logo_covasna45-150x150.png\",\"contentUrl\":\"https:\\\/\\\/covasna45.ro\\\/wp-content\\\/uploads\\\/2025\\\/10\\\/icon_logo_covasna45-150x150.png\",\"caption\":\"Covasna45\"},\"sameAs\":[\"https:\\\/\\\/covasna45.ro\"],\"url\":\"https:\\\/\\\/covasna45.ro\\\/index.php\\\/author\\\/covasna\\\/\"}]}<\/script>\n<!-- \/ Yoast SEO plugin. -->","yoast_head_json":{"title":"VIDEO. Mircea Geoan\u0103 candideaz\u0103 la pre\u0219edin\u021bie: \u201eAvem nevoie de o schimbare adev\u0103rat\u0103\u201d - Covasna45","description":"Sloganul lui Mircea Geoan\u0103, prezentat la finalul clipului de lansare a candidaturii, este \"Independent. Viziune. Respect\".","robots":{"index":"index","follow":"follow","max-snippet":"max-snippet:-1","max-image-preview":"max-image-preview:large","max-video-preview":"max-video-preview:-1"},"canonical":"https:\/\/covasna45.ro\/index.php\/uncategorized\/video-mircea-geoana-candideaza-la-presedintie-avem-nevoie-de-o-schimbare-adevarata\/","og_locale":"ro_RO","og_type":"article","og_title":"VIDEO. Mircea Geoan\u0103 candideaz\u0103 la pre\u0219edin\u021bie: \u201eAvem nevoie de o schimbare adev\u0103rat\u0103\u201d - Covasna45","og_description":"Sloganul lui Mircea Geoan\u0103, prezentat la finalul clipului de lansare a candidaturii, este \"Independent. Viziune. Respect\".","og_url":"https:\/\/covasna45.ro\/index.php\/uncategorized\/video-mircea-geoana-candideaza-la-presedintie-avem-nevoie-de-o-schimbare-adevarata\/","og_site_name":"Covasna45","article_published_time":"2024-09-11T08:27:10+00:00","article_modified_time":"2024-09-11T08:30:17+00:00","og_image":[{"width":1355,"height":697,"url":"https:\/\/covasna45.ro\/wp-content\/uploads\/2024\/09\/mgeoana-candidat.jpg","type":"image\/jpeg"}],"author":"Covasna45","twitter_card":"summary_large_image","twitter_misc":{"Scris de":"Covasna45","Timp estimat pentru citire":"1 minut"},"schema":{"@context":"https:\/\/schema.org","@graph":[{"@type":"Article","@id":"https:\/\/covasna45.ro\/index.php\/uncategorized\/video-mircea-geoana-candideaza-la-presedintie-avem-nevoie-de-o-schimbare-adevarata\/#article","isPartOf":{"@id":"https:\/\/covasna45.ro\/index.php\/uncategorized\/video-mircea-geoana-candideaza-la-presedintie-avem-nevoie-de-o-schimbare-adevarata\/"},"author":{"name":"Covasna45","@id":"https:\/\/covasna45.ro\/#\/schema\/person\/e674052bd7d95d70bbb007a1060ab73c"},"headline":"VIDEO. Mircea Geoan\u0103 candideaz\u0103 la pre\u0219edin\u021bie: \u201eAvem nevoie de o schimbare adev\u0103rat\u0103\u201d","datePublished":"2024-09-11T08:27:10+00:00","dateModified":"2024-09-11T08:30:17+00:00","mainEntityOfPage":{"@id":"https:\/\/covasna45.ro\/index.php\/uncategorized\/video-mircea-geoana-candideaza-la-presedintie-avem-nevoie-de-o-schimbare-adevarata\/"},"wordCount":164,"commentCount":0,"publisher":{"@id":"https:\/\/covasna45.ro\/#organization"},"image":{"@id":"https:\/\/covasna45.ro\/index.php\/uncategorized\/video-mircea-geoana-candideaza-la-presedintie-avem-nevoie-de-o-schimbare-adevarata\/#primaryimage"},"thumbnailUrl":"https:\/\/covasna45.ro\/wp-content\/uploads\/2024\/09\/mgeoana-candidat.jpg","articleSection":["Uncategorized"],"inLanguage":"ro-RO","potentialAction":[{"@type":"CommentAction","name":"Comment","target":["https:\/\/covasna45.ro\/index.php\/uncategorized\/video-mircea-geoana-candideaza-la-presedintie-avem-nevoie-de-o-schimbare-adevarata\/#respond"]}]},{"@type":"WebPage","@id":"https:\/\/covasna45.ro\/index.php\/uncategorized\/video-mircea-geoana-candideaza-la-presedintie-avem-nevoie-de-o-schimbare-adevarata\/","url":"https:\/\/covasna45.ro\/index.php\/uncategorized\/video-mircea-geoana-candideaza-la-presedintie-avem-nevoie-de-o-schimbare-adevarata\/","name":"VIDEO. Mircea Geoan\u0103 candideaz\u0103 la pre\u0219edin\u021bie: \u201eAvem nevoie de o schimbare adev\u0103rat\u0103\u201d - Covasna45","isPartOf":{"@id":"https:\/\/covasna45.ro\/#website"},"primaryImageOfPage":{"@id":"https:\/\/covasna45.ro\/index.php\/uncategorized\/video-mircea-geoana-candideaza-la-presedintie-avem-nevoie-de-o-schimbare-adevarata\/#primaryimage"},"image":{"@id":"https:\/\/covasna45.ro\/index.php\/uncategorized\/video-mircea-geoana-candideaza-la-presedintie-avem-nevoie-de-o-schimbare-adevarata\/#primaryimage"},"thumbnailUrl":"https:\/\/covasna45.ro\/wp-content\/uploads\/2024\/09\/mgeoana-candidat.jpg","datePublished":"2024-09-11T08:27:10+00:00","dateModified":"2024-09-11T08:30:17+00:00","description":"Sloganul lui Mircea Geoan\u0103, prezentat la finalul clipului de lansare a candidaturii, este \"Independent. Viziune. Respect\".","breadcrumb":{"@id":"https:\/\/covasna45.ro\/index.php\/uncategorized\/video-mircea-geoana-candideaza-la-presedintie-avem-nevoie-de-o-schimbare-adevarata\/#breadcrumb"},"inLanguage":"ro-RO","potentialAction":[{"@type":"ReadAction","target":["https:\/\/covasna45.ro\/index.php\/uncategorized\/video-mircea-geoana-candideaza-la-presedintie-avem-nevoie-de-o-schimbare-adevarata\/"]}]},{"@type":"ImageObject","inLanguage":"ro-RO","@id":"https:\/\/covasna45.ro\/index.php\/uncategorized\/video-mircea-geoana-candideaza-la-presedintie-avem-nevoie-de-o-schimbare-adevarata\/#primaryimage","url":"https:\/\/covasna45.ro\/wp-content\/uploads\/2024\/09\/mgeoana-candidat.jpg","contentUrl":"https:\/\/covasna45.ro\/wp-content\/uploads\/2024\/09\/mgeoana-candidat.jpg","width":1355,"height":697},{"@type":"BreadcrumbList","@id":"https:\/\/covasna45.ro\/index.php\/uncategorized\/video-mircea-geoana-candideaza-la-presedintie-avem-nevoie-de-o-schimbare-adevarata\/#breadcrumb","itemListElement":[{"@type":"ListItem","position":1,"name":"Prima pagin\u0103","item":"https:\/\/covasna45.ro\/"},{"@type":"ListItem","position":2,"name":"VIDEO. Mircea Geoan\u0103 candideaz\u0103 la pre\u0219edin\u021bie: \u201eAvem nevoie de o schimbare adev\u0103rat\u0103\u201d"}]},{"@type":"WebSite","@id":"https:\/\/covasna45.ro\/#website","url":"https:\/\/covasna45.ro\/","name":"covasna45.ro","description":"","publisher":{"@id":"https:\/\/covasna45.ro\/#organization"},"potentialAction":[{"@type":"SearchAction","target":{"@type":"EntryPoint","urlTemplate":"https:\/\/covasna45.ro\/?s={search_term_string}"},"query-input":{"@type":"PropertyValueSpecification","valueRequired":true,"valueName":"search_term_string"}}],"inLanguage":"ro-RO"},{"@type":"Organization","@id":"https:\/\/covasna45.ro\/#organization","name":"covasna45.ro","url":"https:\/\/covasna45.ro\/","logo":{"@type":"ImageObject","inLanguage":"ro-RO","@id":"https:\/\/covasna45.ro\/#\/schema\/logo\/image\/","url":"https:\/\/covasna45.ro\/wp-content\/uploads\/2023\/01\/icon_logo.png","contentUrl":"https:\/\/covasna45.ro\/wp-content\/uploads\/2023\/01\/icon_logo.png","width":1900,"height":1900,"caption":"covasna45.ro"},"image":{"@id":"https:\/\/covasna45.ro\/#\/schema\/logo\/image\/"}},{"@type":"Person","@id":"https:\/\/covasna45.ro\/#\/schema\/person\/e674052bd7d95d70bbb007a1060ab73c","name":"Covasna45","image":{"@type":"ImageObject","inLanguage":"ro-RO","@id":"https:\/\/covasna45.ro\/wp-content\/uploads\/2025\/10\/icon_logo_covasna45-150x150.png","url":"https:\/\/covasna45.ro\/wp-content\/uploads\/2025\/10\/icon_logo_covasna45-150x150.png","contentUrl":"https:\/\/covasna45.ro\/wp-content\/uploads\/2025\/10\/icon_logo_covasna45-150x150.png","caption":"Covasna45"},"sameAs":["https:\/\/covasna45.ro"],"url":"https:\/\/covasna45.ro\/index.php\/author\/covasna\/"}]}},"_links":{"self":[{"href":"https:\/\/covasna45.ro\/index.php\/wp-json\/wp\/v2\/posts\/7794","targetHints":{"allow":["GET"]}}],"collection":[{"href":"https:\/\/covasna45.ro\/index.php\/wp-json\/wp\/v2\/posts"}],"about":[{"href":"https:\/\/covasna45.ro\/index.php\/wp-json\/wp\/v2\/types\/post"}],"author":[{"embeddable":true,"href":"https:\/\/covasna45.ro\/index.php\/wp-json\/wp\/v2\/users\/1"}],"replies":[{"embeddable":true,"href":"https:\/\/covasna45.ro\/index.php\/wp-json\/wp\/v2\/comments?post=7794"}],"version-history":[{"count":2,"href":"https:\/\/covasna45.ro\/index.php\/wp-json\/wp\/v2\/posts\/7794\/revisions"}],"predecessor-version":[{"id":7798,"href":"https:\/\/covasna45.ro\/index.php\/wp-json\/wp\/v2\/posts\/7794\/revisions\/7798"}],"wp:featuredmedia":[{"embeddable":true,"href":"https:\/\/covasna45.ro\/index.php\/wp-json\/wp\/v2\/media\/7796"}],"wp:attachment":[{"href":"https:\/\/covasna45.ro\/index.php\/wp-json\/wp\/v2\/media?parent=7794"}],"wp:term":[{"taxonomy":"category","embeddable":true,"href":"https:\/\/covasna45.ro\/index.php\/wp-json\/wp\/v2\/categories?post=7794"},{"taxonomy":"post_tag","embeddable":true,"href":"https:\/\/covasna45.ro\/index.php\/wp-json\/wp\/v2\/tags?post=7794"}],"curies":[{"name":"wp","href":"https:\/\/api.w.org\/{rel}","templated":true}]}}