{"id":7801,"date":"2024-09-12T09:01:35","date_gmt":"2024-09-12T07:01:35","guid":{"rendered":"https:\/\/covasna45.ro\/?p=7801"},"modified":"2024-09-12T09:01:36","modified_gmt":"2024-09-12T07:01:36","slug":"udmr-covasna-decide-pe-30-septembrie-listele-pentru-parlament","status":"publish","type":"post","link":"https:\/\/covasna45.ro\/index.php\/lumea-noastra\/udmr-covasna-decide-pe-30-septembrie-listele-pentru-parlament\/","title":{"rendered":"UDMR Covasna decide pe 30 septembrie listele pentru Parlament"},"content":{"rendered":"\n<p>Guvernul a stabilit \u0219i aprobat calendarul ac\u021biunilor care se vor desf\u0103\u0219ura \u00een perioada electoral\u0103 a alegerilor pentru Senat \u0219i Camera Deputa\u021bilor, mai exact pentru alegerile parlamentare din 2024. Campania electoral\u0103 \u00eencepe pe 1 noiembrie \u0219i se \u00eencheie la 30 noiembrie 2024. Votul pentru alegerile parlamentare \u00een Rom\u00e2nia are loc pe 1 decembrie.<\/p>\n\n\n\n<p>Potrivit normei de reprezentare, jude\u0163ului Covasna \u00eei revin patru mandate de deputa\u0163i \u015fi dou\u0103 de senatori. \u00cen 2020 au fost ale\u0219i patru deputa\u021bi \u0219i un senator de la UDMR, dar \u0219i un senator de la AUR, care a ie\u0219it la redistribuire, dup\u0103 ce a ob\u021binut doar c\u00e2teva sute de voturi.<\/p>\n\n\n\n<p><a href=\"https:\/\/covasna45.ro\/index.php\/lumea-noastra\/kelemen-hunor-candidatul-udmr-la-alegerile-prezidentiale\/\">UDMR<\/a> decide \u00een cadrul unei competi\u021bii interne care vor fi candida\u021bii pentru Camera Deputa\u021bilor \u0219i Senat, iar organiza\u021bia Covasna nu face excep\u021bie. Pe 30 septembrie va avea loc \u0219edin\u021ba organiza\u021biei jude\u021bene \u00een care se stabilesc numele cu care merg \u00een alegeri \u0219i ordinea acestora.<\/p>\n\n\n\n<h3 class=\"wp-block-heading\">Nou\u0103 candida\u021bi s-au \u00eenscris p\u00e2n\u0103 acum: 5 pentru Camera Deputa\u021bilor \u0219i 4 pentru Senat.<\/h3>\n\n\n\n<p>Trei dintre cei care vor fi pe lista UDMR pentru Camera Deputa\u021bilor sunt deja parlamentari de Covasna &#8211; G\u00e1l K\u00e1roly, Mikl\u00f3s Zolt\u00e1n \u0219i K\u00f6nczei Csaba. Sper\u0103 la un fotoliu de deputat \u0219i Rosalia Buda, din partea Organiza\u021biei de Femei a UDMR, dar \u0219i Istv\u00e1n Tam\u00e1s, de la Organiza\u021bia de Tineret.<\/p>\n\n\n\n<figure class=\"wp-block-image size-large\"><img loading=\"lazy\" decoding=\"async\" width=\"1024\" height=\"683\" src=\"https:\/\/covasna45.ro\/wp-content\/uploads\/2024\/09\/konczei-1024x683.jpg\" alt=\"\" class=\"wp-image-7802\" srcset=\"https:\/\/covasna45.ro\/wp-content\/uploads\/2024\/09\/konczei-1024x683.jpg 1024w, https:\/\/covasna45.ro\/wp-content\/uploads\/2024\/09\/konczei-300x200.jpg 300w, https:\/\/covasna45.ro\/wp-content\/uploads\/2024\/09\/konczei-768x512.jpg 768w, https:\/\/covasna45.ro\/wp-content\/uploads\/2024\/09\/konczei-1536x1024.jpg 1536w, https:\/\/covasna45.ro\/wp-content\/uploads\/2024\/09\/konczei-150x100.jpg 150w, https:\/\/covasna45.ro\/wp-content\/uploads\/2024\/09\/konczei-696x464.jpg 696w, https:\/\/covasna45.ro\/wp-content\/uploads\/2024\/09\/konczei-1068x712.jpg 1068w, https:\/\/covasna45.ro\/wp-content\/uploads\/2024\/09\/konczei-1920x1280.jpg 1920w, https:\/\/covasna45.ro\/wp-content\/uploads\/2024\/09\/konczei.jpg 2048w\" sizes=\"auto, (max-width: 1024px) 100vw, 1024px\" \/><\/figure>\n\n\n\n<p>Pentru Senat, L\u00e1szl\u00f3-\u00d6d\u00f6n Fej\u00e9r vrea s\u0103 \u00ee\u0219i continue activitatea, ca \u0219i colegii s\u0103i deputa\u021bi. \u00cen plus, vor s\u0103 fie pe list\u0103 \u0219i Bod\u00f3 T\u00f6h\u00f6t\u00f6m\u00f6t, de la Tineret, dar \u0219i \u00c1gota Kondor, de la Organiza\u021bia de Femei. Consilierul jude\u021bean Sz\u00f6ll\u0151si Tam\u00e1s s-a \u00eenscris de asemenea pe lista de candida\u021bi.<\/p>\n\n\n\n<h2 class=\"wp-block-heading\">Calendarul alegerilor parlamentare 2024<\/h2>\n\n\n\n<ul class=\"wp-block-list\">\n<li>16 septembrie \u2013 Termenul\u2013limit\u0103 p\u00e2n\u0103 la care aleg\u0103torii din str\u0103in\u0103tate se pot \u00eenregistra pentru votul la sec\u021bie \/ votul prin coresponden\u021b\u0103 (online, pe site-ul votinstr\u0103in\u0103tate.ro)<\/li>\n<\/ul>\n\n\n\n<ul class=\"wp-block-list\">\n<li>17 octombrie &#8211; Data p\u00e2n\u0103 la care partidele \u0219i alian\u021bele pot depune listele de candida\u021bi pentru Senat \u0219i Camera Deputa\u021bilor<\/li>\n<\/ul>\n\n\n\n<ul class=\"wp-block-list\">\n<li>22 octombrie \u2013 Stabilirea \u0219i depunerea semnelor electorale la Biroul Electoral Central<\/li>\n<\/ul>\n\n\n\n<ul class=\"wp-block-list\">\n<li>31 octombrie \u2013 Stabilirea timpilor de anten\u0103<\/li>\n<\/ul>\n\n\n\n<ul class=\"wp-block-list\">\n<li>1 noiembrie &#8211; \u00cencepe campania electoral\u0103 pentru Senat \u0219i Camera Deputa\u021bilor<\/li>\n<\/ul>\n\n\n\n<ul class=\"wp-block-list\">\n<li>30 noiembrie &#8211; La ora 7 diminea\u021ba, ora Rom\u00e2niei, \u00eencepe prima zi de vot \u00een str\u0103in\u0103tate<\/li>\n<\/ul>\n\n\n\n<ul class=\"wp-block-list\">\n<li>1 decembrie &#8211; La ora 7 diminea\u021ba \u00eencepe votarea \u00een \u021bar\u0103<\/li>\n<\/ul>\n\n\n\n<ul class=\"wp-block-list\">\n<li>1 decembrie &#8211; La ora 21, ora Rom\u00e2niei, se \u00eenchid toate urnele. Programul \u00een sec\u021bii poate fi prelungit p\u00e2n\u0103 la 23:59, dac\u0103 exist\u0103 cozi.<\/li>\n<\/ul>\n\n\n\n<h2 class=\"wp-block-heading\">Rezultate \u00een 2020 \u00een Covasna<\/h2>\n\n\n\n<p>La alegerile de acum 4 ani pentru Camera Deputa\u021bilor, din 54.459 voturi valabil exprimate, UDMR a ob\u021binut 38.310 de voturi, adic\u0103 70,34%. PSD a ob\u021binut 4.370 de voturi, (8,02%), PNL 2.769 (5,08%), USR-PLUS &#8211; 2.496 de voturi (4,59%), AUR &#8211; &nbsp;1.549 (2,84%). La Senat, din 55.005 voturi valabil exprimate, UDMR a ob\u021binut 39.763 (72,28%), PSD \u2013 4.457 (8,10%), PNL &#8211; 2.850 (5,18%), USR-PLUS &#8211; &nbsp;2.645 (4,80%) \u0219i AUR 1.666 (3,02%).<\/p>\n","protected":false},"excerpt":{"rendered":"<p>Guvernul a stabilit \u0219i aprobat calendarul ac\u021biunilor care se vor desf\u0103\u0219ura \u00een perioada electoral\u0103 a alegerilor pentru Senat \u0219i Camera Deputa\u021bilor, mai exact pentru alegerile parlamentare din 2024. Campania electoral\u0103 \u00eencepe pe 1 noiembrie \u0219i se \u00eencheie la 30 noiembrie 2024. Votul pentru alegerile parlamentare \u00een Rom\u00e2nia are loc pe 1 decembrie. Potrivit normei de [&hellip;]<\/p>\n","protected":false},"author":1,"featured_media":6805,"comment_status":"open","ping_status":"closed","sticky":false,"template":"","format":"standard","meta":{"tdm_status":"","tdm_grid_status":"","footnotes":""},"categories":[14],"tags":[340,72,189],"class_list":{"0":"post-7801","1":"post","2":"type-post","3":"status-publish","4":"format-standard","5":"has-post-thumbnail","7":"category-lumea-noastra","8":"tag-alegeri","9":"tag-parlament","10":"tag-udmr"},"yoast_head":"<!-- This site is optimized with the Yoast SEO plugin v27.5 - https:\/\/yoast.com\/product\/yoast-seo-wordpress\/ -->\n<title>UDMR Covasna decide pe 30 septembrie listele pentru Parlament - Covasna45<\/title>\n<meta name=\"description\" content=\"Nou\u0103 candida\u021bi s-au \u00eenscris p\u00e2n\u0103 acum: 5 pentru Camera Deputa\u021bilor \u0219i 4 pentru Senat.\" \/>\n<meta name=\"robots\" content=\"index, follow, max-snippet:-1, max-image-preview:large, max-video-preview:-1\" \/>\n<link rel=\"canonical\" href=\"https:\/\/covasna45.ro\/index.php\/lumea-noastra\/udmr-covasna-decide-pe-30-septembrie-listele-pentru-parlament\/\" \/>\n<meta property=\"og:locale\" content=\"ro_RO\" \/>\n<meta property=\"og:type\" content=\"article\" \/>\n<meta property=\"og:title\" content=\"UDMR Covasna decide pe 30 septembrie listele pentru Parlament - Covasna45\" \/>\n<meta property=\"og:description\" content=\"Nou\u0103 candida\u021bi s-au \u00eenscris p\u00e2n\u0103 acum: 5 pentru Camera Deputa\u021bilor \u0219i 4 pentru Senat.\" \/>\n<meta property=\"og:url\" content=\"https:\/\/covasna45.ro\/index.php\/lumea-noastra\/udmr-covasna-decide-pe-30-septembrie-listele-pentru-parlament\/\" \/>\n<meta property=\"og:site_name\" content=\"Covasna45\" \/>\n<meta property=\"article:published_time\" content=\"2024-09-12T07:01:35+00:00\" \/>\n<meta property=\"article:modified_time\" content=\"2024-09-12T07:01:36+00:00\" \/>\n<meta property=\"og:image\" content=\"https:\/\/covasna45.ro\/wp-content\/uploads\/2024\/07\/vot-prezid.jpg\" \/>\n\t<meta property=\"og:image:width\" content=\"2048\" \/>\n\t<meta property=\"og:image:height\" content=\"1536\" \/>\n\t<meta property=\"og:image:type\" content=\"image\/jpeg\" \/>\n<meta name=\"author\" content=\"Covasna45\" \/>\n<meta name=\"twitter:card\" content=\"summary_large_image\" \/>\n<meta name=\"twitter:label1\" content=\"Scris de\" \/>\n\t<meta name=\"twitter:data1\" content=\"Covasna45\" \/>\n\t<meta name=\"twitter:label2\" content=\"Timp estimat pentru citire\" \/>\n\t<meta name=\"twitter:data2\" content=\"3 minute\" \/>\n<script type=\"application\/ld+json\" class=\"yoast-schema-graph\">{\"@context\":\"https:\\\/\\\/schema.org\",\"@graph\":[{\"@type\":\"Article\",\"@id\":\"https:\\\/\\\/covasna45.ro\\\/index.php\\\/lumea-noastra\\\/udmr-covasna-decide-pe-30-septembrie-listele-pentru-parlament\\\/#article\",\"isPartOf\":{\"@id\":\"https:\\\/\\\/covasna45.ro\\\/index.php\\\/lumea-noastra\\\/udmr-covasna-decide-pe-30-septembrie-listele-pentru-parlament\\\/\"},\"author\":{\"name\":\"Covasna45\",\"@id\":\"https:\\\/\\\/covasna45.ro\\\/#\\\/schema\\\/person\\\/e674052bd7d95d70bbb007a1060ab73c\"},\"headline\":\"UDMR Covasna decide pe 30 septembrie listele pentru Parlament\",\"datePublished\":\"2024-09-12T07:01:35+00:00\",\"dateModified\":\"2024-09-12T07:01:36+00:00\",\"mainEntityOfPage\":{\"@id\":\"https:\\\/\\\/covasna45.ro\\\/index.php\\\/lumea-noastra\\\/udmr-covasna-decide-pe-30-septembrie-listele-pentru-parlament\\\/\"},\"wordCount\":497,\"commentCount\":0,\"publisher\":{\"@id\":\"https:\\\/\\\/covasna45.ro\\\/#organization\"},\"image\":{\"@id\":\"https:\\\/\\\/covasna45.ro\\\/index.php\\\/lumea-noastra\\\/udmr-covasna-decide-pe-30-septembrie-listele-pentru-parlament\\\/#primaryimage\"},\"thumbnailUrl\":\"https:\\\/\\\/covasna45.ro\\\/wp-content\\\/uploads\\\/2024\\\/07\\\/vot-prezid.jpg\",\"keywords\":[\"Alegeri\",\"Parlament\",\"UDMR\"],\"articleSection\":[\"Lumea noastr\u0103\"],\"inLanguage\":\"ro-RO\",\"potentialAction\":[{\"@type\":\"CommentAction\",\"name\":\"Comment\",\"target\":[\"https:\\\/\\\/covasna45.ro\\\/index.php\\\/lumea-noastra\\\/udmr-covasna-decide-pe-30-septembrie-listele-pentru-parlament\\\/#respond\"]}]},{\"@type\":\"WebPage\",\"@id\":\"https:\\\/\\\/covasna45.ro\\\/index.php\\\/lumea-noastra\\\/udmr-covasna-decide-pe-30-septembrie-listele-pentru-parlament\\\/\",\"url\":\"https:\\\/\\\/covasna45.ro\\\/index.php\\\/lumea-noastra\\\/udmr-covasna-decide-pe-30-septembrie-listele-pentru-parlament\\\/\",\"name\":\"UDMR Covasna decide pe 30 septembrie listele pentru Parlament - Covasna45\",\"isPartOf\":{\"@id\":\"https:\\\/\\\/covasna45.ro\\\/#website\"},\"primaryImageOfPage\":{\"@id\":\"https:\\\/\\\/covasna45.ro\\\/index.php\\\/lumea-noastra\\\/udmr-covasna-decide-pe-30-septembrie-listele-pentru-parlament\\\/#primaryimage\"},\"image\":{\"@id\":\"https:\\\/\\\/covasna45.ro\\\/index.php\\\/lumea-noastra\\\/udmr-covasna-decide-pe-30-septembrie-listele-pentru-parlament\\\/#primaryimage\"},\"thumbnailUrl\":\"https:\\\/\\\/covasna45.ro\\\/wp-content\\\/uploads\\\/2024\\\/07\\\/vot-prezid.jpg\",\"datePublished\":\"2024-09-12T07:01:35+00:00\",\"dateModified\":\"2024-09-12T07:01:36+00:00\",\"description\":\"Nou\u0103 candida\u021bi s-au \u00eenscris p\u00e2n\u0103 acum: 5 pentru Camera Deputa\u021bilor \u0219i 4 pentru Senat.\",\"breadcrumb\":{\"@id\":\"https:\\\/\\\/covasna45.ro\\\/index.php\\\/lumea-noastra\\\/udmr-covasna-decide-pe-30-septembrie-listele-pentru-parlament\\\/#breadcrumb\"},\"inLanguage\":\"ro-RO\",\"potentialAction\":[{\"@type\":\"ReadAction\",\"target\":[\"https:\\\/\\\/covasna45.ro\\\/index.php\\\/lumea-noastra\\\/udmr-covasna-decide-pe-30-septembrie-listele-pentru-parlament\\\/\"]}]},{\"@type\":\"ImageObject\",\"inLanguage\":\"ro-RO\",\"@id\":\"https:\\\/\\\/covasna45.ro\\\/index.php\\\/lumea-noastra\\\/udmr-covasna-decide-pe-30-septembrie-listele-pentru-parlament\\\/#primaryimage\",\"url\":\"https:\\\/\\\/covasna45.ro\\\/wp-content\\\/uploads\\\/2024\\\/07\\\/vot-prezid.jpg\",\"contentUrl\":\"https:\\\/\\\/covasna45.ro\\\/wp-content\\\/uploads\\\/2024\\\/07\\\/vot-prezid.jpg\",\"width\":2048,\"height\":1536},{\"@type\":\"BreadcrumbList\",\"@id\":\"https:\\\/\\\/covasna45.ro\\\/index.php\\\/lumea-noastra\\\/udmr-covasna-decide-pe-30-septembrie-listele-pentru-parlament\\\/#breadcrumb\",\"itemListElement\":[{\"@type\":\"ListItem\",\"position\":1,\"name\":\"Prima pagin\u0103\",\"item\":\"https:\\\/\\\/covasna45.ro\\\/\"},{\"@type\":\"ListItem\",\"position\":2,\"name\":\"UDMR Covasna decide pe 30 septembrie listele pentru Parlament\"}]},{\"@type\":\"WebSite\",\"@id\":\"https:\\\/\\\/covasna45.ro\\\/#website\",\"url\":\"https:\\\/\\\/covasna45.ro\\\/\",\"name\":\"covasna45.ro\",\"description\":\"\",\"publisher\":{\"@id\":\"https:\\\/\\\/covasna45.ro\\\/#organization\"},\"potentialAction\":[{\"@type\":\"SearchAction\",\"target\":{\"@type\":\"EntryPoint\",\"urlTemplate\":\"https:\\\/\\\/covasna45.ro\\\/?s={search_term_string}\"},\"query-input\":{\"@type\":\"PropertyValueSpecification\",\"valueRequired\":true,\"valueName\":\"search_term_string\"}}],\"inLanguage\":\"ro-RO\"},{\"@type\":\"Organization\",\"@id\":\"https:\\\/\\\/covasna45.ro\\\/#organization\",\"name\":\"covasna45.ro\",\"url\":\"https:\\\/\\\/covasna45.ro\\\/\",\"logo\":{\"@type\":\"ImageObject\",\"inLanguage\":\"ro-RO\",\"@id\":\"https:\\\/\\\/covasna45.ro\\\/#\\\/schema\\\/logo\\\/image\\\/\",\"url\":\"https:\\\/\\\/covasna45.ro\\\/wp-content\\\/uploads\\\/2023\\\/01\\\/icon_logo.png\",\"contentUrl\":\"https:\\\/\\\/covasna45.ro\\\/wp-content\\\/uploads\\\/2023\\\/01\\\/icon_logo.png\",\"width\":1900,\"height\":1900,\"caption\":\"covasna45.ro\"},\"image\":{\"@id\":\"https:\\\/\\\/covasna45.ro\\\/#\\\/schema\\\/logo\\\/image\\\/\"}},{\"@type\":\"Person\",\"@id\":\"https:\\\/\\\/covasna45.ro\\\/#\\\/schema\\\/person\\\/e674052bd7d95d70bbb007a1060ab73c\",\"name\":\"Covasna45\",\"image\":{\"@type\":\"ImageObject\",\"inLanguage\":\"ro-RO\",\"@id\":\"https:\\\/\\\/covasna45.ro\\\/wp-content\\\/uploads\\\/2025\\\/10\\\/icon_logo_covasna45-150x150.png\",\"url\":\"https:\\\/\\\/covasna45.ro\\\/wp-content\\\/uploads\\\/2025\\\/10\\\/icon_logo_covasna45-150x150.png\",\"contentUrl\":\"https:\\\/\\\/covasna45.ro\\\/wp-content\\\/uploads\\\/2025\\\/10\\\/icon_logo_covasna45-150x150.png\",\"caption\":\"Covasna45\"},\"sameAs\":[\"https:\\\/\\\/covasna45.ro\"],\"url\":\"https:\\\/\\\/covasna45.ro\\\/index.php\\\/author\\\/covasna\\\/\"}]}<\/script>\n<!-- \/ Yoast SEO plugin. -->","yoast_head_json":{"title":"UDMR Covasna decide pe 30 septembrie listele pentru Parlament - Covasna45","description":"Nou\u0103 candida\u021bi s-au \u00eenscris p\u00e2n\u0103 acum: 5 pentru Camera Deputa\u021bilor \u0219i 4 pentru Senat.","robots":{"index":"index","follow":"follow","max-snippet":"max-snippet:-1","max-image-preview":"max-image-preview:large","max-video-preview":"max-video-preview:-1"},"canonical":"https:\/\/covasna45.ro\/index.php\/lumea-noastra\/udmr-covasna-decide-pe-30-septembrie-listele-pentru-parlament\/","og_locale":"ro_RO","og_type":"article","og_title":"UDMR Covasna decide pe 30 septembrie listele pentru Parlament - Covasna45","og_description":"Nou\u0103 candida\u021bi s-au \u00eenscris p\u00e2n\u0103 acum: 5 pentru Camera Deputa\u021bilor \u0219i 4 pentru Senat.","og_url":"https:\/\/covasna45.ro\/index.php\/lumea-noastra\/udmr-covasna-decide-pe-30-septembrie-listele-pentru-parlament\/","og_site_name":"Covasna45","article_published_time":"2024-09-12T07:01:35+00:00","article_modified_time":"2024-09-12T07:01:36+00:00","og_image":[{"width":2048,"height":1536,"url":"https:\/\/covasna45.ro\/wp-content\/uploads\/2024\/07\/vot-prezid.jpg","type":"image\/jpeg"}],"author":"Covasna45","twitter_card":"summary_large_image","twitter_misc":{"Scris de":"Covasna45","Timp estimat pentru citire":"3 minute"},"schema":{"@context":"https:\/\/schema.org","@graph":[{"@type":"Article","@id":"https:\/\/covasna45.ro\/index.php\/lumea-noastra\/udmr-covasna-decide-pe-30-septembrie-listele-pentru-parlament\/#article","isPartOf":{"@id":"https:\/\/covasna45.ro\/index.php\/lumea-noastra\/udmr-covasna-decide-pe-30-septembrie-listele-pentru-parlament\/"},"author":{"name":"Covasna45","@id":"https:\/\/covasna45.ro\/#\/schema\/person\/e674052bd7d95d70bbb007a1060ab73c"},"headline":"UDMR Covasna decide pe 30 septembrie listele pentru Parlament","datePublished":"2024-09-12T07:01:35+00:00","dateModified":"2024-09-12T07:01:36+00:00","mainEntityOfPage":{"@id":"https:\/\/covasna45.ro\/index.php\/lumea-noastra\/udmr-covasna-decide-pe-30-septembrie-listele-pentru-parlament\/"},"wordCount":497,"commentCount":0,"publisher":{"@id":"https:\/\/covasna45.ro\/#organization"},"image":{"@id":"https:\/\/covasna45.ro\/index.php\/lumea-noastra\/udmr-covasna-decide-pe-30-septembrie-listele-pentru-parlament\/#primaryimage"},"thumbnailUrl":"https:\/\/covasna45.ro\/wp-content\/uploads\/2024\/07\/vot-prezid.jpg","keywords":["Alegeri","Parlament","UDMR"],"articleSection":["Lumea noastr\u0103"],"inLanguage":"ro-RO","potentialAction":[{"@type":"CommentAction","name":"Comment","target":["https:\/\/covasna45.ro\/index.php\/lumea-noastra\/udmr-covasna-decide-pe-30-septembrie-listele-pentru-parlament\/#respond"]}]},{"@type":"WebPage","@id":"https:\/\/covasna45.ro\/index.php\/lumea-noastra\/udmr-covasna-decide-pe-30-septembrie-listele-pentru-parlament\/","url":"https:\/\/covasna45.ro\/index.php\/lumea-noastra\/udmr-covasna-decide-pe-30-septembrie-listele-pentru-parlament\/","name":"UDMR Covasna decide pe 30 septembrie listele pentru Parlament - Covasna45","isPartOf":{"@id":"https:\/\/covasna45.ro\/#website"},"primaryImageOfPage":{"@id":"https:\/\/covasna45.ro\/index.php\/lumea-noastra\/udmr-covasna-decide-pe-30-septembrie-listele-pentru-parlament\/#primaryimage"},"image":{"@id":"https:\/\/covasna45.ro\/index.php\/lumea-noastra\/udmr-covasna-decide-pe-30-septembrie-listele-pentru-parlament\/#primaryimage"},"thumbnailUrl":"https:\/\/covasna45.ro\/wp-content\/uploads\/2024\/07\/vot-prezid.jpg","datePublished":"2024-09-12T07:01:35+00:00","dateModified":"2024-09-12T07:01:36+00:00","description":"Nou\u0103 candida\u021bi s-au \u00eenscris p\u00e2n\u0103 acum: 5 pentru Camera Deputa\u021bilor \u0219i 4 pentru Senat.","breadcrumb":{"@id":"https:\/\/covasna45.ro\/index.php\/lumea-noastra\/udmr-covasna-decide-pe-30-septembrie-listele-pentru-parlament\/#breadcrumb"},"inLanguage":"ro-RO","potentialAction":[{"@type":"ReadAction","target":["https:\/\/covasna45.ro\/index.php\/lumea-noastra\/udmr-covasna-decide-pe-30-septembrie-listele-pentru-parlament\/"]}]},{"@type":"ImageObject","inLanguage":"ro-RO","@id":"https:\/\/covasna45.ro\/index.php\/lumea-noastra\/udmr-covasna-decide-pe-30-septembrie-listele-pentru-parlament\/#primaryimage","url":"https:\/\/covasna45.ro\/wp-content\/uploads\/2024\/07\/vot-prezid.jpg","contentUrl":"https:\/\/covasna45.ro\/wp-content\/uploads\/2024\/07\/vot-prezid.jpg","width":2048,"height":1536},{"@type":"BreadcrumbList","@id":"https:\/\/covasna45.ro\/index.php\/lumea-noastra\/udmr-covasna-decide-pe-30-septembrie-listele-pentru-parlament\/#breadcrumb","itemListElement":[{"@type":"ListItem","position":1,"name":"Prima pagin\u0103","item":"https:\/\/covasna45.ro\/"},{"@type":"ListItem","position":2,"name":"UDMR Covasna decide pe 30 septembrie listele pentru Parlament"}]},{"@type":"WebSite","@id":"https:\/\/covasna45.ro\/#website","url":"https:\/\/covasna45.ro\/","name":"covasna45.ro","description":"","publisher":{"@id":"https:\/\/covasna45.ro\/#organization"},"potentialAction":[{"@type":"SearchAction","target":{"@type":"EntryPoint","urlTemplate":"https:\/\/covasna45.ro\/?s={search_term_string}"},"query-input":{"@type":"PropertyValueSpecification","valueRequired":true,"valueName":"search_term_string"}}],"inLanguage":"ro-RO"},{"@type":"Organization","@id":"https:\/\/covasna45.ro\/#organization","name":"covasna45.ro","url":"https:\/\/covasna45.ro\/","logo":{"@type":"ImageObject","inLanguage":"ro-RO","@id":"https:\/\/covasna45.ro\/#\/schema\/logo\/image\/","url":"https:\/\/covasna45.ro\/wp-content\/uploads\/2023\/01\/icon_logo.png","contentUrl":"https:\/\/covasna45.ro\/wp-content\/uploads\/2023\/01\/icon_logo.png","width":1900,"height":1900,"caption":"covasna45.ro"},"image":{"@id":"https:\/\/covasna45.ro\/#\/schema\/logo\/image\/"}},{"@type":"Person","@id":"https:\/\/covasna45.ro\/#\/schema\/person\/e674052bd7d95d70bbb007a1060ab73c","name":"Covasna45","image":{"@type":"ImageObject","inLanguage":"ro-RO","@id":"https:\/\/covasna45.ro\/wp-content\/uploads\/2025\/10\/icon_logo_covasna45-150x150.png","url":"https:\/\/covasna45.ro\/wp-content\/uploads\/2025\/10\/icon_logo_covasna45-150x150.png","contentUrl":"https:\/\/covasna45.ro\/wp-content\/uploads\/2025\/10\/icon_logo_covasna45-150x150.png","caption":"Covasna45"},"sameAs":["https:\/\/covasna45.ro"],"url":"https:\/\/covasna45.ro\/index.php\/author\/covasna\/"}]}},"_links":{"self":[{"href":"https:\/\/covasna45.ro\/index.php\/wp-json\/wp\/v2\/posts\/7801","targetHints":{"allow":["GET"]}}],"collection":[{"href":"https:\/\/covasna45.ro\/index.php\/wp-json\/wp\/v2\/posts"}],"about":[{"href":"https:\/\/covasna45.ro\/index.php\/wp-json\/wp\/v2\/types\/post"}],"author":[{"embeddable":true,"href":"https:\/\/covasna45.ro\/index.php\/wp-json\/wp\/v2\/users\/1"}],"replies":[{"embeddable":true,"href":"https:\/\/covasna45.ro\/index.php\/wp-json\/wp\/v2\/comments?post=7801"}],"version-history":[{"count":1,"href":"https:\/\/covasna45.ro\/index.php\/wp-json\/wp\/v2\/posts\/7801\/revisions"}],"predecessor-version":[{"id":7803,"href":"https:\/\/covasna45.ro\/index.php\/wp-json\/wp\/v2\/posts\/7801\/revisions\/7803"}],"wp:featuredmedia":[{"embeddable":true,"href":"https:\/\/covasna45.ro\/index.php\/wp-json\/wp\/v2\/media\/6805"}],"wp:attachment":[{"href":"https:\/\/covasna45.ro\/index.php\/wp-json\/wp\/v2\/media?parent=7801"}],"wp:term":[{"taxonomy":"category","embeddable":true,"href":"https:\/\/covasna45.ro\/index.php\/wp-json\/wp\/v2\/categories?post=7801"},{"taxonomy":"post_tag","embeddable":true,"href":"https:\/\/covasna45.ro\/index.php\/wp-json\/wp\/v2\/tags?post=7801"}],"curies":[{"name":"wp","href":"https:\/\/api.w.org\/{rel}","templated":true}]}}