{"id":7817,"date":"2024-09-13T08:22:23","date_gmt":"2024-09-13T06:22:23","guid":{"rendered":"https:\/\/covasna45.ro\/?p=7817"},"modified":"2024-09-13T08:23:07","modified_gmt":"2024-09-13T06:23:07","slug":"din-2025-cetatenii-europeni-vor-avea-nevoie-de-viza-pentru-marea-britanie","status":"publish","type":"post","link":"https:\/\/covasna45.ro\/index.php\/lumea-larga\/din-2025-cetatenii-europeni-vor-avea-nevoie-de-viza-pentru-marea-britanie\/","title":{"rendered":"Din 2025, cet\u0103\u021benii europeni vor avea nevoie de viz\u0103 pentru Marea Britanie"},"content":{"rendered":"\n<p>Turi\u0219tii din UE vor avea nevoie de o\u00a0viz\u0103\u00a0electronic\u0103 numit\u0103 ETA (Electronic Travel Authorisation). Introducerea acestui sistem \u00een rela\u021bia cu cet\u0103\u021benii din UE este este o consecin\u021b\u0103 a restric\u021biilor introduse dup\u0103 Brexit. <\/p>\n\n\n\n<p>Ob\u021binerea ETA este foarte simpl\u0103. Se completeaz\u0103 un formular online \u0219i se achit\u0103 o sum\u0103 de bani &#8211; 10 lire sterline, aproximativ 12 euro. Aceast\u0103 viz\u0103 va permite posesorului mai multe sejururi de p\u00e2n\u0103 la \u0219ase luni. Valabilitatea ETA este de doi ani.<\/p>\n\n\n\n<h2 class=\"wp-block-heading\">Viz\u0103 ob\u021binut\u0103 printr-o aplica\u021bie pentru smartphone<\/h2>\n\n\n\n<p>Ministerul de Interne britanic spune c\u0103 cet\u0103\u021benii UE vor putea solicita o viz\u0103 electronic\u0103 pur \u0219i simplu utiliz\u00e2nd aplica\u021bia pentru smartphone numit\u0103 UK ETA, \u00eencep\u00e2nd cu 5 martie 2025. Pentru turi\u0219tii care nu provin din spa\u021biul UE obliga\u021bia \u00eencepe mai devreme, de la 8 ianuarie 2025.<\/p>\n\n\n\n<p>Premierul laburist Keir Starmer a spus de mai multe ori c\u0103 nu inten\u021bioneaz\u0103 s\u0103 dea \u00eenapoi cu privire la Brexit. Marea Britanie nu \u00ee\u0219i propune revenirea, nici m\u0103car par\u021bial\u0103, la libertatea de circula\u021bie cu UE. Iar nou formul\u0103 a vizelor este destinat\u0103, de fapt, limit\u0103rii migra\u021biei ilegale. <\/p>\n","protected":false},"excerpt":{"rendered":"<p>Turi\u0219tii din UE vor avea nevoie de o\u00a0viz\u0103\u00a0electronic\u0103 numit\u0103 ETA (Electronic Travel Authorisation). Introducerea acestui sistem \u00een rela\u021bia cu cet\u0103\u021benii din UE este este o consecin\u021b\u0103 a restric\u021biilor introduse dup\u0103 Brexit. Ob\u021binerea ETA este foarte simpl\u0103. Se completeaz\u0103 un formular online \u0219i se achit\u0103 o sum\u0103 de bani &#8211; 10 lire sterline, aproximativ 12 euro. [&hellip;]<\/p>\n","protected":false},"author":1,"featured_media":7818,"comment_status":"open","ping_status":"closed","sticky":false,"template":"","format":"standard","meta":{"tdm_status":"","tdm_grid_status":"","footnotes":""},"categories":[10],"tags":[1975,78,648,47,2755],"class_list":{"0":"post-7817","1":"post","2":"type-post","3":"status-publish","4":"format-standard","5":"has-post-thumbnail","7":"category-lumea-larga","8":"tag-calatorii","9":"tag-marea-britanie","10":"tag-turism","11":"tag-ue","12":"tag-viza"},"yoast_head":"<!-- This site is optimized with the Yoast SEO plugin v27.5 - https:\/\/yoast.com\/product\/yoast-seo-wordpress\/ -->\n<title>Din 2025, cet\u0103\u021benii europeni vor avea nevoie de viz\u0103 pentru Marea Britanie - Covasna45<\/title>\n<meta name=\"description\" content=\"Aceast\u0103 viz\u0103 va permite posesorului mai multe sejururi de p\u00e2n\u0103 la \u0219ase luni. Valabilitatea ETA este de doi ani.\" \/>\n<meta name=\"robots\" content=\"index, follow, max-snippet:-1, max-image-preview:large, max-video-preview:-1\" \/>\n<link rel=\"canonical\" href=\"https:\/\/covasna45.ro\/index.php\/lumea-larga\/din-2025-cetatenii-europeni-vor-avea-nevoie-de-viza-pentru-marea-britanie\/\" \/>\n<meta property=\"og:locale\" content=\"ro_RO\" \/>\n<meta property=\"og:type\" content=\"article\" \/>\n<meta property=\"og:title\" content=\"Din 2025, cet\u0103\u021benii europeni vor avea nevoie de viz\u0103 pentru Marea Britanie - Covasna45\" \/>\n<meta property=\"og:description\" content=\"Aceast\u0103 viz\u0103 va permite posesorului mai multe sejururi de p\u00e2n\u0103 la \u0219ase luni. Valabilitatea ETA este de doi ani.\" \/>\n<meta property=\"og:url\" content=\"https:\/\/covasna45.ro\/index.php\/lumea-larga\/din-2025-cetatenii-europeni-vor-avea-nevoie-de-viza-pentru-marea-britanie\/\" \/>\n<meta property=\"og:site_name\" content=\"Covasna45\" \/>\n<meta property=\"article:published_time\" content=\"2024-09-13T06:22:23+00:00\" \/>\n<meta property=\"article:modified_time\" content=\"2024-09-13T06:23:07+00:00\" \/>\n<meta property=\"og:image\" content=\"https:\/\/covasna45.ro\/wp-content\/uploads\/2024\/09\/viza-londra.jpg\" \/>\n\t<meta property=\"og:image:width\" content=\"1600\" \/>\n\t<meta property=\"og:image:height\" content=\"1200\" \/>\n\t<meta property=\"og:image:type\" content=\"image\/jpeg\" \/>\n<meta name=\"author\" content=\"Covasna45\" \/>\n<meta name=\"twitter:card\" content=\"summary_large_image\" \/>\n<meta name=\"twitter:label1\" content=\"Scris de\" \/>\n\t<meta name=\"twitter:data1\" content=\"Covasna45\" \/>\n\t<meta name=\"twitter:label2\" content=\"Timp estimat pentru citire\" \/>\n\t<meta name=\"twitter:data2\" content=\"2 minute\" \/>\n<script type=\"application\/ld+json\" class=\"yoast-schema-graph\">{\"@context\":\"https:\\\/\\\/schema.org\",\"@graph\":[{\"@type\":\"Article\",\"@id\":\"https:\\\/\\\/covasna45.ro\\\/index.php\\\/lumea-larga\\\/din-2025-cetatenii-europeni-vor-avea-nevoie-de-viza-pentru-marea-britanie\\\/#article\",\"isPartOf\":{\"@id\":\"https:\\\/\\\/covasna45.ro\\\/index.php\\\/lumea-larga\\\/din-2025-cetatenii-europeni-vor-avea-nevoie-de-viza-pentru-marea-britanie\\\/\"},\"author\":{\"name\":\"Covasna45\",\"@id\":\"https:\\\/\\\/covasna45.ro\\\/#\\\/schema\\\/person\\\/e674052bd7d95d70bbb007a1060ab73c\"},\"headline\":\"Din 2025, cet\u0103\u021benii europeni vor avea nevoie de viz\u0103 pentru Marea Britanie\",\"datePublished\":\"2024-09-13T06:22:23+00:00\",\"dateModified\":\"2024-09-13T06:23:07+00:00\",\"mainEntityOfPage\":{\"@id\":\"https:\\\/\\\/covasna45.ro\\\/index.php\\\/lumea-larga\\\/din-2025-cetatenii-europeni-vor-avea-nevoie-de-viza-pentru-marea-britanie\\\/\"},\"wordCount\":202,\"commentCount\":0,\"publisher\":{\"@id\":\"https:\\\/\\\/covasna45.ro\\\/#organization\"},\"image\":{\"@id\":\"https:\\\/\\\/covasna45.ro\\\/index.php\\\/lumea-larga\\\/din-2025-cetatenii-europeni-vor-avea-nevoie-de-viza-pentru-marea-britanie\\\/#primaryimage\"},\"thumbnailUrl\":\"https:\\\/\\\/covasna45.ro\\\/wp-content\\\/uploads\\\/2024\\\/09\\\/viza-londra.jpg\",\"keywords\":[\"C\u0103l\u0103torii\",\"Marea Britanie\",\"Turism\",\"UE\",\"Viz\u0103\"],\"articleSection\":[\"Lumea larg\u0103\"],\"inLanguage\":\"ro-RO\",\"potentialAction\":[{\"@type\":\"CommentAction\",\"name\":\"Comment\",\"target\":[\"https:\\\/\\\/covasna45.ro\\\/index.php\\\/lumea-larga\\\/din-2025-cetatenii-europeni-vor-avea-nevoie-de-viza-pentru-marea-britanie\\\/#respond\"]}]},{\"@type\":\"WebPage\",\"@id\":\"https:\\\/\\\/covasna45.ro\\\/index.php\\\/lumea-larga\\\/din-2025-cetatenii-europeni-vor-avea-nevoie-de-viza-pentru-marea-britanie\\\/\",\"url\":\"https:\\\/\\\/covasna45.ro\\\/index.php\\\/lumea-larga\\\/din-2025-cetatenii-europeni-vor-avea-nevoie-de-viza-pentru-marea-britanie\\\/\",\"name\":\"Din 2025, cet\u0103\u021benii europeni vor avea nevoie de viz\u0103 pentru Marea Britanie - Covasna45\",\"isPartOf\":{\"@id\":\"https:\\\/\\\/covasna45.ro\\\/#website\"},\"primaryImageOfPage\":{\"@id\":\"https:\\\/\\\/covasna45.ro\\\/index.php\\\/lumea-larga\\\/din-2025-cetatenii-europeni-vor-avea-nevoie-de-viza-pentru-marea-britanie\\\/#primaryimage\"},\"image\":{\"@id\":\"https:\\\/\\\/covasna45.ro\\\/index.php\\\/lumea-larga\\\/din-2025-cetatenii-europeni-vor-avea-nevoie-de-viza-pentru-marea-britanie\\\/#primaryimage\"},\"thumbnailUrl\":\"https:\\\/\\\/covasna45.ro\\\/wp-content\\\/uploads\\\/2024\\\/09\\\/viza-londra.jpg\",\"datePublished\":\"2024-09-13T06:22:23+00:00\",\"dateModified\":\"2024-09-13T06:23:07+00:00\",\"description\":\"Aceast\u0103 viz\u0103 va permite posesorului mai multe sejururi de p\u00e2n\u0103 la \u0219ase luni. Valabilitatea ETA este de doi ani.\",\"breadcrumb\":{\"@id\":\"https:\\\/\\\/covasna45.ro\\\/index.php\\\/lumea-larga\\\/din-2025-cetatenii-europeni-vor-avea-nevoie-de-viza-pentru-marea-britanie\\\/#breadcrumb\"},\"inLanguage\":\"ro-RO\",\"potentialAction\":[{\"@type\":\"ReadAction\",\"target\":[\"https:\\\/\\\/covasna45.ro\\\/index.php\\\/lumea-larga\\\/din-2025-cetatenii-europeni-vor-avea-nevoie-de-viza-pentru-marea-britanie\\\/\"]}]},{\"@type\":\"ImageObject\",\"inLanguage\":\"ro-RO\",\"@id\":\"https:\\\/\\\/covasna45.ro\\\/index.php\\\/lumea-larga\\\/din-2025-cetatenii-europeni-vor-avea-nevoie-de-viza-pentru-marea-britanie\\\/#primaryimage\",\"url\":\"https:\\\/\\\/covasna45.ro\\\/wp-content\\\/uploads\\\/2024\\\/09\\\/viza-londra.jpg\",\"contentUrl\":\"https:\\\/\\\/covasna45.ro\\\/wp-content\\\/uploads\\\/2024\\\/09\\\/viza-londra.jpg\",\"width\":1600,\"height\":1200},{\"@type\":\"BreadcrumbList\",\"@id\":\"https:\\\/\\\/covasna45.ro\\\/index.php\\\/lumea-larga\\\/din-2025-cetatenii-europeni-vor-avea-nevoie-de-viza-pentru-marea-britanie\\\/#breadcrumb\",\"itemListElement\":[{\"@type\":\"ListItem\",\"position\":1,\"name\":\"Prima pagin\u0103\",\"item\":\"https:\\\/\\\/covasna45.ro\\\/\"},{\"@type\":\"ListItem\",\"position\":2,\"name\":\"Din 2025, cet\u0103\u021benii europeni vor avea nevoie de viz\u0103 pentru Marea Britanie\"}]},{\"@type\":\"WebSite\",\"@id\":\"https:\\\/\\\/covasna45.ro\\\/#website\",\"url\":\"https:\\\/\\\/covasna45.ro\\\/\",\"name\":\"covasna45.ro\",\"description\":\"\",\"publisher\":{\"@id\":\"https:\\\/\\\/covasna45.ro\\\/#organization\"},\"potentialAction\":[{\"@type\":\"SearchAction\",\"target\":{\"@type\":\"EntryPoint\",\"urlTemplate\":\"https:\\\/\\\/covasna45.ro\\\/?s={search_term_string}\"},\"query-input\":{\"@type\":\"PropertyValueSpecification\",\"valueRequired\":true,\"valueName\":\"search_term_string\"}}],\"inLanguage\":\"ro-RO\"},{\"@type\":\"Organization\",\"@id\":\"https:\\\/\\\/covasna45.ro\\\/#organization\",\"name\":\"covasna45.ro\",\"url\":\"https:\\\/\\\/covasna45.ro\\\/\",\"logo\":{\"@type\":\"ImageObject\",\"inLanguage\":\"ro-RO\",\"@id\":\"https:\\\/\\\/covasna45.ro\\\/#\\\/schema\\\/logo\\\/image\\\/\",\"url\":\"https:\\\/\\\/covasna45.ro\\\/wp-content\\\/uploads\\\/2023\\\/01\\\/icon_logo.png\",\"contentUrl\":\"https:\\\/\\\/covasna45.ro\\\/wp-content\\\/uploads\\\/2023\\\/01\\\/icon_logo.png\",\"width\":1900,\"height\":1900,\"caption\":\"covasna45.ro\"},\"image\":{\"@id\":\"https:\\\/\\\/covasna45.ro\\\/#\\\/schema\\\/logo\\\/image\\\/\"}},{\"@type\":\"Person\",\"@id\":\"https:\\\/\\\/covasna45.ro\\\/#\\\/schema\\\/person\\\/e674052bd7d95d70bbb007a1060ab73c\",\"name\":\"Covasna45\",\"image\":{\"@type\":\"ImageObject\",\"inLanguage\":\"ro-RO\",\"@id\":\"https:\\\/\\\/covasna45.ro\\\/wp-content\\\/uploads\\\/2025\\\/10\\\/icon_logo_covasna45-150x150.png\",\"url\":\"https:\\\/\\\/covasna45.ro\\\/wp-content\\\/uploads\\\/2025\\\/10\\\/icon_logo_covasna45-150x150.png\",\"contentUrl\":\"https:\\\/\\\/covasna45.ro\\\/wp-content\\\/uploads\\\/2025\\\/10\\\/icon_logo_covasna45-150x150.png\",\"caption\":\"Covasna45\"},\"sameAs\":[\"https:\\\/\\\/covasna45.ro\"],\"url\":\"https:\\\/\\\/covasna45.ro\\\/index.php\\\/author\\\/covasna\\\/\"}]}<\/script>\n<!-- \/ Yoast SEO plugin. -->","yoast_head_json":{"title":"Din 2025, cet\u0103\u021benii europeni vor avea nevoie de viz\u0103 pentru Marea Britanie - Covasna45","description":"Aceast\u0103 viz\u0103 va permite posesorului mai multe sejururi de p\u00e2n\u0103 la \u0219ase luni. Valabilitatea ETA este de doi ani.","robots":{"index":"index","follow":"follow","max-snippet":"max-snippet:-1","max-image-preview":"max-image-preview:large","max-video-preview":"max-video-preview:-1"},"canonical":"https:\/\/covasna45.ro\/index.php\/lumea-larga\/din-2025-cetatenii-europeni-vor-avea-nevoie-de-viza-pentru-marea-britanie\/","og_locale":"ro_RO","og_type":"article","og_title":"Din 2025, cet\u0103\u021benii europeni vor avea nevoie de viz\u0103 pentru Marea Britanie - Covasna45","og_description":"Aceast\u0103 viz\u0103 va permite posesorului mai multe sejururi de p\u00e2n\u0103 la \u0219ase luni. Valabilitatea ETA este de doi ani.","og_url":"https:\/\/covasna45.ro\/index.php\/lumea-larga\/din-2025-cetatenii-europeni-vor-avea-nevoie-de-viza-pentru-marea-britanie\/","og_site_name":"Covasna45","article_published_time":"2024-09-13T06:22:23+00:00","article_modified_time":"2024-09-13T06:23:07+00:00","og_image":[{"width":1600,"height":1200,"url":"https:\/\/covasna45.ro\/wp-content\/uploads\/2024\/09\/viza-londra.jpg","type":"image\/jpeg"}],"author":"Covasna45","twitter_card":"summary_large_image","twitter_misc":{"Scris de":"Covasna45","Timp estimat pentru citire":"2 minute"},"schema":{"@context":"https:\/\/schema.org","@graph":[{"@type":"Article","@id":"https:\/\/covasna45.ro\/index.php\/lumea-larga\/din-2025-cetatenii-europeni-vor-avea-nevoie-de-viza-pentru-marea-britanie\/#article","isPartOf":{"@id":"https:\/\/covasna45.ro\/index.php\/lumea-larga\/din-2025-cetatenii-europeni-vor-avea-nevoie-de-viza-pentru-marea-britanie\/"},"author":{"name":"Covasna45","@id":"https:\/\/covasna45.ro\/#\/schema\/person\/e674052bd7d95d70bbb007a1060ab73c"},"headline":"Din 2025, cet\u0103\u021benii europeni vor avea nevoie de viz\u0103 pentru Marea Britanie","datePublished":"2024-09-13T06:22:23+00:00","dateModified":"2024-09-13T06:23:07+00:00","mainEntityOfPage":{"@id":"https:\/\/covasna45.ro\/index.php\/lumea-larga\/din-2025-cetatenii-europeni-vor-avea-nevoie-de-viza-pentru-marea-britanie\/"},"wordCount":202,"commentCount":0,"publisher":{"@id":"https:\/\/covasna45.ro\/#organization"},"image":{"@id":"https:\/\/covasna45.ro\/index.php\/lumea-larga\/din-2025-cetatenii-europeni-vor-avea-nevoie-de-viza-pentru-marea-britanie\/#primaryimage"},"thumbnailUrl":"https:\/\/covasna45.ro\/wp-content\/uploads\/2024\/09\/viza-londra.jpg","keywords":["C\u0103l\u0103torii","Marea Britanie","Turism","UE","Viz\u0103"],"articleSection":["Lumea larg\u0103"],"inLanguage":"ro-RO","potentialAction":[{"@type":"CommentAction","name":"Comment","target":["https:\/\/covasna45.ro\/index.php\/lumea-larga\/din-2025-cetatenii-europeni-vor-avea-nevoie-de-viza-pentru-marea-britanie\/#respond"]}]},{"@type":"WebPage","@id":"https:\/\/covasna45.ro\/index.php\/lumea-larga\/din-2025-cetatenii-europeni-vor-avea-nevoie-de-viza-pentru-marea-britanie\/","url":"https:\/\/covasna45.ro\/index.php\/lumea-larga\/din-2025-cetatenii-europeni-vor-avea-nevoie-de-viza-pentru-marea-britanie\/","name":"Din 2025, cet\u0103\u021benii europeni vor avea nevoie de viz\u0103 pentru Marea Britanie - Covasna45","isPartOf":{"@id":"https:\/\/covasna45.ro\/#website"},"primaryImageOfPage":{"@id":"https:\/\/covasna45.ro\/index.php\/lumea-larga\/din-2025-cetatenii-europeni-vor-avea-nevoie-de-viza-pentru-marea-britanie\/#primaryimage"},"image":{"@id":"https:\/\/covasna45.ro\/index.php\/lumea-larga\/din-2025-cetatenii-europeni-vor-avea-nevoie-de-viza-pentru-marea-britanie\/#primaryimage"},"thumbnailUrl":"https:\/\/covasna45.ro\/wp-content\/uploads\/2024\/09\/viza-londra.jpg","datePublished":"2024-09-13T06:22:23+00:00","dateModified":"2024-09-13T06:23:07+00:00","description":"Aceast\u0103 viz\u0103 va permite posesorului mai multe sejururi de p\u00e2n\u0103 la \u0219ase luni. Valabilitatea ETA este de doi ani.","breadcrumb":{"@id":"https:\/\/covasna45.ro\/index.php\/lumea-larga\/din-2025-cetatenii-europeni-vor-avea-nevoie-de-viza-pentru-marea-britanie\/#breadcrumb"},"inLanguage":"ro-RO","potentialAction":[{"@type":"ReadAction","target":["https:\/\/covasna45.ro\/index.php\/lumea-larga\/din-2025-cetatenii-europeni-vor-avea-nevoie-de-viza-pentru-marea-britanie\/"]}]},{"@type":"ImageObject","inLanguage":"ro-RO","@id":"https:\/\/covasna45.ro\/index.php\/lumea-larga\/din-2025-cetatenii-europeni-vor-avea-nevoie-de-viza-pentru-marea-britanie\/#primaryimage","url":"https:\/\/covasna45.ro\/wp-content\/uploads\/2024\/09\/viza-londra.jpg","contentUrl":"https:\/\/covasna45.ro\/wp-content\/uploads\/2024\/09\/viza-londra.jpg","width":1600,"height":1200},{"@type":"BreadcrumbList","@id":"https:\/\/covasna45.ro\/index.php\/lumea-larga\/din-2025-cetatenii-europeni-vor-avea-nevoie-de-viza-pentru-marea-britanie\/#breadcrumb","itemListElement":[{"@type":"ListItem","position":1,"name":"Prima pagin\u0103","item":"https:\/\/covasna45.ro\/"},{"@type":"ListItem","position":2,"name":"Din 2025, cet\u0103\u021benii europeni vor avea nevoie de viz\u0103 pentru Marea Britanie"}]},{"@type":"WebSite","@id":"https:\/\/covasna45.ro\/#website","url":"https:\/\/covasna45.ro\/","name":"covasna45.ro","description":"","publisher":{"@id":"https:\/\/covasna45.ro\/#organization"},"potentialAction":[{"@type":"SearchAction","target":{"@type":"EntryPoint","urlTemplate":"https:\/\/covasna45.ro\/?s={search_term_string}"},"query-input":{"@type":"PropertyValueSpecification","valueRequired":true,"valueName":"search_term_string"}}],"inLanguage":"ro-RO"},{"@type":"Organization","@id":"https:\/\/covasna45.ro\/#organization","name":"covasna45.ro","url":"https:\/\/covasna45.ro\/","logo":{"@type":"ImageObject","inLanguage":"ro-RO","@id":"https:\/\/covasna45.ro\/#\/schema\/logo\/image\/","url":"https:\/\/covasna45.ro\/wp-content\/uploads\/2023\/01\/icon_logo.png","contentUrl":"https:\/\/covasna45.ro\/wp-content\/uploads\/2023\/01\/icon_logo.png","width":1900,"height":1900,"caption":"covasna45.ro"},"image":{"@id":"https:\/\/covasna45.ro\/#\/schema\/logo\/image\/"}},{"@type":"Person","@id":"https:\/\/covasna45.ro\/#\/schema\/person\/e674052bd7d95d70bbb007a1060ab73c","name":"Covasna45","image":{"@type":"ImageObject","inLanguage":"ro-RO","@id":"https:\/\/covasna45.ro\/wp-content\/uploads\/2025\/10\/icon_logo_covasna45-150x150.png","url":"https:\/\/covasna45.ro\/wp-content\/uploads\/2025\/10\/icon_logo_covasna45-150x150.png","contentUrl":"https:\/\/covasna45.ro\/wp-content\/uploads\/2025\/10\/icon_logo_covasna45-150x150.png","caption":"Covasna45"},"sameAs":["https:\/\/covasna45.ro"],"url":"https:\/\/covasna45.ro\/index.php\/author\/covasna\/"}]}},"_links":{"self":[{"href":"https:\/\/covasna45.ro\/index.php\/wp-json\/wp\/v2\/posts\/7817","targetHints":{"allow":["GET"]}}],"collection":[{"href":"https:\/\/covasna45.ro\/index.php\/wp-json\/wp\/v2\/posts"}],"about":[{"href":"https:\/\/covasna45.ro\/index.php\/wp-json\/wp\/v2\/types\/post"}],"author":[{"embeddable":true,"href":"https:\/\/covasna45.ro\/index.php\/wp-json\/wp\/v2\/users\/1"}],"replies":[{"embeddable":true,"href":"https:\/\/covasna45.ro\/index.php\/wp-json\/wp\/v2\/comments?post=7817"}],"version-history":[{"count":1,"href":"https:\/\/covasna45.ro\/index.php\/wp-json\/wp\/v2\/posts\/7817\/revisions"}],"predecessor-version":[{"id":7819,"href":"https:\/\/covasna45.ro\/index.php\/wp-json\/wp\/v2\/posts\/7817\/revisions\/7819"}],"wp:featuredmedia":[{"embeddable":true,"href":"https:\/\/covasna45.ro\/index.php\/wp-json\/wp\/v2\/media\/7818"}],"wp:attachment":[{"href":"https:\/\/covasna45.ro\/index.php\/wp-json\/wp\/v2\/media?parent=7817"}],"wp:term":[{"taxonomy":"category","embeddable":true,"href":"https:\/\/covasna45.ro\/index.php\/wp-json\/wp\/v2\/categories?post=7817"},{"taxonomy":"post_tag","embeddable":true,"href":"https:\/\/covasna45.ro\/index.php\/wp-json\/wp\/v2\/tags?post=7817"}],"curies":[{"name":"wp","href":"https:\/\/api.w.org\/{rel}","templated":true}]}}