{"id":7954,"date":"2024-09-24T08:15:16","date_gmt":"2024-09-24T06:15:16","guid":{"rendered":"https:\/\/covasna45.ro\/?p=7954"},"modified":"2024-09-24T08:15:16","modified_gmt":"2024-09-24T06:15:16","slug":"sarbatoare-in-comuna-valea-mare-festivalul-valenilor-pe-28-si-29-septembrie","status":"publish","type":"post","link":"https:\/\/covasna45.ro\/index.php\/lumea-noastra\/sarbatoare-in-comuna-valea-mare-festivalul-valenilor-pe-28-si-29-septembrie\/","title":{"rendered":"S\u0103rb\u0103toare \u00een comuna Valea Mare: Festivalul V\u0103lenilor, pe 28 \u0219i 29 septembrie"},"content":{"rendered":"\n<p>Cea de-a treia edi\u021bie a Festivalului V\u0103lenilor, s\u0103rb\u0103toare a comunei Valea Mare, va avea loc la sf\u00e2r\u0219itul acestei s\u0103pt\u0103m\u00e2ni, pe 28 \u0219i 29 septembrie, la zona de picnic a comunei.<\/p>\n\n\n\n<figure class=\"wp-block-image size-large\"><img loading=\"lazy\" decoding=\"async\" width=\"1024\" height=\"577\" src=\"https:\/\/covasna45.ro\/wp-content\/uploads\/2024\/09\/fest-val-1024x577.jpg\" alt=\"\" class=\"wp-image-7955\" srcset=\"https:\/\/covasna45.ro\/wp-content\/uploads\/2024\/09\/fest-val-1024x577.jpg 1024w, https:\/\/covasna45.ro\/wp-content\/uploads\/2024\/09\/fest-val-300x169.jpg 300w, https:\/\/covasna45.ro\/wp-content\/uploads\/2024\/09\/fest-val-768x432.jpg 768w, https:\/\/covasna45.ro\/wp-content\/uploads\/2024\/09\/fest-val-1536x865.jpg 1536w, https:\/\/covasna45.ro\/wp-content\/uploads\/2024\/09\/fest-val-150x84.jpg 150w, https:\/\/covasna45.ro\/wp-content\/uploads\/2024\/09\/fest-val-696x392.jpg 696w, https:\/\/covasna45.ro\/wp-content\/uploads\/2024\/09\/fest-val-1068x601.jpg 1068w, https:\/\/covasna45.ro\/wp-content\/uploads\/2024\/09\/fest-val-1920x1081.jpg 1920w, https:\/\/covasna45.ro\/wp-content\/uploads\/2024\/09\/fest-val.jpg 2000w\" sizes=\"auto, (max-width: 1024px) 100vw, 1024px\" \/><\/figure>\n\n\n\n<p>Programul cuprinde concerte pentru toate gusturile, distrac\u021bii pentru cei mici, bun\u0103t\u0103\u021bi de la produc\u0103torii locali.<\/p>\n\n\n\n<figure class=\"wp-block-image size-large\"><img loading=\"lazy\" decoding=\"async\" width=\"1024\" height=\"647\" src=\"https:\/\/covasna45.ro\/wp-content\/uploads\/2024\/05\/bogdan-vm-1024x647.jpg\" alt=\"\" class=\"wp-image-6191\" srcset=\"https:\/\/covasna45.ro\/wp-content\/uploads\/2024\/05\/bogdan-vm-1024x647.jpg 1024w, https:\/\/covasna45.ro\/wp-content\/uploads\/2024\/05\/bogdan-vm-300x190.jpg 300w, https:\/\/covasna45.ro\/wp-content\/uploads\/2024\/05\/bogdan-vm-768x485.jpg 768w, https:\/\/covasna45.ro\/wp-content\/uploads\/2024\/05\/bogdan-vm-1536x971.jpg 1536w, https:\/\/covasna45.ro\/wp-content\/uploads\/2024\/05\/bogdan-vm-150x95.jpg 150w, https:\/\/covasna45.ro\/wp-content\/uploads\/2024\/05\/bogdan-vm-696x440.jpg 696w, https:\/\/covasna45.ro\/wp-content\/uploads\/2024\/05\/bogdan-vm-1068x675.jpg 1068w, https:\/\/covasna45.ro\/wp-content\/uploads\/2024\/05\/bogdan-vm.jpg 1576w\" sizes=\"auto, (max-width: 1024px) 100vw, 1024px\" \/><\/figure>\n\n\n\n<p>\u201eDragi locuitori \u0219i prieteni ai comunei Valea Mare, v\u0103 invit cu drag s\u0103 participa\u021bi la cea de-a 3-a edi\u021bie a Festivalului V\u0103lenilor, un eveniment creat pentru comunitate, de comunitate. Ne dorim s\u0103 ne bucur\u0103m \u00eempreun\u0103 de tradi\u021biile noastre, de muzic\u0103, dans \u0219i voie bun\u0103. Fiecare edi\u021bie a fost mai frumoas\u0103 datorit\u0103 implic\u0103rii voastre \u0219i sper\u0103m ca \u0219i anul acesta s\u0103 fim la \u00een\u0103l\u021bimea a\u0219tept\u0103rilor voastre. Veni\u021bi al\u0103turi de noi s\u0103 celebr\u0103m spiritul V\u0103lenilor, s\u0103 ne sim\u021bim bine \u0219i s\u0103 construim \u00eempreun\u0103 amintiri de neuitat!\u201d, este mesajul primarului, Bogdan \u0218tefan Marin.<\/p>\n\n\n\n<figure class=\"wp-block-image size-large\"><img loading=\"lazy\" decoding=\"async\" width=\"724\" height=\"1024\" src=\"https:\/\/covasna45.ro\/wp-content\/uploads\/2024\/09\/WhatsApp-Image-2024-09-23-at-19.44.31-1-724x1024.jpeg\" alt=\"\" class=\"wp-image-7956\" srcset=\"https:\/\/covasna45.ro\/wp-content\/uploads\/2024\/09\/WhatsApp-Image-2024-09-23-at-19.44.31-1-724x1024.jpeg 724w, https:\/\/covasna45.ro\/wp-content\/uploads\/2024\/09\/WhatsApp-Image-2024-09-23-at-19.44.31-1-212x300.jpeg 212w, https:\/\/covasna45.ro\/wp-content\/uploads\/2024\/09\/WhatsApp-Image-2024-09-23-at-19.44.31-1-768x1086.jpeg 768w, https:\/\/covasna45.ro\/wp-content\/uploads\/2024\/09\/WhatsApp-Image-2024-09-23-at-19.44.31-1-1086x1536.jpeg 1086w, https:\/\/covasna45.ro\/wp-content\/uploads\/2024\/09\/WhatsApp-Image-2024-09-23-at-19.44.31-1-150x212.jpeg 150w, https:\/\/covasna45.ro\/wp-content\/uploads\/2024\/09\/WhatsApp-Image-2024-09-23-at-19.44.31-1-300x424.jpeg 300w, https:\/\/covasna45.ro\/wp-content\/uploads\/2024\/09\/WhatsApp-Image-2024-09-23-at-19.44.31-1-696x984.jpeg 696w, https:\/\/covasna45.ro\/wp-content\/uploads\/2024\/09\/WhatsApp-Image-2024-09-23-at-19.44.31-1-1068x1511.jpeg 1068w, https:\/\/covasna45.ro\/wp-content\/uploads\/2024\/09\/WhatsApp-Image-2024-09-23-at-19.44.31-1.jpeg 1448w\" sizes=\"auto, (max-width: 724px) 100vw, 724px\" \/><\/figure>\n\n\n\n<p>S\u00e2mb\u0103t\u0103 va urca pe scen\u0103 Andreea B\u0103lan, iar duminic\u0103 soli\u0219tii de muzic\u0103 popular\u0103 Robert T\u00e2rn\u0103veanu, Emilia Ghinescu \u0219i Gelu Voicu.<\/p>\n\n\n\n<figure class=\"wp-block-image size-large\"><img loading=\"lazy\" decoding=\"async\" width=\"820\" height=\"1024\" src=\"https:\/\/covasna45.ro\/wp-content\/uploads\/2024\/09\/ab-820x1024.jpg\" alt=\"\" class=\"wp-image-7958\" srcset=\"https:\/\/covasna45.ro\/wp-content\/uploads\/2024\/09\/ab-820x1024.jpg 820w, https:\/\/covasna45.ro\/wp-content\/uploads\/2024\/09\/ab-240x300.jpg 240w, https:\/\/covasna45.ro\/wp-content\/uploads\/2024\/09\/ab-768x959.jpg 768w, https:\/\/covasna45.ro\/wp-content\/uploads\/2024\/09\/ab-1229x1536.jpg 1229w, https:\/\/covasna45.ro\/wp-content\/uploads\/2024\/09\/ab-150x187.jpg 150w, https:\/\/covasna45.ro\/wp-content\/uploads\/2024\/09\/ab-300x375.jpg 300w, https:\/\/covasna45.ro\/wp-content\/uploads\/2024\/09\/ab-696x870.jpg 696w, https:\/\/covasna45.ro\/wp-content\/uploads\/2024\/09\/ab-1068x1334.jpg 1068w, https:\/\/covasna45.ro\/wp-content\/uploads\/2024\/09\/ab.jpg 1440w\" sizes=\"auto, (max-width: 820px) 100vw, 820px\" \/><\/figure>\n\n\n\n<p>Din program nu vor lipsi ansamblurile de c\u00e2ntece \u0219i dansuri din jude\u021b \u2013 Zagon, Barcani, Covasna, V\u00e2lcele.<\/p>\n\n\n\n<figure class=\"wp-block-image size-large\"><img loading=\"lazy\" decoding=\"async\" width=\"724\" height=\"1024\" src=\"https:\/\/covasna45.ro\/wp-content\/uploads\/2024\/09\/WhatsApp-Image-2024-09-23-at-19.44.31-724x1024.jpeg\" alt=\"\" class=\"wp-image-7957\" srcset=\"https:\/\/covasna45.ro\/wp-content\/uploads\/2024\/09\/WhatsApp-Image-2024-09-23-at-19.44.31-724x1024.jpeg 724w, https:\/\/covasna45.ro\/wp-content\/uploads\/2024\/09\/WhatsApp-Image-2024-09-23-at-19.44.31-212x300.jpeg 212w, https:\/\/covasna45.ro\/wp-content\/uploads\/2024\/09\/WhatsApp-Image-2024-09-23-at-19.44.31-768x1086.jpeg 768w, https:\/\/covasna45.ro\/wp-content\/uploads\/2024\/09\/WhatsApp-Image-2024-09-23-at-19.44.31-1087x1536.jpeg 1087w, https:\/\/covasna45.ro\/wp-content\/uploads\/2024\/09\/WhatsApp-Image-2024-09-23-at-19.44.31-150x212.jpeg 150w, https:\/\/covasna45.ro\/wp-content\/uploads\/2024\/09\/WhatsApp-Image-2024-09-23-at-19.44.31-300x424.jpeg 300w, https:\/\/covasna45.ro\/wp-content\/uploads\/2024\/09\/WhatsApp-Image-2024-09-23-at-19.44.31-696x984.jpeg 696w, https:\/\/covasna45.ro\/wp-content\/uploads\/2024\/09\/WhatsApp-Image-2024-09-23-at-19.44.31-1068x1510.jpeg 1068w, https:\/\/covasna45.ro\/wp-content\/uploads\/2024\/09\/WhatsApp-Image-2024-09-23-at-19.44.31.jpeg 1132w\" sizes=\"auto, (max-width: 724px) 100vw, 724px\" \/><\/figure>\n\n\n\n<p>Festivalul este organizat de Prim\u0103ria \u0219i Consiliul Local Valea Mare.<\/p>\n","protected":false},"excerpt":{"rendered":"<p>Cea de-a treia edi\u021bie a Festivalului V\u0103lenilor, s\u0103rb\u0103toare a comunei Valea Mare, va avea loc la sf\u00e2r\u0219itul acestei s\u0103pt\u0103m\u00e2ni, pe 28 \u0219i 29 septembrie, la zona de picnic a comunei. Programul cuprinde concerte pentru toate gusturile, distrac\u021bii pentru cei mici, bun\u0103t\u0103\u021bi de la produc\u0103torii locali. \u201eDragi locuitori \u0219i prieteni ai comunei Valea Mare, v\u0103 invit [&hellip;]<\/p>\n","protected":false},"author":1,"featured_media":6192,"comment_status":"open","ping_status":"closed","sticky":false,"template":"","format":"standard","meta":{"tdm_status":"","tdm_grid_status":"","footnotes":""},"categories":[14],"tags":[2773,2448],"class_list":{"0":"post-7954","1":"post","2":"type-post","3":"status-publish","4":"format-standard","5":"has-post-thumbnail","7":"category-lumea-noastra","8":"tag-festivalul-valenilor","9":"tag-valea-mare"},"yoast_head":"<!-- This site is optimized with the Yoast SEO plugin v27.5 - https:\/\/yoast.com\/product\/yoast-seo-wordpress\/ -->\n<title>S\u0103rb\u0103toare \u00een comuna Valea Mare: Festivalul V\u0103lenilor, pe 28 \u0219i 29 septembrie - Covasna45<\/title>\n<meta name=\"description\" content=\"Festivalul V\u0103lenilor a ajuns la cea de-a treia edi\u021bie \u0219i e organizat de Prim\u0103ria \u0219i Consiliul Local Valea Mare.\" \/>\n<meta name=\"robots\" content=\"index, follow, max-snippet:-1, max-image-preview:large, max-video-preview:-1\" \/>\n<link rel=\"canonical\" href=\"https:\/\/covasna45.ro\/index.php\/lumea-noastra\/sarbatoare-in-comuna-valea-mare-festivalul-valenilor-pe-28-si-29-septembrie\/\" \/>\n<meta property=\"og:locale\" content=\"ro_RO\" \/>\n<meta property=\"og:type\" content=\"article\" \/>\n<meta property=\"og:title\" content=\"S\u0103rb\u0103toare \u00een comuna Valea Mare: Festivalul V\u0103lenilor, pe 28 \u0219i 29 septembrie - Covasna45\" \/>\n<meta property=\"og:description\" content=\"Festivalul V\u0103lenilor a ajuns la cea de-a treia edi\u021bie \u0219i e organizat de Prim\u0103ria \u0219i Consiliul Local Valea Mare.\" \/>\n<meta property=\"og:url\" content=\"https:\/\/covasna45.ro\/index.php\/lumea-noastra\/sarbatoare-in-comuna-valea-mare-festivalul-valenilor-pe-28-si-29-septembrie\/\" \/>\n<meta property=\"og:site_name\" content=\"Covasna45\" \/>\n<meta property=\"article:published_time\" content=\"2024-09-24T06:15:16+00:00\" \/>\n<meta property=\"og:image\" content=\"https:\/\/covasna45.ro\/wp-content\/uploads\/2024\/05\/vm2.jpg\" \/>\n\t<meta property=\"og:image:width\" content=\"1522\" \/>\n\t<meta property=\"og:image:height\" content=\"913\" \/>\n\t<meta property=\"og:image:type\" content=\"image\/jpeg\" \/>\n<meta name=\"author\" content=\"Covasna45\" \/>\n<meta name=\"twitter:card\" content=\"summary_large_image\" \/>\n<meta name=\"twitter:label1\" content=\"Scris de\" \/>\n\t<meta name=\"twitter:data1\" content=\"Covasna45\" \/>\n\t<meta name=\"twitter:label2\" content=\"Timp estimat pentru citire\" \/>\n\t<meta name=\"twitter:data2\" content=\"3 minute\" \/>\n<script type=\"application\/ld+json\" class=\"yoast-schema-graph\">{\"@context\":\"https:\\\/\\\/schema.org\",\"@graph\":[{\"@type\":\"Article\",\"@id\":\"https:\\\/\\\/covasna45.ro\\\/index.php\\\/lumea-noastra\\\/sarbatoare-in-comuna-valea-mare-festivalul-valenilor-pe-28-si-29-septembrie\\\/#article\",\"isPartOf\":{\"@id\":\"https:\\\/\\\/covasna45.ro\\\/index.php\\\/lumea-noastra\\\/sarbatoare-in-comuna-valea-mare-festivalul-valenilor-pe-28-si-29-septembrie\\\/\"},\"author\":{\"name\":\"Covasna45\",\"@id\":\"https:\\\/\\\/covasna45.ro\\\/#\\\/schema\\\/person\\\/e674052bd7d95d70bbb007a1060ab73c\"},\"headline\":\"S\u0103rb\u0103toare \u00een comuna Valea Mare: Festivalul V\u0103lenilor, pe 28 \u0219i 29 septembrie\",\"datePublished\":\"2024-09-24T06:15:16+00:00\",\"mainEntityOfPage\":{\"@id\":\"https:\\\/\\\/covasna45.ro\\\/index.php\\\/lumea-noastra\\\/sarbatoare-in-comuna-valea-mare-festivalul-valenilor-pe-28-si-29-septembrie\\\/\"},\"wordCount\":231,\"commentCount\":0,\"publisher\":{\"@id\":\"https:\\\/\\\/covasna45.ro\\\/#organization\"},\"image\":{\"@id\":\"https:\\\/\\\/covasna45.ro\\\/index.php\\\/lumea-noastra\\\/sarbatoare-in-comuna-valea-mare-festivalul-valenilor-pe-28-si-29-septembrie\\\/#primaryimage\"},\"thumbnailUrl\":\"https:\\\/\\\/covasna45.ro\\\/wp-content\\\/uploads\\\/2024\\\/05\\\/vm2.jpg\",\"keywords\":[\"Festivalul V\u0103lenilor\",\"valea mare\"],\"articleSection\":[\"Lumea noastr\u0103\"],\"inLanguage\":\"ro-RO\",\"potentialAction\":[{\"@type\":\"CommentAction\",\"name\":\"Comment\",\"target\":[\"https:\\\/\\\/covasna45.ro\\\/index.php\\\/lumea-noastra\\\/sarbatoare-in-comuna-valea-mare-festivalul-valenilor-pe-28-si-29-septembrie\\\/#respond\"]}]},{\"@type\":\"WebPage\",\"@id\":\"https:\\\/\\\/covasna45.ro\\\/index.php\\\/lumea-noastra\\\/sarbatoare-in-comuna-valea-mare-festivalul-valenilor-pe-28-si-29-septembrie\\\/\",\"url\":\"https:\\\/\\\/covasna45.ro\\\/index.php\\\/lumea-noastra\\\/sarbatoare-in-comuna-valea-mare-festivalul-valenilor-pe-28-si-29-septembrie\\\/\",\"name\":\"S\u0103rb\u0103toare \u00een comuna Valea Mare: Festivalul V\u0103lenilor, pe 28 \u0219i 29 septembrie - Covasna45\",\"isPartOf\":{\"@id\":\"https:\\\/\\\/covasna45.ro\\\/#website\"},\"primaryImageOfPage\":{\"@id\":\"https:\\\/\\\/covasna45.ro\\\/index.php\\\/lumea-noastra\\\/sarbatoare-in-comuna-valea-mare-festivalul-valenilor-pe-28-si-29-septembrie\\\/#primaryimage\"},\"image\":{\"@id\":\"https:\\\/\\\/covasna45.ro\\\/index.php\\\/lumea-noastra\\\/sarbatoare-in-comuna-valea-mare-festivalul-valenilor-pe-28-si-29-septembrie\\\/#primaryimage\"},\"thumbnailUrl\":\"https:\\\/\\\/covasna45.ro\\\/wp-content\\\/uploads\\\/2024\\\/05\\\/vm2.jpg\",\"datePublished\":\"2024-09-24T06:15:16+00:00\",\"description\":\"Festivalul V\u0103lenilor a ajuns la cea de-a treia edi\u021bie \u0219i e organizat de Prim\u0103ria \u0219i Consiliul Local Valea Mare.\",\"breadcrumb\":{\"@id\":\"https:\\\/\\\/covasna45.ro\\\/index.php\\\/lumea-noastra\\\/sarbatoare-in-comuna-valea-mare-festivalul-valenilor-pe-28-si-29-septembrie\\\/#breadcrumb\"},\"inLanguage\":\"ro-RO\",\"potentialAction\":[{\"@type\":\"ReadAction\",\"target\":[\"https:\\\/\\\/covasna45.ro\\\/index.php\\\/lumea-noastra\\\/sarbatoare-in-comuna-valea-mare-festivalul-valenilor-pe-28-si-29-septembrie\\\/\"]}]},{\"@type\":\"ImageObject\",\"inLanguage\":\"ro-RO\",\"@id\":\"https:\\\/\\\/covasna45.ro\\\/index.php\\\/lumea-noastra\\\/sarbatoare-in-comuna-valea-mare-festivalul-valenilor-pe-28-si-29-septembrie\\\/#primaryimage\",\"url\":\"https:\\\/\\\/covasna45.ro\\\/wp-content\\\/uploads\\\/2024\\\/05\\\/vm2.jpg\",\"contentUrl\":\"https:\\\/\\\/covasna45.ro\\\/wp-content\\\/uploads\\\/2024\\\/05\\\/vm2.jpg\",\"width\":1522,\"height\":913},{\"@type\":\"BreadcrumbList\",\"@id\":\"https:\\\/\\\/covasna45.ro\\\/index.php\\\/lumea-noastra\\\/sarbatoare-in-comuna-valea-mare-festivalul-valenilor-pe-28-si-29-septembrie\\\/#breadcrumb\",\"itemListElement\":[{\"@type\":\"ListItem\",\"position\":1,\"name\":\"Prima pagin\u0103\",\"item\":\"https:\\\/\\\/covasna45.ro\\\/\"},{\"@type\":\"ListItem\",\"position\":2,\"name\":\"S\u0103rb\u0103toare \u00een comuna Valea Mare: Festivalul V\u0103lenilor, pe 28 \u0219i 29 septembrie\"}]},{\"@type\":\"WebSite\",\"@id\":\"https:\\\/\\\/covasna45.ro\\\/#website\",\"url\":\"https:\\\/\\\/covasna45.ro\\\/\",\"name\":\"covasna45.ro\",\"description\":\"\",\"publisher\":{\"@id\":\"https:\\\/\\\/covasna45.ro\\\/#organization\"},\"potentialAction\":[{\"@type\":\"SearchAction\",\"target\":{\"@type\":\"EntryPoint\",\"urlTemplate\":\"https:\\\/\\\/covasna45.ro\\\/?s={search_term_string}\"},\"query-input\":{\"@type\":\"PropertyValueSpecification\",\"valueRequired\":true,\"valueName\":\"search_term_string\"}}],\"inLanguage\":\"ro-RO\"},{\"@type\":\"Organization\",\"@id\":\"https:\\\/\\\/covasna45.ro\\\/#organization\",\"name\":\"covasna45.ro\",\"url\":\"https:\\\/\\\/covasna45.ro\\\/\",\"logo\":{\"@type\":\"ImageObject\",\"inLanguage\":\"ro-RO\",\"@id\":\"https:\\\/\\\/covasna45.ro\\\/#\\\/schema\\\/logo\\\/image\\\/\",\"url\":\"https:\\\/\\\/covasna45.ro\\\/wp-content\\\/uploads\\\/2023\\\/01\\\/icon_logo.png\",\"contentUrl\":\"https:\\\/\\\/covasna45.ro\\\/wp-content\\\/uploads\\\/2023\\\/01\\\/icon_logo.png\",\"width\":1900,\"height\":1900,\"caption\":\"covasna45.ro\"},\"image\":{\"@id\":\"https:\\\/\\\/covasna45.ro\\\/#\\\/schema\\\/logo\\\/image\\\/\"}},{\"@type\":\"Person\",\"@id\":\"https:\\\/\\\/covasna45.ro\\\/#\\\/schema\\\/person\\\/e674052bd7d95d70bbb007a1060ab73c\",\"name\":\"Covasna45\",\"image\":{\"@type\":\"ImageObject\",\"inLanguage\":\"ro-RO\",\"@id\":\"https:\\\/\\\/covasna45.ro\\\/wp-content\\\/uploads\\\/2025\\\/10\\\/icon_logo_covasna45-150x150.png\",\"url\":\"https:\\\/\\\/covasna45.ro\\\/wp-content\\\/uploads\\\/2025\\\/10\\\/icon_logo_covasna45-150x150.png\",\"contentUrl\":\"https:\\\/\\\/covasna45.ro\\\/wp-content\\\/uploads\\\/2025\\\/10\\\/icon_logo_covasna45-150x150.png\",\"caption\":\"Covasna45\"},\"sameAs\":[\"https:\\\/\\\/covasna45.ro\"],\"url\":\"https:\\\/\\\/covasna45.ro\\\/index.php\\\/author\\\/covasna\\\/\"}]}<\/script>\n<!-- \/ Yoast SEO plugin. -->","yoast_head_json":{"title":"S\u0103rb\u0103toare \u00een comuna Valea Mare: Festivalul V\u0103lenilor, pe 28 \u0219i 29 septembrie - Covasna45","description":"Festivalul V\u0103lenilor a ajuns la cea de-a treia edi\u021bie \u0219i e organizat de Prim\u0103ria \u0219i Consiliul Local Valea Mare.","robots":{"index":"index","follow":"follow","max-snippet":"max-snippet:-1","max-image-preview":"max-image-preview:large","max-video-preview":"max-video-preview:-1"},"canonical":"https:\/\/covasna45.ro\/index.php\/lumea-noastra\/sarbatoare-in-comuna-valea-mare-festivalul-valenilor-pe-28-si-29-septembrie\/","og_locale":"ro_RO","og_type":"article","og_title":"S\u0103rb\u0103toare \u00een comuna Valea Mare: Festivalul V\u0103lenilor, pe 28 \u0219i 29 septembrie - Covasna45","og_description":"Festivalul V\u0103lenilor a ajuns la cea de-a treia edi\u021bie \u0219i e organizat de Prim\u0103ria \u0219i Consiliul Local Valea Mare.","og_url":"https:\/\/covasna45.ro\/index.php\/lumea-noastra\/sarbatoare-in-comuna-valea-mare-festivalul-valenilor-pe-28-si-29-septembrie\/","og_site_name":"Covasna45","article_published_time":"2024-09-24T06:15:16+00:00","og_image":[{"width":1522,"height":913,"url":"https:\/\/covasna45.ro\/wp-content\/uploads\/2024\/05\/vm2.jpg","type":"image\/jpeg"}],"author":"Covasna45","twitter_card":"summary_large_image","twitter_misc":{"Scris de":"Covasna45","Timp estimat pentru citire":"3 minute"},"schema":{"@context":"https:\/\/schema.org","@graph":[{"@type":"Article","@id":"https:\/\/covasna45.ro\/index.php\/lumea-noastra\/sarbatoare-in-comuna-valea-mare-festivalul-valenilor-pe-28-si-29-septembrie\/#article","isPartOf":{"@id":"https:\/\/covasna45.ro\/index.php\/lumea-noastra\/sarbatoare-in-comuna-valea-mare-festivalul-valenilor-pe-28-si-29-septembrie\/"},"author":{"name":"Covasna45","@id":"https:\/\/covasna45.ro\/#\/schema\/person\/e674052bd7d95d70bbb007a1060ab73c"},"headline":"S\u0103rb\u0103toare \u00een comuna Valea Mare: Festivalul V\u0103lenilor, pe 28 \u0219i 29 septembrie","datePublished":"2024-09-24T06:15:16+00:00","mainEntityOfPage":{"@id":"https:\/\/covasna45.ro\/index.php\/lumea-noastra\/sarbatoare-in-comuna-valea-mare-festivalul-valenilor-pe-28-si-29-septembrie\/"},"wordCount":231,"commentCount":0,"publisher":{"@id":"https:\/\/covasna45.ro\/#organization"},"image":{"@id":"https:\/\/covasna45.ro\/index.php\/lumea-noastra\/sarbatoare-in-comuna-valea-mare-festivalul-valenilor-pe-28-si-29-septembrie\/#primaryimage"},"thumbnailUrl":"https:\/\/covasna45.ro\/wp-content\/uploads\/2024\/05\/vm2.jpg","keywords":["Festivalul V\u0103lenilor","valea mare"],"articleSection":["Lumea noastr\u0103"],"inLanguage":"ro-RO","potentialAction":[{"@type":"CommentAction","name":"Comment","target":["https:\/\/covasna45.ro\/index.php\/lumea-noastra\/sarbatoare-in-comuna-valea-mare-festivalul-valenilor-pe-28-si-29-septembrie\/#respond"]}]},{"@type":"WebPage","@id":"https:\/\/covasna45.ro\/index.php\/lumea-noastra\/sarbatoare-in-comuna-valea-mare-festivalul-valenilor-pe-28-si-29-septembrie\/","url":"https:\/\/covasna45.ro\/index.php\/lumea-noastra\/sarbatoare-in-comuna-valea-mare-festivalul-valenilor-pe-28-si-29-septembrie\/","name":"S\u0103rb\u0103toare \u00een comuna Valea Mare: Festivalul V\u0103lenilor, pe 28 \u0219i 29 septembrie - Covasna45","isPartOf":{"@id":"https:\/\/covasna45.ro\/#website"},"primaryImageOfPage":{"@id":"https:\/\/covasna45.ro\/index.php\/lumea-noastra\/sarbatoare-in-comuna-valea-mare-festivalul-valenilor-pe-28-si-29-septembrie\/#primaryimage"},"image":{"@id":"https:\/\/covasna45.ro\/index.php\/lumea-noastra\/sarbatoare-in-comuna-valea-mare-festivalul-valenilor-pe-28-si-29-septembrie\/#primaryimage"},"thumbnailUrl":"https:\/\/covasna45.ro\/wp-content\/uploads\/2024\/05\/vm2.jpg","datePublished":"2024-09-24T06:15:16+00:00","description":"Festivalul V\u0103lenilor a ajuns la cea de-a treia edi\u021bie \u0219i e organizat de Prim\u0103ria \u0219i Consiliul Local Valea Mare.","breadcrumb":{"@id":"https:\/\/covasna45.ro\/index.php\/lumea-noastra\/sarbatoare-in-comuna-valea-mare-festivalul-valenilor-pe-28-si-29-septembrie\/#breadcrumb"},"inLanguage":"ro-RO","potentialAction":[{"@type":"ReadAction","target":["https:\/\/covasna45.ro\/index.php\/lumea-noastra\/sarbatoare-in-comuna-valea-mare-festivalul-valenilor-pe-28-si-29-septembrie\/"]}]},{"@type":"ImageObject","inLanguage":"ro-RO","@id":"https:\/\/covasna45.ro\/index.php\/lumea-noastra\/sarbatoare-in-comuna-valea-mare-festivalul-valenilor-pe-28-si-29-septembrie\/#primaryimage","url":"https:\/\/covasna45.ro\/wp-content\/uploads\/2024\/05\/vm2.jpg","contentUrl":"https:\/\/covasna45.ro\/wp-content\/uploads\/2024\/05\/vm2.jpg","width":1522,"height":913},{"@type":"BreadcrumbList","@id":"https:\/\/covasna45.ro\/index.php\/lumea-noastra\/sarbatoare-in-comuna-valea-mare-festivalul-valenilor-pe-28-si-29-septembrie\/#breadcrumb","itemListElement":[{"@type":"ListItem","position":1,"name":"Prima pagin\u0103","item":"https:\/\/covasna45.ro\/"},{"@type":"ListItem","position":2,"name":"S\u0103rb\u0103toare \u00een comuna Valea Mare: Festivalul V\u0103lenilor, pe 28 \u0219i 29 septembrie"}]},{"@type":"WebSite","@id":"https:\/\/covasna45.ro\/#website","url":"https:\/\/covasna45.ro\/","name":"covasna45.ro","description":"","publisher":{"@id":"https:\/\/covasna45.ro\/#organization"},"potentialAction":[{"@type":"SearchAction","target":{"@type":"EntryPoint","urlTemplate":"https:\/\/covasna45.ro\/?s={search_term_string}"},"query-input":{"@type":"PropertyValueSpecification","valueRequired":true,"valueName":"search_term_string"}}],"inLanguage":"ro-RO"},{"@type":"Organization","@id":"https:\/\/covasna45.ro\/#organization","name":"covasna45.ro","url":"https:\/\/covasna45.ro\/","logo":{"@type":"ImageObject","inLanguage":"ro-RO","@id":"https:\/\/covasna45.ro\/#\/schema\/logo\/image\/","url":"https:\/\/covasna45.ro\/wp-content\/uploads\/2023\/01\/icon_logo.png","contentUrl":"https:\/\/covasna45.ro\/wp-content\/uploads\/2023\/01\/icon_logo.png","width":1900,"height":1900,"caption":"covasna45.ro"},"image":{"@id":"https:\/\/covasna45.ro\/#\/schema\/logo\/image\/"}},{"@type":"Person","@id":"https:\/\/covasna45.ro\/#\/schema\/person\/e674052bd7d95d70bbb007a1060ab73c","name":"Covasna45","image":{"@type":"ImageObject","inLanguage":"ro-RO","@id":"https:\/\/covasna45.ro\/wp-content\/uploads\/2025\/10\/icon_logo_covasna45-150x150.png","url":"https:\/\/covasna45.ro\/wp-content\/uploads\/2025\/10\/icon_logo_covasna45-150x150.png","contentUrl":"https:\/\/covasna45.ro\/wp-content\/uploads\/2025\/10\/icon_logo_covasna45-150x150.png","caption":"Covasna45"},"sameAs":["https:\/\/covasna45.ro"],"url":"https:\/\/covasna45.ro\/index.php\/author\/covasna\/"}]}},"_links":{"self":[{"href":"https:\/\/covasna45.ro\/index.php\/wp-json\/wp\/v2\/posts\/7954","targetHints":{"allow":["GET"]}}],"collection":[{"href":"https:\/\/covasna45.ro\/index.php\/wp-json\/wp\/v2\/posts"}],"about":[{"href":"https:\/\/covasna45.ro\/index.php\/wp-json\/wp\/v2\/types\/post"}],"author":[{"embeddable":true,"href":"https:\/\/covasna45.ro\/index.php\/wp-json\/wp\/v2\/users\/1"}],"replies":[{"embeddable":true,"href":"https:\/\/covasna45.ro\/index.php\/wp-json\/wp\/v2\/comments?post=7954"}],"version-history":[{"count":1,"href":"https:\/\/covasna45.ro\/index.php\/wp-json\/wp\/v2\/posts\/7954\/revisions"}],"predecessor-version":[{"id":7959,"href":"https:\/\/covasna45.ro\/index.php\/wp-json\/wp\/v2\/posts\/7954\/revisions\/7959"}],"wp:featuredmedia":[{"embeddable":true,"href":"https:\/\/covasna45.ro\/index.php\/wp-json\/wp\/v2\/media\/6192"}],"wp:attachment":[{"href":"https:\/\/covasna45.ro\/index.php\/wp-json\/wp\/v2\/media?parent=7954"}],"wp:term":[{"taxonomy":"category","embeddable":true,"href":"https:\/\/covasna45.ro\/index.php\/wp-json\/wp\/v2\/categories?post=7954"},{"taxonomy":"post_tag","embeddable":true,"href":"https:\/\/covasna45.ro\/index.php\/wp-json\/wp\/v2\/tags?post=7954"}],"curies":[{"name":"wp","href":"https:\/\/api.w.org\/{rel}","templated":true}]}}