{"id":8024,"date":"2024-09-30T09:18:18","date_gmt":"2024-09-30T07:18:18","guid":{"rendered":"https:\/\/covasna45.ro\/?p=8024"},"modified":"2024-09-30T09:26:03","modified_gmt":"2024-09-30T07:26:03","slug":"kurtos-cu-comori-si-targ-de-toamna-cu-120-de-participanti-la-sfantu-gheorghe","status":"publish","type":"post","link":"https:\/\/covasna45.ro\/index.php\/lumea-noastra\/kurtos-cu-comori-si-targ-de-toamna-cu-120-de-participanti-la-sfantu-gheorghe\/","title":{"rendered":"K\u00fcrt\u0151s cu comori \u0219i t\u00e2rg de toamn\u0103 cu 120 de participan\u021bi, la Sf\u00e2ntu Gheorghe"},"content":{"rendered":"\n<p>\u00cen primul weekend din octombrie va avea loc o\u00a0 nou\u0103 edi\u0163ie a Festivalului K\u00fcrt\u0151skal\u00e1cs, de data aceasta fiind organizat simultan cu T\u00e2rgul de toamn\u0103.<\/p>\n\n\n\n<p>\u201e<strong><em>Consolidarea brandului \u021ainutului Secuiesc \u0219i cre\u0219terea calit\u0103\u021bii r\u0103m\u00e2n \u00een continuare obiectivele Festivalului K\u00fcrt\u0151skal\u00e1cs<\/em><\/strong>\u201d, a \u021binut s\u0103 sublinieze pre\u0219edintele Consiliului Jude\u021bean Covasna, Tam\u00e1s S\u00e1ndor, la conferin\u021ba de pres\u0103 dedicat\u0103 celor dou\u0103 evenimente.<\/p>\n\n\n\n<p>Anul acesta se vor \u00eentrece 14 echipe pentru titlul de \u201eK\u00fcrt\u0151skal\u00e1cs-ul anului \u00een \u021ainutul Secuiesc\u201d. Pentru prima dat\u0103 se va coace un k\u00fcrt\u0151s cu comori, iar 120 de me\u0219te\u0219ugari \u0219i produc\u0103tori locali \u00ee\u0219i vor oferi produsele la T\u00e2rgul de Toamn\u0103, au mai anun\u021bat organizatorii.<\/p>\n\n\n\n<figure class=\"wp-block-image size-large\"><img loading=\"lazy\" decoding=\"async\" width=\"1024\" height=\"622\" src=\"https:\/\/covasna45.ro\/wp-content\/uploads\/2024\/09\/ts-festival-1024x622.jpeg\" alt=\"\" class=\"wp-image-8026\" srcset=\"https:\/\/covasna45.ro\/wp-content\/uploads\/2024\/09\/ts-festival-1024x622.jpeg 1024w, https:\/\/covasna45.ro\/wp-content\/uploads\/2024\/09\/ts-festival-300x182.jpeg 300w, https:\/\/covasna45.ro\/wp-content\/uploads\/2024\/09\/ts-festival-768x467.jpeg 768w, https:\/\/covasna45.ro\/wp-content\/uploads\/2024\/09\/ts-festival-1536x934.jpeg 1536w, https:\/\/covasna45.ro\/wp-content\/uploads\/2024\/09\/ts-festival-150x91.jpeg 150w, https:\/\/covasna45.ro\/wp-content\/uploads\/2024\/09\/ts-festival-696x423.jpeg 696w, https:\/\/covasna45.ro\/wp-content\/uploads\/2024\/09\/ts-festival-1068x649.jpeg 1068w, https:\/\/covasna45.ro\/wp-content\/uploads\/2024\/09\/ts-festival.jpeg 1581w\" sizes=\"auto, (max-width: 1024px) 100vw, 1024px\" \/><\/figure>\n\n\n\n<p>Festivalul K\u00fcrt\u0151skal\u00e1cs se va desf\u0103\u0219ura \u00eempreun\u0103 cu T\u00e2rgul de Toamn\u0103 \u00eentre 4 \u0219i 6 octombrie, \u00een Pia\u021ba Central\u0103 din Sf\u00e2ntu Gheorghe, iar evenimentele se vor \u00eencheia duminic\u0103 seara cu un concert Andra.<\/p>\n\n\n\n<p>\u201e<strong><em>K\u00fcrt\u0151skal\u00e1cs \u0219i \u021ainutul Secuiesc sunt inseparabile, iar obiectivul nostru r\u0103m\u00e2ne \u00eent\u0103rirea brandului \u021ainutului Secuiesc, lucru sus\u021binut de festivalul organizat \u00een jurul desertului festiv al secuilor. Dup\u0103 evaluarea juriului din anii trecu\u0163i, putem spune c\u0103 preparatorii de k\u00fcrt\u0151skal\u00e1cs au evoluat mult de-a lungul anilor, pun\u00e2nd tot mai mult accent pe calitate, ceea ce aduce beneficii \u00eentregii regiuni. A\u0219a cum v-a\u021bi obi\u0219nuit deja, \u00een fiecare an venim cu ceva nou \u0219i ne continu\u0103m povestea gastronomic\u0103 av\u00e2nd ca pretext k\u00fcrt\u0151skal\u00e1csul: anul acesta vom coace primul k\u00fcrt\u0151skal\u00e1cs cu comori din \u021ainutul Secuiesc. Nu dezv\u0103luim mai multe, veni\u021bi \u0219i descoperi\u021bi comorile<\/em><\/strong>\u201d, a mai spus Tam\u00e1s S\u00e1ndor.<\/p>\n\n\n\n<h2 class=\"wp-block-heading\">\u201e\u00cen spatele fiec\u0103rui k\u00fcrt\u0151s e un secui\u201d<\/h2>\n\n\n\n<p>\u0218eful CJ a mai spus c\u0103 sunt 2.000 de oameni \u00een jude\u021b care produc \u0219i v\u00e2nd zilnic k\u00fcrt\u0151s.<\/p>\n\n\n\n<p>\u201e<strong><em>Este un brand al nostru, nici nu se poate traduce. \u00cen spatele fiec\u0103rui k\u00fcrt\u0151s se afl\u0103 un secui, oriunde ar fi el produs. Festivalul \u00eenseamn\u0103 focus pe \u021ainutul Secuiesc. Place sau nu place la unii, vor, nu vor, el exist\u0103. Desigur nu este administrativ, pentru c\u0103 nu vrea nimeni s\u0103 rup\u0103 \u021ainutul Secuiesc de pe harta Rom\u00e2niei, dar ca brand turistic el exist\u0103. Iar produsele noastre sunt apreciate. Fiecare vrea s\u0103 cumpere ceva secuiesc, pentru c\u0103 au \u00eencredere\u201d<\/em><\/strong>, a mai punctat Tam\u00e1s S\u00e1ndor.<\/p>\n\n\n\n<figure class=\"wp-block-image size-large\"><img loading=\"lazy\" decoding=\"async\" width=\"1024\" height=\"682\" src=\"https:\/\/covasna45.ro\/wp-content\/uploads\/2024\/09\/kk-tamas-1024x682.jpg\" alt=\"\" class=\"wp-image-8027\" srcset=\"https:\/\/covasna45.ro\/wp-content\/uploads\/2024\/09\/kk-tamas-1024x682.jpg 1024w, https:\/\/covasna45.ro\/wp-content\/uploads\/2024\/09\/kk-tamas-300x200.jpg 300w, https:\/\/covasna45.ro\/wp-content\/uploads\/2024\/09\/kk-tamas-768x512.jpg 768w, https:\/\/covasna45.ro\/wp-content\/uploads\/2024\/09\/kk-tamas-1536x1024.jpg 1536w, https:\/\/covasna45.ro\/wp-content\/uploads\/2024\/09\/kk-tamas-150x100.jpg 150w, https:\/\/covasna45.ro\/wp-content\/uploads\/2024\/09\/kk-tamas-696x464.jpg 696w, https:\/\/covasna45.ro\/wp-content\/uploads\/2024\/09\/kk-tamas-1068x712.jpg 1068w, https:\/\/covasna45.ro\/wp-content\/uploads\/2024\/09\/kk-tamas-1920x1280.jpg 1920w, https:\/\/covasna45.ro\/wp-content\/uploads\/2024\/09\/kk-tamas.jpg 2000w\" sizes=\"auto, (max-width: 1024px) 100vw, 1024px\" \/><figcaption class=\"wp-element-caption\">Foto: Kiss Zsombor<\/figcaption><\/figure>\n\n\n\n<p>El a mai subliniat c\u0103 T\u00e2rgul de Toamn\u0103 \u0219i Festivalul K\u00fcrt\u0151skal\u00e1cs se vor sus\u021bine reciproc, av\u00e2nd valori \u0219i obiective similare: \u201ene putem a\u0219tepta din nou la un eveniment centrat pe familie, bazat pe tradi\u021biile noastre\u201d.<\/p>\n\n\n\n<p>Anul acesta la Festivalul K\u00fcrt\u0151skal\u00e1cs s-au \u00eenscris 14 echipe din 4 jude\u021be, 10 dintre ele au concurat \u0219i \u00een anii anteriori, iar 4 sunt echipe noi. Printre echipele participante se num\u0103r\u0103 cele din Sf\u00e2ntu Gheorghe, Bodo\u0219, S\u00e2ntionlunca, Miercurea Ciuc, Odorheiu Secuiesc, Cet\u0103\u021buia, Cluj-Napoca, S\u00e2nsimion, Jimbor, Lupeni, S\u00e2ngeorgiu&nbsp;de&nbsp;P\u0103dure.<\/p>\n\n\n\n<figure class=\"wp-block-image size-large\"><img loading=\"lazy\" decoding=\"async\" width=\"1024\" height=\"683\" src=\"https:\/\/covasna45.ro\/wp-content\/uploads\/2024\/09\/dejun-1024x683.jpg\" alt=\"\" class=\"wp-image-8028\" srcset=\"https:\/\/covasna45.ro\/wp-content\/uploads\/2024\/09\/dejun-1024x683.jpg 1024w, https:\/\/covasna45.ro\/wp-content\/uploads\/2024\/09\/dejun-300x200.jpg 300w, https:\/\/covasna45.ro\/wp-content\/uploads\/2024\/09\/dejun-768x512.jpg 768w, https:\/\/covasna45.ro\/wp-content\/uploads\/2024\/09\/dejun-1536x1024.jpg 1536w, https:\/\/covasna45.ro\/wp-content\/uploads\/2024\/09\/dejun-2048x1366.jpg 2048w, https:\/\/covasna45.ro\/wp-content\/uploads\/2024\/09\/dejun-150x100.jpg 150w, https:\/\/covasna45.ro\/wp-content\/uploads\/2024\/09\/dejun-696x464.jpg 696w, https:\/\/covasna45.ro\/wp-content\/uploads\/2024\/09\/dejun-1068x712.jpg 1068w, https:\/\/covasna45.ro\/wp-content\/uploads\/2024\/09\/dejun-1920x1280.jpg 1920w\" sizes=\"auto, (max-width: 1024px) 100vw, 1024px\" \/><\/figure>\n\n\n\n<h2 class=\"wp-block-heading\">Mare mic dejun dulce<\/h2>\n\n\n\n<p>\u201e<strong><em>Echipele concurente vor coace s\u00e2mb\u0103t\u0103 k\u00fcrt\u0151s tradi\u021bional, iar duminic\u0103 k\u00fcrt\u0151s modern, reinterpretat, care va fi evaluat de un juriu profesionist pe baza unui sistem strict de punctaj. Sponsorii no\u0219tri principali sunt Gusturi boiere\u015fti, Gyermelyi \u0219i Ataplast. Vom organiza din nou \u201emarele mic dejun dulce\u201d, care anul trecut a fost un mare succes, cu peste 200 de participan\u021bi. Sper\u0103m s\u0103 avem acela\u0219i interes \u0219i anul acesta, iar ingredientele vor fi asigurate de K\u00e9zdi Lacto Coop, Paperline \u0219i flor\u0103ria D\u00e1vid. Ca premier\u0103 absolut\u0103, vom coace primul k\u00fcrt\u0151s cu comori din \u021ainutul Secuiesc, \u00een parteneriat cu Oltisz Superpast, invit\u00e2nd publicul la o v\u00e2n\u0103toare de comori<\/em><\/strong>\u201d, a explicat directorul Asocia\u021biei Agrosic, Igy\u00e1rt\u00f3 R\u00e9ka.<\/p>\n\n\n\n<figure class=\"wp-block-image size-large\"><img loading=\"lazy\" decoding=\"async\" width=\"1024\" height=\"682\" src=\"https:\/\/covasna45.ro\/wp-content\/uploads\/2024\/09\/kk-fest-1024x682.jpg\" alt=\"\" class=\"wp-image-8029\" srcset=\"https:\/\/covasna45.ro\/wp-content\/uploads\/2024\/09\/kk-fest-1024x682.jpg 1024w, https:\/\/covasna45.ro\/wp-content\/uploads\/2024\/09\/kk-fest-300x200.jpg 300w, https:\/\/covasna45.ro\/wp-content\/uploads\/2024\/09\/kk-fest-768x512.jpg 768w, https:\/\/covasna45.ro\/wp-content\/uploads\/2024\/09\/kk-fest-1536x1024.jpg 1536w, https:\/\/covasna45.ro\/wp-content\/uploads\/2024\/09\/kk-fest-150x100.jpg 150w, https:\/\/covasna45.ro\/wp-content\/uploads\/2024\/09\/kk-fest-696x464.jpg 696w, https:\/\/covasna45.ro\/wp-content\/uploads\/2024\/09\/kk-fest-1068x712.jpg 1068w, https:\/\/covasna45.ro\/wp-content\/uploads\/2024\/09\/kk-fest-1920x1280.jpg 1920w, https:\/\/covasna45.ro\/wp-content\/uploads\/2024\/09\/kk-fest.jpg 2000w\" sizes=\"auto, (max-width: 1024px) 100vw, 1024px\" \/><figcaption class=\"wp-element-caption\">Foto: Kiss Zsombor<\/figcaption><\/figure>\n\n\n\n<p>Pre\u0219edintele juriului este \u0219i \u00een acest an maestrul cofetar Farkas Ferenc. Al\u0103turi de el, juriul este format din J\u00e1nossy Al\u00edz \u2013 jurnalist gastronomic din Gheorgheni, Sz\u0151cs Ilona \u2013 managerul pensiunii Malomkert din Cernat, Bocskor Istv\u00e1n \u2013 maestru brutar din Miercurea Ciuc, Kabai J\u00e1nos \u2013 directorul de produc\u021bie al brut\u0103riei ELDI din T\u00e2rgu Mure\u0219, \u0219i pentru prima dat\u0103 se al\u0103tur\u0103 juriului Csisz\u00e1r Melinda \u2013 fondatoarea \u0219i proprietara cofet\u0103riei S\u00fcti \u00c9den din T\u00e2rgu Secuiesc, care creeaz\u0103 deserturi unice \u0219i pr\u0103jituri cu arome excep\u021bionale.<\/p>\n\n\n\n<h2 class=\"wp-block-heading\">Num\u0103r record de participan\u0163i la T\u00e2rgul de toamn\u0103<\/h2>\n\n\n\n<p>\u201e<strong><em>Suntem \u00eenc\u00e2nta\u021bi c\u0103, de la an la an, din ce \u00een ce mai multe persoane se \u00eenscriu la T\u00e2rgul de Toamn\u0103, ceea ce confirm\u0103 popularitatea evenimentului. Anul acesta, 120 de me\u0219te\u0219ugari, produc\u0103tori \u0219i comercian\u021bi \u00ee\u0219i vor expune produsele. T\u00e2rgul va avea loc \u00een parcarea fostului hotel Bodoc \u0219i pe por\u021biunea de drum din fa\u021ba Prim\u0103riei. Ne-am str\u0103duit s\u0103 p\u0103str\u0103m caracterul popular \u0219i tradi\u021bional al t\u00e2rgului<\/em><\/strong>\u201d, a subliniat directorul Casei de Cultur\u0103 \u201eK\u00f3nya \u00c1d\u00e1m\u201d, Diana Damian.<\/p>\n\n\n\n<figure class=\"wp-block-image size-large\"><img loading=\"lazy\" decoding=\"async\" width=\"1024\" height=\"683\" src=\"https:\/\/covasna45.ro\/wp-content\/uploads\/2024\/09\/diana-1024x683.jpg\" alt=\"\" class=\"wp-image-8032\" srcset=\"https:\/\/covasna45.ro\/wp-content\/uploads\/2024\/09\/diana-1024x683.jpg 1024w, https:\/\/covasna45.ro\/wp-content\/uploads\/2024\/09\/diana-300x200.jpg 300w, https:\/\/covasna45.ro\/wp-content\/uploads\/2024\/09\/diana-768x512.jpg 768w, https:\/\/covasna45.ro\/wp-content\/uploads\/2024\/09\/diana-1536x1024.jpg 1536w, https:\/\/covasna45.ro\/wp-content\/uploads\/2024\/09\/diana-150x100.jpg 150w, https:\/\/covasna45.ro\/wp-content\/uploads\/2024\/09\/diana-696x464.jpg 696w, https:\/\/covasna45.ro\/wp-content\/uploads\/2024\/09\/diana-1068x712.jpg 1068w, https:\/\/covasna45.ro\/wp-content\/uploads\/2024\/09\/diana-1920x1280.jpg 1920w, https:\/\/covasna45.ro\/wp-content\/uploads\/2024\/09\/diana.jpg 2048w\" sizes=\"auto, (max-width: 1024px) 100vw, 1024px\" \/><figcaption class=\"wp-element-caption\">Foto: Kiss Zsombor<\/figcaption><\/figure>\n\n\n\n<p>Pe 4 octombrie, vineri, la ora 17:00, vor \u00eencepe T\u00e2rgul de Toamn\u0103 \u0219i Festivalul K\u00fcrt\u0151skal\u00e1cs cu dansurile copiilor, iar me\u0219te\u0219ugarii, produc\u0103torii locali \u0219i standurile de k\u00fcrt\u0151skal\u00e1cs \u00ee\u0219i vor a\u0219tepta deja cump\u0103r\u0103torii \u00een pia\u021b\u0103. De la ora 18:00, va fi posibil s\u0103 se vad\u0103 cum se prepar\u0103 k\u00fcrt\u0151skal\u00e1csul tradi\u021bional din Cernat. Prima zi se va \u00eencheia cu concertele Cs\u00e1ng\u00e1ll\u00f3 \u0219i 4S STREET.<\/p>\n\n\n\n<figure class=\"wp-block-image size-large\"><img loading=\"lazy\" decoding=\"async\" width=\"1024\" height=\"683\" src=\"https:\/\/covasna45.ro\/wp-content\/uploads\/2024\/09\/conf-fest-1024x683.jpg\" alt=\"\" class=\"wp-image-8030\" srcset=\"https:\/\/covasna45.ro\/wp-content\/uploads\/2024\/09\/conf-fest-1024x683.jpg 1024w, https:\/\/covasna45.ro\/wp-content\/uploads\/2024\/09\/conf-fest-300x200.jpg 300w, https:\/\/covasna45.ro\/wp-content\/uploads\/2024\/09\/conf-fest-768x512.jpg 768w, https:\/\/covasna45.ro\/wp-content\/uploads\/2024\/09\/conf-fest-1536x1024.jpg 1536w, https:\/\/covasna45.ro\/wp-content\/uploads\/2024\/09\/conf-fest-150x100.jpg 150w, https:\/\/covasna45.ro\/wp-content\/uploads\/2024\/09\/conf-fest-696x464.jpg 696w, https:\/\/covasna45.ro\/wp-content\/uploads\/2024\/09\/conf-fest-1068x712.jpg 1068w, https:\/\/covasna45.ro\/wp-content\/uploads\/2024\/09\/conf-fest-1920x1280.jpg 1920w, https:\/\/covasna45.ro\/wp-content\/uploads\/2024\/09\/conf-fest.jpg 2048w\" sizes=\"auto, (max-width: 1024px) 100vw, 1024px\" \/><figcaption class=\"wp-element-caption\">Foto: Kiss Zsombor<\/figcaption><\/figure>\n\n\n\n<h2 class=\"wp-block-heading\">Ateliere pentru copii<\/h2>\n\n\n\n<p>\u00cen diminea\u0163a de s\u00e2mb\u0103t\u0103, 5 octombrie, iubitorii de natur\u0103 sunt invita\u021bi la o excursie pentru culegerea ciupercilor, iar pe parcursul zilei, \u00een parcul Elisabeta vor avea loc ateliere me\u0219te\u0219ug\u0103re\u0219ti, o mini-gr\u0103din\u0103 zoologic\u0103 \u0219i plimb\u0103ri cu ponei \u0219i tr\u0103suri pentru familiile cu copii. Merit\u0103 s\u0103 vizita\u021bi \u0219i cortul unde se va prezenta procesul de preparare a k\u00fcrt\u0151skal\u00e1csului \u0219i informa\u021bii despre acesta. Tot s\u00e2mb\u0103t\u0103 va avea loc competi\u021bia pentru titlul de \u201eK\u00fcrt\u0151skal\u00e1cs-ul anului din \u021ainutul Secuiesc\u201d, iar premierea va \u00eencepe la 15:30.<\/p>\n\n\n\n<p>De la ora 17:30, se va coace primul k\u00fcrt\u0151skal\u00e1cs cu comori din \u021ainutul Secuiesc. \u00cen cea de-a doua zi a festivalului, vor sus\u021bine spectacole ansamblul de dans popular Kincskeres\u0151k, Day By Day \u0219i TNT.<\/p>\n\n\n\n<p>Duminic\u0103, 6 octombrie, vor continua programele destinate copiilor: ateliere me\u0219te\u0219ug\u0103re\u0219ti, mini-gr\u0103din\u0103 zoologic\u0103 \u0219i demonstra\u021bii de preparare a k\u00fcrt\u0151skal\u00e1csului.<\/p>\n\n\n\n<p>La ora 11:00, publicul este invitat la un mic dejun dulce gigant, un program care necesit\u0103 \u00eenregistrare. Dup\u0103 aceea, va \u00eencepe competi\u021bia de k\u00fcrt\u0151s modern, iar premierea va avea loc la ora 17:00. \u00cen ultima zi a T\u00e2rgului de Toamn\u0103 \u0219i Festivalului K\u00fcrt\u0151skal\u00e1cs, vor concerta Tekerg\u0151k, Zanzib\u00e1r \u0219i Andra.<\/p>\n\n\n\n<figure class=\"wp-block-image size-large\"><img loading=\"lazy\" decoding=\"async\" width=\"730\" height=\"1024\" src=\"https:\/\/covasna45.ro\/wp-content\/uploads\/2024\/09\/program-RO-730x1024.jpeg\" alt=\"\" class=\"wp-image-8031\" srcset=\"https:\/\/covasna45.ro\/wp-content\/uploads\/2024\/09\/program-RO-730x1024.jpeg 730w, https:\/\/covasna45.ro\/wp-content\/uploads\/2024\/09\/program-RO-214x300.jpeg 214w, https:\/\/covasna45.ro\/wp-content\/uploads\/2024\/09\/program-RO-768x1078.jpeg 768w, https:\/\/covasna45.ro\/wp-content\/uploads\/2024\/09\/program-RO-1094x1536.jpeg 1094w, https:\/\/covasna45.ro\/wp-content\/uploads\/2024\/09\/program-RO-150x211.jpeg 150w, https:\/\/covasna45.ro\/wp-content\/uploads\/2024\/09\/program-RO-300x421.jpeg 300w, https:\/\/covasna45.ro\/wp-content\/uploads\/2024\/09\/program-RO-696x977.jpeg 696w, https:\/\/covasna45.ro\/wp-content\/uploads\/2024\/09\/program-RO-1068x1499.jpeg 1068w, https:\/\/covasna45.ro\/wp-content\/uploads\/2024\/09\/program-RO.jpeg 1140w\" sizes=\"auto, (max-width: 730px) 100vw, 730px\" \/><\/figure>\n\n\n\n<p><strong><em>Organizatori: Consiliul Jude\u021bean Covasna, Prim\u0103ria Municipiului Sf\u00e2ntu Gheorghe, Asocia\u021bia Agrosic, Casa de Cultur\u0103 \u201eK\u00f3nya \u00c1d\u00e1m\u201d.<\/em><\/strong><\/p>\n","protected":false},"excerpt":{"rendered":"<p>\u00cen primul weekend din octombrie va avea loc o\u00a0 nou\u0103 edi\u0163ie a Festivalului K\u00fcrt\u0151skal\u00e1cs, de data aceasta fiind organizat simultan cu T\u00e2rgul de toamn\u0103. \u201eConsolidarea brandului \u021ainutului Secuiesc \u0219i cre\u0219terea calit\u0103\u021bii r\u0103m\u00e2n \u00een continuare obiectivele Festivalului K\u00fcrt\u0151skal\u00e1cs\u201d, a \u021binut s\u0103 sublinieze pre\u0219edintele Consiliului Jude\u021bean Covasna, Tam\u00e1s S\u00e1ndor, la conferin\u021ba de pres\u0103 dedicat\u0103 celor dou\u0103 evenimente. [&hellip;]<\/p>\n","protected":false},"author":1,"featured_media":8025,"comment_status":"open","ping_status":"closed","sticky":false,"template":"","format":"standard","meta":{"tdm_status":"","tdm_grid_status":"","footnotes":""},"categories":[14],"tags":[2789,2788,2124,696,2790],"class_list":{"0":"post-8024","1":"post","2":"type-post","3":"status-publish","4":"format-standard","5":"has-post-thumbnail","7":"category-lumea-noastra","8":"tag-festivas","9":"tag-kurtos","10":"tag-sfantu-gheorghe-2","11":"tag-tamas-sandor-3","12":"tag-targ-de-toamna"},"yoast_head":"<!-- This site is optimized with the Yoast SEO plugin v27.5 - https:\/\/yoast.com\/product\/yoast-seo-wordpress\/ -->\n<title>K\u00fcrt\u0151s cu comori \u0219i t\u00e2rg de toamn\u0103 cu 120 de participan\u021bi, la Sf\u00e2ntu Gheorghe - Covasna45<\/title>\n<meta name=\"description\" content=\"\u00cen primul weekend din octombrie vor avea loc o\u00a0 nou\u0103 edi\u0163ie a Festivalului K\u00fcrt\u0151skal\u00e1cs, organizat simultan cu T\u00e2rgul de toamn\u0103.\" \/>\n<meta name=\"robots\" content=\"index, follow, max-snippet:-1, max-image-preview:large, max-video-preview:-1\" \/>\n<link rel=\"canonical\" href=\"https:\/\/covasna45.ro\/index.php\/lumea-noastra\/kurtos-cu-comori-si-targ-de-toamna-cu-120-de-participanti-la-sfantu-gheorghe\/\" \/>\n<meta property=\"og:locale\" content=\"ro_RO\" \/>\n<meta property=\"og:type\" content=\"article\" \/>\n<meta property=\"og:title\" content=\"K\u00fcrt\u0151s cu comori \u0219i t\u00e2rg de toamn\u0103 cu 120 de participan\u021bi, la Sf\u00e2ntu Gheorghe - Covasna45\" \/>\n<meta property=\"og:description\" content=\"\u00cen primul weekend din octombrie vor avea loc o\u00a0 nou\u0103 edi\u0163ie a Festivalului K\u00fcrt\u0151skal\u00e1cs, organizat simultan cu T\u00e2rgul de toamn\u0103.\" \/>\n<meta property=\"og:url\" content=\"https:\/\/covasna45.ro\/index.php\/lumea-noastra\/kurtos-cu-comori-si-targ-de-toamna-cu-120-de-participanti-la-sfantu-gheorghe\/\" \/>\n<meta property=\"og:site_name\" content=\"Covasna45\" \/>\n<meta property=\"article:published_time\" content=\"2024-09-30T07:18:18+00:00\" \/>\n<meta property=\"article:modified_time\" content=\"2024-09-30T07:26:03+00:00\" \/>\n<meta property=\"og:image\" content=\"https:\/\/covasna45.ro\/wp-content\/uploads\/2024\/09\/kk-festiva.jpg\" \/>\n\t<meta property=\"og:image:width\" content=\"1913\" \/>\n\t<meta property=\"og:image:height\" content=\"981\" \/>\n\t<meta property=\"og:image:type\" content=\"image\/jpeg\" \/>\n<meta name=\"author\" content=\"Covasna45\" \/>\n<meta name=\"twitter:card\" content=\"summary_large_image\" \/>\n<meta name=\"twitter:label1\" content=\"Scris de\" \/>\n\t<meta name=\"twitter:data1\" content=\"Covasna45\" \/>\n\t<meta name=\"twitter:label2\" content=\"Timp estimat pentru citire\" \/>\n\t<meta name=\"twitter:data2\" content=\"7 minute\" \/>\n<script type=\"application\/ld+json\" class=\"yoast-schema-graph\">{\"@context\":\"https:\\\/\\\/schema.org\",\"@graph\":[{\"@type\":\"Article\",\"@id\":\"https:\\\/\\\/covasna45.ro\\\/index.php\\\/lumea-noastra\\\/kurtos-cu-comori-si-targ-de-toamna-cu-120-de-participanti-la-sfantu-gheorghe\\\/#article\",\"isPartOf\":{\"@id\":\"https:\\\/\\\/covasna45.ro\\\/index.php\\\/lumea-noastra\\\/kurtos-cu-comori-si-targ-de-toamna-cu-120-de-participanti-la-sfantu-gheorghe\\\/\"},\"author\":{\"name\":\"Covasna45\",\"@id\":\"https:\\\/\\\/covasna45.ro\\\/#\\\/schema\\\/person\\\/e674052bd7d95d70bbb007a1060ab73c\"},\"headline\":\"K\u00fcrt\u0151s cu comori \u0219i t\u00e2rg de toamn\u0103 cu 120 de participan\u021bi, la Sf\u00e2ntu Gheorghe\",\"datePublished\":\"2024-09-30T07:18:18+00:00\",\"dateModified\":\"2024-09-30T07:26:03+00:00\",\"mainEntityOfPage\":{\"@id\":\"https:\\\/\\\/covasna45.ro\\\/index.php\\\/lumea-noastra\\\/kurtos-cu-comori-si-targ-de-toamna-cu-120-de-participanti-la-sfantu-gheorghe\\\/\"},\"wordCount\":1192,\"commentCount\":0,\"publisher\":{\"@id\":\"https:\\\/\\\/covasna45.ro\\\/#organization\"},\"image\":{\"@id\":\"https:\\\/\\\/covasna45.ro\\\/index.php\\\/lumea-noastra\\\/kurtos-cu-comori-si-targ-de-toamna-cu-120-de-participanti-la-sfantu-gheorghe\\\/#primaryimage\"},\"thumbnailUrl\":\"https:\\\/\\\/covasna45.ro\\\/wp-content\\\/uploads\\\/2024\\\/09\\\/kk-festiva.jpg\",\"keywords\":[\"festiva\u0219\",\"kurtos\",\"Sfantu Gheorghe\",\"Tamas Sandor\",\"targ de toamna\"],\"articleSection\":[\"Lumea noastr\u0103\"],\"inLanguage\":\"ro-RO\",\"potentialAction\":[{\"@type\":\"CommentAction\",\"name\":\"Comment\",\"target\":[\"https:\\\/\\\/covasna45.ro\\\/index.php\\\/lumea-noastra\\\/kurtos-cu-comori-si-targ-de-toamna-cu-120-de-participanti-la-sfantu-gheorghe\\\/#respond\"]}]},{\"@type\":\"WebPage\",\"@id\":\"https:\\\/\\\/covasna45.ro\\\/index.php\\\/lumea-noastra\\\/kurtos-cu-comori-si-targ-de-toamna-cu-120-de-participanti-la-sfantu-gheorghe\\\/\",\"url\":\"https:\\\/\\\/covasna45.ro\\\/index.php\\\/lumea-noastra\\\/kurtos-cu-comori-si-targ-de-toamna-cu-120-de-participanti-la-sfantu-gheorghe\\\/\",\"name\":\"K\u00fcrt\u0151s cu comori \u0219i t\u00e2rg de toamn\u0103 cu 120 de participan\u021bi, la Sf\u00e2ntu Gheorghe - Covasna45\",\"isPartOf\":{\"@id\":\"https:\\\/\\\/covasna45.ro\\\/#website\"},\"primaryImageOfPage\":{\"@id\":\"https:\\\/\\\/covasna45.ro\\\/index.php\\\/lumea-noastra\\\/kurtos-cu-comori-si-targ-de-toamna-cu-120-de-participanti-la-sfantu-gheorghe\\\/#primaryimage\"},\"image\":{\"@id\":\"https:\\\/\\\/covasna45.ro\\\/index.php\\\/lumea-noastra\\\/kurtos-cu-comori-si-targ-de-toamna-cu-120-de-participanti-la-sfantu-gheorghe\\\/#primaryimage\"},\"thumbnailUrl\":\"https:\\\/\\\/covasna45.ro\\\/wp-content\\\/uploads\\\/2024\\\/09\\\/kk-festiva.jpg\",\"datePublished\":\"2024-09-30T07:18:18+00:00\",\"dateModified\":\"2024-09-30T07:26:03+00:00\",\"description\":\"\u00cen primul weekend din octombrie vor avea loc o\u00a0 nou\u0103 edi\u0163ie a Festivalului K\u00fcrt\u0151skal\u00e1cs, organizat simultan cu T\u00e2rgul de toamn\u0103.\",\"breadcrumb\":{\"@id\":\"https:\\\/\\\/covasna45.ro\\\/index.php\\\/lumea-noastra\\\/kurtos-cu-comori-si-targ-de-toamna-cu-120-de-participanti-la-sfantu-gheorghe\\\/#breadcrumb\"},\"inLanguage\":\"ro-RO\",\"potentialAction\":[{\"@type\":\"ReadAction\",\"target\":[\"https:\\\/\\\/covasna45.ro\\\/index.php\\\/lumea-noastra\\\/kurtos-cu-comori-si-targ-de-toamna-cu-120-de-participanti-la-sfantu-gheorghe\\\/\"]}]},{\"@type\":\"ImageObject\",\"inLanguage\":\"ro-RO\",\"@id\":\"https:\\\/\\\/covasna45.ro\\\/index.php\\\/lumea-noastra\\\/kurtos-cu-comori-si-targ-de-toamna-cu-120-de-participanti-la-sfantu-gheorghe\\\/#primaryimage\",\"url\":\"https:\\\/\\\/covasna45.ro\\\/wp-content\\\/uploads\\\/2024\\\/09\\\/kk-festiva.jpg\",\"contentUrl\":\"https:\\\/\\\/covasna45.ro\\\/wp-content\\\/uploads\\\/2024\\\/09\\\/kk-festiva.jpg\",\"width\":1913,\"height\":981},{\"@type\":\"BreadcrumbList\",\"@id\":\"https:\\\/\\\/covasna45.ro\\\/index.php\\\/lumea-noastra\\\/kurtos-cu-comori-si-targ-de-toamna-cu-120-de-participanti-la-sfantu-gheorghe\\\/#breadcrumb\",\"itemListElement\":[{\"@type\":\"ListItem\",\"position\":1,\"name\":\"Prima pagin\u0103\",\"item\":\"https:\\\/\\\/covasna45.ro\\\/\"},{\"@type\":\"ListItem\",\"position\":2,\"name\":\"K\u00fcrt\u0151s cu comori \u0219i t\u00e2rg de toamn\u0103 cu 120 de participan\u021bi, la Sf\u00e2ntu Gheorghe\"}]},{\"@type\":\"WebSite\",\"@id\":\"https:\\\/\\\/covasna45.ro\\\/#website\",\"url\":\"https:\\\/\\\/covasna45.ro\\\/\",\"name\":\"covasna45.ro\",\"description\":\"\",\"publisher\":{\"@id\":\"https:\\\/\\\/covasna45.ro\\\/#organization\"},\"potentialAction\":[{\"@type\":\"SearchAction\",\"target\":{\"@type\":\"EntryPoint\",\"urlTemplate\":\"https:\\\/\\\/covasna45.ro\\\/?s={search_term_string}\"},\"query-input\":{\"@type\":\"PropertyValueSpecification\",\"valueRequired\":true,\"valueName\":\"search_term_string\"}}],\"inLanguage\":\"ro-RO\"},{\"@type\":\"Organization\",\"@id\":\"https:\\\/\\\/covasna45.ro\\\/#organization\",\"name\":\"covasna45.ro\",\"url\":\"https:\\\/\\\/covasna45.ro\\\/\",\"logo\":{\"@type\":\"ImageObject\",\"inLanguage\":\"ro-RO\",\"@id\":\"https:\\\/\\\/covasna45.ro\\\/#\\\/schema\\\/logo\\\/image\\\/\",\"url\":\"https:\\\/\\\/covasna45.ro\\\/wp-content\\\/uploads\\\/2023\\\/01\\\/icon_logo.png\",\"contentUrl\":\"https:\\\/\\\/covasna45.ro\\\/wp-content\\\/uploads\\\/2023\\\/01\\\/icon_logo.png\",\"width\":1900,\"height\":1900,\"caption\":\"covasna45.ro\"},\"image\":{\"@id\":\"https:\\\/\\\/covasna45.ro\\\/#\\\/schema\\\/logo\\\/image\\\/\"}},{\"@type\":\"Person\",\"@id\":\"https:\\\/\\\/covasna45.ro\\\/#\\\/schema\\\/person\\\/e674052bd7d95d70bbb007a1060ab73c\",\"name\":\"Covasna45\",\"image\":{\"@type\":\"ImageObject\",\"inLanguage\":\"ro-RO\",\"@id\":\"https:\\\/\\\/covasna45.ro\\\/wp-content\\\/uploads\\\/2025\\\/10\\\/icon_logo_covasna45-150x150.png\",\"url\":\"https:\\\/\\\/covasna45.ro\\\/wp-content\\\/uploads\\\/2025\\\/10\\\/icon_logo_covasna45-150x150.png\",\"contentUrl\":\"https:\\\/\\\/covasna45.ro\\\/wp-content\\\/uploads\\\/2025\\\/10\\\/icon_logo_covasna45-150x150.png\",\"caption\":\"Covasna45\"},\"sameAs\":[\"https:\\\/\\\/covasna45.ro\"],\"url\":\"https:\\\/\\\/covasna45.ro\\\/index.php\\\/author\\\/covasna\\\/\"}]}<\/script>\n<!-- \/ Yoast SEO plugin. -->","yoast_head_json":{"title":"K\u00fcrt\u0151s cu comori \u0219i t\u00e2rg de toamn\u0103 cu 120 de participan\u021bi, la Sf\u00e2ntu Gheorghe - Covasna45","description":"\u00cen primul weekend din octombrie vor avea loc o\u00a0 nou\u0103 edi\u0163ie a Festivalului K\u00fcrt\u0151skal\u00e1cs, organizat simultan cu T\u00e2rgul de toamn\u0103.","robots":{"index":"index","follow":"follow","max-snippet":"max-snippet:-1","max-image-preview":"max-image-preview:large","max-video-preview":"max-video-preview:-1"},"canonical":"https:\/\/covasna45.ro\/index.php\/lumea-noastra\/kurtos-cu-comori-si-targ-de-toamna-cu-120-de-participanti-la-sfantu-gheorghe\/","og_locale":"ro_RO","og_type":"article","og_title":"K\u00fcrt\u0151s cu comori \u0219i t\u00e2rg de toamn\u0103 cu 120 de participan\u021bi, la Sf\u00e2ntu Gheorghe - Covasna45","og_description":"\u00cen primul weekend din octombrie vor avea loc o\u00a0 nou\u0103 edi\u0163ie a Festivalului K\u00fcrt\u0151skal\u00e1cs, organizat simultan cu T\u00e2rgul de toamn\u0103.","og_url":"https:\/\/covasna45.ro\/index.php\/lumea-noastra\/kurtos-cu-comori-si-targ-de-toamna-cu-120-de-participanti-la-sfantu-gheorghe\/","og_site_name":"Covasna45","article_published_time":"2024-09-30T07:18:18+00:00","article_modified_time":"2024-09-30T07:26:03+00:00","og_image":[{"width":1913,"height":981,"url":"https:\/\/covasna45.ro\/wp-content\/uploads\/2024\/09\/kk-festiva.jpg","type":"image\/jpeg"}],"author":"Covasna45","twitter_card":"summary_large_image","twitter_misc":{"Scris de":"Covasna45","Timp estimat pentru citire":"7 minute"},"schema":{"@context":"https:\/\/schema.org","@graph":[{"@type":"Article","@id":"https:\/\/covasna45.ro\/index.php\/lumea-noastra\/kurtos-cu-comori-si-targ-de-toamna-cu-120-de-participanti-la-sfantu-gheorghe\/#article","isPartOf":{"@id":"https:\/\/covasna45.ro\/index.php\/lumea-noastra\/kurtos-cu-comori-si-targ-de-toamna-cu-120-de-participanti-la-sfantu-gheorghe\/"},"author":{"name":"Covasna45","@id":"https:\/\/covasna45.ro\/#\/schema\/person\/e674052bd7d95d70bbb007a1060ab73c"},"headline":"K\u00fcrt\u0151s cu comori \u0219i t\u00e2rg de toamn\u0103 cu 120 de participan\u021bi, la Sf\u00e2ntu Gheorghe","datePublished":"2024-09-30T07:18:18+00:00","dateModified":"2024-09-30T07:26:03+00:00","mainEntityOfPage":{"@id":"https:\/\/covasna45.ro\/index.php\/lumea-noastra\/kurtos-cu-comori-si-targ-de-toamna-cu-120-de-participanti-la-sfantu-gheorghe\/"},"wordCount":1192,"commentCount":0,"publisher":{"@id":"https:\/\/covasna45.ro\/#organization"},"image":{"@id":"https:\/\/covasna45.ro\/index.php\/lumea-noastra\/kurtos-cu-comori-si-targ-de-toamna-cu-120-de-participanti-la-sfantu-gheorghe\/#primaryimage"},"thumbnailUrl":"https:\/\/covasna45.ro\/wp-content\/uploads\/2024\/09\/kk-festiva.jpg","keywords":["festiva\u0219","kurtos","Sfantu Gheorghe","Tamas Sandor","targ de toamna"],"articleSection":["Lumea noastr\u0103"],"inLanguage":"ro-RO","potentialAction":[{"@type":"CommentAction","name":"Comment","target":["https:\/\/covasna45.ro\/index.php\/lumea-noastra\/kurtos-cu-comori-si-targ-de-toamna-cu-120-de-participanti-la-sfantu-gheorghe\/#respond"]}]},{"@type":"WebPage","@id":"https:\/\/covasna45.ro\/index.php\/lumea-noastra\/kurtos-cu-comori-si-targ-de-toamna-cu-120-de-participanti-la-sfantu-gheorghe\/","url":"https:\/\/covasna45.ro\/index.php\/lumea-noastra\/kurtos-cu-comori-si-targ-de-toamna-cu-120-de-participanti-la-sfantu-gheorghe\/","name":"K\u00fcrt\u0151s cu comori \u0219i t\u00e2rg de toamn\u0103 cu 120 de participan\u021bi, la Sf\u00e2ntu Gheorghe - Covasna45","isPartOf":{"@id":"https:\/\/covasna45.ro\/#website"},"primaryImageOfPage":{"@id":"https:\/\/covasna45.ro\/index.php\/lumea-noastra\/kurtos-cu-comori-si-targ-de-toamna-cu-120-de-participanti-la-sfantu-gheorghe\/#primaryimage"},"image":{"@id":"https:\/\/covasna45.ro\/index.php\/lumea-noastra\/kurtos-cu-comori-si-targ-de-toamna-cu-120-de-participanti-la-sfantu-gheorghe\/#primaryimage"},"thumbnailUrl":"https:\/\/covasna45.ro\/wp-content\/uploads\/2024\/09\/kk-festiva.jpg","datePublished":"2024-09-30T07:18:18+00:00","dateModified":"2024-09-30T07:26:03+00:00","description":"\u00cen primul weekend din octombrie vor avea loc o\u00a0 nou\u0103 edi\u0163ie a Festivalului K\u00fcrt\u0151skal\u00e1cs, organizat simultan cu T\u00e2rgul de toamn\u0103.","breadcrumb":{"@id":"https:\/\/covasna45.ro\/index.php\/lumea-noastra\/kurtos-cu-comori-si-targ-de-toamna-cu-120-de-participanti-la-sfantu-gheorghe\/#breadcrumb"},"inLanguage":"ro-RO","potentialAction":[{"@type":"ReadAction","target":["https:\/\/covasna45.ro\/index.php\/lumea-noastra\/kurtos-cu-comori-si-targ-de-toamna-cu-120-de-participanti-la-sfantu-gheorghe\/"]}]},{"@type":"ImageObject","inLanguage":"ro-RO","@id":"https:\/\/covasna45.ro\/index.php\/lumea-noastra\/kurtos-cu-comori-si-targ-de-toamna-cu-120-de-participanti-la-sfantu-gheorghe\/#primaryimage","url":"https:\/\/covasna45.ro\/wp-content\/uploads\/2024\/09\/kk-festiva.jpg","contentUrl":"https:\/\/covasna45.ro\/wp-content\/uploads\/2024\/09\/kk-festiva.jpg","width":1913,"height":981},{"@type":"BreadcrumbList","@id":"https:\/\/covasna45.ro\/index.php\/lumea-noastra\/kurtos-cu-comori-si-targ-de-toamna-cu-120-de-participanti-la-sfantu-gheorghe\/#breadcrumb","itemListElement":[{"@type":"ListItem","position":1,"name":"Prima pagin\u0103","item":"https:\/\/covasna45.ro\/"},{"@type":"ListItem","position":2,"name":"K\u00fcrt\u0151s cu comori \u0219i t\u00e2rg de toamn\u0103 cu 120 de participan\u021bi, la Sf\u00e2ntu Gheorghe"}]},{"@type":"WebSite","@id":"https:\/\/covasna45.ro\/#website","url":"https:\/\/covasna45.ro\/","name":"covasna45.ro","description":"","publisher":{"@id":"https:\/\/covasna45.ro\/#organization"},"potentialAction":[{"@type":"SearchAction","target":{"@type":"EntryPoint","urlTemplate":"https:\/\/covasna45.ro\/?s={search_term_string}"},"query-input":{"@type":"PropertyValueSpecification","valueRequired":true,"valueName":"search_term_string"}}],"inLanguage":"ro-RO"},{"@type":"Organization","@id":"https:\/\/covasna45.ro\/#organization","name":"covasna45.ro","url":"https:\/\/covasna45.ro\/","logo":{"@type":"ImageObject","inLanguage":"ro-RO","@id":"https:\/\/covasna45.ro\/#\/schema\/logo\/image\/","url":"https:\/\/covasna45.ro\/wp-content\/uploads\/2023\/01\/icon_logo.png","contentUrl":"https:\/\/covasna45.ro\/wp-content\/uploads\/2023\/01\/icon_logo.png","width":1900,"height":1900,"caption":"covasna45.ro"},"image":{"@id":"https:\/\/covasna45.ro\/#\/schema\/logo\/image\/"}},{"@type":"Person","@id":"https:\/\/covasna45.ro\/#\/schema\/person\/e674052bd7d95d70bbb007a1060ab73c","name":"Covasna45","image":{"@type":"ImageObject","inLanguage":"ro-RO","@id":"https:\/\/covasna45.ro\/wp-content\/uploads\/2025\/10\/icon_logo_covasna45-150x150.png","url":"https:\/\/covasna45.ro\/wp-content\/uploads\/2025\/10\/icon_logo_covasna45-150x150.png","contentUrl":"https:\/\/covasna45.ro\/wp-content\/uploads\/2025\/10\/icon_logo_covasna45-150x150.png","caption":"Covasna45"},"sameAs":["https:\/\/covasna45.ro"],"url":"https:\/\/covasna45.ro\/index.php\/author\/covasna\/"}]}},"_links":{"self":[{"href":"https:\/\/covasna45.ro\/index.php\/wp-json\/wp\/v2\/posts\/8024","targetHints":{"allow":["GET"]}}],"collection":[{"href":"https:\/\/covasna45.ro\/index.php\/wp-json\/wp\/v2\/posts"}],"about":[{"href":"https:\/\/covasna45.ro\/index.php\/wp-json\/wp\/v2\/types\/post"}],"author":[{"embeddable":true,"href":"https:\/\/covasna45.ro\/index.php\/wp-json\/wp\/v2\/users\/1"}],"replies":[{"embeddable":true,"href":"https:\/\/covasna45.ro\/index.php\/wp-json\/wp\/v2\/comments?post=8024"}],"version-history":[{"count":3,"href":"https:\/\/covasna45.ro\/index.php\/wp-json\/wp\/v2\/posts\/8024\/revisions"}],"predecessor-version":[{"id":8036,"href":"https:\/\/covasna45.ro\/index.php\/wp-json\/wp\/v2\/posts\/8024\/revisions\/8036"}],"wp:featuredmedia":[{"embeddable":true,"href":"https:\/\/covasna45.ro\/index.php\/wp-json\/wp\/v2\/media\/8025"}],"wp:attachment":[{"href":"https:\/\/covasna45.ro\/index.php\/wp-json\/wp\/v2\/media?parent=8024"}],"wp:term":[{"taxonomy":"category","embeddable":true,"href":"https:\/\/covasna45.ro\/index.php\/wp-json\/wp\/v2\/categories?post=8024"},{"taxonomy":"post_tag","embeddable":true,"href":"https:\/\/covasna45.ro\/index.php\/wp-json\/wp\/v2\/tags?post=8024"}],"curies":[{"name":"wp","href":"https:\/\/api.w.org\/{rel}","templated":true}]}}