{"id":8066,"date":"2024-10-03T10:49:34","date_gmt":"2024-10-03T08:49:34","guid":{"rendered":"https:\/\/covasna45.ro\/?p=8066"},"modified":"2024-10-03T10:49:35","modified_gmt":"2024-10-03T08:49:35","slug":"ungaria-refuza-sa-trimita-consilieri-militari-in-ucraina","status":"publish","type":"post","link":"https:\/\/covasna45.ro\/index.php\/lumea-larga\/ungaria-refuza-sa-trimita-consilieri-militari-in-ucraina\/","title":{"rendered":"Ungaria refuz\u0103 s\u0103 trimit\u0103 consilieri militari \u00een Ucraina"},"content":{"rendered":"\n<p>Ungaria a respins o nou\u0103 propunere a Uniunii Europene privind desf\u0103\u015furarea de consilieri militari europeni \u00een Ucraina pentru coordonarea activit\u0103\u0163ii de preg\u0103tire a solda\u0163ilor ucraineni. Un astfel de demers comport\u0103 riscul escalad\u0103rii r\u0103zboiului, a declarat miercuri ministrul ungar de externe Peter Szijjarto, potrivit <a href=\"https:\/\/www.agerpres.ro\/politica-externa\/2024\/10\/03\/szijjarto-ungaria-nu-doreste-ca-ue-sa-trimita-consilieri-militari-in-ucraina--1364577\">Agerpres<\/a>.<br><br>\u00cen acest context, \u015feful diploma\u0163iei ungare a evocat c\u0103, \u00een 2022, UE a decis s\u0103 instruiasc\u0103 solda\u0163i ucraineni pe teritoriul statelor membre ale blocului comunitar, amintind c\u0103 Ungaria a decis atunci s\u0103 nu pun\u0103 la dispozi\u0163ie solda\u0163i sau finan\u0163are pentru aceasta \u015fi a respins misiunile de instruire pe teritoriul ungar.<br><br>Dar Ungaria nu a \u00eencercat s\u0103 \u00eempiedice alte state membre s\u0103 ia parte la respectiva ini\u0163iativ\u0103, a men\u0163ionat el.<br><br>De atunci, \u00eens\u0103, la nivelul UE a fost avansat\u0103 \u201eo propunere extrem de periculoas\u0103&#8221; privind trimiterea de consilieri militari \u00een Ucraina pentru a \u00eendeplini sarcini de coordonare, \u00een plus fa\u0163\u0103 de prelungirea mandatului de doi ani al misiunii amintite, a declarat Szijjarto, ad\u0103ug\u00e2nd c\u0103 aceasta comport\u0103 riscul escalad\u0103rii r\u0103zboiului.<br><br>\u201e<strong><em>Este periculos \u015fi pentru Ungaria, c\u0103ci escaladarea &#8230; se produce mai \u00eent\u00e2i \u00een vecin\u0103tate, nu la mii de kilometri distan\u0163\u0103<\/em><\/strong>&#8222;, a remarcat el.<br><br>\u201e<strong><em>Nu putem sus\u0163ine propunerea \u00een forma sa actual\u0103<\/em><\/strong>&#8222;, a spus Szijjarto, men\u0163ion\u00e2nd c\u0103 Ungaria &#8211; care exercit\u0103 \u00een prezent pre\u015fedin\u0163ia semestrial\u0103, prin rota\u0163ie, a Consiliului UE &#8211; a solicitat o revizuire a acesteia.<\/p>\n","protected":false},"excerpt":{"rendered":"<p>Ungaria a respins o nou\u0103 propunere a Uniunii Europene privind desf\u0103\u015furarea de consilieri militari europeni \u00een Ucraina pentru coordonarea activit\u0103\u0163ii de preg\u0103tire a solda\u0163ilor ucraineni. Un astfel de demers comport\u0103 riscul escalad\u0103rii r\u0103zboiului, a declarat miercuri ministrul ungar de externe Peter Szijjarto, potrivit Agerpres. \u00cen acest context, \u015feful diploma\u0163iei ungare a evocat c\u0103, \u00een 2022, [&hellip;]<\/p>\n","protected":false},"author":1,"featured_media":8067,"comment_status":"open","ping_status":"closed","sticky":false,"template":"","format":"standard","meta":{"tdm_status":"","tdm_grid_status":"","footnotes":""},"categories":[10],"tags":[116,108],"class_list":{"0":"post-8066","1":"post","2":"type-post","3":"status-publish","4":"format-standard","5":"has-post-thumbnail","7":"category-lumea-larga","8":"tag-ucraina","9":"tag-ungaria"},"yoast_head":"<!-- This site is optimized with the Yoast SEO plugin v27.5 - https:\/\/yoast.com\/product\/yoast-seo-wordpress\/ -->\n<title>Ungaria refuz\u0103 s\u0103 trimit\u0103 consilieri militari \u00een Ucraina - Covasna45<\/title>\n<meta name=\"description\" content=\"Ungaria a respins o nou\u0103 propunere a Uniunii Europene privind desf\u0103\u015furarea de consilieri militari europeni \u00een Ucraina.\" \/>\n<meta name=\"robots\" content=\"index, follow, max-snippet:-1, max-image-preview:large, max-video-preview:-1\" \/>\n<link rel=\"canonical\" href=\"https:\/\/covasna45.ro\/index.php\/lumea-larga\/ungaria-refuza-sa-trimita-consilieri-militari-in-ucraina\/\" \/>\n<meta property=\"og:locale\" content=\"ro_RO\" \/>\n<meta property=\"og:type\" content=\"article\" \/>\n<meta property=\"og:title\" content=\"Ungaria refuz\u0103 s\u0103 trimit\u0103 consilieri militari \u00een Ucraina - Covasna45\" \/>\n<meta property=\"og:description\" content=\"Ungaria a respins o nou\u0103 propunere a Uniunii Europene privind desf\u0103\u015furarea de consilieri militari europeni \u00een Ucraina.\" \/>\n<meta property=\"og:url\" content=\"https:\/\/covasna45.ro\/index.php\/lumea-larga\/ungaria-refuza-sa-trimita-consilieri-militari-in-ucraina\/\" \/>\n<meta property=\"og:site_name\" content=\"Covasna45\" \/>\n<meta property=\"article:published_time\" content=\"2024-10-03T08:49:34+00:00\" \/>\n<meta property=\"article:modified_time\" content=\"2024-10-03T08:49:35+00:00\" \/>\n<meta property=\"og:image\" content=\"https:\/\/covasna45.ro\/wp-content\/uploads\/2024\/10\/ministru-externe-sjiharto.jpg\" \/>\n\t<meta property=\"og:image:width\" content=\"2048\" \/>\n\t<meta property=\"og:image:height\" content=\"1366\" \/>\n\t<meta property=\"og:image:type\" content=\"image\/jpeg\" \/>\n<meta name=\"author\" content=\"Covasna45\" \/>\n<meta name=\"twitter:card\" content=\"summary_large_image\" \/>\n<meta name=\"twitter:label1\" content=\"Scris de\" \/>\n\t<meta name=\"twitter:data1\" content=\"Covasna45\" \/>\n\t<meta name=\"twitter:label2\" content=\"Timp estimat pentru citire\" \/>\n\t<meta name=\"twitter:data2\" content=\"2 minute\" \/>\n<script type=\"application\/ld+json\" class=\"yoast-schema-graph\">{\"@context\":\"https:\\\/\\\/schema.org\",\"@graph\":[{\"@type\":\"Article\",\"@id\":\"https:\\\/\\\/covasna45.ro\\\/index.php\\\/lumea-larga\\\/ungaria-refuza-sa-trimita-consilieri-militari-in-ucraina\\\/#article\",\"isPartOf\":{\"@id\":\"https:\\\/\\\/covasna45.ro\\\/index.php\\\/lumea-larga\\\/ungaria-refuza-sa-trimita-consilieri-militari-in-ucraina\\\/\"},\"author\":{\"name\":\"Covasna45\",\"@id\":\"https:\\\/\\\/covasna45.ro\\\/#\\\/schema\\\/person\\\/e674052bd7d95d70bbb007a1060ab73c\"},\"headline\":\"Ungaria refuz\u0103 s\u0103 trimit\u0103 consilieri militari \u00een Ucraina\",\"datePublished\":\"2024-10-03T08:49:34+00:00\",\"dateModified\":\"2024-10-03T08:49:35+00:00\",\"mainEntityOfPage\":{\"@id\":\"https:\\\/\\\/covasna45.ro\\\/index.php\\\/lumea-larga\\\/ungaria-refuza-sa-trimita-consilieri-militari-in-ucraina\\\/\"},\"wordCount\":250,\"commentCount\":0,\"publisher\":{\"@id\":\"https:\\\/\\\/covasna45.ro\\\/#organization\"},\"image\":{\"@id\":\"https:\\\/\\\/covasna45.ro\\\/index.php\\\/lumea-larga\\\/ungaria-refuza-sa-trimita-consilieri-militari-in-ucraina\\\/#primaryimage\"},\"thumbnailUrl\":\"https:\\\/\\\/covasna45.ro\\\/wp-content\\\/uploads\\\/2024\\\/10\\\/ministru-externe-sjiharto.jpg\",\"keywords\":[\"Ucraina\",\"Ungaria\"],\"articleSection\":[\"Lumea larg\u0103\"],\"inLanguage\":\"ro-RO\",\"potentialAction\":[{\"@type\":\"CommentAction\",\"name\":\"Comment\",\"target\":[\"https:\\\/\\\/covasna45.ro\\\/index.php\\\/lumea-larga\\\/ungaria-refuza-sa-trimita-consilieri-militari-in-ucraina\\\/#respond\"]}]},{\"@type\":\"WebPage\",\"@id\":\"https:\\\/\\\/covasna45.ro\\\/index.php\\\/lumea-larga\\\/ungaria-refuza-sa-trimita-consilieri-militari-in-ucraina\\\/\",\"url\":\"https:\\\/\\\/covasna45.ro\\\/index.php\\\/lumea-larga\\\/ungaria-refuza-sa-trimita-consilieri-militari-in-ucraina\\\/\",\"name\":\"Ungaria refuz\u0103 s\u0103 trimit\u0103 consilieri militari \u00een Ucraina - Covasna45\",\"isPartOf\":{\"@id\":\"https:\\\/\\\/covasna45.ro\\\/#website\"},\"primaryImageOfPage\":{\"@id\":\"https:\\\/\\\/covasna45.ro\\\/index.php\\\/lumea-larga\\\/ungaria-refuza-sa-trimita-consilieri-militari-in-ucraina\\\/#primaryimage\"},\"image\":{\"@id\":\"https:\\\/\\\/covasna45.ro\\\/index.php\\\/lumea-larga\\\/ungaria-refuza-sa-trimita-consilieri-militari-in-ucraina\\\/#primaryimage\"},\"thumbnailUrl\":\"https:\\\/\\\/covasna45.ro\\\/wp-content\\\/uploads\\\/2024\\\/10\\\/ministru-externe-sjiharto.jpg\",\"datePublished\":\"2024-10-03T08:49:34+00:00\",\"dateModified\":\"2024-10-03T08:49:35+00:00\",\"description\":\"Ungaria a respins o nou\u0103 propunere a Uniunii Europene privind desf\u0103\u015furarea de consilieri militari europeni \u00een Ucraina.\",\"breadcrumb\":{\"@id\":\"https:\\\/\\\/covasna45.ro\\\/index.php\\\/lumea-larga\\\/ungaria-refuza-sa-trimita-consilieri-militari-in-ucraina\\\/#breadcrumb\"},\"inLanguage\":\"ro-RO\",\"potentialAction\":[{\"@type\":\"ReadAction\",\"target\":[\"https:\\\/\\\/covasna45.ro\\\/index.php\\\/lumea-larga\\\/ungaria-refuza-sa-trimita-consilieri-militari-in-ucraina\\\/\"]}]},{\"@type\":\"ImageObject\",\"inLanguage\":\"ro-RO\",\"@id\":\"https:\\\/\\\/covasna45.ro\\\/index.php\\\/lumea-larga\\\/ungaria-refuza-sa-trimita-consilieri-militari-in-ucraina\\\/#primaryimage\",\"url\":\"https:\\\/\\\/covasna45.ro\\\/wp-content\\\/uploads\\\/2024\\\/10\\\/ministru-externe-sjiharto.jpg\",\"contentUrl\":\"https:\\\/\\\/covasna45.ro\\\/wp-content\\\/uploads\\\/2024\\\/10\\\/ministru-externe-sjiharto.jpg\",\"width\":2048,\"height\":1366},{\"@type\":\"BreadcrumbList\",\"@id\":\"https:\\\/\\\/covasna45.ro\\\/index.php\\\/lumea-larga\\\/ungaria-refuza-sa-trimita-consilieri-militari-in-ucraina\\\/#breadcrumb\",\"itemListElement\":[{\"@type\":\"ListItem\",\"position\":1,\"name\":\"Prima pagin\u0103\",\"item\":\"https:\\\/\\\/covasna45.ro\\\/\"},{\"@type\":\"ListItem\",\"position\":2,\"name\":\"Ungaria refuz\u0103 s\u0103 trimit\u0103 consilieri militari \u00een Ucraina\"}]},{\"@type\":\"WebSite\",\"@id\":\"https:\\\/\\\/covasna45.ro\\\/#website\",\"url\":\"https:\\\/\\\/covasna45.ro\\\/\",\"name\":\"covasna45.ro\",\"description\":\"\",\"publisher\":{\"@id\":\"https:\\\/\\\/covasna45.ro\\\/#organization\"},\"potentialAction\":[{\"@type\":\"SearchAction\",\"target\":{\"@type\":\"EntryPoint\",\"urlTemplate\":\"https:\\\/\\\/covasna45.ro\\\/?s={search_term_string}\"},\"query-input\":{\"@type\":\"PropertyValueSpecification\",\"valueRequired\":true,\"valueName\":\"search_term_string\"}}],\"inLanguage\":\"ro-RO\"},{\"@type\":\"Organization\",\"@id\":\"https:\\\/\\\/covasna45.ro\\\/#organization\",\"name\":\"covasna45.ro\",\"url\":\"https:\\\/\\\/covasna45.ro\\\/\",\"logo\":{\"@type\":\"ImageObject\",\"inLanguage\":\"ro-RO\",\"@id\":\"https:\\\/\\\/covasna45.ro\\\/#\\\/schema\\\/logo\\\/image\\\/\",\"url\":\"https:\\\/\\\/covasna45.ro\\\/wp-content\\\/uploads\\\/2023\\\/01\\\/icon_logo.png\",\"contentUrl\":\"https:\\\/\\\/covasna45.ro\\\/wp-content\\\/uploads\\\/2023\\\/01\\\/icon_logo.png\",\"width\":1900,\"height\":1900,\"caption\":\"covasna45.ro\"},\"image\":{\"@id\":\"https:\\\/\\\/covasna45.ro\\\/#\\\/schema\\\/logo\\\/image\\\/\"}},{\"@type\":\"Person\",\"@id\":\"https:\\\/\\\/covasna45.ro\\\/#\\\/schema\\\/person\\\/e674052bd7d95d70bbb007a1060ab73c\",\"name\":\"Covasna45\",\"image\":{\"@type\":\"ImageObject\",\"inLanguage\":\"ro-RO\",\"@id\":\"https:\\\/\\\/covasna45.ro\\\/wp-content\\\/uploads\\\/2025\\\/10\\\/icon_logo_covasna45-150x150.png\",\"url\":\"https:\\\/\\\/covasna45.ro\\\/wp-content\\\/uploads\\\/2025\\\/10\\\/icon_logo_covasna45-150x150.png\",\"contentUrl\":\"https:\\\/\\\/covasna45.ro\\\/wp-content\\\/uploads\\\/2025\\\/10\\\/icon_logo_covasna45-150x150.png\",\"caption\":\"Covasna45\"},\"sameAs\":[\"https:\\\/\\\/covasna45.ro\"],\"url\":\"https:\\\/\\\/covasna45.ro\\\/index.php\\\/author\\\/covasna\\\/\"}]}<\/script>\n<!-- \/ Yoast SEO plugin. -->","yoast_head_json":{"title":"Ungaria refuz\u0103 s\u0103 trimit\u0103 consilieri militari \u00een Ucraina - Covasna45","description":"Ungaria a respins o nou\u0103 propunere a Uniunii Europene privind desf\u0103\u015furarea de consilieri militari europeni \u00een Ucraina.","robots":{"index":"index","follow":"follow","max-snippet":"max-snippet:-1","max-image-preview":"max-image-preview:large","max-video-preview":"max-video-preview:-1"},"canonical":"https:\/\/covasna45.ro\/index.php\/lumea-larga\/ungaria-refuza-sa-trimita-consilieri-militari-in-ucraina\/","og_locale":"ro_RO","og_type":"article","og_title":"Ungaria refuz\u0103 s\u0103 trimit\u0103 consilieri militari \u00een Ucraina - Covasna45","og_description":"Ungaria a respins o nou\u0103 propunere a Uniunii Europene privind desf\u0103\u015furarea de consilieri militari europeni \u00een Ucraina.","og_url":"https:\/\/covasna45.ro\/index.php\/lumea-larga\/ungaria-refuza-sa-trimita-consilieri-militari-in-ucraina\/","og_site_name":"Covasna45","article_published_time":"2024-10-03T08:49:34+00:00","article_modified_time":"2024-10-03T08:49:35+00:00","og_image":[{"width":2048,"height":1366,"url":"https:\/\/covasna45.ro\/wp-content\/uploads\/2024\/10\/ministru-externe-sjiharto.jpg","type":"image\/jpeg"}],"author":"Covasna45","twitter_card":"summary_large_image","twitter_misc":{"Scris de":"Covasna45","Timp estimat pentru citire":"2 minute"},"schema":{"@context":"https:\/\/schema.org","@graph":[{"@type":"Article","@id":"https:\/\/covasna45.ro\/index.php\/lumea-larga\/ungaria-refuza-sa-trimita-consilieri-militari-in-ucraina\/#article","isPartOf":{"@id":"https:\/\/covasna45.ro\/index.php\/lumea-larga\/ungaria-refuza-sa-trimita-consilieri-militari-in-ucraina\/"},"author":{"name":"Covasna45","@id":"https:\/\/covasna45.ro\/#\/schema\/person\/e674052bd7d95d70bbb007a1060ab73c"},"headline":"Ungaria refuz\u0103 s\u0103 trimit\u0103 consilieri militari \u00een Ucraina","datePublished":"2024-10-03T08:49:34+00:00","dateModified":"2024-10-03T08:49:35+00:00","mainEntityOfPage":{"@id":"https:\/\/covasna45.ro\/index.php\/lumea-larga\/ungaria-refuza-sa-trimita-consilieri-militari-in-ucraina\/"},"wordCount":250,"commentCount":0,"publisher":{"@id":"https:\/\/covasna45.ro\/#organization"},"image":{"@id":"https:\/\/covasna45.ro\/index.php\/lumea-larga\/ungaria-refuza-sa-trimita-consilieri-militari-in-ucraina\/#primaryimage"},"thumbnailUrl":"https:\/\/covasna45.ro\/wp-content\/uploads\/2024\/10\/ministru-externe-sjiharto.jpg","keywords":["Ucraina","Ungaria"],"articleSection":["Lumea larg\u0103"],"inLanguage":"ro-RO","potentialAction":[{"@type":"CommentAction","name":"Comment","target":["https:\/\/covasna45.ro\/index.php\/lumea-larga\/ungaria-refuza-sa-trimita-consilieri-militari-in-ucraina\/#respond"]}]},{"@type":"WebPage","@id":"https:\/\/covasna45.ro\/index.php\/lumea-larga\/ungaria-refuza-sa-trimita-consilieri-militari-in-ucraina\/","url":"https:\/\/covasna45.ro\/index.php\/lumea-larga\/ungaria-refuza-sa-trimita-consilieri-militari-in-ucraina\/","name":"Ungaria refuz\u0103 s\u0103 trimit\u0103 consilieri militari \u00een Ucraina - Covasna45","isPartOf":{"@id":"https:\/\/covasna45.ro\/#website"},"primaryImageOfPage":{"@id":"https:\/\/covasna45.ro\/index.php\/lumea-larga\/ungaria-refuza-sa-trimita-consilieri-militari-in-ucraina\/#primaryimage"},"image":{"@id":"https:\/\/covasna45.ro\/index.php\/lumea-larga\/ungaria-refuza-sa-trimita-consilieri-militari-in-ucraina\/#primaryimage"},"thumbnailUrl":"https:\/\/covasna45.ro\/wp-content\/uploads\/2024\/10\/ministru-externe-sjiharto.jpg","datePublished":"2024-10-03T08:49:34+00:00","dateModified":"2024-10-03T08:49:35+00:00","description":"Ungaria a respins o nou\u0103 propunere a Uniunii Europene privind desf\u0103\u015furarea de consilieri militari europeni \u00een Ucraina.","breadcrumb":{"@id":"https:\/\/covasna45.ro\/index.php\/lumea-larga\/ungaria-refuza-sa-trimita-consilieri-militari-in-ucraina\/#breadcrumb"},"inLanguage":"ro-RO","potentialAction":[{"@type":"ReadAction","target":["https:\/\/covasna45.ro\/index.php\/lumea-larga\/ungaria-refuza-sa-trimita-consilieri-militari-in-ucraina\/"]}]},{"@type":"ImageObject","inLanguage":"ro-RO","@id":"https:\/\/covasna45.ro\/index.php\/lumea-larga\/ungaria-refuza-sa-trimita-consilieri-militari-in-ucraina\/#primaryimage","url":"https:\/\/covasna45.ro\/wp-content\/uploads\/2024\/10\/ministru-externe-sjiharto.jpg","contentUrl":"https:\/\/covasna45.ro\/wp-content\/uploads\/2024\/10\/ministru-externe-sjiharto.jpg","width":2048,"height":1366},{"@type":"BreadcrumbList","@id":"https:\/\/covasna45.ro\/index.php\/lumea-larga\/ungaria-refuza-sa-trimita-consilieri-militari-in-ucraina\/#breadcrumb","itemListElement":[{"@type":"ListItem","position":1,"name":"Prima pagin\u0103","item":"https:\/\/covasna45.ro\/"},{"@type":"ListItem","position":2,"name":"Ungaria refuz\u0103 s\u0103 trimit\u0103 consilieri militari \u00een Ucraina"}]},{"@type":"WebSite","@id":"https:\/\/covasna45.ro\/#website","url":"https:\/\/covasna45.ro\/","name":"covasna45.ro","description":"","publisher":{"@id":"https:\/\/covasna45.ro\/#organization"},"potentialAction":[{"@type":"SearchAction","target":{"@type":"EntryPoint","urlTemplate":"https:\/\/covasna45.ro\/?s={search_term_string}"},"query-input":{"@type":"PropertyValueSpecification","valueRequired":true,"valueName":"search_term_string"}}],"inLanguage":"ro-RO"},{"@type":"Organization","@id":"https:\/\/covasna45.ro\/#organization","name":"covasna45.ro","url":"https:\/\/covasna45.ro\/","logo":{"@type":"ImageObject","inLanguage":"ro-RO","@id":"https:\/\/covasna45.ro\/#\/schema\/logo\/image\/","url":"https:\/\/covasna45.ro\/wp-content\/uploads\/2023\/01\/icon_logo.png","contentUrl":"https:\/\/covasna45.ro\/wp-content\/uploads\/2023\/01\/icon_logo.png","width":1900,"height":1900,"caption":"covasna45.ro"},"image":{"@id":"https:\/\/covasna45.ro\/#\/schema\/logo\/image\/"}},{"@type":"Person","@id":"https:\/\/covasna45.ro\/#\/schema\/person\/e674052bd7d95d70bbb007a1060ab73c","name":"Covasna45","image":{"@type":"ImageObject","inLanguage":"ro-RO","@id":"https:\/\/covasna45.ro\/wp-content\/uploads\/2025\/10\/icon_logo_covasna45-150x150.png","url":"https:\/\/covasna45.ro\/wp-content\/uploads\/2025\/10\/icon_logo_covasna45-150x150.png","contentUrl":"https:\/\/covasna45.ro\/wp-content\/uploads\/2025\/10\/icon_logo_covasna45-150x150.png","caption":"Covasna45"},"sameAs":["https:\/\/covasna45.ro"],"url":"https:\/\/covasna45.ro\/index.php\/author\/covasna\/"}]}},"_links":{"self":[{"href":"https:\/\/covasna45.ro\/index.php\/wp-json\/wp\/v2\/posts\/8066","targetHints":{"allow":["GET"]}}],"collection":[{"href":"https:\/\/covasna45.ro\/index.php\/wp-json\/wp\/v2\/posts"}],"about":[{"href":"https:\/\/covasna45.ro\/index.php\/wp-json\/wp\/v2\/types\/post"}],"author":[{"embeddable":true,"href":"https:\/\/covasna45.ro\/index.php\/wp-json\/wp\/v2\/users\/1"}],"replies":[{"embeddable":true,"href":"https:\/\/covasna45.ro\/index.php\/wp-json\/wp\/v2\/comments?post=8066"}],"version-history":[{"count":1,"href":"https:\/\/covasna45.ro\/index.php\/wp-json\/wp\/v2\/posts\/8066\/revisions"}],"predecessor-version":[{"id":8068,"href":"https:\/\/covasna45.ro\/index.php\/wp-json\/wp\/v2\/posts\/8066\/revisions\/8068"}],"wp:featuredmedia":[{"embeddable":true,"href":"https:\/\/covasna45.ro\/index.php\/wp-json\/wp\/v2\/media\/8067"}],"wp:attachment":[{"href":"https:\/\/covasna45.ro\/index.php\/wp-json\/wp\/v2\/media?parent=8066"}],"wp:term":[{"taxonomy":"category","embeddable":true,"href":"https:\/\/covasna45.ro\/index.php\/wp-json\/wp\/v2\/categories?post=8066"},{"taxonomy":"post_tag","embeddable":true,"href":"https:\/\/covasna45.ro\/index.php\/wp-json\/wp\/v2\/tags?post=8066"}],"curies":[{"name":"wp","href":"https:\/\/api.w.org\/{rel}","templated":true}]}}