{"id":8135,"date":"2024-10-08T09:04:06","date_gmt":"2024-10-08T07:04:06","guid":{"rendered":"https:\/\/covasna45.ro\/?p=8135"},"modified":"2024-10-08T09:04:06","modified_gmt":"2024-10-08T07:04:06","slug":"nicolae-ciuca-presedinte-pnl-coalitia-de-guvernare-cu-psd-se-opreste-aici","status":"publish","type":"post","link":"https:\/\/covasna45.ro\/index.php\/lumea-noastra\/nicolae-ciuca-presedinte-pnl-coalitia-de-guvernare-cu-psd-se-opreste-aici\/","title":{"rendered":"Nicolae Ciuc\u0103, pre\u0219edinte PNL: \u201eCoali\u0163ia de guvernare cu PSD se opre\u015fte aici\u201d"},"content":{"rendered":"\n<p>Pre\u015fedintele PNL, Nicolae Ciuc\u0103, a afirmat, asear\u0103, pe contul s\u0103u oficial de Facebook, c\u0103 guvernarea cu PSD \u201ese opre\u015fte aici\u201d, dar c\u0103 liberalii r\u0103m\u00e2n \u00een Guvern \u201edoar pentru a \u00eempiedica escaladarea complet\u0103 a abuzurilor\u201d.<\/p>\n\n\n\n<p>El a men\u021bionat c\u0103 eliminarea din cursa preziden\u021bial\u0103 a Dianei \u0218o\u0219oac\u0103 ar fi fost f\u0103cut\u0103 de judec\u0103torii numi\u021bi de PSD.<\/p>\n\n\n\n<p>\u201eNu comentez decizia CCR, dar consecin\u0163ele ultimei decizii pun un mare semn de \u00eentrebare privind democra\u0163ia din Rom\u00e2nia. Pentru prima dat\u0103 \u00een istoria Rom\u00e2niei, o majoritate de 5 judec\u0103tori, din care 4 numi\u0163i de PSD, a decis c\u0103 cineva nu poate candida. Practic, a fost eliminat la masa verde un adversar politic\u201d, a afirmat Ciuc\u0103.<\/p>\n\n\n\n<p>El a spus c\u0103 acest fapt \u00eei preocup\u0103 pe to\u0163i cei care vor ca Rom\u00e2nia s\u0103 r\u0103m\u00e2n\u0103 un stat democratic.<\/p>\n\n\n\n<p>\u201e<strong><em>Nu m\u0103 preocup\u0103 dac\u0103 PSD se bucur\u0103 de eliminarea unui competitor politic, ci c\u0103 ar putea face lucruri de neimaginat, pentru c\u0103 PSD are \u00een ADN-ul s\u0103u abuzul de putere \u015fi comportamentul de partid-stat. Ast\u0103zi elimin\u0103 un candidat, m\u00e2ine altul, poim\u00e2ine \u00eenchid institu\u0163ii de pres\u0103, iar \u00een final subordoneaz\u0103 politic tot statul rom\u00e2n. M\u0103 voi asigura c\u0103 acest lucru nu se va \u00eent\u00e2mpla \u015fi Rom\u00e2nia nu va intra total pe m\u00e2na PSD<\/em><\/strong>\u201d, a ad\u0103ugat Ciuc\u0103.<\/p>\n\n\n\n<p>El a ar\u0103tat c\u0103 \u201eeste o datorie de onoare \u015fi credin\u0163\u0103\u201d fa\u0163\u0103 de \u0163ar\u0103.<\/p>\n\n\n\n<h2 class=\"wp-block-heading\">PNL nu p\u0103r\u0103se\u0219te \u201eterenul de lupt\u0103\u201d<\/h2>\n\n\n\n<p>\u201e<strong><em>Coali\u0163ia de guvernare cu PSD se opre\u015fte aici. R\u0103m\u00e2nem \u00een Executiv doar pentru a \u00eempiedica escaladarea complet\u0103 a abuzurilor pe care le pot realiza pentru a c\u00e2\u015ftiga alegerile<\/em><\/strong>\u201d, a spus Ciuc\u0103.<\/p>\n\n\n\n<p>Ciuc\u0103 a spus c\u0103 ar fi \u201ecomplet iresponsabil\u201d din partea PNL s\u0103 p\u0103r\u0103seasc\u0103 \u201eterenul de lupt\u0103\u201d \u015fi s\u0103 \u00eei lase pe cei de la PSD \u201es\u0103 \u00eenainteze pe direc\u0163ia pe care au luat-o\u201d.<\/p>\n\n\n\n<p>Liderul liberal a ad\u0103ugat c\u0103, pe de alt\u0103 parte, apreciaz\u0103 demersurile pentru sanc\u0163ionarea legal\u0103 a partidelor extremiste, \u015fovine \u015fi antisemite, sus\u0163in\u00e2nd c\u0103 \u201eaceasta este calea corect\u0103\u201d pentru a contracara influen\u0163a acestor curente \u201epericuloase\u201d.<\/p>\n\n\n\n<p>\u201eNoi credem \u00een limitarea influen\u0163ei extremismului prin convingerea rom\u00e2nilor s\u0103 voteze op\u0163iunile democratice. Reac\u0163ia solidar\u0103 a popula\u0163iei pe tema deciziei CCR este cu democra\u0163ia, nu cu o persoan\u0103 extremist\u0103. Stima\u0163i rom\u00e2ni, toat\u0103 Rom\u00e2nia vrea s\u0103 tr\u0103iasc\u0103 \u00eentr-o \u0163ar\u0103 prosper\u0103 \u015fi liber\u0103, nu \u00eentr-un stat prizonier al PSD sau al oric\u0103rui alt partid\u201d, a sus\u0163inut Ciuc\u0103.<\/p>\n\n\n\n<h2 class=\"wp-block-heading\">Reac\u021bie PSD: \u201eU\u0219or delir verbal\u201d<\/h2>\n\n\n\n<p>Purt\u0103torul de cuv\u00e2nt al PSD, senatorul Lucian Roma\u015fcanu, a i<a href=\"https:\/\/www.news.ro\/politic-intern\/update-ciuca-coalitia-guvernare-psd-opreste-aici-ramanem-executiv-impiedica-escaladarea-completa-abuzurilor-le-pot-realiza-castiga-alegerile-replica-ironica-romascanu-1922400907002024102121758174\">ronizat <\/a>anun\u0163ul f\u0103cut de pre\u015fedintele PNL privind \u201eoprirea\u201d <a href=\"https:\/\/covasna45.ro\/index.php\/lumea-noastra\/nicolae-ciuca-si-marcel-ciolacu-sunt-intr-o-pauza-operativa\/\">coali\u0163iei<\/a> de guvernare cu PSD.<\/p>\n\n\n\n<p>\u201eDomnul general, \u00eentr-un u\u015for delir verbal, a decis s\u0103 se retrag\u0103 de la guvernare r\u0103m\u00e2n\u00e2nd la guvernare. S\u0103 se p\u0103zeasc\u0103 ei pe ei, PNL pe PNL, s\u0103 nu fac\u0103 t\u00e2mpenii. Greu s\u0103 fii ministru PNL cu un pre\u015fedinte al partidului aflat \u00een opozi\u0163ie\u201d, a afirmat Roma\u015fcanu.<\/p>\n","protected":false},"excerpt":{"rendered":"<p>Pre\u015fedintele PNL, Nicolae Ciuc\u0103, a afirmat, asear\u0103, pe contul s\u0103u oficial de Facebook, c\u0103 guvernarea cu PSD \u201ese opre\u015fte aici\u201d, dar c\u0103 liberalii r\u0103m\u00e2n \u00een Guvern \u201edoar pentru a \u00eempiedica escaladarea complet\u0103 a abuzurilor\u201d. El a men\u021bionat c\u0103 eliminarea din cursa preziden\u021bial\u0103 a Dianei \u0218o\u0219oac\u0103 ar fi fost f\u0103cut\u0103 de judec\u0103torii numi\u021bi de PSD. \u201eNu [&hellip;]<\/p>\n","protected":false},"author":1,"featured_media":8136,"comment_status":"open","ping_status":"closed","sticky":false,"template":"","format":"standard","meta":{"tdm_status":"","tdm_grid_status":"","footnotes":""},"categories":[14],"tags":[2602,626,625],"class_list":{"0":"post-8135","1":"post","2":"type-post","3":"status-publish","4":"format-standard","5":"has-post-thumbnail","7":"category-lumea-noastra","8":"tag-nicolae-ciuca-2","9":"tag-pnl","10":"tag-psd"},"yoast_head":"<!-- This site is optimized with the Yoast SEO plugin v27.5 - https:\/\/yoast.com\/product\/yoast-seo-wordpress\/ -->\n<title>Nicolae Ciuc\u0103, pre\u0219edinte PNL: \u201eCoali\u0163ia de guvernare cu PSD se opre\u015fte aici\u201d - Covasna45<\/title>\n<meta name=\"description\" content=\"Pre\u015fedintele PNL, Nicolae Ciuc\u0103, a afirmat, asear\u0103, pe contul s\u0103u oficial de Facebook, c\u0103 guvernarea cu PSD \u201ese opre\u015fte aici\u201d.\" \/>\n<meta name=\"robots\" content=\"index, follow, max-snippet:-1, max-image-preview:large, max-video-preview:-1\" \/>\n<link rel=\"canonical\" href=\"https:\/\/covasna45.ro\/index.php\/lumea-noastra\/nicolae-ciuca-presedinte-pnl-coalitia-de-guvernare-cu-psd-se-opreste-aici\/\" \/>\n<meta property=\"og:locale\" content=\"ro_RO\" \/>\n<meta property=\"og:type\" content=\"article\" \/>\n<meta property=\"og:title\" content=\"Nicolae Ciuc\u0103, pre\u0219edinte PNL: \u201eCoali\u0163ia de guvernare cu PSD se opre\u015fte aici\u201d - Covasna45\" \/>\n<meta property=\"og:description\" content=\"Pre\u015fedintele PNL, Nicolae Ciuc\u0103, a afirmat, asear\u0103, pe contul s\u0103u oficial de Facebook, c\u0103 guvernarea cu PSD \u201ese opre\u015fte aici\u201d.\" \/>\n<meta property=\"og:url\" content=\"https:\/\/covasna45.ro\/index.php\/lumea-noastra\/nicolae-ciuca-presedinte-pnl-coalitia-de-guvernare-cu-psd-se-opreste-aici\/\" \/>\n<meta property=\"og:site_name\" content=\"Covasna45\" \/>\n<meta property=\"article:published_time\" content=\"2024-10-08T07:04:06+00:00\" \/>\n<meta property=\"og:image\" content=\"https:\/\/covasna45.ro\/wp-content\/uploads\/2024\/10\/n-ciuca-pnl.jpg\" \/>\n\t<meta property=\"og:image:width\" content=\"1600\" \/>\n\t<meta property=\"og:image:height\" content=\"1069\" \/>\n\t<meta property=\"og:image:type\" content=\"image\/jpeg\" \/>\n<meta name=\"author\" content=\"Covasna45\" \/>\n<meta name=\"twitter:card\" content=\"summary_large_image\" \/>\n<meta name=\"twitter:label1\" content=\"Scris de\" \/>\n\t<meta name=\"twitter:data1\" content=\"Covasna45\" \/>\n\t<meta name=\"twitter:label2\" content=\"Timp estimat pentru citire\" \/>\n\t<meta name=\"twitter:data2\" content=\"3 minute\" \/>\n<script type=\"application\/ld+json\" class=\"yoast-schema-graph\">{\"@context\":\"https:\\\/\\\/schema.org\",\"@graph\":[{\"@type\":\"Article\",\"@id\":\"https:\\\/\\\/covasna45.ro\\\/index.php\\\/lumea-noastra\\\/nicolae-ciuca-presedinte-pnl-coalitia-de-guvernare-cu-psd-se-opreste-aici\\\/#article\",\"isPartOf\":{\"@id\":\"https:\\\/\\\/covasna45.ro\\\/index.php\\\/lumea-noastra\\\/nicolae-ciuca-presedinte-pnl-coalitia-de-guvernare-cu-psd-se-opreste-aici\\\/\"},\"author\":{\"name\":\"Covasna45\",\"@id\":\"https:\\\/\\\/covasna45.ro\\\/#\\\/schema\\\/person\\\/e674052bd7d95d70bbb007a1060ab73c\"},\"headline\":\"Nicolae Ciuc\u0103, pre\u0219edinte PNL: \u201eCoali\u0163ia de guvernare cu PSD se opre\u015fte aici\u201d\",\"datePublished\":\"2024-10-08T07:04:06+00:00\",\"mainEntityOfPage\":{\"@id\":\"https:\\\/\\\/covasna45.ro\\\/index.php\\\/lumea-noastra\\\/nicolae-ciuca-presedinte-pnl-coalitia-de-guvernare-cu-psd-se-opreste-aici\\\/\"},\"wordCount\":540,\"commentCount\":0,\"publisher\":{\"@id\":\"https:\\\/\\\/covasna45.ro\\\/#organization\"},\"image\":{\"@id\":\"https:\\\/\\\/covasna45.ro\\\/index.php\\\/lumea-noastra\\\/nicolae-ciuca-presedinte-pnl-coalitia-de-guvernare-cu-psd-se-opreste-aici\\\/#primaryimage\"},\"thumbnailUrl\":\"https:\\\/\\\/covasna45.ro\\\/wp-content\\\/uploads\\\/2024\\\/10\\\/n-ciuca-pnl.jpg\",\"keywords\":[\"nicolae ciuca\",\"PNL\",\"PSD\"],\"articleSection\":[\"Lumea noastr\u0103\"],\"inLanguage\":\"ro-RO\",\"potentialAction\":[{\"@type\":\"CommentAction\",\"name\":\"Comment\",\"target\":[\"https:\\\/\\\/covasna45.ro\\\/index.php\\\/lumea-noastra\\\/nicolae-ciuca-presedinte-pnl-coalitia-de-guvernare-cu-psd-se-opreste-aici\\\/#respond\"]}]},{\"@type\":\"WebPage\",\"@id\":\"https:\\\/\\\/covasna45.ro\\\/index.php\\\/lumea-noastra\\\/nicolae-ciuca-presedinte-pnl-coalitia-de-guvernare-cu-psd-se-opreste-aici\\\/\",\"url\":\"https:\\\/\\\/covasna45.ro\\\/index.php\\\/lumea-noastra\\\/nicolae-ciuca-presedinte-pnl-coalitia-de-guvernare-cu-psd-se-opreste-aici\\\/\",\"name\":\"Nicolae Ciuc\u0103, pre\u0219edinte PNL: \u201eCoali\u0163ia de guvernare cu PSD se opre\u015fte aici\u201d - Covasna45\",\"isPartOf\":{\"@id\":\"https:\\\/\\\/covasna45.ro\\\/#website\"},\"primaryImageOfPage\":{\"@id\":\"https:\\\/\\\/covasna45.ro\\\/index.php\\\/lumea-noastra\\\/nicolae-ciuca-presedinte-pnl-coalitia-de-guvernare-cu-psd-se-opreste-aici\\\/#primaryimage\"},\"image\":{\"@id\":\"https:\\\/\\\/covasna45.ro\\\/index.php\\\/lumea-noastra\\\/nicolae-ciuca-presedinte-pnl-coalitia-de-guvernare-cu-psd-se-opreste-aici\\\/#primaryimage\"},\"thumbnailUrl\":\"https:\\\/\\\/covasna45.ro\\\/wp-content\\\/uploads\\\/2024\\\/10\\\/n-ciuca-pnl.jpg\",\"datePublished\":\"2024-10-08T07:04:06+00:00\",\"description\":\"Pre\u015fedintele PNL, Nicolae Ciuc\u0103, a afirmat, asear\u0103, pe contul s\u0103u oficial de Facebook, c\u0103 guvernarea cu PSD \u201ese opre\u015fte aici\u201d.\",\"breadcrumb\":{\"@id\":\"https:\\\/\\\/covasna45.ro\\\/index.php\\\/lumea-noastra\\\/nicolae-ciuca-presedinte-pnl-coalitia-de-guvernare-cu-psd-se-opreste-aici\\\/#breadcrumb\"},\"inLanguage\":\"ro-RO\",\"potentialAction\":[{\"@type\":\"ReadAction\",\"target\":[\"https:\\\/\\\/covasna45.ro\\\/index.php\\\/lumea-noastra\\\/nicolae-ciuca-presedinte-pnl-coalitia-de-guvernare-cu-psd-se-opreste-aici\\\/\"]}]},{\"@type\":\"ImageObject\",\"inLanguage\":\"ro-RO\",\"@id\":\"https:\\\/\\\/covasna45.ro\\\/index.php\\\/lumea-noastra\\\/nicolae-ciuca-presedinte-pnl-coalitia-de-guvernare-cu-psd-se-opreste-aici\\\/#primaryimage\",\"url\":\"https:\\\/\\\/covasna45.ro\\\/wp-content\\\/uploads\\\/2024\\\/10\\\/n-ciuca-pnl.jpg\",\"contentUrl\":\"https:\\\/\\\/covasna45.ro\\\/wp-content\\\/uploads\\\/2024\\\/10\\\/n-ciuca-pnl.jpg\",\"width\":1600,\"height\":1069},{\"@type\":\"BreadcrumbList\",\"@id\":\"https:\\\/\\\/covasna45.ro\\\/index.php\\\/lumea-noastra\\\/nicolae-ciuca-presedinte-pnl-coalitia-de-guvernare-cu-psd-se-opreste-aici\\\/#breadcrumb\",\"itemListElement\":[{\"@type\":\"ListItem\",\"position\":1,\"name\":\"Prima pagin\u0103\",\"item\":\"https:\\\/\\\/covasna45.ro\\\/\"},{\"@type\":\"ListItem\",\"position\":2,\"name\":\"Nicolae Ciuc\u0103, pre\u0219edinte PNL: \u201eCoali\u0163ia de guvernare cu PSD se opre\u015fte aici\u201d\"}]},{\"@type\":\"WebSite\",\"@id\":\"https:\\\/\\\/covasna45.ro\\\/#website\",\"url\":\"https:\\\/\\\/covasna45.ro\\\/\",\"name\":\"covasna45.ro\",\"description\":\"\",\"publisher\":{\"@id\":\"https:\\\/\\\/covasna45.ro\\\/#organization\"},\"potentialAction\":[{\"@type\":\"SearchAction\",\"target\":{\"@type\":\"EntryPoint\",\"urlTemplate\":\"https:\\\/\\\/covasna45.ro\\\/?s={search_term_string}\"},\"query-input\":{\"@type\":\"PropertyValueSpecification\",\"valueRequired\":true,\"valueName\":\"search_term_string\"}}],\"inLanguage\":\"ro-RO\"},{\"@type\":\"Organization\",\"@id\":\"https:\\\/\\\/covasna45.ro\\\/#organization\",\"name\":\"covasna45.ro\",\"url\":\"https:\\\/\\\/covasna45.ro\\\/\",\"logo\":{\"@type\":\"ImageObject\",\"inLanguage\":\"ro-RO\",\"@id\":\"https:\\\/\\\/covasna45.ro\\\/#\\\/schema\\\/logo\\\/image\\\/\",\"url\":\"https:\\\/\\\/covasna45.ro\\\/wp-content\\\/uploads\\\/2023\\\/01\\\/icon_logo.png\",\"contentUrl\":\"https:\\\/\\\/covasna45.ro\\\/wp-content\\\/uploads\\\/2023\\\/01\\\/icon_logo.png\",\"width\":1900,\"height\":1900,\"caption\":\"covasna45.ro\"},\"image\":{\"@id\":\"https:\\\/\\\/covasna45.ro\\\/#\\\/schema\\\/logo\\\/image\\\/\"}},{\"@type\":\"Person\",\"@id\":\"https:\\\/\\\/covasna45.ro\\\/#\\\/schema\\\/person\\\/e674052bd7d95d70bbb007a1060ab73c\",\"name\":\"Covasna45\",\"image\":{\"@type\":\"ImageObject\",\"inLanguage\":\"ro-RO\",\"@id\":\"https:\\\/\\\/covasna45.ro\\\/wp-content\\\/uploads\\\/2025\\\/10\\\/icon_logo_covasna45-150x150.png\",\"url\":\"https:\\\/\\\/covasna45.ro\\\/wp-content\\\/uploads\\\/2025\\\/10\\\/icon_logo_covasna45-150x150.png\",\"contentUrl\":\"https:\\\/\\\/covasna45.ro\\\/wp-content\\\/uploads\\\/2025\\\/10\\\/icon_logo_covasna45-150x150.png\",\"caption\":\"Covasna45\"},\"sameAs\":[\"https:\\\/\\\/covasna45.ro\"],\"url\":\"https:\\\/\\\/covasna45.ro\\\/index.php\\\/author\\\/covasna\\\/\"}]}<\/script>\n<!-- \/ Yoast SEO plugin. -->","yoast_head_json":{"title":"Nicolae Ciuc\u0103, pre\u0219edinte PNL: \u201eCoali\u0163ia de guvernare cu PSD se opre\u015fte aici\u201d - Covasna45","description":"Pre\u015fedintele PNL, Nicolae Ciuc\u0103, a afirmat, asear\u0103, pe contul s\u0103u oficial de Facebook, c\u0103 guvernarea cu PSD \u201ese opre\u015fte aici\u201d.","robots":{"index":"index","follow":"follow","max-snippet":"max-snippet:-1","max-image-preview":"max-image-preview:large","max-video-preview":"max-video-preview:-1"},"canonical":"https:\/\/covasna45.ro\/index.php\/lumea-noastra\/nicolae-ciuca-presedinte-pnl-coalitia-de-guvernare-cu-psd-se-opreste-aici\/","og_locale":"ro_RO","og_type":"article","og_title":"Nicolae Ciuc\u0103, pre\u0219edinte PNL: \u201eCoali\u0163ia de guvernare cu PSD se opre\u015fte aici\u201d - Covasna45","og_description":"Pre\u015fedintele PNL, Nicolae Ciuc\u0103, a afirmat, asear\u0103, pe contul s\u0103u oficial de Facebook, c\u0103 guvernarea cu PSD \u201ese opre\u015fte aici\u201d.","og_url":"https:\/\/covasna45.ro\/index.php\/lumea-noastra\/nicolae-ciuca-presedinte-pnl-coalitia-de-guvernare-cu-psd-se-opreste-aici\/","og_site_name":"Covasna45","article_published_time":"2024-10-08T07:04:06+00:00","og_image":[{"width":1600,"height":1069,"url":"https:\/\/covasna45.ro\/wp-content\/uploads\/2024\/10\/n-ciuca-pnl.jpg","type":"image\/jpeg"}],"author":"Covasna45","twitter_card":"summary_large_image","twitter_misc":{"Scris de":"Covasna45","Timp estimat pentru citire":"3 minute"},"schema":{"@context":"https:\/\/schema.org","@graph":[{"@type":"Article","@id":"https:\/\/covasna45.ro\/index.php\/lumea-noastra\/nicolae-ciuca-presedinte-pnl-coalitia-de-guvernare-cu-psd-se-opreste-aici\/#article","isPartOf":{"@id":"https:\/\/covasna45.ro\/index.php\/lumea-noastra\/nicolae-ciuca-presedinte-pnl-coalitia-de-guvernare-cu-psd-se-opreste-aici\/"},"author":{"name":"Covasna45","@id":"https:\/\/covasna45.ro\/#\/schema\/person\/e674052bd7d95d70bbb007a1060ab73c"},"headline":"Nicolae Ciuc\u0103, pre\u0219edinte PNL: \u201eCoali\u0163ia de guvernare cu PSD se opre\u015fte aici\u201d","datePublished":"2024-10-08T07:04:06+00:00","mainEntityOfPage":{"@id":"https:\/\/covasna45.ro\/index.php\/lumea-noastra\/nicolae-ciuca-presedinte-pnl-coalitia-de-guvernare-cu-psd-se-opreste-aici\/"},"wordCount":540,"commentCount":0,"publisher":{"@id":"https:\/\/covasna45.ro\/#organization"},"image":{"@id":"https:\/\/covasna45.ro\/index.php\/lumea-noastra\/nicolae-ciuca-presedinte-pnl-coalitia-de-guvernare-cu-psd-se-opreste-aici\/#primaryimage"},"thumbnailUrl":"https:\/\/covasna45.ro\/wp-content\/uploads\/2024\/10\/n-ciuca-pnl.jpg","keywords":["nicolae ciuca","PNL","PSD"],"articleSection":["Lumea noastr\u0103"],"inLanguage":"ro-RO","potentialAction":[{"@type":"CommentAction","name":"Comment","target":["https:\/\/covasna45.ro\/index.php\/lumea-noastra\/nicolae-ciuca-presedinte-pnl-coalitia-de-guvernare-cu-psd-se-opreste-aici\/#respond"]}]},{"@type":"WebPage","@id":"https:\/\/covasna45.ro\/index.php\/lumea-noastra\/nicolae-ciuca-presedinte-pnl-coalitia-de-guvernare-cu-psd-se-opreste-aici\/","url":"https:\/\/covasna45.ro\/index.php\/lumea-noastra\/nicolae-ciuca-presedinte-pnl-coalitia-de-guvernare-cu-psd-se-opreste-aici\/","name":"Nicolae Ciuc\u0103, pre\u0219edinte PNL: \u201eCoali\u0163ia de guvernare cu PSD se opre\u015fte aici\u201d - Covasna45","isPartOf":{"@id":"https:\/\/covasna45.ro\/#website"},"primaryImageOfPage":{"@id":"https:\/\/covasna45.ro\/index.php\/lumea-noastra\/nicolae-ciuca-presedinte-pnl-coalitia-de-guvernare-cu-psd-se-opreste-aici\/#primaryimage"},"image":{"@id":"https:\/\/covasna45.ro\/index.php\/lumea-noastra\/nicolae-ciuca-presedinte-pnl-coalitia-de-guvernare-cu-psd-se-opreste-aici\/#primaryimage"},"thumbnailUrl":"https:\/\/covasna45.ro\/wp-content\/uploads\/2024\/10\/n-ciuca-pnl.jpg","datePublished":"2024-10-08T07:04:06+00:00","description":"Pre\u015fedintele PNL, Nicolae Ciuc\u0103, a afirmat, asear\u0103, pe contul s\u0103u oficial de Facebook, c\u0103 guvernarea cu PSD \u201ese opre\u015fte aici\u201d.","breadcrumb":{"@id":"https:\/\/covasna45.ro\/index.php\/lumea-noastra\/nicolae-ciuca-presedinte-pnl-coalitia-de-guvernare-cu-psd-se-opreste-aici\/#breadcrumb"},"inLanguage":"ro-RO","potentialAction":[{"@type":"ReadAction","target":["https:\/\/covasna45.ro\/index.php\/lumea-noastra\/nicolae-ciuca-presedinte-pnl-coalitia-de-guvernare-cu-psd-se-opreste-aici\/"]}]},{"@type":"ImageObject","inLanguage":"ro-RO","@id":"https:\/\/covasna45.ro\/index.php\/lumea-noastra\/nicolae-ciuca-presedinte-pnl-coalitia-de-guvernare-cu-psd-se-opreste-aici\/#primaryimage","url":"https:\/\/covasna45.ro\/wp-content\/uploads\/2024\/10\/n-ciuca-pnl.jpg","contentUrl":"https:\/\/covasna45.ro\/wp-content\/uploads\/2024\/10\/n-ciuca-pnl.jpg","width":1600,"height":1069},{"@type":"BreadcrumbList","@id":"https:\/\/covasna45.ro\/index.php\/lumea-noastra\/nicolae-ciuca-presedinte-pnl-coalitia-de-guvernare-cu-psd-se-opreste-aici\/#breadcrumb","itemListElement":[{"@type":"ListItem","position":1,"name":"Prima pagin\u0103","item":"https:\/\/covasna45.ro\/"},{"@type":"ListItem","position":2,"name":"Nicolae Ciuc\u0103, pre\u0219edinte PNL: \u201eCoali\u0163ia de guvernare cu PSD se opre\u015fte aici\u201d"}]},{"@type":"WebSite","@id":"https:\/\/covasna45.ro\/#website","url":"https:\/\/covasna45.ro\/","name":"covasna45.ro","description":"","publisher":{"@id":"https:\/\/covasna45.ro\/#organization"},"potentialAction":[{"@type":"SearchAction","target":{"@type":"EntryPoint","urlTemplate":"https:\/\/covasna45.ro\/?s={search_term_string}"},"query-input":{"@type":"PropertyValueSpecification","valueRequired":true,"valueName":"search_term_string"}}],"inLanguage":"ro-RO"},{"@type":"Organization","@id":"https:\/\/covasna45.ro\/#organization","name":"covasna45.ro","url":"https:\/\/covasna45.ro\/","logo":{"@type":"ImageObject","inLanguage":"ro-RO","@id":"https:\/\/covasna45.ro\/#\/schema\/logo\/image\/","url":"https:\/\/covasna45.ro\/wp-content\/uploads\/2023\/01\/icon_logo.png","contentUrl":"https:\/\/covasna45.ro\/wp-content\/uploads\/2023\/01\/icon_logo.png","width":1900,"height":1900,"caption":"covasna45.ro"},"image":{"@id":"https:\/\/covasna45.ro\/#\/schema\/logo\/image\/"}},{"@type":"Person","@id":"https:\/\/covasna45.ro\/#\/schema\/person\/e674052bd7d95d70bbb007a1060ab73c","name":"Covasna45","image":{"@type":"ImageObject","inLanguage":"ro-RO","@id":"https:\/\/covasna45.ro\/wp-content\/uploads\/2025\/10\/icon_logo_covasna45-150x150.png","url":"https:\/\/covasna45.ro\/wp-content\/uploads\/2025\/10\/icon_logo_covasna45-150x150.png","contentUrl":"https:\/\/covasna45.ro\/wp-content\/uploads\/2025\/10\/icon_logo_covasna45-150x150.png","caption":"Covasna45"},"sameAs":["https:\/\/covasna45.ro"],"url":"https:\/\/covasna45.ro\/index.php\/author\/covasna\/"}]}},"_links":{"self":[{"href":"https:\/\/covasna45.ro\/index.php\/wp-json\/wp\/v2\/posts\/8135","targetHints":{"allow":["GET"]}}],"collection":[{"href":"https:\/\/covasna45.ro\/index.php\/wp-json\/wp\/v2\/posts"}],"about":[{"href":"https:\/\/covasna45.ro\/index.php\/wp-json\/wp\/v2\/types\/post"}],"author":[{"embeddable":true,"href":"https:\/\/covasna45.ro\/index.php\/wp-json\/wp\/v2\/users\/1"}],"replies":[{"embeddable":true,"href":"https:\/\/covasna45.ro\/index.php\/wp-json\/wp\/v2\/comments?post=8135"}],"version-history":[{"count":1,"href":"https:\/\/covasna45.ro\/index.php\/wp-json\/wp\/v2\/posts\/8135\/revisions"}],"predecessor-version":[{"id":8137,"href":"https:\/\/covasna45.ro\/index.php\/wp-json\/wp\/v2\/posts\/8135\/revisions\/8137"}],"wp:featuredmedia":[{"embeddable":true,"href":"https:\/\/covasna45.ro\/index.php\/wp-json\/wp\/v2\/media\/8136"}],"wp:attachment":[{"href":"https:\/\/covasna45.ro\/index.php\/wp-json\/wp\/v2\/media?parent=8135"}],"wp:term":[{"taxonomy":"category","embeddable":true,"href":"https:\/\/covasna45.ro\/index.php\/wp-json\/wp\/v2\/categories?post=8135"},{"taxonomy":"post_tag","embeddable":true,"href":"https:\/\/covasna45.ro\/index.php\/wp-json\/wp\/v2\/tags?post=8135"}],"curies":[{"name":"wp","href":"https:\/\/api.w.org\/{rel}","templated":true}]}}