{"id":8357,"date":"2024-10-23T13:53:25","date_gmt":"2024-10-23T11:53:25","guid":{"rendered":"https:\/\/covasna45.ro\/?p=8357"},"modified":"2024-10-23T13:54:08","modified_gmt":"2024-10-23T11:54:08","slug":"orasul-covasna-onoreaza-memoria-filozofului-erno-fabian","status":"publish","type":"post","link":"https:\/\/covasna45.ro\/index.php\/lumea-noastra\/orasul-covasna-onoreaza-memoria-filozofului-erno-fabian\/","title":{"rendered":"Ora\u0219ul Covasna onoreaz\u0103 memoria filozofului Ern\u0151 F\u00e1bi\u00e1n"},"content":{"rendered":"\n<p>Pe 25 octombrie, oficiali, intelectuali \u0219i politicieni se vor aduna \u00een ora\u0219ul Covasna pentru a marca \u00eemplinirea a 90 de ani de la na\u0219terea scriitorului \u0219i filozofului Ern\u0151 F\u00e1bi\u00e1n. Acesta s-a n\u0103scut \u00een Covasna \u0219i este considerat un reper al comunit\u0103\u021bii maghiare \u0219i mentor al multor lideri politici. Organizatorii au preg\u0103tit o ceremonie aparte, cu depunere de coroane la bustul din Parcul Central, urmat\u0103 de discursuri \u0219i o recep\u021bie.<\/p>\n\n\n\n<figure class=\"wp-block-image size-large\"><img loading=\"lazy\" decoding=\"async\" width=\"1024\" height=\"488\" src=\"https:\/\/covasna45.ro\/wp-content\/uploads\/2024\/10\/even-fabian-cv-1024x488.jpg\" alt=\"\" class=\"wp-image-8360\" srcset=\"https:\/\/covasna45.ro\/wp-content\/uploads\/2024\/10\/even-fabian-cv-1024x488.jpg 1024w, https:\/\/covasna45.ro\/wp-content\/uploads\/2024\/10\/even-fabian-cv-300x143.jpg 300w, https:\/\/covasna45.ro\/wp-content\/uploads\/2024\/10\/even-fabian-cv-768x366.jpg 768w, https:\/\/covasna45.ro\/wp-content\/uploads\/2024\/10\/even-fabian-cv-150x71.jpg 150w, https:\/\/covasna45.ro\/wp-content\/uploads\/2024\/10\/even-fabian-cv-696x332.jpg 696w, https:\/\/covasna45.ro\/wp-content\/uploads\/2024\/10\/even-fabian-cv-1068x509.jpg 1068w, https:\/\/covasna45.ro\/wp-content\/uploads\/2024\/10\/even-fabian-cv.jpg 1240w\" sizes=\"auto, (max-width: 1024px) 100vw, 1024px\" \/><\/figure>\n\n\n\n<p>\u201eErn\u0151 F\u00e1bi\u00e1n a fost una dintre figurile definitorii ale intelectualit\u0103\u021bii maghiare din Transilvania, a c\u0103rui activitate a \u00eembog\u0103\u021bit nu numai comunitatea local\u0103 sau regional\u0103, ci \u0219i g\u00e2ndirea universal\u0103 maghiar\u0103. Pe l\u00e2ng\u0103 problemele sociale \u0219i politice, el s-a ocupat \u0219i de temele fundamentale ale existen\u021bei umane \u00een lucr\u0103rile sale filozofice \u0219i jurnalistice. Fiind unul dintre liderii spirituali ai \u021ainutului Secuiesc, a avut un impact de durat\u0103 asupra tuturor celor care au intrat \u00een contact cu el ca profesor, partener de discu\u021bie \u0219i prieten\u201d, se arat\u0103 \u00een comunicatul Asocia\u021biei Culturale \u201eK\u0151r\u00f6si Csoma S\u00e1ndor\u201d, organizator al evenimentului.<\/p>\n\n\n\n<h2 class=\"wp-block-heading\">&nbsp;Un profesor special<\/h2>\n\n\n\n<p>Ern\u0151 F\u00e1bi\u00e1n (1934 \u2013 2001) a studiat filozofia \u0219i istoria la Universitatea \u201eBabe\u0219 Bolyai\u201d din Cluj, dup\u0103 care a devenit profesor la Ilieni. \u00cen 1960 ajunge la Liceul \u201eK\u0151r\u00f6si Csoma S\u00e1ndor\u201d din Covasna, al c\u0103rui director devine, p\u00e2n\u0103 \u00een 1971. Continu\u0103 s\u0103 predea \u0219i dup\u0103 aceea, av\u00e2nd \u00een paralel o bogat\u0103 activitate publicistic\u0103.<\/p>\n\n\n\n<p>Zsolt N\u00e9meth, pre\u0219edintele Comisiei pentru Afaceri Externe a Parlamentului Ungariei, spunea, la un moment dat, c\u0103 \u201eunchiul Ern\u0151\u201d a fost un profesor cu o minte excep\u021bional\u0103, educator pentru genera\u021bii \u00eentregi, un umanist \u0219i un intelectual rafinat care g\u00e2ndea \u00een perspectiv\u0103 european\u0103 \u0219i global\u0103. \u00cen plus, \u201ea fost dedicat \u021b\u0103rii sale, a vrut s\u0103 slujeasc\u0103 comunitatea maghiarilor cu fiecare fibr\u0103 a fiin\u021bei sale. Nu numai c\u0103 a predat mai multor genera\u021bii de elevi, ci a devenit \u0219i un profesor al tinerei genera\u021bii de politicieni\u201d, spune Zsolt N\u00e9meth, care \u00eel consider\u0103 pe Ern\u0151 F\u00e1bi\u00e1n mentorul s\u0103u. De altfel, merit\u0103 amintit c\u0103 Ern\u0151 F\u00e1bi\u00e1n a fost, dup\u0103 Revolu\u021bie, pre\u0219edinte al UDMR Covasna \u0219i vicepre\u0219edinte al organiza\u021biei jude\u021bene. De la ceremonia organizat\u0103 pe 25 octombrie la Covasna nu vor lipsi nici actualul pre\u0219edinte al UDMR Covasna \u0219i al Consiliului Jude\u021bean, Tam\u00e1s S\u00e1ndor, \u0219i nici primarul ora\u0219ului, Gyer\u0151 J\u00f3zsef.<\/p>\n\n\n\n<figure class=\"wp-block-image size-large\"><img loading=\"lazy\" decoding=\"async\" width=\"819\" height=\"1024\" src=\"https:\/\/covasna45.ro\/wp-content\/uploads\/2024\/10\/carte-fabian-819x1024.jpg\" alt=\"\" class=\"wp-image-8361\" srcset=\"https:\/\/covasna45.ro\/wp-content\/uploads\/2024\/10\/carte-fabian-819x1024.jpg 819w, https:\/\/covasna45.ro\/wp-content\/uploads\/2024\/10\/carte-fabian-240x300.jpg 240w, https:\/\/covasna45.ro\/wp-content\/uploads\/2024\/10\/carte-fabian-768x960.jpg 768w, https:\/\/covasna45.ro\/wp-content\/uploads\/2024\/10\/carte-fabian-1228x1536.jpg 1228w, https:\/\/covasna45.ro\/wp-content\/uploads\/2024\/10\/carte-fabian-1638x2048.jpg 1638w, https:\/\/covasna45.ro\/wp-content\/uploads\/2024\/10\/carte-fabian-150x188.jpg 150w, https:\/\/covasna45.ro\/wp-content\/uploads\/2024\/10\/carte-fabian-300x375.jpg 300w, https:\/\/covasna45.ro\/wp-content\/uploads\/2024\/10\/carte-fabian-696x870.jpg 696w, https:\/\/covasna45.ro\/wp-content\/uploads\/2024\/10\/carte-fabian-1068x1335.jpg 1068w, https:\/\/covasna45.ro\/wp-content\/uploads\/2024\/10\/carte-fabian-1920x2401.jpg 1920w, https:\/\/covasna45.ro\/wp-content\/uploads\/2024\/10\/carte-fabian-scaled.jpg 2047w\" sizes=\"auto, (max-width: 819px) 100vw, 819px\" \/><\/figure>\n\n\n\n<h2 class=\"wp-block-heading\">Dinamica structurii sociale \u015fi a rela\u0163iilor etnice<\/h2>\n\n\n\n<p>Aceasta a fost tema pe care Ern\u0151 F\u00e1bi\u00e1n \u0219i-a ales-o pentru doctoratul de la \u201eBabe\u0219-Bolyai\u201d, la care a renun\u021bat \u00een cele din urm\u0103. Dar subiectul l-a abordat constant. Sociologia con\u0219tiin\u021bei etnice, intelectualitatea rural\u0103, g\u00e2ndirea independent\u0103, omul-unealt\u0103 sunt c\u00e2teva dintre temele pe care le-a abordat \u00een studiile sale. A fost un promotor al drepturilor minorit\u0103\u021bilor na\u021bionale \u0219i un \u201eambasador\u201d al Secuimii. \u201eDac\u0103 unui om \u00eei sunt restric\u021bionate drepturile, este considerat un cet\u0103\u021bean de m\u00e2na a doua, un str\u0103in tolerat\u201d, spunea el \u00eentr-un <a href=\"https:\/\/csomaegyesulet.org\/index.php\/hireink\/kiadvanyok\/fabian-erno-ahol-nincs-szabadsag-ott-haza-sincs-interju-1990-bol?fbclid=IwY2xjawGFpEZleHRuA2FlbQIxMAABHRkrQaR4dgucmmNN0zPfSEn74iGXlvSCQ7aEGc5Xp1CxvD5z2yzM2-LkWA_aem_XkJsvRQgauOidWJHjRzkVg\">interviu<\/a>.<\/p>\n\n\n\n<h2 class=\"wp-block-heading\">Un om impozant<\/h2>\n\n\n\n<p>La zece ani de la moartea filozofului, comunitatea maghiar\u0103 a marcat momentul prin instalarea unui bust \u00een parcul din ora\u0219. Bustul a fost creat de sculptorul Mih\u00e1ly Vargha, \u00een prezent director al Muzeului Na\u021bional Secuiesc.<\/p>\n\n\n\n<figure class=\"wp-block-image size-large\"><img loading=\"lazy\" decoding=\"async\" width=\"1024\" height=\"683\" src=\"https:\/\/covasna45.ro\/wp-content\/uploads\/2024\/10\/vargha-muzeu-1024x683.jpg\" alt=\"\" class=\"wp-image-8359\" srcset=\"https:\/\/covasna45.ro\/wp-content\/uploads\/2024\/10\/vargha-muzeu-1024x683.jpg 1024w, https:\/\/covasna45.ro\/wp-content\/uploads\/2024\/10\/vargha-muzeu-300x200.jpg 300w, https:\/\/covasna45.ro\/wp-content\/uploads\/2024\/10\/vargha-muzeu-768x512.jpg 768w, https:\/\/covasna45.ro\/wp-content\/uploads\/2024\/10\/vargha-muzeu-1536x1025.jpg 1536w, https:\/\/covasna45.ro\/wp-content\/uploads\/2024\/10\/vargha-muzeu-150x100.jpg 150w, https:\/\/covasna45.ro\/wp-content\/uploads\/2024\/10\/vargha-muzeu-696x464.jpg 696w, https:\/\/covasna45.ro\/wp-content\/uploads\/2024\/10\/vargha-muzeu-1068x712.jpg 1068w, https:\/\/covasna45.ro\/wp-content\/uploads\/2024\/10\/vargha-muzeu-1920x1281.jpg 1920w, https:\/\/covasna45.ro\/wp-content\/uploads\/2024\/10\/vargha-muzeu.jpg 2048w\" sizes=\"auto, (max-width: 1024px) 100vw, 1024px\" \/><\/figure>\n\n\n\n<p>Pentru a \u00een\u021belege mai bine personalitatea lui Ern\u0151 F\u00e1bi\u00e1n, sculptorul a citit \u201eJurnalul\u201d acestuia.<\/p>\n\n\n\n<p>\u201eErn\u0151 F\u00e1bi\u00e1n a fost un g\u00e2nditor, un \u00een\u021belept care vedea, sim\u021bea \u0219i scria despre fr\u0103m\u00e2nt\u0103rile epocii. Era un om impozant, ca statur\u0103, atr\u0103gea aten\u021bia c\u00e2nd intra undeva. Emana for\u021b\u0103 \u0219i se vedea cu ochiul liber c\u0103 e un om inteligent, ie\u0219it din comun. Am fost onorat \u0219i bucuros c\u00e2nd v\u0103duva domniei sale mi-a \u00eencredin\u021bat lucrarea\u201d, a declarat, pentru covasna45.ro, Mih\u00e1ly Vargha.<\/p>\n\n\n\n<figure class=\"wp-block-image size-large\"><img loading=\"lazy\" decoding=\"async\" width=\"1024\" height=\"540\" src=\"https:\/\/covasna45.ro\/wp-content\/uploads\/2024\/10\/carti-bbl-fabian-1024x540.jpg\" alt=\"\" class=\"wp-image-8362\" srcset=\"https:\/\/covasna45.ro\/wp-content\/uploads\/2024\/10\/carti-bbl-fabian-1024x540.jpg 1024w, https:\/\/covasna45.ro\/wp-content\/uploads\/2024\/10\/carti-bbl-fabian-300x158.jpg 300w, https:\/\/covasna45.ro\/wp-content\/uploads\/2024\/10\/carti-bbl-fabian-768x405.jpg 768w, https:\/\/covasna45.ro\/wp-content\/uploads\/2024\/10\/carti-bbl-fabian-1536x810.jpg 1536w, https:\/\/covasna45.ro\/wp-content\/uploads\/2024\/10\/carti-bbl-fabian-2048x1080.jpg 2048w, https:\/\/covasna45.ro\/wp-content\/uploads\/2024\/10\/carti-bbl-fabian-150x79.jpg 150w, https:\/\/covasna45.ro\/wp-content\/uploads\/2024\/10\/carti-bbl-fabian-696x367.jpg 696w, https:\/\/covasna45.ro\/wp-content\/uploads\/2024\/10\/carti-bbl-fabian-1068x563.jpg 1068w, https:\/\/covasna45.ro\/wp-content\/uploads\/2024\/10\/carti-bbl-fabian-1920x1013.jpg 1920w\" sizes=\"auto, (max-width: 1024px) 100vw, 1024px\" \/><\/figure>\n\n\n\n<p>C\u00e2teva dintre c\u0103r\u021bile lui Ern\u0151 F\u00e1bi\u00e1n sunt disponibile la Biblioteca Jude\u021bean\u0103 din Sf\u00e2ntu Gheorghe, \u00een limba maghiar\u0103.<\/p>\n","protected":false},"excerpt":{"rendered":"<p>Pe 25 octombrie, oficiali, intelectuali \u0219i politicieni se vor aduna \u00een ora\u0219ul Covasna pentru a marca \u00eemplinirea a 90 de ani de la na\u0219terea scriitorului \u0219i filozofului Ern\u0151 F\u00e1bi\u00e1n. Acesta s-a n\u0103scut \u00een Covasna \u0219i este considerat un reper al comunit\u0103\u021bii maghiare \u0219i mentor al multor lideri politici. Organizatorii au preg\u0103tit o ceremonie aparte, cu [&hellip;]<\/p>\n","protected":false},"author":3,"featured_media":8358,"comment_status":"open","ping_status":"closed","sticky":false,"template":"","format":"standard","meta":{"tdm_status":"","tdm_grid_status":"","footnotes":""},"categories":[14],"tags":[21,2863],"class_list":{"0":"post-8357","1":"post","2":"type-post","3":"status-publish","4":"format-standard","5":"has-post-thumbnail","7":"category-lumea-noastra","8":"tag-covasna","9":"tag-fabian-erno"},"yoast_head":"<!-- This site is optimized with the Yoast SEO plugin v27.5 - https:\/\/yoast.com\/product\/yoast-seo-wordpress\/ -->\n<title>Ora\u0219ul Covasna onoreaz\u0103 memoria filozofului Ern\u0151 F\u00e1bi\u00e1n - Covasna45<\/title>\n<meta name=\"description\" content=\"Comunitatea din ora\u0219ul Covasna va marca \u00eemplinirea a 90 de ani de la na\u0219terea scriitorului \u0219i filozofului Ern\u0151 F\u00e1bi\u00e1n.\" \/>\n<meta name=\"robots\" content=\"index, follow, max-snippet:-1, max-image-preview:large, max-video-preview:-1\" \/>\n<link rel=\"canonical\" href=\"https:\/\/covasna45.ro\/index.php\/lumea-noastra\/orasul-covasna-onoreaza-memoria-filozofului-erno-fabian\/\" \/>\n<meta property=\"og:locale\" content=\"ro_RO\" \/>\n<meta property=\"og:type\" content=\"article\" \/>\n<meta property=\"og:title\" content=\"Ora\u0219ul Covasna onoreaz\u0103 memoria filozofului Ern\u0151 F\u00e1bi\u00e1n - Covasna45\" \/>\n<meta property=\"og:description\" content=\"Comunitatea din ora\u0219ul Covasna va marca \u00eemplinirea a 90 de ani de la na\u0219terea scriitorului \u0219i filozofului Ern\u0151 F\u00e1bi\u00e1n.\" \/>\n<meta property=\"og:url\" content=\"https:\/\/covasna45.ro\/index.php\/lumea-noastra\/orasul-covasna-onoreaza-memoria-filozofului-erno-fabian\/\" \/>\n<meta property=\"og:site_name\" content=\"Covasna45\" \/>\n<meta property=\"article:published_time\" content=\"2024-10-23T11:53:25+00:00\" \/>\n<meta property=\"article:modified_time\" content=\"2024-10-23T11:54:08+00:00\" \/>\n<meta property=\"og:image\" content=\"https:\/\/covasna45.ro\/wp-content\/uploads\/2024\/10\/bust-fabian.jpg\" \/>\n\t<meta property=\"og:image:width\" content=\"1008\" \/>\n\t<meta property=\"og:image:height\" content=\"583\" \/>\n\t<meta property=\"og:image:type\" content=\"image\/jpeg\" \/>\n<meta name=\"author\" content=\"Gina Artenie\" \/>\n<meta name=\"twitter:card\" content=\"summary_large_image\" \/>\n<meta name=\"twitter:label1\" content=\"Scris de\" \/>\n\t<meta name=\"twitter:data1\" content=\"Gina Artenie\" \/>\n\t<meta name=\"twitter:label2\" content=\"Timp estimat pentru citire\" \/>\n\t<meta name=\"twitter:data2\" content=\"5 minute\" \/>\n<script type=\"application\/ld+json\" class=\"yoast-schema-graph\">{\"@context\":\"https:\\\/\\\/schema.org\",\"@graph\":[{\"@type\":\"Article\",\"@id\":\"https:\\\/\\\/covasna45.ro\\\/index.php\\\/lumea-noastra\\\/orasul-covasna-onoreaza-memoria-filozofului-erno-fabian\\\/#article\",\"isPartOf\":{\"@id\":\"https:\\\/\\\/covasna45.ro\\\/index.php\\\/lumea-noastra\\\/orasul-covasna-onoreaza-memoria-filozofului-erno-fabian\\\/\"},\"author\":{\"name\":\"Gina Artenie\",\"@id\":\"https:\\\/\\\/covasna45.ro\\\/#\\\/schema\\\/person\\\/a1349b84526c62ffb40b193ae8676c7e\"},\"headline\":\"Ora\u0219ul Covasna onoreaz\u0103 memoria filozofului Ern\u0151 F\u00e1bi\u00e1n\",\"datePublished\":\"2024-10-23T11:53:25+00:00\",\"dateModified\":\"2024-10-23T11:54:08+00:00\",\"mainEntityOfPage\":{\"@id\":\"https:\\\/\\\/covasna45.ro\\\/index.php\\\/lumea-noastra\\\/orasul-covasna-onoreaza-memoria-filozofului-erno-fabian\\\/\"},\"wordCount\":684,\"commentCount\":0,\"publisher\":{\"@id\":\"https:\\\/\\\/covasna45.ro\\\/#organization\"},\"image\":{\"@id\":\"https:\\\/\\\/covasna45.ro\\\/index.php\\\/lumea-noastra\\\/orasul-covasna-onoreaza-memoria-filozofului-erno-fabian\\\/#primaryimage\"},\"thumbnailUrl\":\"https:\\\/\\\/covasna45.ro\\\/wp-content\\\/uploads\\\/2024\\\/10\\\/bust-fabian.jpg\",\"keywords\":[\"covasna\",\"Fabian Erno\"],\"articleSection\":[\"Lumea noastr\u0103\"],\"inLanguage\":\"ro-RO\",\"potentialAction\":[{\"@type\":\"CommentAction\",\"name\":\"Comment\",\"target\":[\"https:\\\/\\\/covasna45.ro\\\/index.php\\\/lumea-noastra\\\/orasul-covasna-onoreaza-memoria-filozofului-erno-fabian\\\/#respond\"]}]},{\"@type\":\"WebPage\",\"@id\":\"https:\\\/\\\/covasna45.ro\\\/index.php\\\/lumea-noastra\\\/orasul-covasna-onoreaza-memoria-filozofului-erno-fabian\\\/\",\"url\":\"https:\\\/\\\/covasna45.ro\\\/index.php\\\/lumea-noastra\\\/orasul-covasna-onoreaza-memoria-filozofului-erno-fabian\\\/\",\"name\":\"Ora\u0219ul Covasna onoreaz\u0103 memoria filozofului Ern\u0151 F\u00e1bi\u00e1n - Covasna45\",\"isPartOf\":{\"@id\":\"https:\\\/\\\/covasna45.ro\\\/#website\"},\"primaryImageOfPage\":{\"@id\":\"https:\\\/\\\/covasna45.ro\\\/index.php\\\/lumea-noastra\\\/orasul-covasna-onoreaza-memoria-filozofului-erno-fabian\\\/#primaryimage\"},\"image\":{\"@id\":\"https:\\\/\\\/covasna45.ro\\\/index.php\\\/lumea-noastra\\\/orasul-covasna-onoreaza-memoria-filozofului-erno-fabian\\\/#primaryimage\"},\"thumbnailUrl\":\"https:\\\/\\\/covasna45.ro\\\/wp-content\\\/uploads\\\/2024\\\/10\\\/bust-fabian.jpg\",\"datePublished\":\"2024-10-23T11:53:25+00:00\",\"dateModified\":\"2024-10-23T11:54:08+00:00\",\"description\":\"Comunitatea din ora\u0219ul Covasna va marca \u00eemplinirea a 90 de ani de la na\u0219terea scriitorului \u0219i filozofului Ern\u0151 F\u00e1bi\u00e1n.\",\"breadcrumb\":{\"@id\":\"https:\\\/\\\/covasna45.ro\\\/index.php\\\/lumea-noastra\\\/orasul-covasna-onoreaza-memoria-filozofului-erno-fabian\\\/#breadcrumb\"},\"inLanguage\":\"ro-RO\",\"potentialAction\":[{\"@type\":\"ReadAction\",\"target\":[\"https:\\\/\\\/covasna45.ro\\\/index.php\\\/lumea-noastra\\\/orasul-covasna-onoreaza-memoria-filozofului-erno-fabian\\\/\"]}]},{\"@type\":\"ImageObject\",\"inLanguage\":\"ro-RO\",\"@id\":\"https:\\\/\\\/covasna45.ro\\\/index.php\\\/lumea-noastra\\\/orasul-covasna-onoreaza-memoria-filozofului-erno-fabian\\\/#primaryimage\",\"url\":\"https:\\\/\\\/covasna45.ro\\\/wp-content\\\/uploads\\\/2024\\\/10\\\/bust-fabian.jpg\",\"contentUrl\":\"https:\\\/\\\/covasna45.ro\\\/wp-content\\\/uploads\\\/2024\\\/10\\\/bust-fabian.jpg\",\"width\":1008,\"height\":583},{\"@type\":\"BreadcrumbList\",\"@id\":\"https:\\\/\\\/covasna45.ro\\\/index.php\\\/lumea-noastra\\\/orasul-covasna-onoreaza-memoria-filozofului-erno-fabian\\\/#breadcrumb\",\"itemListElement\":[{\"@type\":\"ListItem\",\"position\":1,\"name\":\"Prima pagin\u0103\",\"item\":\"https:\\\/\\\/covasna45.ro\\\/\"},{\"@type\":\"ListItem\",\"position\":2,\"name\":\"Ora\u0219ul Covasna onoreaz\u0103 memoria filozofului Ern\u0151 F\u00e1bi\u00e1n\"}]},{\"@type\":\"WebSite\",\"@id\":\"https:\\\/\\\/covasna45.ro\\\/#website\",\"url\":\"https:\\\/\\\/covasna45.ro\\\/\",\"name\":\"covasna45.ro\",\"description\":\"\",\"publisher\":{\"@id\":\"https:\\\/\\\/covasna45.ro\\\/#organization\"},\"potentialAction\":[{\"@type\":\"SearchAction\",\"target\":{\"@type\":\"EntryPoint\",\"urlTemplate\":\"https:\\\/\\\/covasna45.ro\\\/?s={search_term_string}\"},\"query-input\":{\"@type\":\"PropertyValueSpecification\",\"valueRequired\":true,\"valueName\":\"search_term_string\"}}],\"inLanguage\":\"ro-RO\"},{\"@type\":\"Organization\",\"@id\":\"https:\\\/\\\/covasna45.ro\\\/#organization\",\"name\":\"covasna45.ro\",\"url\":\"https:\\\/\\\/covasna45.ro\\\/\",\"logo\":{\"@type\":\"ImageObject\",\"inLanguage\":\"ro-RO\",\"@id\":\"https:\\\/\\\/covasna45.ro\\\/#\\\/schema\\\/logo\\\/image\\\/\",\"url\":\"https:\\\/\\\/covasna45.ro\\\/wp-content\\\/uploads\\\/2023\\\/01\\\/icon_logo.png\",\"contentUrl\":\"https:\\\/\\\/covasna45.ro\\\/wp-content\\\/uploads\\\/2023\\\/01\\\/icon_logo.png\",\"width\":1900,\"height\":1900,\"caption\":\"covasna45.ro\"},\"image\":{\"@id\":\"https:\\\/\\\/covasna45.ro\\\/#\\\/schema\\\/logo\\\/image\\\/\"}},{\"@type\":\"Person\",\"@id\":\"https:\\\/\\\/covasna45.ro\\\/#\\\/schema\\\/person\\\/a1349b84526c62ffb40b193ae8676c7e\",\"name\":\"Gina Artenie\",\"image\":{\"@type\":\"ImageObject\",\"inLanguage\":\"ro-RO\",\"@id\":\"https:\\\/\\\/covasna45.ro\\\/wp-content\\\/uploads\\\/2023\\\/08\\\/gina_artenie-150x150.jpg\",\"url\":\"https:\\\/\\\/covasna45.ro\\\/wp-content\\\/uploads\\\/2023\\\/08\\\/gina_artenie-150x150.jpg\",\"contentUrl\":\"https:\\\/\\\/covasna45.ro\\\/wp-content\\\/uploads\\\/2023\\\/08\\\/gina_artenie-150x150.jpg\",\"caption\":\"Gina Artenie\"},\"sameAs\":[\"http:\\\/\\\/www.covasna45.ro\"],\"url\":\"https:\\\/\\\/covasna45.ro\\\/index.php\\\/author\\\/gina\\\/\"}]}<\/script>\n<!-- \/ Yoast SEO plugin. -->","yoast_head_json":{"title":"Ora\u0219ul Covasna onoreaz\u0103 memoria filozofului Ern\u0151 F\u00e1bi\u00e1n - Covasna45","description":"Comunitatea din ora\u0219ul Covasna va marca \u00eemplinirea a 90 de ani de la na\u0219terea scriitorului \u0219i filozofului Ern\u0151 F\u00e1bi\u00e1n.","robots":{"index":"index","follow":"follow","max-snippet":"max-snippet:-1","max-image-preview":"max-image-preview:large","max-video-preview":"max-video-preview:-1"},"canonical":"https:\/\/covasna45.ro\/index.php\/lumea-noastra\/orasul-covasna-onoreaza-memoria-filozofului-erno-fabian\/","og_locale":"ro_RO","og_type":"article","og_title":"Ora\u0219ul Covasna onoreaz\u0103 memoria filozofului Ern\u0151 F\u00e1bi\u00e1n - Covasna45","og_description":"Comunitatea din ora\u0219ul Covasna va marca \u00eemplinirea a 90 de ani de la na\u0219terea scriitorului \u0219i filozofului Ern\u0151 F\u00e1bi\u00e1n.","og_url":"https:\/\/covasna45.ro\/index.php\/lumea-noastra\/orasul-covasna-onoreaza-memoria-filozofului-erno-fabian\/","og_site_name":"Covasna45","article_published_time":"2024-10-23T11:53:25+00:00","article_modified_time":"2024-10-23T11:54:08+00:00","og_image":[{"width":1008,"height":583,"url":"https:\/\/covasna45.ro\/wp-content\/uploads\/2024\/10\/bust-fabian.jpg","type":"image\/jpeg"}],"author":"Gina Artenie","twitter_card":"summary_large_image","twitter_misc":{"Scris de":"Gina Artenie","Timp estimat pentru citire":"5 minute"},"schema":{"@context":"https:\/\/schema.org","@graph":[{"@type":"Article","@id":"https:\/\/covasna45.ro\/index.php\/lumea-noastra\/orasul-covasna-onoreaza-memoria-filozofului-erno-fabian\/#article","isPartOf":{"@id":"https:\/\/covasna45.ro\/index.php\/lumea-noastra\/orasul-covasna-onoreaza-memoria-filozofului-erno-fabian\/"},"author":{"name":"Gina Artenie","@id":"https:\/\/covasna45.ro\/#\/schema\/person\/a1349b84526c62ffb40b193ae8676c7e"},"headline":"Ora\u0219ul Covasna onoreaz\u0103 memoria filozofului Ern\u0151 F\u00e1bi\u00e1n","datePublished":"2024-10-23T11:53:25+00:00","dateModified":"2024-10-23T11:54:08+00:00","mainEntityOfPage":{"@id":"https:\/\/covasna45.ro\/index.php\/lumea-noastra\/orasul-covasna-onoreaza-memoria-filozofului-erno-fabian\/"},"wordCount":684,"commentCount":0,"publisher":{"@id":"https:\/\/covasna45.ro\/#organization"},"image":{"@id":"https:\/\/covasna45.ro\/index.php\/lumea-noastra\/orasul-covasna-onoreaza-memoria-filozofului-erno-fabian\/#primaryimage"},"thumbnailUrl":"https:\/\/covasna45.ro\/wp-content\/uploads\/2024\/10\/bust-fabian.jpg","keywords":["covasna","Fabian Erno"],"articleSection":["Lumea noastr\u0103"],"inLanguage":"ro-RO","potentialAction":[{"@type":"CommentAction","name":"Comment","target":["https:\/\/covasna45.ro\/index.php\/lumea-noastra\/orasul-covasna-onoreaza-memoria-filozofului-erno-fabian\/#respond"]}]},{"@type":"WebPage","@id":"https:\/\/covasna45.ro\/index.php\/lumea-noastra\/orasul-covasna-onoreaza-memoria-filozofului-erno-fabian\/","url":"https:\/\/covasna45.ro\/index.php\/lumea-noastra\/orasul-covasna-onoreaza-memoria-filozofului-erno-fabian\/","name":"Ora\u0219ul Covasna onoreaz\u0103 memoria filozofului Ern\u0151 F\u00e1bi\u00e1n - Covasna45","isPartOf":{"@id":"https:\/\/covasna45.ro\/#website"},"primaryImageOfPage":{"@id":"https:\/\/covasna45.ro\/index.php\/lumea-noastra\/orasul-covasna-onoreaza-memoria-filozofului-erno-fabian\/#primaryimage"},"image":{"@id":"https:\/\/covasna45.ro\/index.php\/lumea-noastra\/orasul-covasna-onoreaza-memoria-filozofului-erno-fabian\/#primaryimage"},"thumbnailUrl":"https:\/\/covasna45.ro\/wp-content\/uploads\/2024\/10\/bust-fabian.jpg","datePublished":"2024-10-23T11:53:25+00:00","dateModified":"2024-10-23T11:54:08+00:00","description":"Comunitatea din ora\u0219ul Covasna va marca \u00eemplinirea a 90 de ani de la na\u0219terea scriitorului \u0219i filozofului Ern\u0151 F\u00e1bi\u00e1n.","breadcrumb":{"@id":"https:\/\/covasna45.ro\/index.php\/lumea-noastra\/orasul-covasna-onoreaza-memoria-filozofului-erno-fabian\/#breadcrumb"},"inLanguage":"ro-RO","potentialAction":[{"@type":"ReadAction","target":["https:\/\/covasna45.ro\/index.php\/lumea-noastra\/orasul-covasna-onoreaza-memoria-filozofului-erno-fabian\/"]}]},{"@type":"ImageObject","inLanguage":"ro-RO","@id":"https:\/\/covasna45.ro\/index.php\/lumea-noastra\/orasul-covasna-onoreaza-memoria-filozofului-erno-fabian\/#primaryimage","url":"https:\/\/covasna45.ro\/wp-content\/uploads\/2024\/10\/bust-fabian.jpg","contentUrl":"https:\/\/covasna45.ro\/wp-content\/uploads\/2024\/10\/bust-fabian.jpg","width":1008,"height":583},{"@type":"BreadcrumbList","@id":"https:\/\/covasna45.ro\/index.php\/lumea-noastra\/orasul-covasna-onoreaza-memoria-filozofului-erno-fabian\/#breadcrumb","itemListElement":[{"@type":"ListItem","position":1,"name":"Prima pagin\u0103","item":"https:\/\/covasna45.ro\/"},{"@type":"ListItem","position":2,"name":"Ora\u0219ul Covasna onoreaz\u0103 memoria filozofului Ern\u0151 F\u00e1bi\u00e1n"}]},{"@type":"WebSite","@id":"https:\/\/covasna45.ro\/#website","url":"https:\/\/covasna45.ro\/","name":"covasna45.ro","description":"","publisher":{"@id":"https:\/\/covasna45.ro\/#organization"},"potentialAction":[{"@type":"SearchAction","target":{"@type":"EntryPoint","urlTemplate":"https:\/\/covasna45.ro\/?s={search_term_string}"},"query-input":{"@type":"PropertyValueSpecification","valueRequired":true,"valueName":"search_term_string"}}],"inLanguage":"ro-RO"},{"@type":"Organization","@id":"https:\/\/covasna45.ro\/#organization","name":"covasna45.ro","url":"https:\/\/covasna45.ro\/","logo":{"@type":"ImageObject","inLanguage":"ro-RO","@id":"https:\/\/covasna45.ro\/#\/schema\/logo\/image\/","url":"https:\/\/covasna45.ro\/wp-content\/uploads\/2023\/01\/icon_logo.png","contentUrl":"https:\/\/covasna45.ro\/wp-content\/uploads\/2023\/01\/icon_logo.png","width":1900,"height":1900,"caption":"covasna45.ro"},"image":{"@id":"https:\/\/covasna45.ro\/#\/schema\/logo\/image\/"}},{"@type":"Person","@id":"https:\/\/covasna45.ro\/#\/schema\/person\/a1349b84526c62ffb40b193ae8676c7e","name":"Gina Artenie","image":{"@type":"ImageObject","inLanguage":"ro-RO","@id":"https:\/\/covasna45.ro\/wp-content\/uploads\/2023\/08\/gina_artenie-150x150.jpg","url":"https:\/\/covasna45.ro\/wp-content\/uploads\/2023\/08\/gina_artenie-150x150.jpg","contentUrl":"https:\/\/covasna45.ro\/wp-content\/uploads\/2023\/08\/gina_artenie-150x150.jpg","caption":"Gina Artenie"},"sameAs":["http:\/\/www.covasna45.ro"],"url":"https:\/\/covasna45.ro\/index.php\/author\/gina\/"}]}},"_links":{"self":[{"href":"https:\/\/covasna45.ro\/index.php\/wp-json\/wp\/v2\/posts\/8357","targetHints":{"allow":["GET"]}}],"collection":[{"href":"https:\/\/covasna45.ro\/index.php\/wp-json\/wp\/v2\/posts"}],"about":[{"href":"https:\/\/covasna45.ro\/index.php\/wp-json\/wp\/v2\/types\/post"}],"author":[{"embeddable":true,"href":"https:\/\/covasna45.ro\/index.php\/wp-json\/wp\/v2\/users\/3"}],"replies":[{"embeddable":true,"href":"https:\/\/covasna45.ro\/index.php\/wp-json\/wp\/v2\/comments?post=8357"}],"version-history":[{"count":2,"href":"https:\/\/covasna45.ro\/index.php\/wp-json\/wp\/v2\/posts\/8357\/revisions"}],"predecessor-version":[{"id":8364,"href":"https:\/\/covasna45.ro\/index.php\/wp-json\/wp\/v2\/posts\/8357\/revisions\/8364"}],"wp:featuredmedia":[{"embeddable":true,"href":"https:\/\/covasna45.ro\/index.php\/wp-json\/wp\/v2\/media\/8358"}],"wp:attachment":[{"href":"https:\/\/covasna45.ro\/index.php\/wp-json\/wp\/v2\/media?parent=8357"}],"wp:term":[{"taxonomy":"category","embeddable":true,"href":"https:\/\/covasna45.ro\/index.php\/wp-json\/wp\/v2\/categories?post=8357"},{"taxonomy":"post_tag","embeddable":true,"href":"https:\/\/covasna45.ro\/index.php\/wp-json\/wp\/v2\/tags?post=8357"}],"curies":[{"name":"wp","href":"https:\/\/api.w.org\/{rel}","templated":true}]}}