{"id":8365,"date":"2024-10-24T07:43:09","date_gmt":"2024-10-24T05:43:09","guid":{"rendered":"https:\/\/covasna45.ro\/?p=8365"},"modified":"2024-10-24T07:43:32","modified_gmt":"2024-10-24T05:43:32","slug":"incepe-campania-electorala-pentru-prezidentiale-avem-14-candidati","status":"publish","type":"post","link":"https:\/\/covasna45.ro\/index.php\/lumea-noastra\/incepe-campania-electorala-pentru-prezidentiale-avem-14-candidati\/","title":{"rendered":"\u00cencepe campania electoral\u0103 pentru preziden\u021biale: avem 14 candida\u021bi"},"content":{"rendered":"\n<p>Campania electoral\u0103 pentru primul tur al alegerilor preziden\u0163iale din acest an \u00eencepe m\u00e2ine (vineri), la ora 00,00, \u015fi se va \u00eencheia pe data de 23 noiembrie, la ora 7,00.<\/p>\n\n\n\n<p>Alegerile preziden\u0163iale sunt programate, \u00een acest an, pe 24 noiembrie &#8211; primul tur de scrutin \u015fi pe 8 decembrie &#8211; turul al doilea.<\/p>\n\n\n\n<p>Pe 24 noiembrie, rom\u00e2nii vor putea alege viitorul pre\u015fedinte al Rom\u00e2niei dintre cei 14 candida\u0163i \u00eenscri\u015fi \u00een cursa electoral\u0103 &#8211; 10 candida\u0163i propu\u015fi de partide politice \u015fi de c\u0103tre o organiza\u0163ie a cet\u0103\u0163enilor apar\u0163in\u00e2nd minorit\u0103\u0163ilor na\u0163ionale, precum \u015fi 4 independen\u0163i.<\/p>\n\n\n\n<h2 class=\"wp-block-heading\">Ordinea pe buletinele de vot<\/h2>\n\n\n\n<p>Biroul Electoral Central a<a href=\"https:\/\/www.stiripesurse.ro\/incepe-oficial-campania-electorala-pentru-alegerile-prezidentiale-candidati-calendar-reguli_3472035.html\"> stabilit<\/a>, prin tragere la sor\u0163i, ordinea \u00een care candida\u0163ii vor fi \u00eenscri\u015fi pe buletinul de vot la alegerile preziden\u0163iale.<\/p>\n\n\n\n<p>Aceasta este urm\u0103toarea:<\/p>\n\n\n\n<ul class=\"wp-block-list\">\n<li>1 &#8211; Elena-Valerica Lasconi &#8211; Uniunea Salva\u0163i Rom\u00e2nia;<\/li>\n\n\n\n<li>2 &#8211; George-Nicolae Simion &#8211; Alian\u0163a pentru Unirea Rom\u00e2nilor;<\/li>\n\n\n\n<li>3 &#8211; Ion-Marcel Ciolacu &#8211; Partidul Social Democrat;<\/li>\n\n\n\n<li>4 &#8211; Nicolae-Ionel Ciuc\u0103 &#8211; Partidul Na\u0163ional Liberal;<\/li>\n\n\n\n<li>5 &#8211; Hunor Kelemen &#8211; Uniunea Democrat\u0103 Maghiar\u0103 din Rom\u00e2nia;<\/li>\n\n\n\n<li>6 &#8211; Mircea-Dan Geoan\u0103 &#8211; candidat independent;<\/li>\n\n\n\n<li>7 &#8211; Ana Birchall &#8211; candidat independent;<\/li>\n\n\n\n<li>8 &#8211; Alexandra-Beatrice Bertalan-P\u0103curaru &#8211; Partidul Alternativa pentru Demnitate Na\u0163ional\u0103;<\/li>\n\n\n\n<li>9 &#8211; Sebastian-Constantin Popescu &#8211; Partidul Noua Rom\u00e2nie;<\/li>\n\n\n\n<li>10 &#8211; Ludovic Orban &#8211; For\u0163a Dreptei;<\/li>\n\n\n\n<li>11 &#8211; C\u0103lin Georgescu &#8211; candidat independent;<\/li>\n\n\n\n<li>12 &#8211; Cristian Diaconescu &#8211; candidat independent;<\/li>\n\n\n\n<li>13 &#8211; Cristian-Vasile Terhe\u015f &#8211; Partidul Na\u0163ional Conservator Rom\u00e2n;<\/li>\n\n\n\n<li>14 &#8211; Silviu Predoiu &#8211; Partidul Liga Ac\u0163iunii Na\u0163ionale.<\/li>\n<\/ul>\n\n\n\n<h2 class=\"wp-block-heading\">Pentru derularea campaniei electorale, Biroul Electoral Central a stabilit o serie de m\u0103suri<\/h2>\n\n\n\n<p>Astfel, este interzis\u0103 acordarea sau formularea promisiunii de acordare a unor beneficii \u015fi recompense de orice fel pentru participarea la vot.<\/p>\n\n\n\n<p>Integritatea panourilor, afi\u015felor electorale \u015fi a altor materiale de propagand\u0103 electoral\u0103 amplasate \u00een locuri autorizate este asigurat\u0103 de primar, cu sprijinul poli\u0163iei locale sau, \u00een localit\u0103\u0163ile unde poli\u0163ia local\u0103 nu este constituit\u0103, cu sprijinul efectivelor Ministerului Afacerilor Interne.<\/p>\n\n\n\n<p>La alegerile pentru pre\u015fedintele Rom\u00e2niei din anul 2024, primarii asigur\u0103 competitorilor electorali panouri electorale distincte de cele amplasate pentru asigurarea locurilor de afi\u015faj electoral la alegerile pentru Senat \u015fi Camera Deputa\u0163ilor din acest an.<\/p>\n\n\n\n<p>Pe un panou electoral fiecare candidat poate aplica un singur afi\u015f electoral.<\/p>\n\n\n\n<p>Sunt interzise afi\u015fele electorale care combin\u0103 culorile \u00eentr-o succesiune care reproduce drapelul Rom\u00e2niei sau al altui stat.<\/p>\n\n\n\n<p>Totodat\u0103, este interzis\u0103 utilizarea \u00een scop electoral a vehiculelor inscrip\u0163ionate sau colantate cu sloganuri de campanie sau cu imagini ale candida\u0163ilor, precum \u015fi cu alte referiri la competitorii electorali, utilizarea vehiculelor care difuzeaz\u0103 materiale audio, \u00een mers sau sta\u0163ionar, organizarea de spectacole, serb\u0103ri, focuri de artificii, utilizarea de bannere, mesh-uri, corturi publicitare, pavilioane publicitare, panouri publicitare mobile, steaguri publicitare, calcane, ecrane publicitare, indicatoare publicitare direc\u0163ionale, structuri de publicitate autoportante, mijloace de publicitate, panouri publicitare, proiecte publicitare speciale, publicitate luminoas\u0103 \u015fi oricare alte materiale electorale care nu sunt prev\u0103zute la art. 36 alin. (2) din Legea nr. 334\/2006, republicat\u0103, cu modific\u0103rile \u015fi complet\u0103rile ulterioare.<\/p>\n\n\n\n<p>Este interzis\u0103 continuarea propagandei electorale dup\u0103 \u00eencheierea campaniei electorale.<\/p>\n","protected":false},"excerpt":{"rendered":"<p>Campania electoral\u0103 pentru primul tur al alegerilor preziden\u0163iale din acest an \u00eencepe m\u00e2ine (vineri), la ora 00,00, \u015fi se va \u00eencheia pe data de 23 noiembrie, la ora 7,00. Alegerile preziden\u0163iale sunt programate, \u00een acest an, pe 24 noiembrie &#8211; primul tur de scrutin \u015fi pe 8 decembrie &#8211; turul al doilea. Pe 24 noiembrie, [&hellip;]<\/p>\n","protected":false},"author":1,"featured_media":6805,"comment_status":"open","ping_status":"closed","sticky":false,"template":"","format":"standard","meta":{"tdm_status":"","tdm_grid_status":"","footnotes":""},"categories":[14],"tags":[340,2864,2865],"class_list":{"0":"post-8365","1":"post","2":"type-post","3":"status-publish","4":"format-standard","5":"has-post-thumbnail","7":"category-lumea-noastra","8":"tag-alegeri","9":"tag-campanie","10":"tag-prezidentiale"},"yoast_head":"<!-- This site is optimized with the Yoast SEO plugin v27.5 - https:\/\/yoast.com\/product\/yoast-seo-wordpress\/ -->\n<title>\u00cencepe campania electoral\u0103 pentru preziden\u021biale: avem 14 candida\u021bi - Covasna45<\/title>\n<meta name=\"description\" content=\"Campania electoral\u0103 pentru primul tur al alegerilor preziden\u0163iale din acest an \u00eencepe m\u00e2ine (vineri), la ora 00,00.\" \/>\n<meta name=\"robots\" content=\"index, follow, max-snippet:-1, max-image-preview:large, max-video-preview:-1\" \/>\n<link rel=\"canonical\" href=\"https:\/\/covasna45.ro\/index.php\/lumea-noastra\/incepe-campania-electorala-pentru-prezidentiale-avem-14-candidati\/\" \/>\n<meta property=\"og:locale\" content=\"ro_RO\" \/>\n<meta property=\"og:type\" content=\"article\" \/>\n<meta property=\"og:title\" content=\"\u00cencepe campania electoral\u0103 pentru preziden\u021biale: avem 14 candida\u021bi - Covasna45\" \/>\n<meta property=\"og:description\" content=\"Campania electoral\u0103 pentru primul tur al alegerilor preziden\u0163iale din acest an \u00eencepe m\u00e2ine (vineri), la ora 00,00.\" \/>\n<meta property=\"og:url\" content=\"https:\/\/covasna45.ro\/index.php\/lumea-noastra\/incepe-campania-electorala-pentru-prezidentiale-avem-14-candidati\/\" \/>\n<meta property=\"og:site_name\" content=\"Covasna45\" \/>\n<meta property=\"article:published_time\" content=\"2024-10-24T05:43:09+00:00\" \/>\n<meta property=\"article:modified_time\" content=\"2024-10-24T05:43:32+00:00\" \/>\n<meta property=\"og:image\" content=\"https:\/\/covasna45.ro\/wp-content\/uploads\/2024\/07\/vot-prezid.jpg\" \/>\n\t<meta property=\"og:image:width\" content=\"2048\" \/>\n\t<meta property=\"og:image:height\" content=\"1536\" \/>\n\t<meta property=\"og:image:type\" content=\"image\/jpeg\" \/>\n<meta name=\"author\" content=\"Covasna45\" \/>\n<meta name=\"twitter:card\" content=\"summary_large_image\" \/>\n<meta name=\"twitter:label1\" content=\"Scris de\" \/>\n\t<meta name=\"twitter:data1\" content=\"Covasna45\" \/>\n\t<meta name=\"twitter:label2\" content=\"Timp estimat pentru citire\" \/>\n\t<meta name=\"twitter:data2\" content=\"3 minute\" \/>\n<script type=\"application\/ld+json\" class=\"yoast-schema-graph\">{\"@context\":\"https:\\\/\\\/schema.org\",\"@graph\":[{\"@type\":\"Article\",\"@id\":\"https:\\\/\\\/covasna45.ro\\\/index.php\\\/lumea-noastra\\\/incepe-campania-electorala-pentru-prezidentiale-avem-14-candidati\\\/#article\",\"isPartOf\":{\"@id\":\"https:\\\/\\\/covasna45.ro\\\/index.php\\\/lumea-noastra\\\/incepe-campania-electorala-pentru-prezidentiale-avem-14-candidati\\\/\"},\"author\":{\"name\":\"Covasna45\",\"@id\":\"https:\\\/\\\/covasna45.ro\\\/#\\\/schema\\\/person\\\/e674052bd7d95d70bbb007a1060ab73c\"},\"headline\":\"\u00cencepe campania electoral\u0103 pentru preziden\u021biale: avem 14 candida\u021bi\",\"datePublished\":\"2024-10-24T05:43:09+00:00\",\"dateModified\":\"2024-10-24T05:43:32+00:00\",\"mainEntityOfPage\":{\"@id\":\"https:\\\/\\\/covasna45.ro\\\/index.php\\\/lumea-noastra\\\/incepe-campania-electorala-pentru-prezidentiale-avem-14-candidati\\\/\"},\"wordCount\":523,\"commentCount\":0,\"publisher\":{\"@id\":\"https:\\\/\\\/covasna45.ro\\\/#organization\"},\"image\":{\"@id\":\"https:\\\/\\\/covasna45.ro\\\/index.php\\\/lumea-noastra\\\/incepe-campania-electorala-pentru-prezidentiale-avem-14-candidati\\\/#primaryimage\"},\"thumbnailUrl\":\"https:\\\/\\\/covasna45.ro\\\/wp-content\\\/uploads\\\/2024\\\/07\\\/vot-prezid.jpg\",\"keywords\":[\"Alegeri\",\"campanie\",\"prezidentiale\"],\"articleSection\":[\"Lumea noastr\u0103\"],\"inLanguage\":\"ro-RO\",\"potentialAction\":[{\"@type\":\"CommentAction\",\"name\":\"Comment\",\"target\":[\"https:\\\/\\\/covasna45.ro\\\/index.php\\\/lumea-noastra\\\/incepe-campania-electorala-pentru-prezidentiale-avem-14-candidati\\\/#respond\"]}]},{\"@type\":\"WebPage\",\"@id\":\"https:\\\/\\\/covasna45.ro\\\/index.php\\\/lumea-noastra\\\/incepe-campania-electorala-pentru-prezidentiale-avem-14-candidati\\\/\",\"url\":\"https:\\\/\\\/covasna45.ro\\\/index.php\\\/lumea-noastra\\\/incepe-campania-electorala-pentru-prezidentiale-avem-14-candidati\\\/\",\"name\":\"\u00cencepe campania electoral\u0103 pentru preziden\u021biale: avem 14 candida\u021bi - Covasna45\",\"isPartOf\":{\"@id\":\"https:\\\/\\\/covasna45.ro\\\/#website\"},\"primaryImageOfPage\":{\"@id\":\"https:\\\/\\\/covasna45.ro\\\/index.php\\\/lumea-noastra\\\/incepe-campania-electorala-pentru-prezidentiale-avem-14-candidati\\\/#primaryimage\"},\"image\":{\"@id\":\"https:\\\/\\\/covasna45.ro\\\/index.php\\\/lumea-noastra\\\/incepe-campania-electorala-pentru-prezidentiale-avem-14-candidati\\\/#primaryimage\"},\"thumbnailUrl\":\"https:\\\/\\\/covasna45.ro\\\/wp-content\\\/uploads\\\/2024\\\/07\\\/vot-prezid.jpg\",\"datePublished\":\"2024-10-24T05:43:09+00:00\",\"dateModified\":\"2024-10-24T05:43:32+00:00\",\"description\":\"Campania electoral\u0103 pentru primul tur al alegerilor preziden\u0163iale din acest an \u00eencepe m\u00e2ine (vineri), la ora 00,00.\",\"breadcrumb\":{\"@id\":\"https:\\\/\\\/covasna45.ro\\\/index.php\\\/lumea-noastra\\\/incepe-campania-electorala-pentru-prezidentiale-avem-14-candidati\\\/#breadcrumb\"},\"inLanguage\":\"ro-RO\",\"potentialAction\":[{\"@type\":\"ReadAction\",\"target\":[\"https:\\\/\\\/covasna45.ro\\\/index.php\\\/lumea-noastra\\\/incepe-campania-electorala-pentru-prezidentiale-avem-14-candidati\\\/\"]}]},{\"@type\":\"ImageObject\",\"inLanguage\":\"ro-RO\",\"@id\":\"https:\\\/\\\/covasna45.ro\\\/index.php\\\/lumea-noastra\\\/incepe-campania-electorala-pentru-prezidentiale-avem-14-candidati\\\/#primaryimage\",\"url\":\"https:\\\/\\\/covasna45.ro\\\/wp-content\\\/uploads\\\/2024\\\/07\\\/vot-prezid.jpg\",\"contentUrl\":\"https:\\\/\\\/covasna45.ro\\\/wp-content\\\/uploads\\\/2024\\\/07\\\/vot-prezid.jpg\",\"width\":2048,\"height\":1536},{\"@type\":\"BreadcrumbList\",\"@id\":\"https:\\\/\\\/covasna45.ro\\\/index.php\\\/lumea-noastra\\\/incepe-campania-electorala-pentru-prezidentiale-avem-14-candidati\\\/#breadcrumb\",\"itemListElement\":[{\"@type\":\"ListItem\",\"position\":1,\"name\":\"Prima pagin\u0103\",\"item\":\"https:\\\/\\\/covasna45.ro\\\/\"},{\"@type\":\"ListItem\",\"position\":2,\"name\":\"\u00cencepe campania electoral\u0103 pentru preziden\u021biale: avem 14 candida\u021bi\"}]},{\"@type\":\"WebSite\",\"@id\":\"https:\\\/\\\/covasna45.ro\\\/#website\",\"url\":\"https:\\\/\\\/covasna45.ro\\\/\",\"name\":\"covasna45.ro\",\"description\":\"\",\"publisher\":{\"@id\":\"https:\\\/\\\/covasna45.ro\\\/#organization\"},\"potentialAction\":[{\"@type\":\"SearchAction\",\"target\":{\"@type\":\"EntryPoint\",\"urlTemplate\":\"https:\\\/\\\/covasna45.ro\\\/?s={search_term_string}\"},\"query-input\":{\"@type\":\"PropertyValueSpecification\",\"valueRequired\":true,\"valueName\":\"search_term_string\"}}],\"inLanguage\":\"ro-RO\"},{\"@type\":\"Organization\",\"@id\":\"https:\\\/\\\/covasna45.ro\\\/#organization\",\"name\":\"covasna45.ro\",\"url\":\"https:\\\/\\\/covasna45.ro\\\/\",\"logo\":{\"@type\":\"ImageObject\",\"inLanguage\":\"ro-RO\",\"@id\":\"https:\\\/\\\/covasna45.ro\\\/#\\\/schema\\\/logo\\\/image\\\/\",\"url\":\"https:\\\/\\\/covasna45.ro\\\/wp-content\\\/uploads\\\/2023\\\/01\\\/icon_logo.png\",\"contentUrl\":\"https:\\\/\\\/covasna45.ro\\\/wp-content\\\/uploads\\\/2023\\\/01\\\/icon_logo.png\",\"width\":1900,\"height\":1900,\"caption\":\"covasna45.ro\"},\"image\":{\"@id\":\"https:\\\/\\\/covasna45.ro\\\/#\\\/schema\\\/logo\\\/image\\\/\"}},{\"@type\":\"Person\",\"@id\":\"https:\\\/\\\/covasna45.ro\\\/#\\\/schema\\\/person\\\/e674052bd7d95d70bbb007a1060ab73c\",\"name\":\"Covasna45\",\"image\":{\"@type\":\"ImageObject\",\"inLanguage\":\"ro-RO\",\"@id\":\"https:\\\/\\\/covasna45.ro\\\/wp-content\\\/uploads\\\/2025\\\/10\\\/icon_logo_covasna45-150x150.png\",\"url\":\"https:\\\/\\\/covasna45.ro\\\/wp-content\\\/uploads\\\/2025\\\/10\\\/icon_logo_covasna45-150x150.png\",\"contentUrl\":\"https:\\\/\\\/covasna45.ro\\\/wp-content\\\/uploads\\\/2025\\\/10\\\/icon_logo_covasna45-150x150.png\",\"caption\":\"Covasna45\"},\"sameAs\":[\"https:\\\/\\\/covasna45.ro\"],\"url\":\"https:\\\/\\\/covasna45.ro\\\/index.php\\\/author\\\/covasna\\\/\"}]}<\/script>\n<!-- \/ Yoast SEO plugin. -->","yoast_head_json":{"title":"\u00cencepe campania electoral\u0103 pentru preziden\u021biale: avem 14 candida\u021bi - Covasna45","description":"Campania electoral\u0103 pentru primul tur al alegerilor preziden\u0163iale din acest an \u00eencepe m\u00e2ine (vineri), la ora 00,00.","robots":{"index":"index","follow":"follow","max-snippet":"max-snippet:-1","max-image-preview":"max-image-preview:large","max-video-preview":"max-video-preview:-1"},"canonical":"https:\/\/covasna45.ro\/index.php\/lumea-noastra\/incepe-campania-electorala-pentru-prezidentiale-avem-14-candidati\/","og_locale":"ro_RO","og_type":"article","og_title":"\u00cencepe campania electoral\u0103 pentru preziden\u021biale: avem 14 candida\u021bi - Covasna45","og_description":"Campania electoral\u0103 pentru primul tur al alegerilor preziden\u0163iale din acest an \u00eencepe m\u00e2ine (vineri), la ora 00,00.","og_url":"https:\/\/covasna45.ro\/index.php\/lumea-noastra\/incepe-campania-electorala-pentru-prezidentiale-avem-14-candidati\/","og_site_name":"Covasna45","article_published_time":"2024-10-24T05:43:09+00:00","article_modified_time":"2024-10-24T05:43:32+00:00","og_image":[{"width":2048,"height":1536,"url":"https:\/\/covasna45.ro\/wp-content\/uploads\/2024\/07\/vot-prezid.jpg","type":"image\/jpeg"}],"author":"Covasna45","twitter_card":"summary_large_image","twitter_misc":{"Scris de":"Covasna45","Timp estimat pentru citire":"3 minute"},"schema":{"@context":"https:\/\/schema.org","@graph":[{"@type":"Article","@id":"https:\/\/covasna45.ro\/index.php\/lumea-noastra\/incepe-campania-electorala-pentru-prezidentiale-avem-14-candidati\/#article","isPartOf":{"@id":"https:\/\/covasna45.ro\/index.php\/lumea-noastra\/incepe-campania-electorala-pentru-prezidentiale-avem-14-candidati\/"},"author":{"name":"Covasna45","@id":"https:\/\/covasna45.ro\/#\/schema\/person\/e674052bd7d95d70bbb007a1060ab73c"},"headline":"\u00cencepe campania electoral\u0103 pentru preziden\u021biale: avem 14 candida\u021bi","datePublished":"2024-10-24T05:43:09+00:00","dateModified":"2024-10-24T05:43:32+00:00","mainEntityOfPage":{"@id":"https:\/\/covasna45.ro\/index.php\/lumea-noastra\/incepe-campania-electorala-pentru-prezidentiale-avem-14-candidati\/"},"wordCount":523,"commentCount":0,"publisher":{"@id":"https:\/\/covasna45.ro\/#organization"},"image":{"@id":"https:\/\/covasna45.ro\/index.php\/lumea-noastra\/incepe-campania-electorala-pentru-prezidentiale-avem-14-candidati\/#primaryimage"},"thumbnailUrl":"https:\/\/covasna45.ro\/wp-content\/uploads\/2024\/07\/vot-prezid.jpg","keywords":["Alegeri","campanie","prezidentiale"],"articleSection":["Lumea noastr\u0103"],"inLanguage":"ro-RO","potentialAction":[{"@type":"CommentAction","name":"Comment","target":["https:\/\/covasna45.ro\/index.php\/lumea-noastra\/incepe-campania-electorala-pentru-prezidentiale-avem-14-candidati\/#respond"]}]},{"@type":"WebPage","@id":"https:\/\/covasna45.ro\/index.php\/lumea-noastra\/incepe-campania-electorala-pentru-prezidentiale-avem-14-candidati\/","url":"https:\/\/covasna45.ro\/index.php\/lumea-noastra\/incepe-campania-electorala-pentru-prezidentiale-avem-14-candidati\/","name":"\u00cencepe campania electoral\u0103 pentru preziden\u021biale: avem 14 candida\u021bi - Covasna45","isPartOf":{"@id":"https:\/\/covasna45.ro\/#website"},"primaryImageOfPage":{"@id":"https:\/\/covasna45.ro\/index.php\/lumea-noastra\/incepe-campania-electorala-pentru-prezidentiale-avem-14-candidati\/#primaryimage"},"image":{"@id":"https:\/\/covasna45.ro\/index.php\/lumea-noastra\/incepe-campania-electorala-pentru-prezidentiale-avem-14-candidati\/#primaryimage"},"thumbnailUrl":"https:\/\/covasna45.ro\/wp-content\/uploads\/2024\/07\/vot-prezid.jpg","datePublished":"2024-10-24T05:43:09+00:00","dateModified":"2024-10-24T05:43:32+00:00","description":"Campania electoral\u0103 pentru primul tur al alegerilor preziden\u0163iale din acest an \u00eencepe m\u00e2ine (vineri), la ora 00,00.","breadcrumb":{"@id":"https:\/\/covasna45.ro\/index.php\/lumea-noastra\/incepe-campania-electorala-pentru-prezidentiale-avem-14-candidati\/#breadcrumb"},"inLanguage":"ro-RO","potentialAction":[{"@type":"ReadAction","target":["https:\/\/covasna45.ro\/index.php\/lumea-noastra\/incepe-campania-electorala-pentru-prezidentiale-avem-14-candidati\/"]}]},{"@type":"ImageObject","inLanguage":"ro-RO","@id":"https:\/\/covasna45.ro\/index.php\/lumea-noastra\/incepe-campania-electorala-pentru-prezidentiale-avem-14-candidati\/#primaryimage","url":"https:\/\/covasna45.ro\/wp-content\/uploads\/2024\/07\/vot-prezid.jpg","contentUrl":"https:\/\/covasna45.ro\/wp-content\/uploads\/2024\/07\/vot-prezid.jpg","width":2048,"height":1536},{"@type":"BreadcrumbList","@id":"https:\/\/covasna45.ro\/index.php\/lumea-noastra\/incepe-campania-electorala-pentru-prezidentiale-avem-14-candidati\/#breadcrumb","itemListElement":[{"@type":"ListItem","position":1,"name":"Prima pagin\u0103","item":"https:\/\/covasna45.ro\/"},{"@type":"ListItem","position":2,"name":"\u00cencepe campania electoral\u0103 pentru preziden\u021biale: avem 14 candida\u021bi"}]},{"@type":"WebSite","@id":"https:\/\/covasna45.ro\/#website","url":"https:\/\/covasna45.ro\/","name":"covasna45.ro","description":"","publisher":{"@id":"https:\/\/covasna45.ro\/#organization"},"potentialAction":[{"@type":"SearchAction","target":{"@type":"EntryPoint","urlTemplate":"https:\/\/covasna45.ro\/?s={search_term_string}"},"query-input":{"@type":"PropertyValueSpecification","valueRequired":true,"valueName":"search_term_string"}}],"inLanguage":"ro-RO"},{"@type":"Organization","@id":"https:\/\/covasna45.ro\/#organization","name":"covasna45.ro","url":"https:\/\/covasna45.ro\/","logo":{"@type":"ImageObject","inLanguage":"ro-RO","@id":"https:\/\/covasna45.ro\/#\/schema\/logo\/image\/","url":"https:\/\/covasna45.ro\/wp-content\/uploads\/2023\/01\/icon_logo.png","contentUrl":"https:\/\/covasna45.ro\/wp-content\/uploads\/2023\/01\/icon_logo.png","width":1900,"height":1900,"caption":"covasna45.ro"},"image":{"@id":"https:\/\/covasna45.ro\/#\/schema\/logo\/image\/"}},{"@type":"Person","@id":"https:\/\/covasna45.ro\/#\/schema\/person\/e674052bd7d95d70bbb007a1060ab73c","name":"Covasna45","image":{"@type":"ImageObject","inLanguage":"ro-RO","@id":"https:\/\/covasna45.ro\/wp-content\/uploads\/2025\/10\/icon_logo_covasna45-150x150.png","url":"https:\/\/covasna45.ro\/wp-content\/uploads\/2025\/10\/icon_logo_covasna45-150x150.png","contentUrl":"https:\/\/covasna45.ro\/wp-content\/uploads\/2025\/10\/icon_logo_covasna45-150x150.png","caption":"Covasna45"},"sameAs":["https:\/\/covasna45.ro"],"url":"https:\/\/covasna45.ro\/index.php\/author\/covasna\/"}]}},"_links":{"self":[{"href":"https:\/\/covasna45.ro\/index.php\/wp-json\/wp\/v2\/posts\/8365","targetHints":{"allow":["GET"]}}],"collection":[{"href":"https:\/\/covasna45.ro\/index.php\/wp-json\/wp\/v2\/posts"}],"about":[{"href":"https:\/\/covasna45.ro\/index.php\/wp-json\/wp\/v2\/types\/post"}],"author":[{"embeddable":true,"href":"https:\/\/covasna45.ro\/index.php\/wp-json\/wp\/v2\/users\/1"}],"replies":[{"embeddable":true,"href":"https:\/\/covasna45.ro\/index.php\/wp-json\/wp\/v2\/comments?post=8365"}],"version-history":[{"count":2,"href":"https:\/\/covasna45.ro\/index.php\/wp-json\/wp\/v2\/posts\/8365\/revisions"}],"predecessor-version":[{"id":8367,"href":"https:\/\/covasna45.ro\/index.php\/wp-json\/wp\/v2\/posts\/8365\/revisions\/8367"}],"wp:featuredmedia":[{"embeddable":true,"href":"https:\/\/covasna45.ro\/index.php\/wp-json\/wp\/v2\/media\/6805"}],"wp:attachment":[{"href":"https:\/\/covasna45.ro\/index.php\/wp-json\/wp\/v2\/media?parent=8365"}],"wp:term":[{"taxonomy":"category","embeddable":true,"href":"https:\/\/covasna45.ro\/index.php\/wp-json\/wp\/v2\/categories?post=8365"},{"taxonomy":"post_tag","embeddable":true,"href":"https:\/\/covasna45.ro\/index.php\/wp-json\/wp\/v2\/tags?post=8365"}],"curies":[{"name":"wp","href":"https:\/\/api.w.org\/{rel}","templated":true}]}}