{"id":8439,"date":"2024-10-30T08:42:37","date_gmt":"2024-10-30T06:42:37","guid":{"rendered":"https:\/\/covasna45.ro\/?p=8439"},"modified":"2024-10-30T08:43:01","modified_gmt":"2024-10-30T06:43:01","slug":"uniunea-europeana-a-marit-tarifele-pentru-automobilele-electrice-din-china","status":"publish","type":"post","link":"https:\/\/covasna45.ro\/index.php\/lumea-larga\/uniunea-europeana-a-marit-tarifele-pentru-automobilele-electrice-din-china\/","title":{"rendered":"Uniunea European\u0103 a m\u0103rit tarifele pentru automobilele electrice din China"},"content":{"rendered":"\n<p>\u00cencep\u00e2nd de ast\u0103zi, Uniunea European\u0103 a m\u0103rit tarifele suplimentare pentru vehiculele electrice importate din China. Acestea au crescut cu p\u00e2n\u0103 la 45,3%. Tarifele suplimentare au fost aprobate oficial \u0219i publicate \u00een Jurnalul Oficial al UE mar\u021bi.<\/p>\n\n\n\n<p>Comisia European\u0103, care supravegheaz\u0103 politica comercial\u0103 a UE, a declarat c\u0103 tarifele sunt necesare pentru a contracara ceea ce consider\u0103 a fi subven\u021bii neloiale, inclusiv finan\u021bare preferen\u021bial\u0103, precum \u0219i acces la terenuri, baterii \u0219i materii prime la pre\u021buri inferioare celor de pe pia\u021b\u0103.<\/p>\n\n\n\n<p>Astfel, Comisia European\u0103 a stabilit tarife suplimentare care variaz\u0103 de la 7,8% pentru Tesla, la 35,3% pentru compania SAIC din China. Aceste tarife se adaug\u0103 la taxa standard din UE de 10% pentru importul de ma\u0219ini.<\/p>\n\n\n\n<p>Potrivit Comisiei, pia\u021ba din Uniunea European\u0103 este mai interesant\u0103 pentru produc\u0103torii chinezi dec\u00e2t cele din SUA \u0219i Canada. Cele dou\u0103 state nord-americane au tarife de 100%. <\/p>\n","protected":false},"excerpt":{"rendered":"<p>\u00cencep\u00e2nd de ast\u0103zi, Uniunea European\u0103 a m\u0103rit tarifele suplimentare pentru vehiculele electrice importate din China. Acestea au crescut cu p\u00e2n\u0103 la 45,3%. Tarifele suplimentare au fost aprobate oficial \u0219i publicate \u00een Jurnalul Oficial al UE mar\u021bi. Comisia European\u0103, care supravegheaz\u0103 politica comercial\u0103 a UE, a declarat c\u0103 tarifele sunt necesare pentru a contracara ceea ce [&hellip;]<\/p>\n","protected":false},"author":1,"featured_media":8440,"comment_status":"open","ping_status":"closed","sticky":false,"template":"","format":"standard","meta":{"tdm_status":"","tdm_grid_status":"","footnotes":""},"categories":[10],"tags":[276,413,328,129],"class_list":{"0":"post-8439","1":"post","2":"type-post","3":"status-publish","4":"format-standard","5":"has-post-thumbnail","7":"category-lumea-larga","8":"tag-china","9":"tag-masini-electrice","10":"tag-tarife","11":"tag-taxe"},"yoast_head":"<!-- This site is optimized with the Yoast SEO plugin v27.5 - https:\/\/yoast.com\/product\/yoast-seo-wordpress\/ -->\n<title>Uniunea European\u0103 a m\u0103rit tarifele pentru automobilele electrice din China - Covasna45<\/title>\n<meta name=\"description\" content=\"Uniunea European\u0103 a m\u0103rit tarifele suplimentare pentru vehiculele electrice importate din China. Acestea au crescut\" \/>\n<meta name=\"robots\" content=\"index, follow, max-snippet:-1, max-image-preview:large, max-video-preview:-1\" \/>\n<link rel=\"canonical\" href=\"https:\/\/covasna45.ro\/index.php\/lumea-larga\/uniunea-europeana-a-marit-tarifele-pentru-automobilele-electrice-din-china\/\" \/>\n<meta property=\"og:locale\" content=\"ro_RO\" \/>\n<meta property=\"og:type\" content=\"article\" \/>\n<meta property=\"og:title\" content=\"Uniunea European\u0103 a m\u0103rit tarifele pentru automobilele electrice din China - Covasna45\" \/>\n<meta property=\"og:description\" content=\"Uniunea European\u0103 a m\u0103rit tarifele suplimentare pentru vehiculele electrice importate din China. Acestea au crescut\" \/>\n<meta property=\"og:url\" content=\"https:\/\/covasna45.ro\/index.php\/lumea-larga\/uniunea-europeana-a-marit-tarifele-pentru-automobilele-electrice-din-china\/\" \/>\n<meta property=\"og:site_name\" content=\"Covasna45\" \/>\n<meta property=\"article:published_time\" content=\"2024-10-30T06:42:37+00:00\" \/>\n<meta property=\"article:modified_time\" content=\"2024-10-30T06:43:01+00:00\" \/>\n<meta property=\"og:image\" content=\"https:\/\/covasna45.ro\/wp-content\/uploads\/2024\/10\/masini-electrice.jpg\" \/>\n\t<meta property=\"og:image:width\" content=\"1494\" \/>\n\t<meta property=\"og:image:height\" content=\"996\" \/>\n\t<meta property=\"og:image:type\" content=\"image\/jpeg\" \/>\n<meta name=\"author\" content=\"Covasna45\" \/>\n<meta name=\"twitter:card\" content=\"summary_large_image\" \/>\n<meta name=\"twitter:label1\" content=\"Scris de\" \/>\n\t<meta name=\"twitter:data1\" content=\"Covasna45\" \/>\n\t<meta name=\"twitter:label2\" content=\"Timp estimat pentru citire\" \/>\n\t<meta name=\"twitter:data2\" content=\"1 minut\" \/>\n<script type=\"application\/ld+json\" class=\"yoast-schema-graph\">{\"@context\":\"https:\\\/\\\/schema.org\",\"@graph\":[{\"@type\":\"Article\",\"@id\":\"https:\\\/\\\/covasna45.ro\\\/index.php\\\/lumea-larga\\\/uniunea-europeana-a-marit-tarifele-pentru-automobilele-electrice-din-china\\\/#article\",\"isPartOf\":{\"@id\":\"https:\\\/\\\/covasna45.ro\\\/index.php\\\/lumea-larga\\\/uniunea-europeana-a-marit-tarifele-pentru-automobilele-electrice-din-china\\\/\"},\"author\":{\"name\":\"Covasna45\",\"@id\":\"https:\\\/\\\/covasna45.ro\\\/#\\\/schema\\\/person\\\/e674052bd7d95d70bbb007a1060ab73c\"},\"headline\":\"Uniunea European\u0103 a m\u0103rit tarifele pentru automobilele electrice din China\",\"datePublished\":\"2024-10-30T06:42:37+00:00\",\"dateModified\":\"2024-10-30T06:43:01+00:00\",\"mainEntityOfPage\":{\"@id\":\"https:\\\/\\\/covasna45.ro\\\/index.php\\\/lumea-larga\\\/uniunea-europeana-a-marit-tarifele-pentru-automobilele-electrice-din-china\\\/\"},\"wordCount\":160,\"commentCount\":0,\"publisher\":{\"@id\":\"https:\\\/\\\/covasna45.ro\\\/#organization\"},\"image\":{\"@id\":\"https:\\\/\\\/covasna45.ro\\\/index.php\\\/lumea-larga\\\/uniunea-europeana-a-marit-tarifele-pentru-automobilele-electrice-din-china\\\/#primaryimage\"},\"thumbnailUrl\":\"https:\\\/\\\/covasna45.ro\\\/wp-content\\\/uploads\\\/2024\\\/10\\\/masini-electrice.jpg\",\"keywords\":[\"China\",\"Ma\u0219ini electrice\",\"Tarife\",\"Taxe\"],\"articleSection\":[\"Lumea larg\u0103\"],\"inLanguage\":\"ro-RO\",\"potentialAction\":[{\"@type\":\"CommentAction\",\"name\":\"Comment\",\"target\":[\"https:\\\/\\\/covasna45.ro\\\/index.php\\\/lumea-larga\\\/uniunea-europeana-a-marit-tarifele-pentru-automobilele-electrice-din-china\\\/#respond\"]}]},{\"@type\":\"WebPage\",\"@id\":\"https:\\\/\\\/covasna45.ro\\\/index.php\\\/lumea-larga\\\/uniunea-europeana-a-marit-tarifele-pentru-automobilele-electrice-din-china\\\/\",\"url\":\"https:\\\/\\\/covasna45.ro\\\/index.php\\\/lumea-larga\\\/uniunea-europeana-a-marit-tarifele-pentru-automobilele-electrice-din-china\\\/\",\"name\":\"Uniunea European\u0103 a m\u0103rit tarifele pentru automobilele electrice din China - Covasna45\",\"isPartOf\":{\"@id\":\"https:\\\/\\\/covasna45.ro\\\/#website\"},\"primaryImageOfPage\":{\"@id\":\"https:\\\/\\\/covasna45.ro\\\/index.php\\\/lumea-larga\\\/uniunea-europeana-a-marit-tarifele-pentru-automobilele-electrice-din-china\\\/#primaryimage\"},\"image\":{\"@id\":\"https:\\\/\\\/covasna45.ro\\\/index.php\\\/lumea-larga\\\/uniunea-europeana-a-marit-tarifele-pentru-automobilele-electrice-din-china\\\/#primaryimage\"},\"thumbnailUrl\":\"https:\\\/\\\/covasna45.ro\\\/wp-content\\\/uploads\\\/2024\\\/10\\\/masini-electrice.jpg\",\"datePublished\":\"2024-10-30T06:42:37+00:00\",\"dateModified\":\"2024-10-30T06:43:01+00:00\",\"description\":\"Uniunea European\u0103 a m\u0103rit tarifele suplimentare pentru vehiculele electrice importate din China. Acestea au crescut\",\"breadcrumb\":{\"@id\":\"https:\\\/\\\/covasna45.ro\\\/index.php\\\/lumea-larga\\\/uniunea-europeana-a-marit-tarifele-pentru-automobilele-electrice-din-china\\\/#breadcrumb\"},\"inLanguage\":\"ro-RO\",\"potentialAction\":[{\"@type\":\"ReadAction\",\"target\":[\"https:\\\/\\\/covasna45.ro\\\/index.php\\\/lumea-larga\\\/uniunea-europeana-a-marit-tarifele-pentru-automobilele-electrice-din-china\\\/\"]}]},{\"@type\":\"ImageObject\",\"inLanguage\":\"ro-RO\",\"@id\":\"https:\\\/\\\/covasna45.ro\\\/index.php\\\/lumea-larga\\\/uniunea-europeana-a-marit-tarifele-pentru-automobilele-electrice-din-china\\\/#primaryimage\",\"url\":\"https:\\\/\\\/covasna45.ro\\\/wp-content\\\/uploads\\\/2024\\\/10\\\/masini-electrice.jpg\",\"contentUrl\":\"https:\\\/\\\/covasna45.ro\\\/wp-content\\\/uploads\\\/2024\\\/10\\\/masini-electrice.jpg\",\"width\":1494,\"height\":996},{\"@type\":\"BreadcrumbList\",\"@id\":\"https:\\\/\\\/covasna45.ro\\\/index.php\\\/lumea-larga\\\/uniunea-europeana-a-marit-tarifele-pentru-automobilele-electrice-din-china\\\/#breadcrumb\",\"itemListElement\":[{\"@type\":\"ListItem\",\"position\":1,\"name\":\"Prima pagin\u0103\",\"item\":\"https:\\\/\\\/covasna45.ro\\\/\"},{\"@type\":\"ListItem\",\"position\":2,\"name\":\"Uniunea European\u0103 a m\u0103rit tarifele pentru automobilele electrice din China\"}]},{\"@type\":\"WebSite\",\"@id\":\"https:\\\/\\\/covasna45.ro\\\/#website\",\"url\":\"https:\\\/\\\/covasna45.ro\\\/\",\"name\":\"covasna45.ro\",\"description\":\"\",\"publisher\":{\"@id\":\"https:\\\/\\\/covasna45.ro\\\/#organization\"},\"potentialAction\":[{\"@type\":\"SearchAction\",\"target\":{\"@type\":\"EntryPoint\",\"urlTemplate\":\"https:\\\/\\\/covasna45.ro\\\/?s={search_term_string}\"},\"query-input\":{\"@type\":\"PropertyValueSpecification\",\"valueRequired\":true,\"valueName\":\"search_term_string\"}}],\"inLanguage\":\"ro-RO\"},{\"@type\":\"Organization\",\"@id\":\"https:\\\/\\\/covasna45.ro\\\/#organization\",\"name\":\"covasna45.ro\",\"url\":\"https:\\\/\\\/covasna45.ro\\\/\",\"logo\":{\"@type\":\"ImageObject\",\"inLanguage\":\"ro-RO\",\"@id\":\"https:\\\/\\\/covasna45.ro\\\/#\\\/schema\\\/logo\\\/image\\\/\",\"url\":\"https:\\\/\\\/covasna45.ro\\\/wp-content\\\/uploads\\\/2023\\\/01\\\/icon_logo.png\",\"contentUrl\":\"https:\\\/\\\/covasna45.ro\\\/wp-content\\\/uploads\\\/2023\\\/01\\\/icon_logo.png\",\"width\":1900,\"height\":1900,\"caption\":\"covasna45.ro\"},\"image\":{\"@id\":\"https:\\\/\\\/covasna45.ro\\\/#\\\/schema\\\/logo\\\/image\\\/\"}},{\"@type\":\"Person\",\"@id\":\"https:\\\/\\\/covasna45.ro\\\/#\\\/schema\\\/person\\\/e674052bd7d95d70bbb007a1060ab73c\",\"name\":\"Covasna45\",\"image\":{\"@type\":\"ImageObject\",\"inLanguage\":\"ro-RO\",\"@id\":\"https:\\\/\\\/covasna45.ro\\\/wp-content\\\/uploads\\\/2025\\\/10\\\/icon_logo_covasna45-150x150.png\",\"url\":\"https:\\\/\\\/covasna45.ro\\\/wp-content\\\/uploads\\\/2025\\\/10\\\/icon_logo_covasna45-150x150.png\",\"contentUrl\":\"https:\\\/\\\/covasna45.ro\\\/wp-content\\\/uploads\\\/2025\\\/10\\\/icon_logo_covasna45-150x150.png\",\"caption\":\"Covasna45\"},\"sameAs\":[\"https:\\\/\\\/covasna45.ro\"],\"url\":\"https:\\\/\\\/covasna45.ro\\\/index.php\\\/author\\\/covasna\\\/\"}]}<\/script>\n<!-- \/ Yoast SEO plugin. -->","yoast_head_json":{"title":"Uniunea European\u0103 a m\u0103rit tarifele pentru automobilele electrice din China - Covasna45","description":"Uniunea European\u0103 a m\u0103rit tarifele suplimentare pentru vehiculele electrice importate din China. Acestea au crescut","robots":{"index":"index","follow":"follow","max-snippet":"max-snippet:-1","max-image-preview":"max-image-preview:large","max-video-preview":"max-video-preview:-1"},"canonical":"https:\/\/covasna45.ro\/index.php\/lumea-larga\/uniunea-europeana-a-marit-tarifele-pentru-automobilele-electrice-din-china\/","og_locale":"ro_RO","og_type":"article","og_title":"Uniunea European\u0103 a m\u0103rit tarifele pentru automobilele electrice din China - Covasna45","og_description":"Uniunea European\u0103 a m\u0103rit tarifele suplimentare pentru vehiculele electrice importate din China. Acestea au crescut","og_url":"https:\/\/covasna45.ro\/index.php\/lumea-larga\/uniunea-europeana-a-marit-tarifele-pentru-automobilele-electrice-din-china\/","og_site_name":"Covasna45","article_published_time":"2024-10-30T06:42:37+00:00","article_modified_time":"2024-10-30T06:43:01+00:00","og_image":[{"width":1494,"height":996,"url":"https:\/\/covasna45.ro\/wp-content\/uploads\/2024\/10\/masini-electrice.jpg","type":"image\/jpeg"}],"author":"Covasna45","twitter_card":"summary_large_image","twitter_misc":{"Scris de":"Covasna45","Timp estimat pentru citire":"1 minut"},"schema":{"@context":"https:\/\/schema.org","@graph":[{"@type":"Article","@id":"https:\/\/covasna45.ro\/index.php\/lumea-larga\/uniunea-europeana-a-marit-tarifele-pentru-automobilele-electrice-din-china\/#article","isPartOf":{"@id":"https:\/\/covasna45.ro\/index.php\/lumea-larga\/uniunea-europeana-a-marit-tarifele-pentru-automobilele-electrice-din-china\/"},"author":{"name":"Covasna45","@id":"https:\/\/covasna45.ro\/#\/schema\/person\/e674052bd7d95d70bbb007a1060ab73c"},"headline":"Uniunea European\u0103 a m\u0103rit tarifele pentru automobilele electrice din China","datePublished":"2024-10-30T06:42:37+00:00","dateModified":"2024-10-30T06:43:01+00:00","mainEntityOfPage":{"@id":"https:\/\/covasna45.ro\/index.php\/lumea-larga\/uniunea-europeana-a-marit-tarifele-pentru-automobilele-electrice-din-china\/"},"wordCount":160,"commentCount":0,"publisher":{"@id":"https:\/\/covasna45.ro\/#organization"},"image":{"@id":"https:\/\/covasna45.ro\/index.php\/lumea-larga\/uniunea-europeana-a-marit-tarifele-pentru-automobilele-electrice-din-china\/#primaryimage"},"thumbnailUrl":"https:\/\/covasna45.ro\/wp-content\/uploads\/2024\/10\/masini-electrice.jpg","keywords":["China","Ma\u0219ini electrice","Tarife","Taxe"],"articleSection":["Lumea larg\u0103"],"inLanguage":"ro-RO","potentialAction":[{"@type":"CommentAction","name":"Comment","target":["https:\/\/covasna45.ro\/index.php\/lumea-larga\/uniunea-europeana-a-marit-tarifele-pentru-automobilele-electrice-din-china\/#respond"]}]},{"@type":"WebPage","@id":"https:\/\/covasna45.ro\/index.php\/lumea-larga\/uniunea-europeana-a-marit-tarifele-pentru-automobilele-electrice-din-china\/","url":"https:\/\/covasna45.ro\/index.php\/lumea-larga\/uniunea-europeana-a-marit-tarifele-pentru-automobilele-electrice-din-china\/","name":"Uniunea European\u0103 a m\u0103rit tarifele pentru automobilele electrice din China - Covasna45","isPartOf":{"@id":"https:\/\/covasna45.ro\/#website"},"primaryImageOfPage":{"@id":"https:\/\/covasna45.ro\/index.php\/lumea-larga\/uniunea-europeana-a-marit-tarifele-pentru-automobilele-electrice-din-china\/#primaryimage"},"image":{"@id":"https:\/\/covasna45.ro\/index.php\/lumea-larga\/uniunea-europeana-a-marit-tarifele-pentru-automobilele-electrice-din-china\/#primaryimage"},"thumbnailUrl":"https:\/\/covasna45.ro\/wp-content\/uploads\/2024\/10\/masini-electrice.jpg","datePublished":"2024-10-30T06:42:37+00:00","dateModified":"2024-10-30T06:43:01+00:00","description":"Uniunea European\u0103 a m\u0103rit tarifele suplimentare pentru vehiculele electrice importate din China. Acestea au crescut","breadcrumb":{"@id":"https:\/\/covasna45.ro\/index.php\/lumea-larga\/uniunea-europeana-a-marit-tarifele-pentru-automobilele-electrice-din-china\/#breadcrumb"},"inLanguage":"ro-RO","potentialAction":[{"@type":"ReadAction","target":["https:\/\/covasna45.ro\/index.php\/lumea-larga\/uniunea-europeana-a-marit-tarifele-pentru-automobilele-electrice-din-china\/"]}]},{"@type":"ImageObject","inLanguage":"ro-RO","@id":"https:\/\/covasna45.ro\/index.php\/lumea-larga\/uniunea-europeana-a-marit-tarifele-pentru-automobilele-electrice-din-china\/#primaryimage","url":"https:\/\/covasna45.ro\/wp-content\/uploads\/2024\/10\/masini-electrice.jpg","contentUrl":"https:\/\/covasna45.ro\/wp-content\/uploads\/2024\/10\/masini-electrice.jpg","width":1494,"height":996},{"@type":"BreadcrumbList","@id":"https:\/\/covasna45.ro\/index.php\/lumea-larga\/uniunea-europeana-a-marit-tarifele-pentru-automobilele-electrice-din-china\/#breadcrumb","itemListElement":[{"@type":"ListItem","position":1,"name":"Prima pagin\u0103","item":"https:\/\/covasna45.ro\/"},{"@type":"ListItem","position":2,"name":"Uniunea European\u0103 a m\u0103rit tarifele pentru automobilele electrice din China"}]},{"@type":"WebSite","@id":"https:\/\/covasna45.ro\/#website","url":"https:\/\/covasna45.ro\/","name":"covasna45.ro","description":"","publisher":{"@id":"https:\/\/covasna45.ro\/#organization"},"potentialAction":[{"@type":"SearchAction","target":{"@type":"EntryPoint","urlTemplate":"https:\/\/covasna45.ro\/?s={search_term_string}"},"query-input":{"@type":"PropertyValueSpecification","valueRequired":true,"valueName":"search_term_string"}}],"inLanguage":"ro-RO"},{"@type":"Organization","@id":"https:\/\/covasna45.ro\/#organization","name":"covasna45.ro","url":"https:\/\/covasna45.ro\/","logo":{"@type":"ImageObject","inLanguage":"ro-RO","@id":"https:\/\/covasna45.ro\/#\/schema\/logo\/image\/","url":"https:\/\/covasna45.ro\/wp-content\/uploads\/2023\/01\/icon_logo.png","contentUrl":"https:\/\/covasna45.ro\/wp-content\/uploads\/2023\/01\/icon_logo.png","width":1900,"height":1900,"caption":"covasna45.ro"},"image":{"@id":"https:\/\/covasna45.ro\/#\/schema\/logo\/image\/"}},{"@type":"Person","@id":"https:\/\/covasna45.ro\/#\/schema\/person\/e674052bd7d95d70bbb007a1060ab73c","name":"Covasna45","image":{"@type":"ImageObject","inLanguage":"ro-RO","@id":"https:\/\/covasna45.ro\/wp-content\/uploads\/2025\/10\/icon_logo_covasna45-150x150.png","url":"https:\/\/covasna45.ro\/wp-content\/uploads\/2025\/10\/icon_logo_covasna45-150x150.png","contentUrl":"https:\/\/covasna45.ro\/wp-content\/uploads\/2025\/10\/icon_logo_covasna45-150x150.png","caption":"Covasna45"},"sameAs":["https:\/\/covasna45.ro"],"url":"https:\/\/covasna45.ro\/index.php\/author\/covasna\/"}]}},"_links":{"self":[{"href":"https:\/\/covasna45.ro\/index.php\/wp-json\/wp\/v2\/posts\/8439","targetHints":{"allow":["GET"]}}],"collection":[{"href":"https:\/\/covasna45.ro\/index.php\/wp-json\/wp\/v2\/posts"}],"about":[{"href":"https:\/\/covasna45.ro\/index.php\/wp-json\/wp\/v2\/types\/post"}],"author":[{"embeddable":true,"href":"https:\/\/covasna45.ro\/index.php\/wp-json\/wp\/v2\/users\/1"}],"replies":[{"embeddable":true,"href":"https:\/\/covasna45.ro\/index.php\/wp-json\/wp\/v2\/comments?post=8439"}],"version-history":[{"count":1,"href":"https:\/\/covasna45.ro\/index.php\/wp-json\/wp\/v2\/posts\/8439\/revisions"}],"predecessor-version":[{"id":8441,"href":"https:\/\/covasna45.ro\/index.php\/wp-json\/wp\/v2\/posts\/8439\/revisions\/8441"}],"wp:featuredmedia":[{"embeddable":true,"href":"https:\/\/covasna45.ro\/index.php\/wp-json\/wp\/v2\/media\/8440"}],"wp:attachment":[{"href":"https:\/\/covasna45.ro\/index.php\/wp-json\/wp\/v2\/media?parent=8439"}],"wp:term":[{"taxonomy":"category","embeddable":true,"href":"https:\/\/covasna45.ro\/index.php\/wp-json\/wp\/v2\/categories?post=8439"},{"taxonomy":"post_tag","embeddable":true,"href":"https:\/\/covasna45.ro\/index.php\/wp-json\/wp\/v2\/tags?post=8439"}],"curies":[{"name":"wp","href":"https:\/\/api.w.org\/{rel}","templated":true}]}}