{"id":8442,"date":"2024-10-30T09:31:24","date_gmt":"2024-10-30T07:31:24","guid":{"rendered":"https:\/\/covasna45.ro\/?p=8442"},"modified":"2024-10-30T09:31:25","modified_gmt":"2024-10-30T07:31:25","slug":"incepe-la-brasov-dracula-film-festival","status":"publish","type":"post","link":"https:\/\/covasna45.ro\/index.php\/lumea-noastra\/incepe-la-brasov-dracula-film-festival\/","title":{"rendered":"\u00cencepe, la Bra\u0219ov, Dracula Film Festival"},"content":{"rendered":"\n<p><a href=\"https:\/\/draculafilm.ro\/\">Dracula Film Festival<\/a> aduce peste 30 de filme din categoriile fantasy, SF \u0219i horror care vor putea fi v\u0103zute la Cinema Modern din Bra\u0219ov. Sunt \u0219i documentare, \u0219i filme de art\u0103, sunt \u0219i filme lungi, dar \u0219i scurt-metraje. Filmele vor putea fi vizionate gratuit. Festivalul se desf\u0103\u0219oar\u0103 de ast\u0103zi p\u00e2n\u0103 duminic\u0103.<\/p>\n\n\n\n<h2 class=\"wp-block-heading\">Dracula Film Festival are mai multe sec\u021biuni.<\/h2>\n\n\n\n<p>La festival particip\u0103 at\u00e2t profesioni\u0219tii filmului, c\u00e2t \u0219i cinefilii amatori. \u00cen competi\u0163ia de lung-metraj se va acorda Dracula Trophy. \u00cen cea de scurt-metraj interna\u021bional &#8211; trofeul Little Dracula, iar \u00een cea de scurt-metraj rom\u00e2nesc \u2013 premiul Vl\u0103dutz.  <\/p>\n\n\n\n<p>Tinerii amatori concureaz\u0103 \u00een competi\u021bia Dracula Digital. Aceasta se adreseaz\u0103 tinerilor cu v\u00e2rste cuprinse \u00eentre 16 \u015fi 29 ani. Un juriu de specialitate urmeaz\u0103 s\u0103 selecteze filmele care intr\u0103 \u00een finala de la Bra\u015fov, un film fiind ales \u015fi prin votul publicului, pe site-ul <a href=\"https:\/\/draculadigital.ro\/\">www.draculadigital.ro<\/a>.<\/p>\n\n\n\n<p>Reprezenta\u0163ii echipelor admise \u00een final\u0103 vor intra \u00een etapa a doua a competi\u0163iei de la Bra\u015fov. Ei vor trebui sa realizeze un film cu telefonul mobil, de maximum trei minute, av\u00e2nd la dispozi\u0163ie doar 60 de ore, \u00een baza unor cuvinte cheie propuse de juriu \u00een prima zi a festivalului.<\/p>\n","protected":false},"excerpt":{"rendered":"<p>Dracula Film Festival aduce peste 30 de filme din categoriile fantasy, SF \u0219i horror care vor putea fi v\u0103zute la Cinema Modern din Bra\u0219ov. Sunt \u0219i documentare, \u0219i filme de art\u0103, sunt \u0219i filme lungi, dar \u0219i scurt-metraje. Filmele vor putea fi vizionate gratuit. Festivalul se desf\u0103\u0219oar\u0103 de ast\u0103zi p\u00e2n\u0103 duminic\u0103. Dracula Film Festival are [&hellip;]<\/p>\n","protected":false},"author":1,"featured_media":8444,"comment_status":"open","ping_status":"closed","sticky":false,"template":"","format":"standard","meta":{"tdm_status":"","tdm_grid_status":"","footnotes":""},"categories":[14],"tags":[3042,3038,3039,3040,695,3041,313],"class_list":{"0":"post-8442","1":"post","2":"type-post","3":"status-publish","4":"format-standard","5":"has-post-thumbnail","7":"category-lumea-noastra","8":"tag-cinema","9":"tag-dracula","10":"tag-dracula-film-festival","11":"tag-fantasy","12":"tag-festival","13":"tag-horror","14":"tag-sf"},"yoast_head":"<!-- This site is optimized with the Yoast SEO plugin v27.5 - https:\/\/yoast.com\/product\/yoast-seo-wordpress\/ -->\n<title>\u00cencepe, la Bra\u0219ov, Dracula Film Festival - Covasna45<\/title>\n<meta name=\"description\" content=\"La festival particip\u0103 at\u00e2t profesioni\u0219tii filmului, c\u00e2t \u0219i cinefilii amatori. \u00cen competi\u0163ia de lung-metraj se va acorda Dracula Trophy.\" \/>\n<meta name=\"robots\" content=\"index, follow, max-snippet:-1, max-image-preview:large, max-video-preview:-1\" \/>\n<link rel=\"canonical\" href=\"https:\/\/covasna45.ro\/index.php\/lumea-noastra\/incepe-la-brasov-dracula-film-festival\/\" \/>\n<meta property=\"og:locale\" content=\"ro_RO\" \/>\n<meta property=\"og:type\" content=\"article\" \/>\n<meta property=\"og:title\" content=\"\u00cencepe, la Bra\u0219ov, Dracula Film Festival - Covasna45\" \/>\n<meta property=\"og:description\" content=\"La festival particip\u0103 at\u00e2t profesioni\u0219tii filmului, c\u00e2t \u0219i cinefilii amatori. \u00cen competi\u0163ia de lung-metraj se va acorda Dracula Trophy.\" \/>\n<meta property=\"og:url\" content=\"https:\/\/covasna45.ro\/index.php\/lumea-noastra\/incepe-la-brasov-dracula-film-festival\/\" \/>\n<meta property=\"og:site_name\" content=\"Covasna45\" \/>\n<meta property=\"article:published_time\" content=\"2024-10-30T07:31:24+00:00\" \/>\n<meta property=\"article:modified_time\" content=\"2024-10-30T07:31:25+00:00\" \/>\n<meta property=\"og:image\" content=\"https:\/\/covasna45.ro\/wp-content\/uploads\/2024\/10\/Dracula-Film.png\" \/>\n\t<meta property=\"og:image:width\" content=\"1200\" \/>\n\t<meta property=\"og:image:height\" content=\"630\" \/>\n\t<meta property=\"og:image:type\" content=\"image\/png\" \/>\n<meta name=\"author\" content=\"Covasna45\" \/>\n<meta name=\"twitter:card\" content=\"summary_large_image\" \/>\n<meta name=\"twitter:label1\" content=\"Scris de\" \/>\n\t<meta name=\"twitter:data1\" content=\"Covasna45\" \/>\n\t<meta name=\"twitter:label2\" content=\"Timp estimat pentru citire\" \/>\n\t<meta name=\"twitter:data2\" content=\"2 minute\" \/>\n<script type=\"application\/ld+json\" class=\"yoast-schema-graph\">{\"@context\":\"https:\\\/\\\/schema.org\",\"@graph\":[{\"@type\":\"Article\",\"@id\":\"https:\\\/\\\/covasna45.ro\\\/index.php\\\/lumea-noastra\\\/incepe-la-brasov-dracula-film-festival\\\/#article\",\"isPartOf\":{\"@id\":\"https:\\\/\\\/covasna45.ro\\\/index.php\\\/lumea-noastra\\\/incepe-la-brasov-dracula-film-festival\\\/\"},\"author\":{\"name\":\"Covasna45\",\"@id\":\"https:\\\/\\\/covasna45.ro\\\/#\\\/schema\\\/person\\\/e674052bd7d95d70bbb007a1060ab73c\"},\"headline\":\"\u00cencepe, la Bra\u0219ov, Dracula Film Festival\",\"datePublished\":\"2024-10-30T07:31:24+00:00\",\"dateModified\":\"2024-10-30T07:31:25+00:00\",\"mainEntityOfPage\":{\"@id\":\"https:\\\/\\\/covasna45.ro\\\/index.php\\\/lumea-noastra\\\/incepe-la-brasov-dracula-film-festival\\\/\"},\"wordCount\":215,\"commentCount\":0,\"publisher\":{\"@id\":\"https:\\\/\\\/covasna45.ro\\\/#organization\"},\"image\":{\"@id\":\"https:\\\/\\\/covasna45.ro\\\/index.php\\\/lumea-noastra\\\/incepe-la-brasov-dracula-film-festival\\\/#primaryimage\"},\"thumbnailUrl\":\"https:\\\/\\\/covasna45.ro\\\/wp-content\\\/uploads\\\/2024\\\/10\\\/Dracula-Film.png\",\"keywords\":[\"Cinema\",\"Dracula\",\"Dracula Film Festival\",\"Fantasy\",\"Festival\",\"Horror\",\"SF\"],\"articleSection\":[\"Lumea noastr\u0103\"],\"inLanguage\":\"ro-RO\",\"potentialAction\":[{\"@type\":\"CommentAction\",\"name\":\"Comment\",\"target\":[\"https:\\\/\\\/covasna45.ro\\\/index.php\\\/lumea-noastra\\\/incepe-la-brasov-dracula-film-festival\\\/#respond\"]}]},{\"@type\":\"WebPage\",\"@id\":\"https:\\\/\\\/covasna45.ro\\\/index.php\\\/lumea-noastra\\\/incepe-la-brasov-dracula-film-festival\\\/\",\"url\":\"https:\\\/\\\/covasna45.ro\\\/index.php\\\/lumea-noastra\\\/incepe-la-brasov-dracula-film-festival\\\/\",\"name\":\"\u00cencepe, la Bra\u0219ov, Dracula Film Festival - Covasna45\",\"isPartOf\":{\"@id\":\"https:\\\/\\\/covasna45.ro\\\/#website\"},\"primaryImageOfPage\":{\"@id\":\"https:\\\/\\\/covasna45.ro\\\/index.php\\\/lumea-noastra\\\/incepe-la-brasov-dracula-film-festival\\\/#primaryimage\"},\"image\":{\"@id\":\"https:\\\/\\\/covasna45.ro\\\/index.php\\\/lumea-noastra\\\/incepe-la-brasov-dracula-film-festival\\\/#primaryimage\"},\"thumbnailUrl\":\"https:\\\/\\\/covasna45.ro\\\/wp-content\\\/uploads\\\/2024\\\/10\\\/Dracula-Film.png\",\"datePublished\":\"2024-10-30T07:31:24+00:00\",\"dateModified\":\"2024-10-30T07:31:25+00:00\",\"description\":\"La festival particip\u0103 at\u00e2t profesioni\u0219tii filmului, c\u00e2t \u0219i cinefilii amatori. \u00cen competi\u0163ia de lung-metraj se va acorda Dracula Trophy.\",\"breadcrumb\":{\"@id\":\"https:\\\/\\\/covasna45.ro\\\/index.php\\\/lumea-noastra\\\/incepe-la-brasov-dracula-film-festival\\\/#breadcrumb\"},\"inLanguage\":\"ro-RO\",\"potentialAction\":[{\"@type\":\"ReadAction\",\"target\":[\"https:\\\/\\\/covasna45.ro\\\/index.php\\\/lumea-noastra\\\/incepe-la-brasov-dracula-film-festival\\\/\"]}]},{\"@type\":\"ImageObject\",\"inLanguage\":\"ro-RO\",\"@id\":\"https:\\\/\\\/covasna45.ro\\\/index.php\\\/lumea-noastra\\\/incepe-la-brasov-dracula-film-festival\\\/#primaryimage\",\"url\":\"https:\\\/\\\/covasna45.ro\\\/wp-content\\\/uploads\\\/2024\\\/10\\\/Dracula-Film.png\",\"contentUrl\":\"https:\\\/\\\/covasna45.ro\\\/wp-content\\\/uploads\\\/2024\\\/10\\\/Dracula-Film.png\",\"width\":1200,\"height\":630},{\"@type\":\"BreadcrumbList\",\"@id\":\"https:\\\/\\\/covasna45.ro\\\/index.php\\\/lumea-noastra\\\/incepe-la-brasov-dracula-film-festival\\\/#breadcrumb\",\"itemListElement\":[{\"@type\":\"ListItem\",\"position\":1,\"name\":\"Prima pagin\u0103\",\"item\":\"https:\\\/\\\/covasna45.ro\\\/\"},{\"@type\":\"ListItem\",\"position\":2,\"name\":\"\u00cencepe, la Bra\u0219ov, Dracula Film Festival\"}]},{\"@type\":\"WebSite\",\"@id\":\"https:\\\/\\\/covasna45.ro\\\/#website\",\"url\":\"https:\\\/\\\/covasna45.ro\\\/\",\"name\":\"covasna45.ro\",\"description\":\"\",\"publisher\":{\"@id\":\"https:\\\/\\\/covasna45.ro\\\/#organization\"},\"potentialAction\":[{\"@type\":\"SearchAction\",\"target\":{\"@type\":\"EntryPoint\",\"urlTemplate\":\"https:\\\/\\\/covasna45.ro\\\/?s={search_term_string}\"},\"query-input\":{\"@type\":\"PropertyValueSpecification\",\"valueRequired\":true,\"valueName\":\"search_term_string\"}}],\"inLanguage\":\"ro-RO\"},{\"@type\":\"Organization\",\"@id\":\"https:\\\/\\\/covasna45.ro\\\/#organization\",\"name\":\"covasna45.ro\",\"url\":\"https:\\\/\\\/covasna45.ro\\\/\",\"logo\":{\"@type\":\"ImageObject\",\"inLanguage\":\"ro-RO\",\"@id\":\"https:\\\/\\\/covasna45.ro\\\/#\\\/schema\\\/logo\\\/image\\\/\",\"url\":\"https:\\\/\\\/covasna45.ro\\\/wp-content\\\/uploads\\\/2023\\\/01\\\/icon_logo.png\",\"contentUrl\":\"https:\\\/\\\/covasna45.ro\\\/wp-content\\\/uploads\\\/2023\\\/01\\\/icon_logo.png\",\"width\":1900,\"height\":1900,\"caption\":\"covasna45.ro\"},\"image\":{\"@id\":\"https:\\\/\\\/covasna45.ro\\\/#\\\/schema\\\/logo\\\/image\\\/\"}},{\"@type\":\"Person\",\"@id\":\"https:\\\/\\\/covasna45.ro\\\/#\\\/schema\\\/person\\\/e674052bd7d95d70bbb007a1060ab73c\",\"name\":\"Covasna45\",\"image\":{\"@type\":\"ImageObject\",\"inLanguage\":\"ro-RO\",\"@id\":\"https:\\\/\\\/covasna45.ro\\\/wp-content\\\/uploads\\\/2025\\\/10\\\/icon_logo_covasna45-150x150.png\",\"url\":\"https:\\\/\\\/covasna45.ro\\\/wp-content\\\/uploads\\\/2025\\\/10\\\/icon_logo_covasna45-150x150.png\",\"contentUrl\":\"https:\\\/\\\/covasna45.ro\\\/wp-content\\\/uploads\\\/2025\\\/10\\\/icon_logo_covasna45-150x150.png\",\"caption\":\"Covasna45\"},\"sameAs\":[\"https:\\\/\\\/covasna45.ro\"],\"url\":\"https:\\\/\\\/covasna45.ro\\\/index.php\\\/author\\\/covasna\\\/\"}]}<\/script>\n<!-- \/ Yoast SEO plugin. -->","yoast_head_json":{"title":"\u00cencepe, la Bra\u0219ov, Dracula Film Festival - Covasna45","description":"La festival particip\u0103 at\u00e2t profesioni\u0219tii filmului, c\u00e2t \u0219i cinefilii amatori. \u00cen competi\u0163ia de lung-metraj se va acorda Dracula Trophy.","robots":{"index":"index","follow":"follow","max-snippet":"max-snippet:-1","max-image-preview":"max-image-preview:large","max-video-preview":"max-video-preview:-1"},"canonical":"https:\/\/covasna45.ro\/index.php\/lumea-noastra\/incepe-la-brasov-dracula-film-festival\/","og_locale":"ro_RO","og_type":"article","og_title":"\u00cencepe, la Bra\u0219ov, Dracula Film Festival - Covasna45","og_description":"La festival particip\u0103 at\u00e2t profesioni\u0219tii filmului, c\u00e2t \u0219i cinefilii amatori. \u00cen competi\u0163ia de lung-metraj se va acorda Dracula Trophy.","og_url":"https:\/\/covasna45.ro\/index.php\/lumea-noastra\/incepe-la-brasov-dracula-film-festival\/","og_site_name":"Covasna45","article_published_time":"2024-10-30T07:31:24+00:00","article_modified_time":"2024-10-30T07:31:25+00:00","og_image":[{"width":1200,"height":630,"url":"https:\/\/covasna45.ro\/wp-content\/uploads\/2024\/10\/Dracula-Film.png","type":"image\/png"}],"author":"Covasna45","twitter_card":"summary_large_image","twitter_misc":{"Scris de":"Covasna45","Timp estimat pentru citire":"2 minute"},"schema":{"@context":"https:\/\/schema.org","@graph":[{"@type":"Article","@id":"https:\/\/covasna45.ro\/index.php\/lumea-noastra\/incepe-la-brasov-dracula-film-festival\/#article","isPartOf":{"@id":"https:\/\/covasna45.ro\/index.php\/lumea-noastra\/incepe-la-brasov-dracula-film-festival\/"},"author":{"name":"Covasna45","@id":"https:\/\/covasna45.ro\/#\/schema\/person\/e674052bd7d95d70bbb007a1060ab73c"},"headline":"\u00cencepe, la Bra\u0219ov, Dracula Film Festival","datePublished":"2024-10-30T07:31:24+00:00","dateModified":"2024-10-30T07:31:25+00:00","mainEntityOfPage":{"@id":"https:\/\/covasna45.ro\/index.php\/lumea-noastra\/incepe-la-brasov-dracula-film-festival\/"},"wordCount":215,"commentCount":0,"publisher":{"@id":"https:\/\/covasna45.ro\/#organization"},"image":{"@id":"https:\/\/covasna45.ro\/index.php\/lumea-noastra\/incepe-la-brasov-dracula-film-festival\/#primaryimage"},"thumbnailUrl":"https:\/\/covasna45.ro\/wp-content\/uploads\/2024\/10\/Dracula-Film.png","keywords":["Cinema","Dracula","Dracula Film Festival","Fantasy","Festival","Horror","SF"],"articleSection":["Lumea noastr\u0103"],"inLanguage":"ro-RO","potentialAction":[{"@type":"CommentAction","name":"Comment","target":["https:\/\/covasna45.ro\/index.php\/lumea-noastra\/incepe-la-brasov-dracula-film-festival\/#respond"]}]},{"@type":"WebPage","@id":"https:\/\/covasna45.ro\/index.php\/lumea-noastra\/incepe-la-brasov-dracula-film-festival\/","url":"https:\/\/covasna45.ro\/index.php\/lumea-noastra\/incepe-la-brasov-dracula-film-festival\/","name":"\u00cencepe, la Bra\u0219ov, Dracula Film Festival - Covasna45","isPartOf":{"@id":"https:\/\/covasna45.ro\/#website"},"primaryImageOfPage":{"@id":"https:\/\/covasna45.ro\/index.php\/lumea-noastra\/incepe-la-brasov-dracula-film-festival\/#primaryimage"},"image":{"@id":"https:\/\/covasna45.ro\/index.php\/lumea-noastra\/incepe-la-brasov-dracula-film-festival\/#primaryimage"},"thumbnailUrl":"https:\/\/covasna45.ro\/wp-content\/uploads\/2024\/10\/Dracula-Film.png","datePublished":"2024-10-30T07:31:24+00:00","dateModified":"2024-10-30T07:31:25+00:00","description":"La festival particip\u0103 at\u00e2t profesioni\u0219tii filmului, c\u00e2t \u0219i cinefilii amatori. \u00cen competi\u0163ia de lung-metraj se va acorda Dracula Trophy.","breadcrumb":{"@id":"https:\/\/covasna45.ro\/index.php\/lumea-noastra\/incepe-la-brasov-dracula-film-festival\/#breadcrumb"},"inLanguage":"ro-RO","potentialAction":[{"@type":"ReadAction","target":["https:\/\/covasna45.ro\/index.php\/lumea-noastra\/incepe-la-brasov-dracula-film-festival\/"]}]},{"@type":"ImageObject","inLanguage":"ro-RO","@id":"https:\/\/covasna45.ro\/index.php\/lumea-noastra\/incepe-la-brasov-dracula-film-festival\/#primaryimage","url":"https:\/\/covasna45.ro\/wp-content\/uploads\/2024\/10\/Dracula-Film.png","contentUrl":"https:\/\/covasna45.ro\/wp-content\/uploads\/2024\/10\/Dracula-Film.png","width":1200,"height":630},{"@type":"BreadcrumbList","@id":"https:\/\/covasna45.ro\/index.php\/lumea-noastra\/incepe-la-brasov-dracula-film-festival\/#breadcrumb","itemListElement":[{"@type":"ListItem","position":1,"name":"Prima pagin\u0103","item":"https:\/\/covasna45.ro\/"},{"@type":"ListItem","position":2,"name":"\u00cencepe, la Bra\u0219ov, Dracula Film Festival"}]},{"@type":"WebSite","@id":"https:\/\/covasna45.ro\/#website","url":"https:\/\/covasna45.ro\/","name":"covasna45.ro","description":"","publisher":{"@id":"https:\/\/covasna45.ro\/#organization"},"potentialAction":[{"@type":"SearchAction","target":{"@type":"EntryPoint","urlTemplate":"https:\/\/covasna45.ro\/?s={search_term_string}"},"query-input":{"@type":"PropertyValueSpecification","valueRequired":true,"valueName":"search_term_string"}}],"inLanguage":"ro-RO"},{"@type":"Organization","@id":"https:\/\/covasna45.ro\/#organization","name":"covasna45.ro","url":"https:\/\/covasna45.ro\/","logo":{"@type":"ImageObject","inLanguage":"ro-RO","@id":"https:\/\/covasna45.ro\/#\/schema\/logo\/image\/","url":"https:\/\/covasna45.ro\/wp-content\/uploads\/2023\/01\/icon_logo.png","contentUrl":"https:\/\/covasna45.ro\/wp-content\/uploads\/2023\/01\/icon_logo.png","width":1900,"height":1900,"caption":"covasna45.ro"},"image":{"@id":"https:\/\/covasna45.ro\/#\/schema\/logo\/image\/"}},{"@type":"Person","@id":"https:\/\/covasna45.ro\/#\/schema\/person\/e674052bd7d95d70bbb007a1060ab73c","name":"Covasna45","image":{"@type":"ImageObject","inLanguage":"ro-RO","@id":"https:\/\/covasna45.ro\/wp-content\/uploads\/2025\/10\/icon_logo_covasna45-150x150.png","url":"https:\/\/covasna45.ro\/wp-content\/uploads\/2025\/10\/icon_logo_covasna45-150x150.png","contentUrl":"https:\/\/covasna45.ro\/wp-content\/uploads\/2025\/10\/icon_logo_covasna45-150x150.png","caption":"Covasna45"},"sameAs":["https:\/\/covasna45.ro"],"url":"https:\/\/covasna45.ro\/index.php\/author\/covasna\/"}]}},"_links":{"self":[{"href":"https:\/\/covasna45.ro\/index.php\/wp-json\/wp\/v2\/posts\/8442","targetHints":{"allow":["GET"]}}],"collection":[{"href":"https:\/\/covasna45.ro\/index.php\/wp-json\/wp\/v2\/posts"}],"about":[{"href":"https:\/\/covasna45.ro\/index.php\/wp-json\/wp\/v2\/types\/post"}],"author":[{"embeddable":true,"href":"https:\/\/covasna45.ro\/index.php\/wp-json\/wp\/v2\/users\/1"}],"replies":[{"embeddable":true,"href":"https:\/\/covasna45.ro\/index.php\/wp-json\/wp\/v2\/comments?post=8442"}],"version-history":[{"count":2,"href":"https:\/\/covasna45.ro\/index.php\/wp-json\/wp\/v2\/posts\/8442\/revisions"}],"predecessor-version":[{"id":8445,"href":"https:\/\/covasna45.ro\/index.php\/wp-json\/wp\/v2\/posts\/8442\/revisions\/8445"}],"wp:featuredmedia":[{"embeddable":true,"href":"https:\/\/covasna45.ro\/index.php\/wp-json\/wp\/v2\/media\/8444"}],"wp:attachment":[{"href":"https:\/\/covasna45.ro\/index.php\/wp-json\/wp\/v2\/media?parent=8442"}],"wp:term":[{"taxonomy":"category","embeddable":true,"href":"https:\/\/covasna45.ro\/index.php\/wp-json\/wp\/v2\/categories?post=8442"},{"taxonomy":"post_tag","embeddable":true,"href":"https:\/\/covasna45.ro\/index.php\/wp-json\/wp\/v2\/tags?post=8442"}],"curies":[{"name":"wp","href":"https:\/\/api.w.org\/{rel}","templated":true}]}}