{"id":8447,"date":"2024-10-31T08:53:54","date_gmt":"2024-10-31T06:53:54","guid":{"rendered":"https:\/\/covasna45.ro\/?p=8447"},"modified":"2024-10-31T08:55:29","modified_gmt":"2024-10-31T06:55:29","slug":"probleme-la-volkswagen-angajatii-nevoiti-sa-accepte-salarii-mai-mici","status":"publish","type":"post","link":"https:\/\/covasna45.ro\/index.php\/lumea-larga\/probleme-la-volkswagen-angajatii-nevoiti-sa-accepte-salarii-mai-mici\/","title":{"rendered":"Probleme la Volkswagen: angaja\u021bii, nevoi\u021bi s\u0103 accepte salarii mai mici"},"content":{"rendered":"\n<p>Conducerea companiei Volkswagen le-a cerut angaja\u0163ilor s\u0103 accepte o reducere salarial\u0103 de 10%, argument\u00e2nd c\u0103 aceasta este singura modalitate prin care ar putea p\u0103stra locurile de munc\u0103 \u015fi r\u0103m\u00e2ne competitive. Profiturile celui mai mare produc\u0103tor auto european au sc\u0103zut la cel mai jos nivel din ultimii trei ani, iar liderii sindicali amenin\u0163\u0103 cu greve, transmite Reuters, citat\u0103 de <a href=\"https:\/\/www.news.ro\/economic\/volkswagen-a-cerut-miercuri-angajatilor-sai-sa-accepte-o-reducere-salariala-de-10-pentru-a-putea-pastra-locurile-de-munca-si-competitivitatea-1922402231002024100721819999\">news.ro<\/a>.<\/p>\n\n\n\n<p>Aceste m\u0103suri de reducere a costurilor, prima confirmare oficial\u0103 a lor, sunt necesare pentru a redresa compania, care se confrunt\u0103 cu cererea slab\u0103 din China \u015fi cu costuri ridicate care au dus la supracapacitatea fabricilor sale. Compania nu a precizat dac\u0103 are \u00een plan \u00eenchiderea unor fabrici din Germania, dar reprezentan\u0163ii lucr\u0103torilor au subliniat c\u0103 aceast\u0103 op\u0163iune r\u0103m\u00e2ne pe mas\u0103.<\/p>\n\n\n\n<p>Sindicatele \u015fi conducerea Volkswagen s-au \u00eent\u00e2lnit pentru discu\u0163ii asupra salariilor \u015fi viitorului companiei, convenind s\u0103 reia negocierile pe 21 noiembrie. Reprezentan\u0163ii lucr\u0103torilor cer o cre\u015ftere salarial\u0103 de 7% \u015fi au amenin\u0163at cu greve \u00eencep\u00e2nd din decembrie dac\u0103 nu sunt excluse definitiv \u00eenchiderile de fabrici.<\/p>\n\n\n\n<h2 class=\"wp-block-heading\">V\u00e2nz\u0103rile \u00een China au sc\u0103zut<\/h2>\n\n\n\n<p>Volkswagen a raportat o sc\u0103dere de 42% a profitului pentru trimestrul trei, cel mai redus nivel din ultimii trei ani, iar directorul financiar Arno Antlitz a subliniat c\u0103 este nevoie urgent\u0103 de reducerea costurilor pentru a asigura competitivitatea. El a mai spus c\u0103 compania are un plan de redresare pentru China, bazat pe \u00eembun\u0103t\u0103\u0163irea software-ului \u015fi a asisten\u0163ei la condus, cu scopul de a recupera cota de pia\u0163\u0103 p\u00e2n\u0103 \u00een 2026 sau 2027.<\/p>\n\n\n\n<p>Pie\u0163ele auto europene \u015fi chineze au devenit tot mai competitive, cu modele mai ieftine de la produc\u0103tori precum Tesla \u015fi produc\u0103torii chinezi c\u00e2\u015ftig\u00e2nd cot\u0103 de pia\u0163\u0103. V\u00e2nz\u0103rile Volkswagen \u00een China au sc\u0103zut cu 15% \u00een trimestrul al treilea, iar ac\u0163iunile companiei au pierdut aproximativ o cincime din valoarea de la \u00eenceputul anului.<\/p>\n\n\n\n<p><em>Foto: <a href=\"https:\/\/www.volkswagen-newsroom.com\/en\/wolfsburg-plant-the-heart-of-the-vw-brand-6811\">Volskwagen<\/a><\/em><\/p>\n","protected":false},"excerpt":{"rendered":"<p>Conducerea companiei Volkswagen le-a cerut angaja\u0163ilor s\u0103 accepte o reducere salarial\u0103 de 10%, argument\u00e2nd c\u0103 aceasta este singura modalitate prin care ar putea p\u0103stra locurile de munc\u0103 \u015fi r\u0103m\u00e2ne competitive. Profiturile celui mai mare produc\u0103tor auto european au sc\u0103zut la cel mai jos nivel din ultimii trei ani, iar liderii sindicali amenin\u0163\u0103 cu greve, transmite [&hellip;]<\/p>\n","protected":false},"author":1,"featured_media":8448,"comment_status":"open","ping_status":"closed","sticky":false,"template":"","format":"standard","meta":{"tdm_status":"","tdm_grid_status":"","footnotes":""},"categories":[10],"tags":[3044,44,480,3043],"class_list":{"0":"post-8447","1":"post","2":"type-post","3":"status-publish","4":"format-standard","5":"has-post-thumbnail","7":"category-lumea-larga","8":"tag-criza-2","9":"tag-salarii","10":"tag-sindicate","11":"tag-volskwagen"},"yoast_head":"<!-- This site is optimized with the Yoast SEO plugin v27.5 - https:\/\/yoast.com\/product\/yoast-seo-wordpress\/ -->\n<title>Probleme la Volkswagen: angaja\u021bii, nevoi\u021bi s\u0103 accepte salarii mai mici - Covasna45<\/title>\n<meta name=\"description\" content=\"Sindicatele \u015fi conducerea Volkswagen s-au \u00eent\u00e2lnit pentru discu\u0163ii asupra salariilor \u015fi viitorului companiei.\" \/>\n<meta name=\"robots\" content=\"index, follow, max-snippet:-1, max-image-preview:large, max-video-preview:-1\" \/>\n<link rel=\"canonical\" href=\"https:\/\/covasna45.ro\/index.php\/lumea-larga\/probleme-la-volkswagen-angajatii-nevoiti-sa-accepte-salarii-mai-mici\/\" \/>\n<meta property=\"og:locale\" content=\"ro_RO\" \/>\n<meta property=\"og:type\" content=\"article\" \/>\n<meta property=\"og:title\" content=\"Probleme la Volkswagen: angaja\u021bii, nevoi\u021bi s\u0103 accepte salarii mai mici - Covasna45\" \/>\n<meta property=\"og:description\" content=\"Sindicatele \u015fi conducerea Volkswagen s-au \u00eent\u00e2lnit pentru discu\u0163ii asupra salariilor \u015fi viitorului companiei.\" \/>\n<meta property=\"og:url\" content=\"https:\/\/covasna45.ro\/index.php\/lumea-larga\/probleme-la-volkswagen-angajatii-nevoiti-sa-accepte-salarii-mai-mici\/\" \/>\n<meta property=\"og:site_name\" content=\"Covasna45\" \/>\n<meta property=\"article:published_time\" content=\"2024-10-31T06:53:54+00:00\" \/>\n<meta property=\"article:modified_time\" content=\"2024-10-31T06:55:29+00:00\" \/>\n<meta property=\"og:image\" content=\"https:\/\/covasna45.ro\/wp-content\/uploads\/2024\/10\/vw1.jpg\" \/>\n\t<meta property=\"og:image:width\" content=\"1160\" \/>\n\t<meta property=\"og:image:height\" content=\"774\" \/>\n\t<meta property=\"og:image:type\" content=\"image\/jpeg\" \/>\n<meta name=\"author\" content=\"Covasna45\" \/>\n<meta name=\"twitter:card\" content=\"summary_large_image\" \/>\n<meta name=\"twitter:label1\" content=\"Scris de\" \/>\n\t<meta name=\"twitter:data1\" content=\"Covasna45\" \/>\n\t<meta name=\"twitter:label2\" content=\"Timp estimat pentru citire\" \/>\n\t<meta name=\"twitter:data2\" content=\"2 minute\" \/>\n<script type=\"application\/ld+json\" class=\"yoast-schema-graph\">{\"@context\":\"https:\\\/\\\/schema.org\",\"@graph\":[{\"@type\":\"Article\",\"@id\":\"https:\\\/\\\/covasna45.ro\\\/index.php\\\/lumea-larga\\\/probleme-la-volkswagen-angajatii-nevoiti-sa-accepte-salarii-mai-mici\\\/#article\",\"isPartOf\":{\"@id\":\"https:\\\/\\\/covasna45.ro\\\/index.php\\\/lumea-larga\\\/probleme-la-volkswagen-angajatii-nevoiti-sa-accepte-salarii-mai-mici\\\/\"},\"author\":{\"name\":\"Covasna45\",\"@id\":\"https:\\\/\\\/covasna45.ro\\\/#\\\/schema\\\/person\\\/e674052bd7d95d70bbb007a1060ab73c\"},\"headline\":\"Probleme la Volkswagen: angaja\u021bii, nevoi\u021bi s\u0103 accepte salarii mai mici\",\"datePublished\":\"2024-10-31T06:53:54+00:00\",\"dateModified\":\"2024-10-31T06:55:29+00:00\",\"mainEntityOfPage\":{\"@id\":\"https:\\\/\\\/covasna45.ro\\\/index.php\\\/lumea-larga\\\/probleme-la-volkswagen-angajatii-nevoiti-sa-accepte-salarii-mai-mici\\\/\"},\"wordCount\":338,\"commentCount\":0,\"publisher\":{\"@id\":\"https:\\\/\\\/covasna45.ro\\\/#organization\"},\"image\":{\"@id\":\"https:\\\/\\\/covasna45.ro\\\/index.php\\\/lumea-larga\\\/probleme-la-volkswagen-angajatii-nevoiti-sa-accepte-salarii-mai-mici\\\/#primaryimage\"},\"thumbnailUrl\":\"https:\\\/\\\/covasna45.ro\\\/wp-content\\\/uploads\\\/2024\\\/10\\\/vw1.jpg\",\"keywords\":[\"criza\",\"salarii\",\"Sindicate\",\"Volskwagen\"],\"articleSection\":[\"Lumea larg\u0103\"],\"inLanguage\":\"ro-RO\",\"potentialAction\":[{\"@type\":\"CommentAction\",\"name\":\"Comment\",\"target\":[\"https:\\\/\\\/covasna45.ro\\\/index.php\\\/lumea-larga\\\/probleme-la-volkswagen-angajatii-nevoiti-sa-accepte-salarii-mai-mici\\\/#respond\"]}]},{\"@type\":\"WebPage\",\"@id\":\"https:\\\/\\\/covasna45.ro\\\/index.php\\\/lumea-larga\\\/probleme-la-volkswagen-angajatii-nevoiti-sa-accepte-salarii-mai-mici\\\/\",\"url\":\"https:\\\/\\\/covasna45.ro\\\/index.php\\\/lumea-larga\\\/probleme-la-volkswagen-angajatii-nevoiti-sa-accepte-salarii-mai-mici\\\/\",\"name\":\"Probleme la Volkswagen: angaja\u021bii, nevoi\u021bi s\u0103 accepte salarii mai mici - Covasna45\",\"isPartOf\":{\"@id\":\"https:\\\/\\\/covasna45.ro\\\/#website\"},\"primaryImageOfPage\":{\"@id\":\"https:\\\/\\\/covasna45.ro\\\/index.php\\\/lumea-larga\\\/probleme-la-volkswagen-angajatii-nevoiti-sa-accepte-salarii-mai-mici\\\/#primaryimage\"},\"image\":{\"@id\":\"https:\\\/\\\/covasna45.ro\\\/index.php\\\/lumea-larga\\\/probleme-la-volkswagen-angajatii-nevoiti-sa-accepte-salarii-mai-mici\\\/#primaryimage\"},\"thumbnailUrl\":\"https:\\\/\\\/covasna45.ro\\\/wp-content\\\/uploads\\\/2024\\\/10\\\/vw1.jpg\",\"datePublished\":\"2024-10-31T06:53:54+00:00\",\"dateModified\":\"2024-10-31T06:55:29+00:00\",\"description\":\"Sindicatele \u015fi conducerea Volkswagen s-au \u00eent\u00e2lnit pentru discu\u0163ii asupra salariilor \u015fi viitorului companiei.\",\"breadcrumb\":{\"@id\":\"https:\\\/\\\/covasna45.ro\\\/index.php\\\/lumea-larga\\\/probleme-la-volkswagen-angajatii-nevoiti-sa-accepte-salarii-mai-mici\\\/#breadcrumb\"},\"inLanguage\":\"ro-RO\",\"potentialAction\":[{\"@type\":\"ReadAction\",\"target\":[\"https:\\\/\\\/covasna45.ro\\\/index.php\\\/lumea-larga\\\/probleme-la-volkswagen-angajatii-nevoiti-sa-accepte-salarii-mai-mici\\\/\"]}]},{\"@type\":\"ImageObject\",\"inLanguage\":\"ro-RO\",\"@id\":\"https:\\\/\\\/covasna45.ro\\\/index.php\\\/lumea-larga\\\/probleme-la-volkswagen-angajatii-nevoiti-sa-accepte-salarii-mai-mici\\\/#primaryimage\",\"url\":\"https:\\\/\\\/covasna45.ro\\\/wp-content\\\/uploads\\\/2024\\\/10\\\/vw1.jpg\",\"contentUrl\":\"https:\\\/\\\/covasna45.ro\\\/wp-content\\\/uploads\\\/2024\\\/10\\\/vw1.jpg\",\"width\":1160,\"height\":774},{\"@type\":\"BreadcrumbList\",\"@id\":\"https:\\\/\\\/covasna45.ro\\\/index.php\\\/lumea-larga\\\/probleme-la-volkswagen-angajatii-nevoiti-sa-accepte-salarii-mai-mici\\\/#breadcrumb\",\"itemListElement\":[{\"@type\":\"ListItem\",\"position\":1,\"name\":\"Prima pagin\u0103\",\"item\":\"https:\\\/\\\/covasna45.ro\\\/\"},{\"@type\":\"ListItem\",\"position\":2,\"name\":\"Probleme la Volkswagen: angaja\u021bii, nevoi\u021bi s\u0103 accepte salarii mai mici\"}]},{\"@type\":\"WebSite\",\"@id\":\"https:\\\/\\\/covasna45.ro\\\/#website\",\"url\":\"https:\\\/\\\/covasna45.ro\\\/\",\"name\":\"covasna45.ro\",\"description\":\"\",\"publisher\":{\"@id\":\"https:\\\/\\\/covasna45.ro\\\/#organization\"},\"potentialAction\":[{\"@type\":\"SearchAction\",\"target\":{\"@type\":\"EntryPoint\",\"urlTemplate\":\"https:\\\/\\\/covasna45.ro\\\/?s={search_term_string}\"},\"query-input\":{\"@type\":\"PropertyValueSpecification\",\"valueRequired\":true,\"valueName\":\"search_term_string\"}}],\"inLanguage\":\"ro-RO\"},{\"@type\":\"Organization\",\"@id\":\"https:\\\/\\\/covasna45.ro\\\/#organization\",\"name\":\"covasna45.ro\",\"url\":\"https:\\\/\\\/covasna45.ro\\\/\",\"logo\":{\"@type\":\"ImageObject\",\"inLanguage\":\"ro-RO\",\"@id\":\"https:\\\/\\\/covasna45.ro\\\/#\\\/schema\\\/logo\\\/image\\\/\",\"url\":\"https:\\\/\\\/covasna45.ro\\\/wp-content\\\/uploads\\\/2023\\\/01\\\/icon_logo.png\",\"contentUrl\":\"https:\\\/\\\/covasna45.ro\\\/wp-content\\\/uploads\\\/2023\\\/01\\\/icon_logo.png\",\"width\":1900,\"height\":1900,\"caption\":\"covasna45.ro\"},\"image\":{\"@id\":\"https:\\\/\\\/covasna45.ro\\\/#\\\/schema\\\/logo\\\/image\\\/\"}},{\"@type\":\"Person\",\"@id\":\"https:\\\/\\\/covasna45.ro\\\/#\\\/schema\\\/person\\\/e674052bd7d95d70bbb007a1060ab73c\",\"name\":\"Covasna45\",\"image\":{\"@type\":\"ImageObject\",\"inLanguage\":\"ro-RO\",\"@id\":\"https:\\\/\\\/covasna45.ro\\\/wp-content\\\/uploads\\\/2025\\\/10\\\/icon_logo_covasna45-150x150.png\",\"url\":\"https:\\\/\\\/covasna45.ro\\\/wp-content\\\/uploads\\\/2025\\\/10\\\/icon_logo_covasna45-150x150.png\",\"contentUrl\":\"https:\\\/\\\/covasna45.ro\\\/wp-content\\\/uploads\\\/2025\\\/10\\\/icon_logo_covasna45-150x150.png\",\"caption\":\"Covasna45\"},\"sameAs\":[\"https:\\\/\\\/covasna45.ro\"],\"url\":\"https:\\\/\\\/covasna45.ro\\\/index.php\\\/author\\\/covasna\\\/\"}]}<\/script>\n<!-- \/ Yoast SEO plugin. -->","yoast_head_json":{"title":"Probleme la Volkswagen: angaja\u021bii, nevoi\u021bi s\u0103 accepte salarii mai mici - Covasna45","description":"Sindicatele \u015fi conducerea Volkswagen s-au \u00eent\u00e2lnit pentru discu\u0163ii asupra salariilor \u015fi viitorului companiei.","robots":{"index":"index","follow":"follow","max-snippet":"max-snippet:-1","max-image-preview":"max-image-preview:large","max-video-preview":"max-video-preview:-1"},"canonical":"https:\/\/covasna45.ro\/index.php\/lumea-larga\/probleme-la-volkswagen-angajatii-nevoiti-sa-accepte-salarii-mai-mici\/","og_locale":"ro_RO","og_type":"article","og_title":"Probleme la Volkswagen: angaja\u021bii, nevoi\u021bi s\u0103 accepte salarii mai mici - Covasna45","og_description":"Sindicatele \u015fi conducerea Volkswagen s-au \u00eent\u00e2lnit pentru discu\u0163ii asupra salariilor \u015fi viitorului companiei.","og_url":"https:\/\/covasna45.ro\/index.php\/lumea-larga\/probleme-la-volkswagen-angajatii-nevoiti-sa-accepte-salarii-mai-mici\/","og_site_name":"Covasna45","article_published_time":"2024-10-31T06:53:54+00:00","article_modified_time":"2024-10-31T06:55:29+00:00","og_image":[{"width":1160,"height":774,"url":"https:\/\/covasna45.ro\/wp-content\/uploads\/2024\/10\/vw1.jpg","type":"image\/jpeg"}],"author":"Covasna45","twitter_card":"summary_large_image","twitter_misc":{"Scris de":"Covasna45","Timp estimat pentru citire":"2 minute"},"schema":{"@context":"https:\/\/schema.org","@graph":[{"@type":"Article","@id":"https:\/\/covasna45.ro\/index.php\/lumea-larga\/probleme-la-volkswagen-angajatii-nevoiti-sa-accepte-salarii-mai-mici\/#article","isPartOf":{"@id":"https:\/\/covasna45.ro\/index.php\/lumea-larga\/probleme-la-volkswagen-angajatii-nevoiti-sa-accepte-salarii-mai-mici\/"},"author":{"name":"Covasna45","@id":"https:\/\/covasna45.ro\/#\/schema\/person\/e674052bd7d95d70bbb007a1060ab73c"},"headline":"Probleme la Volkswagen: angaja\u021bii, nevoi\u021bi s\u0103 accepte salarii mai mici","datePublished":"2024-10-31T06:53:54+00:00","dateModified":"2024-10-31T06:55:29+00:00","mainEntityOfPage":{"@id":"https:\/\/covasna45.ro\/index.php\/lumea-larga\/probleme-la-volkswagen-angajatii-nevoiti-sa-accepte-salarii-mai-mici\/"},"wordCount":338,"commentCount":0,"publisher":{"@id":"https:\/\/covasna45.ro\/#organization"},"image":{"@id":"https:\/\/covasna45.ro\/index.php\/lumea-larga\/probleme-la-volkswagen-angajatii-nevoiti-sa-accepte-salarii-mai-mici\/#primaryimage"},"thumbnailUrl":"https:\/\/covasna45.ro\/wp-content\/uploads\/2024\/10\/vw1.jpg","keywords":["criza","salarii","Sindicate","Volskwagen"],"articleSection":["Lumea larg\u0103"],"inLanguage":"ro-RO","potentialAction":[{"@type":"CommentAction","name":"Comment","target":["https:\/\/covasna45.ro\/index.php\/lumea-larga\/probleme-la-volkswagen-angajatii-nevoiti-sa-accepte-salarii-mai-mici\/#respond"]}]},{"@type":"WebPage","@id":"https:\/\/covasna45.ro\/index.php\/lumea-larga\/probleme-la-volkswagen-angajatii-nevoiti-sa-accepte-salarii-mai-mici\/","url":"https:\/\/covasna45.ro\/index.php\/lumea-larga\/probleme-la-volkswagen-angajatii-nevoiti-sa-accepte-salarii-mai-mici\/","name":"Probleme la Volkswagen: angaja\u021bii, nevoi\u021bi s\u0103 accepte salarii mai mici - Covasna45","isPartOf":{"@id":"https:\/\/covasna45.ro\/#website"},"primaryImageOfPage":{"@id":"https:\/\/covasna45.ro\/index.php\/lumea-larga\/probleme-la-volkswagen-angajatii-nevoiti-sa-accepte-salarii-mai-mici\/#primaryimage"},"image":{"@id":"https:\/\/covasna45.ro\/index.php\/lumea-larga\/probleme-la-volkswagen-angajatii-nevoiti-sa-accepte-salarii-mai-mici\/#primaryimage"},"thumbnailUrl":"https:\/\/covasna45.ro\/wp-content\/uploads\/2024\/10\/vw1.jpg","datePublished":"2024-10-31T06:53:54+00:00","dateModified":"2024-10-31T06:55:29+00:00","description":"Sindicatele \u015fi conducerea Volkswagen s-au \u00eent\u00e2lnit pentru discu\u0163ii asupra salariilor \u015fi viitorului companiei.","breadcrumb":{"@id":"https:\/\/covasna45.ro\/index.php\/lumea-larga\/probleme-la-volkswagen-angajatii-nevoiti-sa-accepte-salarii-mai-mici\/#breadcrumb"},"inLanguage":"ro-RO","potentialAction":[{"@type":"ReadAction","target":["https:\/\/covasna45.ro\/index.php\/lumea-larga\/probleme-la-volkswagen-angajatii-nevoiti-sa-accepte-salarii-mai-mici\/"]}]},{"@type":"ImageObject","inLanguage":"ro-RO","@id":"https:\/\/covasna45.ro\/index.php\/lumea-larga\/probleme-la-volkswagen-angajatii-nevoiti-sa-accepte-salarii-mai-mici\/#primaryimage","url":"https:\/\/covasna45.ro\/wp-content\/uploads\/2024\/10\/vw1.jpg","contentUrl":"https:\/\/covasna45.ro\/wp-content\/uploads\/2024\/10\/vw1.jpg","width":1160,"height":774},{"@type":"BreadcrumbList","@id":"https:\/\/covasna45.ro\/index.php\/lumea-larga\/probleme-la-volkswagen-angajatii-nevoiti-sa-accepte-salarii-mai-mici\/#breadcrumb","itemListElement":[{"@type":"ListItem","position":1,"name":"Prima pagin\u0103","item":"https:\/\/covasna45.ro\/"},{"@type":"ListItem","position":2,"name":"Probleme la Volkswagen: angaja\u021bii, nevoi\u021bi s\u0103 accepte salarii mai mici"}]},{"@type":"WebSite","@id":"https:\/\/covasna45.ro\/#website","url":"https:\/\/covasna45.ro\/","name":"covasna45.ro","description":"","publisher":{"@id":"https:\/\/covasna45.ro\/#organization"},"potentialAction":[{"@type":"SearchAction","target":{"@type":"EntryPoint","urlTemplate":"https:\/\/covasna45.ro\/?s={search_term_string}"},"query-input":{"@type":"PropertyValueSpecification","valueRequired":true,"valueName":"search_term_string"}}],"inLanguage":"ro-RO"},{"@type":"Organization","@id":"https:\/\/covasna45.ro\/#organization","name":"covasna45.ro","url":"https:\/\/covasna45.ro\/","logo":{"@type":"ImageObject","inLanguage":"ro-RO","@id":"https:\/\/covasna45.ro\/#\/schema\/logo\/image\/","url":"https:\/\/covasna45.ro\/wp-content\/uploads\/2023\/01\/icon_logo.png","contentUrl":"https:\/\/covasna45.ro\/wp-content\/uploads\/2023\/01\/icon_logo.png","width":1900,"height":1900,"caption":"covasna45.ro"},"image":{"@id":"https:\/\/covasna45.ro\/#\/schema\/logo\/image\/"}},{"@type":"Person","@id":"https:\/\/covasna45.ro\/#\/schema\/person\/e674052bd7d95d70bbb007a1060ab73c","name":"Covasna45","image":{"@type":"ImageObject","inLanguage":"ro-RO","@id":"https:\/\/covasna45.ro\/wp-content\/uploads\/2025\/10\/icon_logo_covasna45-150x150.png","url":"https:\/\/covasna45.ro\/wp-content\/uploads\/2025\/10\/icon_logo_covasna45-150x150.png","contentUrl":"https:\/\/covasna45.ro\/wp-content\/uploads\/2025\/10\/icon_logo_covasna45-150x150.png","caption":"Covasna45"},"sameAs":["https:\/\/covasna45.ro"],"url":"https:\/\/covasna45.ro\/index.php\/author\/covasna\/"}]}},"_links":{"self":[{"href":"https:\/\/covasna45.ro\/index.php\/wp-json\/wp\/v2\/posts\/8447","targetHints":{"allow":["GET"]}}],"collection":[{"href":"https:\/\/covasna45.ro\/index.php\/wp-json\/wp\/v2\/posts"}],"about":[{"href":"https:\/\/covasna45.ro\/index.php\/wp-json\/wp\/v2\/types\/post"}],"author":[{"embeddable":true,"href":"https:\/\/covasna45.ro\/index.php\/wp-json\/wp\/v2\/users\/1"}],"replies":[{"embeddable":true,"href":"https:\/\/covasna45.ro\/index.php\/wp-json\/wp\/v2\/comments?post=8447"}],"version-history":[{"count":2,"href":"https:\/\/covasna45.ro\/index.php\/wp-json\/wp\/v2\/posts\/8447\/revisions"}],"predecessor-version":[{"id":8450,"href":"https:\/\/covasna45.ro\/index.php\/wp-json\/wp\/v2\/posts\/8447\/revisions\/8450"}],"wp:featuredmedia":[{"embeddable":true,"href":"https:\/\/covasna45.ro\/index.php\/wp-json\/wp\/v2\/media\/8448"}],"wp:attachment":[{"href":"https:\/\/covasna45.ro\/index.php\/wp-json\/wp\/v2\/media?parent=8447"}],"wp:term":[{"taxonomy":"category","embeddable":true,"href":"https:\/\/covasna45.ro\/index.php\/wp-json\/wp\/v2\/categories?post=8447"},{"taxonomy":"post_tag","embeddable":true,"href":"https:\/\/covasna45.ro\/index.php\/wp-json\/wp\/v2\/tags?post=8447"}],"curies":[{"name":"wp","href":"https:\/\/api.w.org\/{rel}","templated":true}]}}