{"id":8455,"date":"2024-10-31T11:17:40","date_gmt":"2024-10-31T09:17:40","guid":{"rendered":"https:\/\/covasna45.ro\/?p=8455"},"modified":"2024-10-31T11:17:40","modified_gmt":"2024-10-31T09:17:40","slug":"poveste-din-talcioc","status":"publish","type":"post","link":"https:\/\/covasna45.ro\/index.php\/lumea-noastra\/poveste-din-talcioc\/","title":{"rendered":"Poveste din talcioc"},"content":{"rendered":"\n<p>Din c\u00e2nd \u00een c\u00e2nd, la intersec\u021bia de la Reci e organizat un talcioc. Vin comercian\u021bi din mai multe zone ale \u021b\u0103rii \u0219i expun acolo zeci de mii de obiecte. Pasiona\u021bii de chilipiruri sau colec\u021bionarii de antichit\u0103\u021bi vin s\u0103 le vad\u0103 \u0219i mai \u0219i cump\u0103r\u0103 c\u00e2te ceva. Le duc apoi acas\u0103 \u0219i le pun al\u0103turi de cele pe care le au deja. Pentru c\u0103, nu-i a\u0219a, e \u00een firea noastr\u0103 s\u0103 tot str\u00e2ngem lucruri&#8230;<\/p>\n\n\n\n<figure class=\"wp-block-image size-large\"><img loading=\"lazy\" decoding=\"async\" width=\"1024\" height=\"447\" src=\"https:\/\/covasna45.ro\/wp-content\/uploads\/2024\/10\/talcioc-oct-1024x447.jpg\" alt=\"\" class=\"wp-image-8457\" srcset=\"https:\/\/covasna45.ro\/wp-content\/uploads\/2024\/10\/talcioc-oct-1024x447.jpg 1024w, https:\/\/covasna45.ro\/wp-content\/uploads\/2024\/10\/talcioc-oct-300x131.jpg 300w, https:\/\/covasna45.ro\/wp-content\/uploads\/2024\/10\/talcioc-oct-768x336.jpg 768w, https:\/\/covasna45.ro\/wp-content\/uploads\/2024\/10\/talcioc-oct-1536x671.jpg 1536w, https:\/\/covasna45.ro\/wp-content\/uploads\/2024\/10\/talcioc-oct-150x66.jpg 150w, https:\/\/covasna45.ro\/wp-content\/uploads\/2024\/10\/talcioc-oct-696x304.jpg 696w, https:\/\/covasna45.ro\/wp-content\/uploads\/2024\/10\/talcioc-oct-1068x467.jpg 1068w, https:\/\/covasna45.ro\/wp-content\/uploads\/2024\/10\/talcioc-oct.jpg 1817w\" sizes=\"auto, (max-width: 1024px) 100vw, 1024px\" \/><\/figure>\n\n\n\n<p>Printre aceste obiecte vechi sunt \u0219i unele noi. Cum ar fi aceste sticle \u00eembr\u0103cate \u00een lemn pentru care nu prea sunt amatori. Dar nea Ion nu se poate ab\u021bine. Ceva trebuie s\u0103 fac\u0103, dac\u0103 tot e la pensie.<\/p>\n\n\n\n<figure class=\"wp-block-image size-large\"><img loading=\"lazy\" decoding=\"async\" width=\"1024\" height=\"768\" src=\"https:\/\/covasna45.ro\/wp-content\/uploads\/2024\/10\/sticle-iacob-1024x768.jpg\" alt=\"\" class=\"wp-image-8458\" srcset=\"https:\/\/covasna45.ro\/wp-content\/uploads\/2024\/10\/sticle-iacob-1024x768.jpg 1024w, https:\/\/covasna45.ro\/wp-content\/uploads\/2024\/10\/sticle-iacob-300x225.jpg 300w, https:\/\/covasna45.ro\/wp-content\/uploads\/2024\/10\/sticle-iacob-768x576.jpg 768w, https:\/\/covasna45.ro\/wp-content\/uploads\/2024\/10\/sticle-iacob-1536x1152.jpg 1536w, https:\/\/covasna45.ro\/wp-content\/uploads\/2024\/10\/sticle-iacob-2048x1536.jpg 2048w, https:\/\/covasna45.ro\/wp-content\/uploads\/2024\/10\/sticle-iacob-150x113.jpg 150w, https:\/\/covasna45.ro\/wp-content\/uploads\/2024\/10\/sticle-iacob-696x522.jpg 696w, https:\/\/covasna45.ro\/wp-content\/uploads\/2024\/10\/sticle-iacob-1068x801.jpg 1068w, https:\/\/covasna45.ro\/wp-content\/uploads\/2024\/10\/sticle-iacob-1920x1440.jpg 1920w\" sizes=\"auto, (max-width: 1024px) 100vw, 1024px\" \/><\/figure>\n\n\n\n<p>Plecat acum mul\u021bi ani din Moldova, a \u00eenv\u0103\u021bat c\u0103 e frumos s\u0103 respec\u021bi comunitatea maghiar\u0103 de aici, a\u0219a c\u0103 sticlele au \u0219nururi cu ambele steaguri, s\u0103 nu fie cu sup\u0103rare.<\/p>\n\n\n\n<p>Pe l\u00e2ng\u0103 sticlele ornamentale, nea Ion Iacob a lucrat \u0219i ceasuri din lemn, dar \u0219i un \u201ecamion american\u201d. A\u0219a spune el, c\u0103 e camion american.<\/p>\n\n\n\n<figure class=\"wp-block-image size-large\"><img loading=\"lazy\" decoding=\"async\" width=\"1024\" height=\"768\" src=\"https:\/\/covasna45.ro\/wp-content\/uploads\/2024\/10\/camion-iacob-1024x768.jpg\" alt=\"\" class=\"wp-image-8459\" srcset=\"https:\/\/covasna45.ro\/wp-content\/uploads\/2024\/10\/camion-iacob-1024x768.jpg 1024w, https:\/\/covasna45.ro\/wp-content\/uploads\/2024\/10\/camion-iacob-300x225.jpg 300w, https:\/\/covasna45.ro\/wp-content\/uploads\/2024\/10\/camion-iacob-768x576.jpg 768w, https:\/\/covasna45.ro\/wp-content\/uploads\/2024\/10\/camion-iacob-1536x1152.jpg 1536w, https:\/\/covasna45.ro\/wp-content\/uploads\/2024\/10\/camion-iacob-2048x1536.jpg 2048w, https:\/\/covasna45.ro\/wp-content\/uploads\/2024\/10\/camion-iacob-150x113.jpg 150w, https:\/\/covasna45.ro\/wp-content\/uploads\/2024\/10\/camion-iacob-696x522.jpg 696w, https:\/\/covasna45.ro\/wp-content\/uploads\/2024\/10\/camion-iacob-1068x801.jpg 1068w, https:\/\/covasna45.ro\/wp-content\/uploads\/2024\/10\/camion-iacob-1920x1440.jpg 1920w\" sizes=\"auto, (max-width: 1024px) 100vw, 1024px\" \/><\/figure>\n\n\n\n<p>Artistul nostru amator e suporter al echipei Sepsi OSK, de unde \u0219i ideea s\u0103 lucreze un ceas cu logo-ul lor. Are \u0219i abonament \u0219i merge la meciuri, pe Sepsi Arena, ca orice suporter adev\u0103rat. \u0218i, desigur, ne-a \u00eemp\u0103rt\u0103\u0219it c\u00e2teva g\u00e2nduri despre echip\u0103.<\/p>\n\n\n\n<figure class=\"wp-block-image size-large\"><img loading=\"lazy\" decoding=\"async\" width=\"865\" height=\"1024\" src=\"https:\/\/covasna45.ro\/wp-content\/uploads\/2024\/10\/iacob-sepsi-865x1024.jpg\" alt=\"\" class=\"wp-image-8460\" srcset=\"https:\/\/covasna45.ro\/wp-content\/uploads\/2024\/10\/iacob-sepsi-865x1024.jpg 865w, https:\/\/covasna45.ro\/wp-content\/uploads\/2024\/10\/iacob-sepsi-254x300.jpg 254w, https:\/\/covasna45.ro\/wp-content\/uploads\/2024\/10\/iacob-sepsi-768x909.jpg 768w, https:\/\/covasna45.ro\/wp-content\/uploads\/2024\/10\/iacob-sepsi-1298x1536.jpg 1298w, https:\/\/covasna45.ro\/wp-content\/uploads\/2024\/10\/iacob-sepsi-1731x2048.jpg 1731w, https:\/\/covasna45.ro\/wp-content\/uploads\/2024\/10\/iacob-sepsi-150x177.jpg 150w, https:\/\/covasna45.ro\/wp-content\/uploads\/2024\/10\/iacob-sepsi-300x355.jpg 300w, https:\/\/covasna45.ro\/wp-content\/uploads\/2024\/10\/iacob-sepsi-696x824.jpg 696w, https:\/\/covasna45.ro\/wp-content\/uploads\/2024\/10\/iacob-sepsi-1068x1264.jpg 1068w, https:\/\/covasna45.ro\/wp-content\/uploads\/2024\/10\/iacob-sepsi-1920x2272.jpg 1920w\" sizes=\"auto, (max-width: 865px) 100vw, 865px\" \/><\/figure>\n\n\n\n<p>\u201eSunt mul\u021bumit de antrenorul care e acum, Vali Suciu. El i-a luat de jos \u0219i i-a dus p\u00e2n\u0103 \u00een Divizia A\u201d.<\/p>\n\n\n\n<h2 class=\"wp-block-heading\">Venit \u00een Sf\u00e2ntu Gheorghe la munc\u0103<\/h2>\n\n\n\n<p>Originar din comuna Cozme\u0219ti, din jude\u021bul Ia\u0219i, Ioan Iacob a ajuns la Sf\u00e2ntu Gheorghe \u00een tinere\u021be, chiar dup\u0103 armat\u0103.<\/p>\n\n\n\n<p>\u201eAveam ni\u0219te cons\u0103teni aici \u0219i aveau nevoie de oameni la construc\u021bii. Era \u00een 1978. Am lucrat la blocuri, la fabrici. Am pus acoperi\u0219ul pe IMASA&#8230; la Mase plastice, la BJATM. Atunci se construiau\u201d, poveste\u0219te Ioan Ioacob pentru<a href=\"https:\/\/covasna45.ro\/\"> covasna45.ro<\/a>. A v\u0103zut ora\u0219ul ridic\u00e2ndu-se\u2026 Parc\u0103 nici lui nu-i vine s\u0103 cread\u0103 la c\u00e2te transform\u0103ri a fost martor. <\/p>\n\n\n\n<p><strong>\u201eEra ora\u0219ul vechi, s\u0103 zic a\u0219a. \u00cen Lenin nu era nimic. Era pustiu, mla\u0219tin\u0103\u201d.<\/strong><\/p>\n\n\n\n<h2 class=\"wp-block-heading\">Magazia transformat\u0103 \u00een atelier<\/h2>\n\n\n\n<p>S-a c\u0103s\u0103torit cu fata pe care o \u0219tia din sat, din Cozme\u0219ti. Se cunoscuser\u0103 \u00eenainte de plecarea \u00een armat\u0103. \u00centreprinderea i-a dat apartament \u0219i s-au stabilit la Sf\u00e2ntu Gheorghe. El a devenit \u0219ef de echip\u0103 \u0219i a avut chiar \u0219i plec\u0103ri la munc\u0103 afar\u0103. Prima \u00een Libia, \u00een anii 84 \u2013 85, apoi dup\u0103 Revolu\u021bie, \u00een Germania \u0219i Israel.<\/p>\n\n\n\n<p>Pasiunea pentru cioplit lemn o are demult, de prin 1975. <\/p>\n\n\n\n<figure class=\"wp-block-image size-large\"><img loading=\"lazy\" decoding=\"async\" width=\"1024\" height=\"768\" src=\"https:\/\/covasna45.ro\/wp-content\/uploads\/2024\/10\/ceas-sepsi-1024x768.jpg\" alt=\"\" class=\"wp-image-8464\" srcset=\"https:\/\/covasna45.ro\/wp-content\/uploads\/2024\/10\/ceas-sepsi-1024x768.jpg 1024w, https:\/\/covasna45.ro\/wp-content\/uploads\/2024\/10\/ceas-sepsi-300x225.jpg 300w, https:\/\/covasna45.ro\/wp-content\/uploads\/2024\/10\/ceas-sepsi-768x576.jpg 768w, https:\/\/covasna45.ro\/wp-content\/uploads\/2024\/10\/ceas-sepsi-1536x1152.jpg 1536w, https:\/\/covasna45.ro\/wp-content\/uploads\/2024\/10\/ceas-sepsi-2048x1536.jpg 2048w, https:\/\/covasna45.ro\/wp-content\/uploads\/2024\/10\/ceas-sepsi-150x113.jpg 150w, https:\/\/covasna45.ro\/wp-content\/uploads\/2024\/10\/ceas-sepsi-696x522.jpg 696w, https:\/\/covasna45.ro\/wp-content\/uploads\/2024\/10\/ceas-sepsi-1068x801.jpg 1068w, https:\/\/covasna45.ro\/wp-content\/uploads\/2024\/10\/ceas-sepsi-1920x1440.jpg 1920w\" sizes=\"auto, (max-width: 1024px) 100vw, 1024px\" \/><\/figure>\n\n\n\n<p>Dar abia \u00een ultimii ani a avut timp \u0219i spa\u021biu s\u0103 i se dedice. Are la bloc o magazie \u00een care \u0219i-a f\u0103cut un mic atelier. \u00ce\u0219i duce colec\u021bia pe la t\u00e2rguri sau la c\u00e2te un talcioc, cum e cel de l\u00e2ng\u0103 mestec\u0103ni\u0219. St\u0103 l\u00e2ng\u0103 m\u0103su\u021b\u0103 \u0219i mai schimb\u0103 o vorb\u0103 cu unul, cu altul. Ce s\u0103 fac\u0103 acas\u0103? S-ar plicitisi\u2026<\/p>\n\n\n\n<figure class=\"wp-block-image size-large\"><img loading=\"lazy\" decoding=\"async\" width=\"1024\" height=\"768\" src=\"https:\/\/covasna45.ro\/wp-content\/uploads\/2024\/10\/iacob-2-1024x768.jpg\" alt=\"\" class=\"wp-image-8461\" srcset=\"https:\/\/covasna45.ro\/wp-content\/uploads\/2024\/10\/iacob-2-1024x768.jpg 1024w, https:\/\/covasna45.ro\/wp-content\/uploads\/2024\/10\/iacob-2-300x225.jpg 300w, https:\/\/covasna45.ro\/wp-content\/uploads\/2024\/10\/iacob-2-768x576.jpg 768w, https:\/\/covasna45.ro\/wp-content\/uploads\/2024\/10\/iacob-2-1536x1152.jpg 1536w, https:\/\/covasna45.ro\/wp-content\/uploads\/2024\/10\/iacob-2-2048x1536.jpg 2048w, https:\/\/covasna45.ro\/wp-content\/uploads\/2024\/10\/iacob-2-150x113.jpg 150w, https:\/\/covasna45.ro\/wp-content\/uploads\/2024\/10\/iacob-2-696x522.jpg 696w, https:\/\/covasna45.ro\/wp-content\/uploads\/2024\/10\/iacob-2-1068x801.jpg 1068w, https:\/\/covasna45.ro\/wp-content\/uploads\/2024\/10\/iacob-2-1920x1440.jpg 1920w\" sizes=\"auto, (max-width: 1024px) 100vw, 1024px\" \/><\/figure>\n\n\n\n<p>\u201eNu prea se caut\u0103 astfel de piese. Dar nu m\u0103 descurajez\u201d, ne spune, z\u00e2mbind.<\/p>\n\n\n\n<p>Ioan \u0219i so\u021bia lui au trei copii. Sunt deja mari acum. Dou\u0103 fete \u0219i un b\u0103iat. B\u0103iatul e \u0219ofer pe TIR \u00een Germania, iar fetele lucreaz\u0103 \u00een Sf\u00e2ntu Gheorghe. Una dintre ele a fost plecat\u0103 14 ani \u00een Italia \u0219i s-a \u00eentors acas\u0103 acum trei luni. \u201eSe s\u0103turase de str\u0103in\u0103tate. A zis c\u0103 tot mai bine e \u00een Rom\u00e2nia\u201d.<\/p>\n\n\n\n<h2 class=\"wp-block-heading\">Un loc f\u0103r\u0103 samsari<\/h2>\n\n\n\n<p>Comercian\u021bii vin aici \u2013 \u00een jur de 50 \u2013 pentru c\u0103 e un loc \u00een care samsarii de obiecte din China nu au loc. A\u0219a cum nu au loc nici diver\u0219i intermediari de legume sau alte produse. Pe rom\u00e2ne\u0219te, \u00een acest talcioc nu se face bi\u0219ni\u021b\u0103.<\/p>\n\n\n\n<figure class=\"wp-block-image size-large\"><img loading=\"lazy\" decoding=\"async\" width=\"1024\" height=\"768\" src=\"https:\/\/covasna45.ro\/wp-content\/uploads\/2024\/10\/piese-talcioc-oct-1024x768.jpg\" alt=\"\" class=\"wp-image-8462\" srcset=\"https:\/\/covasna45.ro\/wp-content\/uploads\/2024\/10\/piese-talcioc-oct-1024x768.jpg 1024w, https:\/\/covasna45.ro\/wp-content\/uploads\/2024\/10\/piese-talcioc-oct-300x225.jpg 300w, https:\/\/covasna45.ro\/wp-content\/uploads\/2024\/10\/piese-talcioc-oct-768x576.jpg 768w, https:\/\/covasna45.ro\/wp-content\/uploads\/2024\/10\/piese-talcioc-oct-1536x1152.jpg 1536w, https:\/\/covasna45.ro\/wp-content\/uploads\/2024\/10\/piese-talcioc-oct-2048x1536.jpg 2048w, https:\/\/covasna45.ro\/wp-content\/uploads\/2024\/10\/piese-talcioc-oct-150x113.jpg 150w, https:\/\/covasna45.ro\/wp-content\/uploads\/2024\/10\/piese-talcioc-oct-696x522.jpg 696w, https:\/\/covasna45.ro\/wp-content\/uploads\/2024\/10\/piese-talcioc-oct-1068x801.jpg 1068w, https:\/\/covasna45.ro\/wp-content\/uploads\/2024\/10\/piese-talcioc-oct-1920x1440.jpg 1920w\" sizes=\"auto, (max-width: 1024px) 100vw, 1024px\" \/><\/figure>\n\n\n\n<p>\u201eEste motivul pentru care comercian\u021bii revin cu pl\u0103cere aici. \u00cencerc\u0103m s\u0103 p\u0103str\u0103m o atmosfer\u0103 frumoas\u0103, \u00een care oamenii s\u0103 vin\u0103 s\u0103 cumpere lucruri, \u00een care expozan\u021bii s\u0103 \u0219tie c\u0103 sunt proteja\u021bi\u201d, a subliniat, pentru <a href=\"https:\/\/covasna45.ro\/index.php\/lumea-noastra\/talcioc-la-reci-pe-17-si-18-august\/\">covasna45.ro<\/a>, administratorul talciocului, Jozsi Gyozo. Cei care expun sunt din Harghita, Buz\u0103u, Bihor, Arad sau Bra\u0219ov. \u0218i fiecare are o poveste\u2026<\/p>\n","protected":false},"excerpt":{"rendered":"<p>Din c\u00e2nd \u00een c\u00e2nd, la intersec\u021bia de la Reci e organizat un talcioc. Vin comercian\u021bi din mai multe zone ale \u021b\u0103rii \u0219i expun acolo zeci de mii de obiecte. Pasiona\u021bii de chilipiruri sau colec\u021bionarii de antichit\u0103\u021bi vin s\u0103 le vad\u0103 \u0219i mai \u0219i cump\u0103r\u0103 c\u00e2te ceva. Le duc apoi acas\u0103 \u0219i le pun al\u0103turi de [&hellip;]<\/p>\n","protected":false},"author":3,"featured_media":8456,"comment_status":"open","ping_status":"closed","sticky":false,"template":"","format":"standard","meta":{"tdm_status":"","tdm_grid_status":"","footnotes":""},"categories":[14],"tags":[3050,2594,2680,3049],"class_list":{"0":"post-8455","1":"post","2":"type-post","3":"status-publish","4":"format-standard","5":"has-post-thumbnail","7":"category-lumea-noastra","8":"tag-mestecanis","9":"tag-reci","10":"tag-talcioc","11":"tag-vechituri"},"yoast_head":"<!-- This site is optimized with the Yoast SEO plugin v27.5 - https:\/\/yoast.com\/product\/yoast-seo-wordpress\/ -->\n<title>Poveste din talcioc - Covasna45<\/title>\n<meta name=\"description\" content=\"Din c\u00e2nd \u00een c\u00e2nd, la intersec\u021bia de la Reci e organizat un talcioc. Vin comercian\u021bi din mai multe zone ale \u021b\u0103rii.\" \/>\n<meta name=\"robots\" content=\"index, follow, max-snippet:-1, max-image-preview:large, max-video-preview:-1\" \/>\n<link rel=\"canonical\" href=\"https:\/\/covasna45.ro\/index.php\/lumea-noastra\/poveste-din-talcioc\/\" \/>\n<meta property=\"og:locale\" content=\"ro_RO\" \/>\n<meta property=\"og:type\" content=\"article\" \/>\n<meta property=\"og:title\" content=\"Poveste din talcioc - Covasna45\" \/>\n<meta property=\"og:description\" content=\"Din c\u00e2nd \u00een c\u00e2nd, la intersec\u021bia de la Reci e organizat un talcioc. Vin comercian\u021bi din mai multe zone ale \u021b\u0103rii.\" \/>\n<meta property=\"og:url\" content=\"https:\/\/covasna45.ro\/index.php\/lumea-noastra\/poveste-din-talcioc\/\" \/>\n<meta property=\"og:site_name\" content=\"Covasna45\" \/>\n<meta property=\"article:published_time\" content=\"2024-10-31T09:17:40+00:00\" \/>\n<meta property=\"og:image\" content=\"https:\/\/covasna45.ro\/wp-content\/uploads\/2024\/10\/ioan-iacob1.jpg\" \/>\n\t<meta property=\"og:image:width\" content=\"1949\" \/>\n\t<meta property=\"og:image:height\" content=\"1206\" \/>\n\t<meta property=\"og:image:type\" content=\"image\/jpeg\" \/>\n<meta name=\"author\" content=\"Gina Artenie\" \/>\n<meta name=\"twitter:card\" content=\"summary_large_image\" \/>\n<meta name=\"twitter:label1\" content=\"Scris de\" \/>\n\t<meta name=\"twitter:data1\" content=\"Gina Artenie\" \/>\n\t<meta name=\"twitter:label2\" content=\"Timp estimat pentru citire\" \/>\n\t<meta name=\"twitter:data2\" content=\"6 minute\" \/>\n<script type=\"application\/ld+json\" class=\"yoast-schema-graph\">{\"@context\":\"https:\\\/\\\/schema.org\",\"@graph\":[{\"@type\":\"Article\",\"@id\":\"https:\\\/\\\/covasna45.ro\\\/index.php\\\/lumea-noastra\\\/poveste-din-talcioc\\\/#article\",\"isPartOf\":{\"@id\":\"https:\\\/\\\/covasna45.ro\\\/index.php\\\/lumea-noastra\\\/poveste-din-talcioc\\\/\"},\"author\":{\"name\":\"Gina Artenie\",\"@id\":\"https:\\\/\\\/covasna45.ro\\\/#\\\/schema\\\/person\\\/a1349b84526c62ffb40b193ae8676c7e\"},\"headline\":\"Poveste din talcioc\",\"datePublished\":\"2024-10-31T09:17:40+00:00\",\"mainEntityOfPage\":{\"@id\":\"https:\\\/\\\/covasna45.ro\\\/index.php\\\/lumea-noastra\\\/poveste-din-talcioc\\\/\"},\"wordCount\":718,\"commentCount\":0,\"publisher\":{\"@id\":\"https:\\\/\\\/covasna45.ro\\\/#organization\"},\"image\":{\"@id\":\"https:\\\/\\\/covasna45.ro\\\/index.php\\\/lumea-noastra\\\/poveste-din-talcioc\\\/#primaryimage\"},\"thumbnailUrl\":\"https:\\\/\\\/covasna45.ro\\\/wp-content\\\/uploads\\\/2024\\\/10\\\/ioan-iacob1.jpg\",\"keywords\":[\"mestec\u0103ni\u0219\",\"reci\",\"talcioc\",\"vechituri\"],\"articleSection\":[\"Lumea noastr\u0103\"],\"inLanguage\":\"ro-RO\",\"potentialAction\":[{\"@type\":\"CommentAction\",\"name\":\"Comment\",\"target\":[\"https:\\\/\\\/covasna45.ro\\\/index.php\\\/lumea-noastra\\\/poveste-din-talcioc\\\/#respond\"]}]},{\"@type\":\"WebPage\",\"@id\":\"https:\\\/\\\/covasna45.ro\\\/index.php\\\/lumea-noastra\\\/poveste-din-talcioc\\\/\",\"url\":\"https:\\\/\\\/covasna45.ro\\\/index.php\\\/lumea-noastra\\\/poveste-din-talcioc\\\/\",\"name\":\"Poveste din talcioc - Covasna45\",\"isPartOf\":{\"@id\":\"https:\\\/\\\/covasna45.ro\\\/#website\"},\"primaryImageOfPage\":{\"@id\":\"https:\\\/\\\/covasna45.ro\\\/index.php\\\/lumea-noastra\\\/poveste-din-talcioc\\\/#primaryimage\"},\"image\":{\"@id\":\"https:\\\/\\\/covasna45.ro\\\/index.php\\\/lumea-noastra\\\/poveste-din-talcioc\\\/#primaryimage\"},\"thumbnailUrl\":\"https:\\\/\\\/covasna45.ro\\\/wp-content\\\/uploads\\\/2024\\\/10\\\/ioan-iacob1.jpg\",\"datePublished\":\"2024-10-31T09:17:40+00:00\",\"description\":\"Din c\u00e2nd \u00een c\u00e2nd, la intersec\u021bia de la Reci e organizat un talcioc. Vin comercian\u021bi din mai multe zone ale \u021b\u0103rii.\",\"breadcrumb\":{\"@id\":\"https:\\\/\\\/covasna45.ro\\\/index.php\\\/lumea-noastra\\\/poveste-din-talcioc\\\/#breadcrumb\"},\"inLanguage\":\"ro-RO\",\"potentialAction\":[{\"@type\":\"ReadAction\",\"target\":[\"https:\\\/\\\/covasna45.ro\\\/index.php\\\/lumea-noastra\\\/poveste-din-talcioc\\\/\"]}]},{\"@type\":\"ImageObject\",\"inLanguage\":\"ro-RO\",\"@id\":\"https:\\\/\\\/covasna45.ro\\\/index.php\\\/lumea-noastra\\\/poveste-din-talcioc\\\/#primaryimage\",\"url\":\"https:\\\/\\\/covasna45.ro\\\/wp-content\\\/uploads\\\/2024\\\/10\\\/ioan-iacob1.jpg\",\"contentUrl\":\"https:\\\/\\\/covasna45.ro\\\/wp-content\\\/uploads\\\/2024\\\/10\\\/ioan-iacob1.jpg\",\"width\":1949,\"height\":1206},{\"@type\":\"BreadcrumbList\",\"@id\":\"https:\\\/\\\/covasna45.ro\\\/index.php\\\/lumea-noastra\\\/poveste-din-talcioc\\\/#breadcrumb\",\"itemListElement\":[{\"@type\":\"ListItem\",\"position\":1,\"name\":\"Prima pagin\u0103\",\"item\":\"https:\\\/\\\/covasna45.ro\\\/\"},{\"@type\":\"ListItem\",\"position\":2,\"name\":\"Poveste din talcioc\"}]},{\"@type\":\"WebSite\",\"@id\":\"https:\\\/\\\/covasna45.ro\\\/#website\",\"url\":\"https:\\\/\\\/covasna45.ro\\\/\",\"name\":\"covasna45.ro\",\"description\":\"\",\"publisher\":{\"@id\":\"https:\\\/\\\/covasna45.ro\\\/#organization\"},\"potentialAction\":[{\"@type\":\"SearchAction\",\"target\":{\"@type\":\"EntryPoint\",\"urlTemplate\":\"https:\\\/\\\/covasna45.ro\\\/?s={search_term_string}\"},\"query-input\":{\"@type\":\"PropertyValueSpecification\",\"valueRequired\":true,\"valueName\":\"search_term_string\"}}],\"inLanguage\":\"ro-RO\"},{\"@type\":\"Organization\",\"@id\":\"https:\\\/\\\/covasna45.ro\\\/#organization\",\"name\":\"covasna45.ro\",\"url\":\"https:\\\/\\\/covasna45.ro\\\/\",\"logo\":{\"@type\":\"ImageObject\",\"inLanguage\":\"ro-RO\",\"@id\":\"https:\\\/\\\/covasna45.ro\\\/#\\\/schema\\\/logo\\\/image\\\/\",\"url\":\"https:\\\/\\\/covasna45.ro\\\/wp-content\\\/uploads\\\/2023\\\/01\\\/icon_logo.png\",\"contentUrl\":\"https:\\\/\\\/covasna45.ro\\\/wp-content\\\/uploads\\\/2023\\\/01\\\/icon_logo.png\",\"width\":1900,\"height\":1900,\"caption\":\"covasna45.ro\"},\"image\":{\"@id\":\"https:\\\/\\\/covasna45.ro\\\/#\\\/schema\\\/logo\\\/image\\\/\"}},{\"@type\":\"Person\",\"@id\":\"https:\\\/\\\/covasna45.ro\\\/#\\\/schema\\\/person\\\/a1349b84526c62ffb40b193ae8676c7e\",\"name\":\"Gina Artenie\",\"image\":{\"@type\":\"ImageObject\",\"inLanguage\":\"ro-RO\",\"@id\":\"https:\\\/\\\/covasna45.ro\\\/wp-content\\\/uploads\\\/2023\\\/08\\\/gina_artenie-150x150.jpg\",\"url\":\"https:\\\/\\\/covasna45.ro\\\/wp-content\\\/uploads\\\/2023\\\/08\\\/gina_artenie-150x150.jpg\",\"contentUrl\":\"https:\\\/\\\/covasna45.ro\\\/wp-content\\\/uploads\\\/2023\\\/08\\\/gina_artenie-150x150.jpg\",\"caption\":\"Gina Artenie\"},\"sameAs\":[\"http:\\\/\\\/www.covasna45.ro\"],\"url\":\"https:\\\/\\\/covasna45.ro\\\/index.php\\\/author\\\/gina\\\/\"}]}<\/script>\n<!-- \/ Yoast SEO plugin. -->","yoast_head_json":{"title":"Poveste din talcioc - Covasna45","description":"Din c\u00e2nd \u00een c\u00e2nd, la intersec\u021bia de la Reci e organizat un talcioc. Vin comercian\u021bi din mai multe zone ale \u021b\u0103rii.","robots":{"index":"index","follow":"follow","max-snippet":"max-snippet:-1","max-image-preview":"max-image-preview:large","max-video-preview":"max-video-preview:-1"},"canonical":"https:\/\/covasna45.ro\/index.php\/lumea-noastra\/poveste-din-talcioc\/","og_locale":"ro_RO","og_type":"article","og_title":"Poveste din talcioc - Covasna45","og_description":"Din c\u00e2nd \u00een c\u00e2nd, la intersec\u021bia de la Reci e organizat un talcioc. Vin comercian\u021bi din mai multe zone ale \u021b\u0103rii.","og_url":"https:\/\/covasna45.ro\/index.php\/lumea-noastra\/poveste-din-talcioc\/","og_site_name":"Covasna45","article_published_time":"2024-10-31T09:17:40+00:00","og_image":[{"width":1949,"height":1206,"url":"https:\/\/covasna45.ro\/wp-content\/uploads\/2024\/10\/ioan-iacob1.jpg","type":"image\/jpeg"}],"author":"Gina Artenie","twitter_card":"summary_large_image","twitter_misc":{"Scris de":"Gina Artenie","Timp estimat pentru citire":"6 minute"},"schema":{"@context":"https:\/\/schema.org","@graph":[{"@type":"Article","@id":"https:\/\/covasna45.ro\/index.php\/lumea-noastra\/poveste-din-talcioc\/#article","isPartOf":{"@id":"https:\/\/covasna45.ro\/index.php\/lumea-noastra\/poveste-din-talcioc\/"},"author":{"name":"Gina Artenie","@id":"https:\/\/covasna45.ro\/#\/schema\/person\/a1349b84526c62ffb40b193ae8676c7e"},"headline":"Poveste din talcioc","datePublished":"2024-10-31T09:17:40+00:00","mainEntityOfPage":{"@id":"https:\/\/covasna45.ro\/index.php\/lumea-noastra\/poveste-din-talcioc\/"},"wordCount":718,"commentCount":0,"publisher":{"@id":"https:\/\/covasna45.ro\/#organization"},"image":{"@id":"https:\/\/covasna45.ro\/index.php\/lumea-noastra\/poveste-din-talcioc\/#primaryimage"},"thumbnailUrl":"https:\/\/covasna45.ro\/wp-content\/uploads\/2024\/10\/ioan-iacob1.jpg","keywords":["mestec\u0103ni\u0219","reci","talcioc","vechituri"],"articleSection":["Lumea noastr\u0103"],"inLanguage":"ro-RO","potentialAction":[{"@type":"CommentAction","name":"Comment","target":["https:\/\/covasna45.ro\/index.php\/lumea-noastra\/poveste-din-talcioc\/#respond"]}]},{"@type":"WebPage","@id":"https:\/\/covasna45.ro\/index.php\/lumea-noastra\/poveste-din-talcioc\/","url":"https:\/\/covasna45.ro\/index.php\/lumea-noastra\/poveste-din-talcioc\/","name":"Poveste din talcioc - Covasna45","isPartOf":{"@id":"https:\/\/covasna45.ro\/#website"},"primaryImageOfPage":{"@id":"https:\/\/covasna45.ro\/index.php\/lumea-noastra\/poveste-din-talcioc\/#primaryimage"},"image":{"@id":"https:\/\/covasna45.ro\/index.php\/lumea-noastra\/poveste-din-talcioc\/#primaryimage"},"thumbnailUrl":"https:\/\/covasna45.ro\/wp-content\/uploads\/2024\/10\/ioan-iacob1.jpg","datePublished":"2024-10-31T09:17:40+00:00","description":"Din c\u00e2nd \u00een c\u00e2nd, la intersec\u021bia de la Reci e organizat un talcioc. Vin comercian\u021bi din mai multe zone ale \u021b\u0103rii.","breadcrumb":{"@id":"https:\/\/covasna45.ro\/index.php\/lumea-noastra\/poveste-din-talcioc\/#breadcrumb"},"inLanguage":"ro-RO","potentialAction":[{"@type":"ReadAction","target":["https:\/\/covasna45.ro\/index.php\/lumea-noastra\/poveste-din-talcioc\/"]}]},{"@type":"ImageObject","inLanguage":"ro-RO","@id":"https:\/\/covasna45.ro\/index.php\/lumea-noastra\/poveste-din-talcioc\/#primaryimage","url":"https:\/\/covasna45.ro\/wp-content\/uploads\/2024\/10\/ioan-iacob1.jpg","contentUrl":"https:\/\/covasna45.ro\/wp-content\/uploads\/2024\/10\/ioan-iacob1.jpg","width":1949,"height":1206},{"@type":"BreadcrumbList","@id":"https:\/\/covasna45.ro\/index.php\/lumea-noastra\/poveste-din-talcioc\/#breadcrumb","itemListElement":[{"@type":"ListItem","position":1,"name":"Prima pagin\u0103","item":"https:\/\/covasna45.ro\/"},{"@type":"ListItem","position":2,"name":"Poveste din talcioc"}]},{"@type":"WebSite","@id":"https:\/\/covasna45.ro\/#website","url":"https:\/\/covasna45.ro\/","name":"covasna45.ro","description":"","publisher":{"@id":"https:\/\/covasna45.ro\/#organization"},"potentialAction":[{"@type":"SearchAction","target":{"@type":"EntryPoint","urlTemplate":"https:\/\/covasna45.ro\/?s={search_term_string}"},"query-input":{"@type":"PropertyValueSpecification","valueRequired":true,"valueName":"search_term_string"}}],"inLanguage":"ro-RO"},{"@type":"Organization","@id":"https:\/\/covasna45.ro\/#organization","name":"covasna45.ro","url":"https:\/\/covasna45.ro\/","logo":{"@type":"ImageObject","inLanguage":"ro-RO","@id":"https:\/\/covasna45.ro\/#\/schema\/logo\/image\/","url":"https:\/\/covasna45.ro\/wp-content\/uploads\/2023\/01\/icon_logo.png","contentUrl":"https:\/\/covasna45.ro\/wp-content\/uploads\/2023\/01\/icon_logo.png","width":1900,"height":1900,"caption":"covasna45.ro"},"image":{"@id":"https:\/\/covasna45.ro\/#\/schema\/logo\/image\/"}},{"@type":"Person","@id":"https:\/\/covasna45.ro\/#\/schema\/person\/a1349b84526c62ffb40b193ae8676c7e","name":"Gina Artenie","image":{"@type":"ImageObject","inLanguage":"ro-RO","@id":"https:\/\/covasna45.ro\/wp-content\/uploads\/2023\/08\/gina_artenie-150x150.jpg","url":"https:\/\/covasna45.ro\/wp-content\/uploads\/2023\/08\/gina_artenie-150x150.jpg","contentUrl":"https:\/\/covasna45.ro\/wp-content\/uploads\/2023\/08\/gina_artenie-150x150.jpg","caption":"Gina Artenie"},"sameAs":["http:\/\/www.covasna45.ro"],"url":"https:\/\/covasna45.ro\/index.php\/author\/gina\/"}]}},"_links":{"self":[{"href":"https:\/\/covasna45.ro\/index.php\/wp-json\/wp\/v2\/posts\/8455","targetHints":{"allow":["GET"]}}],"collection":[{"href":"https:\/\/covasna45.ro\/index.php\/wp-json\/wp\/v2\/posts"}],"about":[{"href":"https:\/\/covasna45.ro\/index.php\/wp-json\/wp\/v2\/types\/post"}],"author":[{"embeddable":true,"href":"https:\/\/covasna45.ro\/index.php\/wp-json\/wp\/v2\/users\/3"}],"replies":[{"embeddable":true,"href":"https:\/\/covasna45.ro\/index.php\/wp-json\/wp\/v2\/comments?post=8455"}],"version-history":[{"count":1,"href":"https:\/\/covasna45.ro\/index.php\/wp-json\/wp\/v2\/posts\/8455\/revisions"}],"predecessor-version":[{"id":8465,"href":"https:\/\/covasna45.ro\/index.php\/wp-json\/wp\/v2\/posts\/8455\/revisions\/8465"}],"wp:featuredmedia":[{"embeddable":true,"href":"https:\/\/covasna45.ro\/index.php\/wp-json\/wp\/v2\/media\/8456"}],"wp:attachment":[{"href":"https:\/\/covasna45.ro\/index.php\/wp-json\/wp\/v2\/media?parent=8455"}],"wp:term":[{"taxonomy":"category","embeddable":true,"href":"https:\/\/covasna45.ro\/index.php\/wp-json\/wp\/v2\/categories?post=8455"},{"taxonomy":"post_tag","embeddable":true,"href":"https:\/\/covasna45.ro\/index.php\/wp-json\/wp\/v2\/tags?post=8455"}],"curies":[{"name":"wp","href":"https:\/\/api.w.org\/{rel}","templated":true}]}}