{"id":8559,"date":"2024-11-06T09:54:24","date_gmt":"2024-11-06T07:54:24","guid":{"rendered":"https:\/\/covasna45.ro\/?p=8559"},"modified":"2024-11-06T09:54:24","modified_gmt":"2024-11-06T07:54:24","slug":"donald-trump-ales-presedinte-al-sua-incepe-o-epoca-de-aur-pentru-america","status":"publish","type":"post","link":"https:\/\/covasna45.ro\/index.php\/lumea-larga\/donald-trump-ales-presedinte-al-sua-incepe-o-epoca-de-aur-pentru-america\/","title":{"rendered":"Donald Trump, ales pre\u0219edinte al SUA: \u201e\u00cencepe o epoc\u0103 de aur pentru America!\u201d"},"content":{"rendered":"\n<p>Donald Trump a sus\u021binut un prim <a href=\"https:\/\/www.stiripesurse.ro\/video-prima-reactie-a-lui-donald-trump-dupa-victorie-incepe-o-epoca-de-aur-pentru-america_3484303.html\">discurs<\/a> dup\u0103 victoria \u00eenregistrat\u0103 la alegerile preziden\u021biale din SUA. Acesta le-a mul\u021bumit votan\u021bilor \u0219i a promis c\u0103 va lupta pentru viitorul familiilor americane, pentru o epoc\u0103 de aur a SUA.<\/p>\n\n\n\n<p>\u201eVreau s\u0103 c\u0103 mul\u021bumesc tuturor, sunte\u021bi incredibili! A fost o mi\u0219care cum nu s-a mai v\u0103zut. Cred c\u0103 a fost cea mai mare mi\u0219care politic\u0103 din istoria \u021b\u0103rii. Acum o s\u0103 ating\u0103 un nou nivel de importan\u021b\u0103 pentru c\u0103 vom ajuta \u021bara s\u0103 se vindece. \u021aara noastr\u0103 are nevoie de vindecare.<\/p>\n\n\n\n<p><strong><em>Am dep\u0103\u0219it obstacole de\u0219i nimeni nu credea c\u0103 e posibil. Privi\u021bi ce s-a \u00eent\u00e2mplat! E o victorie politic\u0103 f\u0103r\u0103 precedent. Vreau s\u0103 mul\u021bumesc poporului american pentru c\u0103 m-au ales al 47-lea pre\u0219edinte. <\/em><\/strong><\/p>\n\n\n\n<p>Voi lupta \u00een fiecare zi pentru voi, pentru familiile voastre, pentru viitorul vostru. Nu m\u0103 voi odihni p\u00e2n\u0103 nu vom asigura viitorul pe care \u00eel merita\u021bi. Va fi o epoc\u0103 de aur a Americii\u201d, a declarat Trump.<\/p>\n","protected":false},"excerpt":{"rendered":"<p>Donald Trump a sus\u021binut un prim discurs dup\u0103 victoria \u00eenregistrat\u0103 la alegerile preziden\u021biale din SUA. Acesta le-a mul\u021bumit votan\u021bilor \u0219i a promis c\u0103 va lupta pentru viitorul familiilor americane, pentru o epoc\u0103 de aur a SUA. \u201eVreau s\u0103 c\u0103 mul\u021bumesc tuturor, sunte\u021bi incredibili! A fost o mi\u0219care cum nu s-a mai v\u0103zut. Cred c\u0103 a [&hellip;]<\/p>\n","protected":false},"author":1,"featured_media":8560,"comment_status":"open","ping_status":"closed","sticky":false,"template":"","format":"standard","meta":{"tdm_status":"","tdm_grid_status":"","footnotes":""},"categories":[10],"tags":[339,275],"class_list":{"0":"post-8559","1":"post","2":"type-post","3":"status-publish","4":"format-standard","5":"has-post-thumbnail","7":"category-lumea-larga","8":"tag-donald-trump","9":"tag-sua"},"yoast_head":"<!-- This site is optimized with the Yoast SEO plugin v27.5 - https:\/\/yoast.com\/product\/yoast-seo-wordpress\/ -->\n<title>Donald Trump, ales pre\u0219edinte al SUA: \u201e\u00cencepe o epoc\u0103 de aur pentru America!\u201d - Covasna45<\/title>\n<meta name=\"description\" content=\"Donald Trump a fost ales pre\u0219edintel al SUA, devans\u00e2nd-o pe Kamala Harris, candidat al Partidului Democrat.\" \/>\n<meta name=\"robots\" content=\"index, follow, max-snippet:-1, max-image-preview:large, max-video-preview:-1\" \/>\n<link rel=\"canonical\" href=\"https:\/\/covasna45.ro\/index.php\/lumea-larga\/donald-trump-ales-presedinte-al-sua-incepe-o-epoca-de-aur-pentru-america\/\" \/>\n<meta property=\"og:locale\" content=\"ro_RO\" \/>\n<meta property=\"og:type\" content=\"article\" \/>\n<meta property=\"og:title\" content=\"Donald Trump, ales pre\u0219edinte al SUA: \u201e\u00cencepe o epoc\u0103 de aur pentru America!\u201d - Covasna45\" \/>\n<meta property=\"og:description\" content=\"Donald Trump a fost ales pre\u0219edintel al SUA, devans\u00e2nd-o pe Kamala Harris, candidat al Partidului Democrat.\" \/>\n<meta property=\"og:url\" content=\"https:\/\/covasna45.ro\/index.php\/lumea-larga\/donald-trump-ales-presedinte-al-sua-incepe-o-epoca-de-aur-pentru-america\/\" \/>\n<meta property=\"og:site_name\" content=\"Covasna45\" \/>\n<meta property=\"article:published_time\" content=\"2024-11-06T07:54:24+00:00\" \/>\n<meta property=\"og:image\" content=\"https:\/\/covasna45.ro\/wp-content\/uploads\/2024\/11\/dtrump.jpg\" \/>\n\t<meta property=\"og:image:width\" content=\"1200\" \/>\n\t<meta property=\"og:image:height\" content=\"608\" \/>\n\t<meta property=\"og:image:type\" content=\"image\/jpeg\" \/>\n<meta name=\"author\" content=\"Covasna45\" \/>\n<meta name=\"twitter:card\" content=\"summary_large_image\" \/>\n<meta name=\"twitter:label1\" content=\"Scris de\" \/>\n\t<meta name=\"twitter:data1\" content=\"Covasna45\" \/>\n\t<meta name=\"twitter:label2\" content=\"Timp estimat pentru citire\" \/>\n\t<meta name=\"twitter:data2\" content=\"2 minute\" \/>\n<script type=\"application\/ld+json\" class=\"yoast-schema-graph\">{\"@context\":\"https:\\\/\\\/schema.org\",\"@graph\":[{\"@type\":\"Article\",\"@id\":\"https:\\\/\\\/covasna45.ro\\\/index.php\\\/lumea-larga\\\/donald-trump-ales-presedinte-al-sua-incepe-o-epoca-de-aur-pentru-america\\\/#article\",\"isPartOf\":{\"@id\":\"https:\\\/\\\/covasna45.ro\\\/index.php\\\/lumea-larga\\\/donald-trump-ales-presedinte-al-sua-incepe-o-epoca-de-aur-pentru-america\\\/\"},\"author\":{\"name\":\"Covasna45\",\"@id\":\"https:\\\/\\\/covasna45.ro\\\/#\\\/schema\\\/person\\\/e674052bd7d95d70bbb007a1060ab73c\"},\"headline\":\"Donald Trump, ales pre\u0219edinte al SUA: \u201e\u00cencepe o epoc\u0103 de aur pentru America!\u201d\",\"datePublished\":\"2024-11-06T07:54:24+00:00\",\"mainEntityOfPage\":{\"@id\":\"https:\\\/\\\/covasna45.ro\\\/index.php\\\/lumea-larga\\\/donald-trump-ales-presedinte-al-sua-incepe-o-epoca-de-aur-pentru-america\\\/\"},\"wordCount\":188,\"commentCount\":0,\"publisher\":{\"@id\":\"https:\\\/\\\/covasna45.ro\\\/#organization\"},\"image\":{\"@id\":\"https:\\\/\\\/covasna45.ro\\\/index.php\\\/lumea-larga\\\/donald-trump-ales-presedinte-al-sua-incepe-o-epoca-de-aur-pentru-america\\\/#primaryimage\"},\"thumbnailUrl\":\"https:\\\/\\\/covasna45.ro\\\/wp-content\\\/uploads\\\/2024\\\/11\\\/dtrump.jpg\",\"keywords\":[\"Donald Trump\",\"SUA\"],\"articleSection\":[\"Lumea larg\u0103\"],\"inLanguage\":\"ro-RO\",\"potentialAction\":[{\"@type\":\"CommentAction\",\"name\":\"Comment\",\"target\":[\"https:\\\/\\\/covasna45.ro\\\/index.php\\\/lumea-larga\\\/donald-trump-ales-presedinte-al-sua-incepe-o-epoca-de-aur-pentru-america\\\/#respond\"]}]},{\"@type\":\"WebPage\",\"@id\":\"https:\\\/\\\/covasna45.ro\\\/index.php\\\/lumea-larga\\\/donald-trump-ales-presedinte-al-sua-incepe-o-epoca-de-aur-pentru-america\\\/\",\"url\":\"https:\\\/\\\/covasna45.ro\\\/index.php\\\/lumea-larga\\\/donald-trump-ales-presedinte-al-sua-incepe-o-epoca-de-aur-pentru-america\\\/\",\"name\":\"Donald Trump, ales pre\u0219edinte al SUA: \u201e\u00cencepe o epoc\u0103 de aur pentru America!\u201d - Covasna45\",\"isPartOf\":{\"@id\":\"https:\\\/\\\/covasna45.ro\\\/#website\"},\"primaryImageOfPage\":{\"@id\":\"https:\\\/\\\/covasna45.ro\\\/index.php\\\/lumea-larga\\\/donald-trump-ales-presedinte-al-sua-incepe-o-epoca-de-aur-pentru-america\\\/#primaryimage\"},\"image\":{\"@id\":\"https:\\\/\\\/covasna45.ro\\\/index.php\\\/lumea-larga\\\/donald-trump-ales-presedinte-al-sua-incepe-o-epoca-de-aur-pentru-america\\\/#primaryimage\"},\"thumbnailUrl\":\"https:\\\/\\\/covasna45.ro\\\/wp-content\\\/uploads\\\/2024\\\/11\\\/dtrump.jpg\",\"datePublished\":\"2024-11-06T07:54:24+00:00\",\"description\":\"Donald Trump a fost ales pre\u0219edintel al SUA, devans\u00e2nd-o pe Kamala Harris, candidat al Partidului Democrat.\",\"breadcrumb\":{\"@id\":\"https:\\\/\\\/covasna45.ro\\\/index.php\\\/lumea-larga\\\/donald-trump-ales-presedinte-al-sua-incepe-o-epoca-de-aur-pentru-america\\\/#breadcrumb\"},\"inLanguage\":\"ro-RO\",\"potentialAction\":[{\"@type\":\"ReadAction\",\"target\":[\"https:\\\/\\\/covasna45.ro\\\/index.php\\\/lumea-larga\\\/donald-trump-ales-presedinte-al-sua-incepe-o-epoca-de-aur-pentru-america\\\/\"]}]},{\"@type\":\"ImageObject\",\"inLanguage\":\"ro-RO\",\"@id\":\"https:\\\/\\\/covasna45.ro\\\/index.php\\\/lumea-larga\\\/donald-trump-ales-presedinte-al-sua-incepe-o-epoca-de-aur-pentru-america\\\/#primaryimage\",\"url\":\"https:\\\/\\\/covasna45.ro\\\/wp-content\\\/uploads\\\/2024\\\/11\\\/dtrump.jpg\",\"contentUrl\":\"https:\\\/\\\/covasna45.ro\\\/wp-content\\\/uploads\\\/2024\\\/11\\\/dtrump.jpg\",\"width\":1200,\"height\":608},{\"@type\":\"BreadcrumbList\",\"@id\":\"https:\\\/\\\/covasna45.ro\\\/index.php\\\/lumea-larga\\\/donald-trump-ales-presedinte-al-sua-incepe-o-epoca-de-aur-pentru-america\\\/#breadcrumb\",\"itemListElement\":[{\"@type\":\"ListItem\",\"position\":1,\"name\":\"Prima pagin\u0103\",\"item\":\"https:\\\/\\\/covasna45.ro\\\/\"},{\"@type\":\"ListItem\",\"position\":2,\"name\":\"Donald Trump, ales pre\u0219edinte al SUA: \u201e\u00cencepe o epoc\u0103 de aur pentru America!\u201d\"}]},{\"@type\":\"WebSite\",\"@id\":\"https:\\\/\\\/covasna45.ro\\\/#website\",\"url\":\"https:\\\/\\\/covasna45.ro\\\/\",\"name\":\"covasna45.ro\",\"description\":\"\",\"publisher\":{\"@id\":\"https:\\\/\\\/covasna45.ro\\\/#organization\"},\"potentialAction\":[{\"@type\":\"SearchAction\",\"target\":{\"@type\":\"EntryPoint\",\"urlTemplate\":\"https:\\\/\\\/covasna45.ro\\\/?s={search_term_string}\"},\"query-input\":{\"@type\":\"PropertyValueSpecification\",\"valueRequired\":true,\"valueName\":\"search_term_string\"}}],\"inLanguage\":\"ro-RO\"},{\"@type\":\"Organization\",\"@id\":\"https:\\\/\\\/covasna45.ro\\\/#organization\",\"name\":\"covasna45.ro\",\"url\":\"https:\\\/\\\/covasna45.ro\\\/\",\"logo\":{\"@type\":\"ImageObject\",\"inLanguage\":\"ro-RO\",\"@id\":\"https:\\\/\\\/covasna45.ro\\\/#\\\/schema\\\/logo\\\/image\\\/\",\"url\":\"https:\\\/\\\/covasna45.ro\\\/wp-content\\\/uploads\\\/2023\\\/01\\\/icon_logo.png\",\"contentUrl\":\"https:\\\/\\\/covasna45.ro\\\/wp-content\\\/uploads\\\/2023\\\/01\\\/icon_logo.png\",\"width\":1900,\"height\":1900,\"caption\":\"covasna45.ro\"},\"image\":{\"@id\":\"https:\\\/\\\/covasna45.ro\\\/#\\\/schema\\\/logo\\\/image\\\/\"}},{\"@type\":\"Person\",\"@id\":\"https:\\\/\\\/covasna45.ro\\\/#\\\/schema\\\/person\\\/e674052bd7d95d70bbb007a1060ab73c\",\"name\":\"Covasna45\",\"image\":{\"@type\":\"ImageObject\",\"inLanguage\":\"ro-RO\",\"@id\":\"https:\\\/\\\/covasna45.ro\\\/wp-content\\\/uploads\\\/2025\\\/10\\\/icon_logo_covasna45-150x150.png\",\"url\":\"https:\\\/\\\/covasna45.ro\\\/wp-content\\\/uploads\\\/2025\\\/10\\\/icon_logo_covasna45-150x150.png\",\"contentUrl\":\"https:\\\/\\\/covasna45.ro\\\/wp-content\\\/uploads\\\/2025\\\/10\\\/icon_logo_covasna45-150x150.png\",\"caption\":\"Covasna45\"},\"sameAs\":[\"https:\\\/\\\/covasna45.ro\"],\"url\":\"https:\\\/\\\/covasna45.ro\\\/index.php\\\/author\\\/covasna\\\/\"}]}<\/script>\n<!-- \/ Yoast SEO plugin. -->","yoast_head_json":{"title":"Donald Trump, ales pre\u0219edinte al SUA: \u201e\u00cencepe o epoc\u0103 de aur pentru America!\u201d - Covasna45","description":"Donald Trump a fost ales pre\u0219edintel al SUA, devans\u00e2nd-o pe Kamala Harris, candidat al Partidului Democrat.","robots":{"index":"index","follow":"follow","max-snippet":"max-snippet:-1","max-image-preview":"max-image-preview:large","max-video-preview":"max-video-preview:-1"},"canonical":"https:\/\/covasna45.ro\/index.php\/lumea-larga\/donald-trump-ales-presedinte-al-sua-incepe-o-epoca-de-aur-pentru-america\/","og_locale":"ro_RO","og_type":"article","og_title":"Donald Trump, ales pre\u0219edinte al SUA: \u201e\u00cencepe o epoc\u0103 de aur pentru America!\u201d - Covasna45","og_description":"Donald Trump a fost ales pre\u0219edintel al SUA, devans\u00e2nd-o pe Kamala Harris, candidat al Partidului Democrat.","og_url":"https:\/\/covasna45.ro\/index.php\/lumea-larga\/donald-trump-ales-presedinte-al-sua-incepe-o-epoca-de-aur-pentru-america\/","og_site_name":"Covasna45","article_published_time":"2024-11-06T07:54:24+00:00","og_image":[{"width":1200,"height":608,"url":"https:\/\/covasna45.ro\/wp-content\/uploads\/2024\/11\/dtrump.jpg","type":"image\/jpeg"}],"author":"Covasna45","twitter_card":"summary_large_image","twitter_misc":{"Scris de":"Covasna45","Timp estimat pentru citire":"2 minute"},"schema":{"@context":"https:\/\/schema.org","@graph":[{"@type":"Article","@id":"https:\/\/covasna45.ro\/index.php\/lumea-larga\/donald-trump-ales-presedinte-al-sua-incepe-o-epoca-de-aur-pentru-america\/#article","isPartOf":{"@id":"https:\/\/covasna45.ro\/index.php\/lumea-larga\/donald-trump-ales-presedinte-al-sua-incepe-o-epoca-de-aur-pentru-america\/"},"author":{"name":"Covasna45","@id":"https:\/\/covasna45.ro\/#\/schema\/person\/e674052bd7d95d70bbb007a1060ab73c"},"headline":"Donald Trump, ales pre\u0219edinte al SUA: \u201e\u00cencepe o epoc\u0103 de aur pentru America!\u201d","datePublished":"2024-11-06T07:54:24+00:00","mainEntityOfPage":{"@id":"https:\/\/covasna45.ro\/index.php\/lumea-larga\/donald-trump-ales-presedinte-al-sua-incepe-o-epoca-de-aur-pentru-america\/"},"wordCount":188,"commentCount":0,"publisher":{"@id":"https:\/\/covasna45.ro\/#organization"},"image":{"@id":"https:\/\/covasna45.ro\/index.php\/lumea-larga\/donald-trump-ales-presedinte-al-sua-incepe-o-epoca-de-aur-pentru-america\/#primaryimage"},"thumbnailUrl":"https:\/\/covasna45.ro\/wp-content\/uploads\/2024\/11\/dtrump.jpg","keywords":["Donald Trump","SUA"],"articleSection":["Lumea larg\u0103"],"inLanguage":"ro-RO","potentialAction":[{"@type":"CommentAction","name":"Comment","target":["https:\/\/covasna45.ro\/index.php\/lumea-larga\/donald-trump-ales-presedinte-al-sua-incepe-o-epoca-de-aur-pentru-america\/#respond"]}]},{"@type":"WebPage","@id":"https:\/\/covasna45.ro\/index.php\/lumea-larga\/donald-trump-ales-presedinte-al-sua-incepe-o-epoca-de-aur-pentru-america\/","url":"https:\/\/covasna45.ro\/index.php\/lumea-larga\/donald-trump-ales-presedinte-al-sua-incepe-o-epoca-de-aur-pentru-america\/","name":"Donald Trump, ales pre\u0219edinte al SUA: \u201e\u00cencepe o epoc\u0103 de aur pentru America!\u201d - Covasna45","isPartOf":{"@id":"https:\/\/covasna45.ro\/#website"},"primaryImageOfPage":{"@id":"https:\/\/covasna45.ro\/index.php\/lumea-larga\/donald-trump-ales-presedinte-al-sua-incepe-o-epoca-de-aur-pentru-america\/#primaryimage"},"image":{"@id":"https:\/\/covasna45.ro\/index.php\/lumea-larga\/donald-trump-ales-presedinte-al-sua-incepe-o-epoca-de-aur-pentru-america\/#primaryimage"},"thumbnailUrl":"https:\/\/covasna45.ro\/wp-content\/uploads\/2024\/11\/dtrump.jpg","datePublished":"2024-11-06T07:54:24+00:00","description":"Donald Trump a fost ales pre\u0219edintel al SUA, devans\u00e2nd-o pe Kamala Harris, candidat al Partidului Democrat.","breadcrumb":{"@id":"https:\/\/covasna45.ro\/index.php\/lumea-larga\/donald-trump-ales-presedinte-al-sua-incepe-o-epoca-de-aur-pentru-america\/#breadcrumb"},"inLanguage":"ro-RO","potentialAction":[{"@type":"ReadAction","target":["https:\/\/covasna45.ro\/index.php\/lumea-larga\/donald-trump-ales-presedinte-al-sua-incepe-o-epoca-de-aur-pentru-america\/"]}]},{"@type":"ImageObject","inLanguage":"ro-RO","@id":"https:\/\/covasna45.ro\/index.php\/lumea-larga\/donald-trump-ales-presedinte-al-sua-incepe-o-epoca-de-aur-pentru-america\/#primaryimage","url":"https:\/\/covasna45.ro\/wp-content\/uploads\/2024\/11\/dtrump.jpg","contentUrl":"https:\/\/covasna45.ro\/wp-content\/uploads\/2024\/11\/dtrump.jpg","width":1200,"height":608},{"@type":"BreadcrumbList","@id":"https:\/\/covasna45.ro\/index.php\/lumea-larga\/donald-trump-ales-presedinte-al-sua-incepe-o-epoca-de-aur-pentru-america\/#breadcrumb","itemListElement":[{"@type":"ListItem","position":1,"name":"Prima pagin\u0103","item":"https:\/\/covasna45.ro\/"},{"@type":"ListItem","position":2,"name":"Donald Trump, ales pre\u0219edinte al SUA: \u201e\u00cencepe o epoc\u0103 de aur pentru America!\u201d"}]},{"@type":"WebSite","@id":"https:\/\/covasna45.ro\/#website","url":"https:\/\/covasna45.ro\/","name":"covasna45.ro","description":"","publisher":{"@id":"https:\/\/covasna45.ro\/#organization"},"potentialAction":[{"@type":"SearchAction","target":{"@type":"EntryPoint","urlTemplate":"https:\/\/covasna45.ro\/?s={search_term_string}"},"query-input":{"@type":"PropertyValueSpecification","valueRequired":true,"valueName":"search_term_string"}}],"inLanguage":"ro-RO"},{"@type":"Organization","@id":"https:\/\/covasna45.ro\/#organization","name":"covasna45.ro","url":"https:\/\/covasna45.ro\/","logo":{"@type":"ImageObject","inLanguage":"ro-RO","@id":"https:\/\/covasna45.ro\/#\/schema\/logo\/image\/","url":"https:\/\/covasna45.ro\/wp-content\/uploads\/2023\/01\/icon_logo.png","contentUrl":"https:\/\/covasna45.ro\/wp-content\/uploads\/2023\/01\/icon_logo.png","width":1900,"height":1900,"caption":"covasna45.ro"},"image":{"@id":"https:\/\/covasna45.ro\/#\/schema\/logo\/image\/"}},{"@type":"Person","@id":"https:\/\/covasna45.ro\/#\/schema\/person\/e674052bd7d95d70bbb007a1060ab73c","name":"Covasna45","image":{"@type":"ImageObject","inLanguage":"ro-RO","@id":"https:\/\/covasna45.ro\/wp-content\/uploads\/2025\/10\/icon_logo_covasna45-150x150.png","url":"https:\/\/covasna45.ro\/wp-content\/uploads\/2025\/10\/icon_logo_covasna45-150x150.png","contentUrl":"https:\/\/covasna45.ro\/wp-content\/uploads\/2025\/10\/icon_logo_covasna45-150x150.png","caption":"Covasna45"},"sameAs":["https:\/\/covasna45.ro"],"url":"https:\/\/covasna45.ro\/index.php\/author\/covasna\/"}]}},"_links":{"self":[{"href":"https:\/\/covasna45.ro\/index.php\/wp-json\/wp\/v2\/posts\/8559","targetHints":{"allow":["GET"]}}],"collection":[{"href":"https:\/\/covasna45.ro\/index.php\/wp-json\/wp\/v2\/posts"}],"about":[{"href":"https:\/\/covasna45.ro\/index.php\/wp-json\/wp\/v2\/types\/post"}],"author":[{"embeddable":true,"href":"https:\/\/covasna45.ro\/index.php\/wp-json\/wp\/v2\/users\/1"}],"replies":[{"embeddable":true,"href":"https:\/\/covasna45.ro\/index.php\/wp-json\/wp\/v2\/comments?post=8559"}],"version-history":[{"count":1,"href":"https:\/\/covasna45.ro\/index.php\/wp-json\/wp\/v2\/posts\/8559\/revisions"}],"predecessor-version":[{"id":8561,"href":"https:\/\/covasna45.ro\/index.php\/wp-json\/wp\/v2\/posts\/8559\/revisions\/8561"}],"wp:featuredmedia":[{"embeddable":true,"href":"https:\/\/covasna45.ro\/index.php\/wp-json\/wp\/v2\/media\/8560"}],"wp:attachment":[{"href":"https:\/\/covasna45.ro\/index.php\/wp-json\/wp\/v2\/media?parent=8559"}],"wp:term":[{"taxonomy":"category","embeddable":true,"href":"https:\/\/covasna45.ro\/index.php\/wp-json\/wp\/v2\/categories?post=8559"},{"taxonomy":"post_tag","embeddable":true,"href":"https:\/\/covasna45.ro\/index.php\/wp-json\/wp\/v2\/tags?post=8559"}],"curies":[{"name":"wp","href":"https:\/\/api.w.org\/{rel}","templated":true}]}}