{"id":9062,"date":"2024-12-06T14:39:32","date_gmt":"2024-12-06T12:39:32","guid":{"rendered":"https:\/\/covasna45.ro\/?p=9062"},"modified":"2024-12-06T14:39:32","modified_gmt":"2024-12-06T12:39:32","slug":"cererea-ong-ului-din-brasov-de-a-opri-vanatoarea-de-ursi-nefondata","status":"publish","type":"post","link":"https:\/\/covasna45.ro\/index.php\/lumea-noastra\/cererea-ong-ului-din-brasov-de-a-opri-vanatoarea-de-ursi-nefondata\/","title":{"rendered":"Cererea ONG-ului din Bra\u0219ov de a opri v\u00e2n\u0103toarea de ur\u0219i, \u201enefondat\u0103\u201d"},"content":{"rendered":"\n<p>Tribunalul Bra\u0219ov a respins ca fiind nefondat\u0103 cererea formulat\u0103 de Asocia\u0163ia Alian\u0163a Pentru Combaterea Abuzurilor (<a href=\"https:\/\/covasna45.ro\/index.php\/lumea-noastra\/autorizatiile-emise-pentru-vanarea-ursilor-in-mai-multe-fonduri-cinegetice-din-covasna-contestate\/\">ACA<\/a>), care a solicitat suspendarea execut\u0103rii autoriza\u021biilor pentru recoltarea de animale din fauna s\u0103lbatic\u0103.<\/p>\n\n\n\n<p>Jude\u021bul Covasna a intrat \u00een procesul civil ca parte, pe l\u00e2ng\u0103 p\u00e2r\u00e2tul Agen\u021bia Pentru Protec\u021bia Mediului Covasna, \u00eempreun\u0103 cu comunele Ozun, Reci, Valea Cri\u015fului, Br\u0103du\u0163, Lemnia, Ojdula, Z\u0103bala, 9 asocia\u021bii de v\u00e2n\u0103toare \u0219i 2 asocia\u021bii de cresc\u0103tori de animale.<\/p>\n\n\n\n<figure class=\"wp-block-image size-large\"><img loading=\"lazy\" decoding=\"async\" width=\"1024\" height=\"683\" src=\"https:\/\/covasna45.ro\/wp-content\/uploads\/2023\/12\/tamas-sandor-cj-cv-1024x683.jpg\" alt=\"\" class=\"wp-image-4258\" srcset=\"https:\/\/covasna45.ro\/wp-content\/uploads\/2023\/12\/tamas-sandor-cj-cv-1024x683.jpg 1024w, https:\/\/covasna45.ro\/wp-content\/uploads\/2023\/12\/tamas-sandor-cj-cv-300x200.jpg 300w, https:\/\/covasna45.ro\/wp-content\/uploads\/2023\/12\/tamas-sandor-cj-cv-768x512.jpg 768w, https:\/\/covasna45.ro\/wp-content\/uploads\/2023\/12\/tamas-sandor-cj-cv-150x100.jpg 150w, https:\/\/covasna45.ro\/wp-content\/uploads\/2023\/12\/tamas-sandor-cj-cv-696x464.jpg 696w, https:\/\/covasna45.ro\/wp-content\/uploads\/2023\/12\/tamas-sandor-cj-cv-1068x712.jpg 1068w, https:\/\/covasna45.ro\/wp-content\/uploads\/2023\/12\/tamas-sandor-cj-cv.jpg 1500w\" sizes=\"auto, (max-width: 1024px) 100vw, 1024px\" \/><\/figure>\n\n\n\n<p>\u00cen acest context, pre\u0219edintele Consiliului Jude\u021bean Covasna, Tam\u00e1s S\u00e1ndor, a declarat: \u201e<strong>Via\u021ba oamenilor este pe primul loc, iar acest lucru nu poate fi pus la \u00eendoial\u0103! Aceast\u0103 asocia\u021bie de apartament, f\u0103r\u0103 personalitate juridic\u0103, a cerut \u00een instan\u021b\u0103 suspendarea autoriza\u021biilor care acord\u0103 posibilitatea interven\u021biei acolo unde ur\u0219ii pun \u00een pericol via\u021ba oamenilor. \u00cempreun\u0103 cu APM, cu comunele \u0219i asocia\u021biile mai sus amintite am pledat \u00eempreun\u0103 pentru gestionarea responsabil\u0103 a popula\u021biei de ur\u0219i \u0219i pentru \u00eendep\u0103rtarea imediat\u0103 a exemplarelor periculoase. Ne bucur\u0103m c\u0103 instan\u021ba a dat c\u00e2\u0219tig de cauz\u0103 \u0219i a luat decizia de a proteja oamenii.<\/strong>\u201d<\/p>\n\n\n\n<p>Num\u0103rul ur\u0219ilor din jude\u021bul Covasna s-a dublat \u00eentre 2013 \u0219i 2024, cresc\u00e2nd de la 1045 de exemplare raportate, la 2263.&nbsp;Potrivit exper\u021bilor, la nivelul teritoriului jude\u021bului Covasna, efectivul optim ar fi de 550-600 de ur\u0219i.<\/p>\n\n\n\n<h2 class=\"wp-block-heading\">Cot\u0103 de preven\u021bie legal\u0103<\/h2>\n\n\n\n<p>Plenul Camerei Deputa\u0163ilor a votat, \u00een iulie 2024, \u00een calitate de for decizional, proiectul de lege privind aprobarea metodelor de interven\u0163ie imediat\u0103 pentru prevenirea \u015fi combaterea atacurilor exemplarelor de urs brun asupra persoanelor \u015fi bunurilor acestora, cu 214 voturi pentru, 7 contra \u015fi 23 de ab\u0163ineri \u015fi un deputat care nu a votat.<\/p>\n\n\n\n<p>Proiectul prevede, pentru anii 2024 \u015fi 2025, uciderea unui num\u0103r de 426 exemplare de urs brun, care reprezint\u0103 nivelul de preven\u0163ie la nivel na\u0163ional \u015fi a unui num\u0103r de 55 exemplare de urs brun, care reprezint\u0103 nivelul de interven\u0163ie la nivel na\u0163ional. Este un proiect ini\u021biat de UDMR \u0219i depus la Parlament de fostul ministru al Mediului, T\u00e1nczos Barna. Anexa la proiect prevede num\u0103rul de ur\u0219i pe jude\u021be, pentru Covasna fiind stabilit un num\u0103r de 54 de exemplare, iar pentru Harghita 73.<\/p>\n\n\n\n<p>Sursa:<a href=\"https:\/\/www.cjcv.ro\/\"> Consiliul Jude\u021bean Covasna<\/a><\/p>\n","protected":false},"excerpt":{"rendered":"<p>Tribunalul Bra\u0219ov a respins ca fiind nefondat\u0103 cererea formulat\u0103 de Asocia\u0163ia Alian\u0163a Pentru Combaterea Abuzurilor (ACA), care a solicitat suspendarea execut\u0103rii autoriza\u021biilor pentru recoltarea de animale din fauna s\u0103lbatic\u0103. Jude\u021bul Covasna a intrat \u00een procesul civil ca parte, pe l\u00e2ng\u0103 p\u00e2r\u00e2tul Agen\u021bia Pentru Protec\u021bia Mediului Covasna, \u00eempreun\u0103 cu comunele Ozun, Reci, Valea Cri\u015fului, Br\u0103du\u0163, Lemnia, [&hellip;]<\/p>\n","protected":false},"author":1,"featured_media":8305,"comment_status":"open","ping_status":"closed","sticky":false,"template":"","format":"standard","meta":{"tdm_status":"","tdm_grid_status":"","footnotes":""},"categories":[14],"tags":[379,2358,2211],"class_list":{"0":"post-9062","1":"post","2":"type-post","3":"status-publish","4":"format-standard","5":"has-post-thumbnail","7":"category-lumea-noastra","8":"tag-cj-covasna","9":"tag-ong","10":"tag-ursi-2"},"yoast_head":"<!-- This site is optimized with the Yoast SEO plugin v27.5 - https:\/\/yoast.com\/product\/yoast-seo-wordpress\/ -->\n<title>Cererea ONG-ului din Bra\u0219ov de a opri v\u00e2n\u0103toarea de ur\u0219i, \u201enefondat\u0103\u201d - Covasna45<\/title>\n<meta name=\"description\" content=\"Num\u0103rul ur\u0219ilor din jude\u021bul Covasna s-a dublat \u00eentre 2013 \u0219i 2024, cresc\u00e2nd de la 1045 de exemplare.\" \/>\n<meta name=\"robots\" content=\"index, follow, max-snippet:-1, max-image-preview:large, max-video-preview:-1\" \/>\n<link rel=\"canonical\" href=\"https:\/\/covasna45.ro\/index.php\/lumea-noastra\/cererea-ong-ului-din-brasov-de-a-opri-vanatoarea-de-ursi-nefondata\/\" \/>\n<meta property=\"og:locale\" content=\"ro_RO\" \/>\n<meta property=\"og:type\" content=\"article\" \/>\n<meta property=\"og:title\" content=\"Cererea ONG-ului din Bra\u0219ov de a opri v\u00e2n\u0103toarea de ur\u0219i, \u201enefondat\u0103\u201d - Covasna45\" \/>\n<meta property=\"og:description\" content=\"Num\u0103rul ur\u0219ilor din jude\u021bul Covasna s-a dublat \u00eentre 2013 \u0219i 2024, cresc\u00e2nd de la 1045 de exemplare.\" \/>\n<meta property=\"og:url\" content=\"https:\/\/covasna45.ro\/index.php\/lumea-noastra\/cererea-ong-ului-din-brasov-de-a-opri-vanatoarea-de-ursi-nefondata\/\" \/>\n<meta property=\"og:site_name\" content=\"Covasna45\" \/>\n<meta property=\"article:published_time\" content=\"2024-12-06T12:39:32+00:00\" \/>\n<meta property=\"og:image\" content=\"https:\/\/covasna45.ro\/wp-content\/uploads\/2024\/10\/urs-cv.jpg\" \/>\n\t<meta property=\"og:image:width\" content=\"2288\" \/>\n\t<meta property=\"og:image:height\" content=\"1520\" \/>\n\t<meta property=\"og:image:type\" content=\"image\/jpeg\" \/>\n<meta name=\"author\" content=\"Covasna45\" \/>\n<meta name=\"twitter:card\" content=\"summary_large_image\" \/>\n<meta name=\"twitter:label1\" content=\"Scris de\" \/>\n\t<meta name=\"twitter:data1\" content=\"Covasna45\" \/>\n\t<meta name=\"twitter:label2\" content=\"Timp estimat pentru citire\" \/>\n\t<meta name=\"twitter:data2\" content=\"3 minute\" \/>\n<script type=\"application\/ld+json\" class=\"yoast-schema-graph\">{\"@context\":\"https:\\\/\\\/schema.org\",\"@graph\":[{\"@type\":\"Article\",\"@id\":\"https:\\\/\\\/covasna45.ro\\\/index.php\\\/lumea-noastra\\\/cererea-ong-ului-din-brasov-de-a-opri-vanatoarea-de-ursi-nefondata\\\/#article\",\"isPartOf\":{\"@id\":\"https:\\\/\\\/covasna45.ro\\\/index.php\\\/lumea-noastra\\\/cererea-ong-ului-din-brasov-de-a-opri-vanatoarea-de-ursi-nefondata\\\/\"},\"author\":{\"name\":\"Covasna45\",\"@id\":\"https:\\\/\\\/covasna45.ro\\\/#\\\/schema\\\/person\\\/e674052bd7d95d70bbb007a1060ab73c\"},\"headline\":\"Cererea ONG-ului din Bra\u0219ov de a opri v\u00e2n\u0103toarea de ur\u0219i, \u201enefondat\u0103\u201d\",\"datePublished\":\"2024-12-06T12:39:32+00:00\",\"mainEntityOfPage\":{\"@id\":\"https:\\\/\\\/covasna45.ro\\\/index.php\\\/lumea-noastra\\\/cererea-ong-ului-din-brasov-de-a-opri-vanatoarea-de-ursi-nefondata\\\/\"},\"wordCount\":403,\"commentCount\":0,\"publisher\":{\"@id\":\"https:\\\/\\\/covasna45.ro\\\/#organization\"},\"image\":{\"@id\":\"https:\\\/\\\/covasna45.ro\\\/index.php\\\/lumea-noastra\\\/cererea-ong-ului-din-brasov-de-a-opri-vanatoarea-de-ursi-nefondata\\\/#primaryimage\"},\"thumbnailUrl\":\"https:\\\/\\\/covasna45.ro\\\/wp-content\\\/uploads\\\/2024\\\/10\\\/urs-cv.jpg\",\"keywords\":[\"CJ Covasna\",\"ONG\",\"ursi\"],\"articleSection\":[\"Lumea noastr\u0103\"],\"inLanguage\":\"ro-RO\",\"potentialAction\":[{\"@type\":\"CommentAction\",\"name\":\"Comment\",\"target\":[\"https:\\\/\\\/covasna45.ro\\\/index.php\\\/lumea-noastra\\\/cererea-ong-ului-din-brasov-de-a-opri-vanatoarea-de-ursi-nefondata\\\/#respond\"]}]},{\"@type\":\"WebPage\",\"@id\":\"https:\\\/\\\/covasna45.ro\\\/index.php\\\/lumea-noastra\\\/cererea-ong-ului-din-brasov-de-a-opri-vanatoarea-de-ursi-nefondata\\\/\",\"url\":\"https:\\\/\\\/covasna45.ro\\\/index.php\\\/lumea-noastra\\\/cererea-ong-ului-din-brasov-de-a-opri-vanatoarea-de-ursi-nefondata\\\/\",\"name\":\"Cererea ONG-ului din Bra\u0219ov de a opri v\u00e2n\u0103toarea de ur\u0219i, \u201enefondat\u0103\u201d - Covasna45\",\"isPartOf\":{\"@id\":\"https:\\\/\\\/covasna45.ro\\\/#website\"},\"primaryImageOfPage\":{\"@id\":\"https:\\\/\\\/covasna45.ro\\\/index.php\\\/lumea-noastra\\\/cererea-ong-ului-din-brasov-de-a-opri-vanatoarea-de-ursi-nefondata\\\/#primaryimage\"},\"image\":{\"@id\":\"https:\\\/\\\/covasna45.ro\\\/index.php\\\/lumea-noastra\\\/cererea-ong-ului-din-brasov-de-a-opri-vanatoarea-de-ursi-nefondata\\\/#primaryimage\"},\"thumbnailUrl\":\"https:\\\/\\\/covasna45.ro\\\/wp-content\\\/uploads\\\/2024\\\/10\\\/urs-cv.jpg\",\"datePublished\":\"2024-12-06T12:39:32+00:00\",\"description\":\"Num\u0103rul ur\u0219ilor din jude\u021bul Covasna s-a dublat \u00eentre 2013 \u0219i 2024, cresc\u00e2nd de la 1045 de exemplare.\",\"breadcrumb\":{\"@id\":\"https:\\\/\\\/covasna45.ro\\\/index.php\\\/lumea-noastra\\\/cererea-ong-ului-din-brasov-de-a-opri-vanatoarea-de-ursi-nefondata\\\/#breadcrumb\"},\"inLanguage\":\"ro-RO\",\"potentialAction\":[{\"@type\":\"ReadAction\",\"target\":[\"https:\\\/\\\/covasna45.ro\\\/index.php\\\/lumea-noastra\\\/cererea-ong-ului-din-brasov-de-a-opri-vanatoarea-de-ursi-nefondata\\\/\"]}]},{\"@type\":\"ImageObject\",\"inLanguage\":\"ro-RO\",\"@id\":\"https:\\\/\\\/covasna45.ro\\\/index.php\\\/lumea-noastra\\\/cererea-ong-ului-din-brasov-de-a-opri-vanatoarea-de-ursi-nefondata\\\/#primaryimage\",\"url\":\"https:\\\/\\\/covasna45.ro\\\/wp-content\\\/uploads\\\/2024\\\/10\\\/urs-cv.jpg\",\"contentUrl\":\"https:\\\/\\\/covasna45.ro\\\/wp-content\\\/uploads\\\/2024\\\/10\\\/urs-cv.jpg\",\"width\":2288,\"height\":1520},{\"@type\":\"BreadcrumbList\",\"@id\":\"https:\\\/\\\/covasna45.ro\\\/index.php\\\/lumea-noastra\\\/cererea-ong-ului-din-brasov-de-a-opri-vanatoarea-de-ursi-nefondata\\\/#breadcrumb\",\"itemListElement\":[{\"@type\":\"ListItem\",\"position\":1,\"name\":\"Prima pagin\u0103\",\"item\":\"https:\\\/\\\/covasna45.ro\\\/\"},{\"@type\":\"ListItem\",\"position\":2,\"name\":\"Cererea ONG-ului din Bra\u0219ov de a opri v\u00e2n\u0103toarea de ur\u0219i, \u201enefondat\u0103\u201d\"}]},{\"@type\":\"WebSite\",\"@id\":\"https:\\\/\\\/covasna45.ro\\\/#website\",\"url\":\"https:\\\/\\\/covasna45.ro\\\/\",\"name\":\"covasna45.ro\",\"description\":\"\",\"publisher\":{\"@id\":\"https:\\\/\\\/covasna45.ro\\\/#organization\"},\"potentialAction\":[{\"@type\":\"SearchAction\",\"target\":{\"@type\":\"EntryPoint\",\"urlTemplate\":\"https:\\\/\\\/covasna45.ro\\\/?s={search_term_string}\"},\"query-input\":{\"@type\":\"PropertyValueSpecification\",\"valueRequired\":true,\"valueName\":\"search_term_string\"}}],\"inLanguage\":\"ro-RO\"},{\"@type\":\"Organization\",\"@id\":\"https:\\\/\\\/covasna45.ro\\\/#organization\",\"name\":\"covasna45.ro\",\"url\":\"https:\\\/\\\/covasna45.ro\\\/\",\"logo\":{\"@type\":\"ImageObject\",\"inLanguage\":\"ro-RO\",\"@id\":\"https:\\\/\\\/covasna45.ro\\\/#\\\/schema\\\/logo\\\/image\\\/\",\"url\":\"https:\\\/\\\/covasna45.ro\\\/wp-content\\\/uploads\\\/2023\\\/01\\\/icon_logo.png\",\"contentUrl\":\"https:\\\/\\\/covasna45.ro\\\/wp-content\\\/uploads\\\/2023\\\/01\\\/icon_logo.png\",\"width\":1900,\"height\":1900,\"caption\":\"covasna45.ro\"},\"image\":{\"@id\":\"https:\\\/\\\/covasna45.ro\\\/#\\\/schema\\\/logo\\\/image\\\/\"}},{\"@type\":\"Person\",\"@id\":\"https:\\\/\\\/covasna45.ro\\\/#\\\/schema\\\/person\\\/e674052bd7d95d70bbb007a1060ab73c\",\"name\":\"Covasna45\",\"image\":{\"@type\":\"ImageObject\",\"inLanguage\":\"ro-RO\",\"@id\":\"https:\\\/\\\/covasna45.ro\\\/wp-content\\\/uploads\\\/2025\\\/10\\\/icon_logo_covasna45-150x150.png\",\"url\":\"https:\\\/\\\/covasna45.ro\\\/wp-content\\\/uploads\\\/2025\\\/10\\\/icon_logo_covasna45-150x150.png\",\"contentUrl\":\"https:\\\/\\\/covasna45.ro\\\/wp-content\\\/uploads\\\/2025\\\/10\\\/icon_logo_covasna45-150x150.png\",\"caption\":\"Covasna45\"},\"sameAs\":[\"https:\\\/\\\/covasna45.ro\"],\"url\":\"https:\\\/\\\/covasna45.ro\\\/index.php\\\/author\\\/covasna\\\/\"}]}<\/script>\n<!-- \/ Yoast SEO plugin. -->","yoast_head_json":{"title":"Cererea ONG-ului din Bra\u0219ov de a opri v\u00e2n\u0103toarea de ur\u0219i, \u201enefondat\u0103\u201d - Covasna45","description":"Num\u0103rul ur\u0219ilor din jude\u021bul Covasna s-a dublat \u00eentre 2013 \u0219i 2024, cresc\u00e2nd de la 1045 de exemplare.","robots":{"index":"index","follow":"follow","max-snippet":"max-snippet:-1","max-image-preview":"max-image-preview:large","max-video-preview":"max-video-preview:-1"},"canonical":"https:\/\/covasna45.ro\/index.php\/lumea-noastra\/cererea-ong-ului-din-brasov-de-a-opri-vanatoarea-de-ursi-nefondata\/","og_locale":"ro_RO","og_type":"article","og_title":"Cererea ONG-ului din Bra\u0219ov de a opri v\u00e2n\u0103toarea de ur\u0219i, \u201enefondat\u0103\u201d - Covasna45","og_description":"Num\u0103rul ur\u0219ilor din jude\u021bul Covasna s-a dublat \u00eentre 2013 \u0219i 2024, cresc\u00e2nd de la 1045 de exemplare.","og_url":"https:\/\/covasna45.ro\/index.php\/lumea-noastra\/cererea-ong-ului-din-brasov-de-a-opri-vanatoarea-de-ursi-nefondata\/","og_site_name":"Covasna45","article_published_time":"2024-12-06T12:39:32+00:00","og_image":[{"width":2288,"height":1520,"url":"https:\/\/covasna45.ro\/wp-content\/uploads\/2024\/10\/urs-cv.jpg","type":"image\/jpeg"}],"author":"Covasna45","twitter_card":"summary_large_image","twitter_misc":{"Scris de":"Covasna45","Timp estimat pentru citire":"3 minute"},"schema":{"@context":"https:\/\/schema.org","@graph":[{"@type":"Article","@id":"https:\/\/covasna45.ro\/index.php\/lumea-noastra\/cererea-ong-ului-din-brasov-de-a-opri-vanatoarea-de-ursi-nefondata\/#article","isPartOf":{"@id":"https:\/\/covasna45.ro\/index.php\/lumea-noastra\/cererea-ong-ului-din-brasov-de-a-opri-vanatoarea-de-ursi-nefondata\/"},"author":{"name":"Covasna45","@id":"https:\/\/covasna45.ro\/#\/schema\/person\/e674052bd7d95d70bbb007a1060ab73c"},"headline":"Cererea ONG-ului din Bra\u0219ov de a opri v\u00e2n\u0103toarea de ur\u0219i, \u201enefondat\u0103\u201d","datePublished":"2024-12-06T12:39:32+00:00","mainEntityOfPage":{"@id":"https:\/\/covasna45.ro\/index.php\/lumea-noastra\/cererea-ong-ului-din-brasov-de-a-opri-vanatoarea-de-ursi-nefondata\/"},"wordCount":403,"commentCount":0,"publisher":{"@id":"https:\/\/covasna45.ro\/#organization"},"image":{"@id":"https:\/\/covasna45.ro\/index.php\/lumea-noastra\/cererea-ong-ului-din-brasov-de-a-opri-vanatoarea-de-ursi-nefondata\/#primaryimage"},"thumbnailUrl":"https:\/\/covasna45.ro\/wp-content\/uploads\/2024\/10\/urs-cv.jpg","keywords":["CJ Covasna","ONG","ursi"],"articleSection":["Lumea noastr\u0103"],"inLanguage":"ro-RO","potentialAction":[{"@type":"CommentAction","name":"Comment","target":["https:\/\/covasna45.ro\/index.php\/lumea-noastra\/cererea-ong-ului-din-brasov-de-a-opri-vanatoarea-de-ursi-nefondata\/#respond"]}]},{"@type":"WebPage","@id":"https:\/\/covasna45.ro\/index.php\/lumea-noastra\/cererea-ong-ului-din-brasov-de-a-opri-vanatoarea-de-ursi-nefondata\/","url":"https:\/\/covasna45.ro\/index.php\/lumea-noastra\/cererea-ong-ului-din-brasov-de-a-opri-vanatoarea-de-ursi-nefondata\/","name":"Cererea ONG-ului din Bra\u0219ov de a opri v\u00e2n\u0103toarea de ur\u0219i, \u201enefondat\u0103\u201d - Covasna45","isPartOf":{"@id":"https:\/\/covasna45.ro\/#website"},"primaryImageOfPage":{"@id":"https:\/\/covasna45.ro\/index.php\/lumea-noastra\/cererea-ong-ului-din-brasov-de-a-opri-vanatoarea-de-ursi-nefondata\/#primaryimage"},"image":{"@id":"https:\/\/covasna45.ro\/index.php\/lumea-noastra\/cererea-ong-ului-din-brasov-de-a-opri-vanatoarea-de-ursi-nefondata\/#primaryimage"},"thumbnailUrl":"https:\/\/covasna45.ro\/wp-content\/uploads\/2024\/10\/urs-cv.jpg","datePublished":"2024-12-06T12:39:32+00:00","description":"Num\u0103rul ur\u0219ilor din jude\u021bul Covasna s-a dublat \u00eentre 2013 \u0219i 2024, cresc\u00e2nd de la 1045 de exemplare.","breadcrumb":{"@id":"https:\/\/covasna45.ro\/index.php\/lumea-noastra\/cererea-ong-ului-din-brasov-de-a-opri-vanatoarea-de-ursi-nefondata\/#breadcrumb"},"inLanguage":"ro-RO","potentialAction":[{"@type":"ReadAction","target":["https:\/\/covasna45.ro\/index.php\/lumea-noastra\/cererea-ong-ului-din-brasov-de-a-opri-vanatoarea-de-ursi-nefondata\/"]}]},{"@type":"ImageObject","inLanguage":"ro-RO","@id":"https:\/\/covasna45.ro\/index.php\/lumea-noastra\/cererea-ong-ului-din-brasov-de-a-opri-vanatoarea-de-ursi-nefondata\/#primaryimage","url":"https:\/\/covasna45.ro\/wp-content\/uploads\/2024\/10\/urs-cv.jpg","contentUrl":"https:\/\/covasna45.ro\/wp-content\/uploads\/2024\/10\/urs-cv.jpg","width":2288,"height":1520},{"@type":"BreadcrumbList","@id":"https:\/\/covasna45.ro\/index.php\/lumea-noastra\/cererea-ong-ului-din-brasov-de-a-opri-vanatoarea-de-ursi-nefondata\/#breadcrumb","itemListElement":[{"@type":"ListItem","position":1,"name":"Prima pagin\u0103","item":"https:\/\/covasna45.ro\/"},{"@type":"ListItem","position":2,"name":"Cererea ONG-ului din Bra\u0219ov de a opri v\u00e2n\u0103toarea de ur\u0219i, \u201enefondat\u0103\u201d"}]},{"@type":"WebSite","@id":"https:\/\/covasna45.ro\/#website","url":"https:\/\/covasna45.ro\/","name":"covasna45.ro","description":"","publisher":{"@id":"https:\/\/covasna45.ro\/#organization"},"potentialAction":[{"@type":"SearchAction","target":{"@type":"EntryPoint","urlTemplate":"https:\/\/covasna45.ro\/?s={search_term_string}"},"query-input":{"@type":"PropertyValueSpecification","valueRequired":true,"valueName":"search_term_string"}}],"inLanguage":"ro-RO"},{"@type":"Organization","@id":"https:\/\/covasna45.ro\/#organization","name":"covasna45.ro","url":"https:\/\/covasna45.ro\/","logo":{"@type":"ImageObject","inLanguage":"ro-RO","@id":"https:\/\/covasna45.ro\/#\/schema\/logo\/image\/","url":"https:\/\/covasna45.ro\/wp-content\/uploads\/2023\/01\/icon_logo.png","contentUrl":"https:\/\/covasna45.ro\/wp-content\/uploads\/2023\/01\/icon_logo.png","width":1900,"height":1900,"caption":"covasna45.ro"},"image":{"@id":"https:\/\/covasna45.ro\/#\/schema\/logo\/image\/"}},{"@type":"Person","@id":"https:\/\/covasna45.ro\/#\/schema\/person\/e674052bd7d95d70bbb007a1060ab73c","name":"Covasna45","image":{"@type":"ImageObject","inLanguage":"ro-RO","@id":"https:\/\/covasna45.ro\/wp-content\/uploads\/2025\/10\/icon_logo_covasna45-150x150.png","url":"https:\/\/covasna45.ro\/wp-content\/uploads\/2025\/10\/icon_logo_covasna45-150x150.png","contentUrl":"https:\/\/covasna45.ro\/wp-content\/uploads\/2025\/10\/icon_logo_covasna45-150x150.png","caption":"Covasna45"},"sameAs":["https:\/\/covasna45.ro"],"url":"https:\/\/covasna45.ro\/index.php\/author\/covasna\/"}]}},"_links":{"self":[{"href":"https:\/\/covasna45.ro\/index.php\/wp-json\/wp\/v2\/posts\/9062","targetHints":{"allow":["GET"]}}],"collection":[{"href":"https:\/\/covasna45.ro\/index.php\/wp-json\/wp\/v2\/posts"}],"about":[{"href":"https:\/\/covasna45.ro\/index.php\/wp-json\/wp\/v2\/types\/post"}],"author":[{"embeddable":true,"href":"https:\/\/covasna45.ro\/index.php\/wp-json\/wp\/v2\/users\/1"}],"replies":[{"embeddable":true,"href":"https:\/\/covasna45.ro\/index.php\/wp-json\/wp\/v2\/comments?post=9062"}],"version-history":[{"count":1,"href":"https:\/\/covasna45.ro\/index.php\/wp-json\/wp\/v2\/posts\/9062\/revisions"}],"predecessor-version":[{"id":9063,"href":"https:\/\/covasna45.ro\/index.php\/wp-json\/wp\/v2\/posts\/9062\/revisions\/9063"}],"wp:featuredmedia":[{"embeddable":true,"href":"https:\/\/covasna45.ro\/index.php\/wp-json\/wp\/v2\/media\/8305"}],"wp:attachment":[{"href":"https:\/\/covasna45.ro\/index.php\/wp-json\/wp\/v2\/media?parent=9062"}],"wp:term":[{"taxonomy":"category","embeddable":true,"href":"https:\/\/covasna45.ro\/index.php\/wp-json\/wp\/v2\/categories?post=9062"},{"taxonomy":"post_tag","embeddable":true,"href":"https:\/\/covasna45.ro\/index.php\/wp-json\/wp\/v2\/tags?post=9062"}],"curies":[{"name":"wp","href":"https:\/\/api.w.org\/{rel}","templated":true}]}}