{"id":9199,"date":"2024-12-17T16:03:20","date_gmt":"2024-12-17T14:03:20","guid":{"rendered":"https:\/\/covasna45.ro\/?p=9199"},"modified":"2024-12-17T16:07:09","modified_gmt":"2024-12-17T14:07:09","slug":"s-a-votat-legea-arendei-contractele-se-semneaza-pe-minim-7-ani","status":"publish","type":"post","link":"https:\/\/covasna45.ro\/index.php\/lumea-noastra\/s-a-votat-legea-arendei-contractele-se-semneaza-pe-minim-7-ani\/","title":{"rendered":"S-a votat \u201eLegea arendei\u201d: contractele se semneaz\u0103 pe minim 7 ani"},"content":{"rendered":"\n<p>Camera Deputa\u021bilor a adoptat azi a\u0219a-numita lege a arendei, care aduce modific\u0103ri importante. Una dintre ele este c\u0103 un contract de arend\u0103 se va semna pe minimum 7 ani, ceea ce asigur\u0103 predictibilitate pentru fermieri. Camera Deputa\u021bilor este for decizional, iar propunerea legislativ\u0103 modific\u0103 Legea nr. 287\/2009 privind Codul civil. Fermierii consider\u0103 c\u0103 este \u201eo zi istoric\u0103\u201d pentru agricultura din Rom\u00e2nia.<\/p>\n\n\n\n<p>\u201e<strong>Durata arend\u0103rii este de minimum 7 ani \u015fi se consider\u0103 a fi f\u0103cut\u0103 pe toat\u0103 perioada necesar\u0103 recolt\u0103rii fructelor pe care bunul agricol urmeaz\u0103 s\u0103 le produc\u0103<\/strong>\u201d, prevede proiectul.<br><br>De asemenea, conform legii, subarendarea total\u0103 sau par\u0163ial\u0103 este interzis\u0103, sub sanc\u0163iunea nulit\u0103\u0163ii, cu excep\u0163ia schimbului de utilizare a terenului \u00eentre arenda\u015fi.<br><br>\u201e<strong>Contractul de arendare \u00eenceteaz\u0103 \u00eenainte de \u00eemplinirea termenului prin incapacitatea sau falimentul arenda\u015fului ori prin neplata arendei \u00een termenul prev\u0103zut \u00een contract. \u00cen cazul decesului arendatorului, mo\u015ftenitorii sunt obliga\u0163i s\u0103 men\u0163in\u0103 contractul de arendare pe durata \u00eencheiat\u0103 cu arenda\u015ful.<\/strong><br><br><strong>\u00cen cazul v\u00e2nz\u0103rii terenului, cump\u0103r\u0103torul este obligat s\u0103 men\u0163in\u0103 contractul de arendare p\u00e2n\u0103 la expirarea termenului de valabilitate. Contractele de arendare \u00eencheiate \u00eenainte de data intr\u0103rii \u00een vigoare a prezentei legi r\u0103m\u00e2n valabile p\u00e2n\u0103 la \u00eencetarea duratei acestora<\/strong>\u201d, mai prevede actul normativ.<\/p>\n\n\n\n<h2 class=\"wp-block-heading\">Iosif Col\u021bea: Predictibilitate pentru fermieri<\/h2>\n\n\n\n<p>Pre\u0219edintele Comisiei de agricultur\u0103 din Consiliul Jude\u021bean Covasna, fermierul Iosif Col\u021bea, spune c\u0103 proiectul de lege adoptat azi e un pas \u00eenainte pentru agricultori, \u00eentruc\u00e2t asigur\u0103 predictibilitate.<\/p>\n\n\n\n<figure class=\"wp-block-image size-large\"><img loading=\"lazy\" decoding=\"async\" width=\"961\" height=\"1024\" src=\"https:\/\/covasna45.ro\/wp-content\/uploads\/2024\/12\/iosif-cj-961x1024.jpg\" alt=\"\" class=\"wp-image-9200\" srcset=\"https:\/\/covasna45.ro\/wp-content\/uploads\/2024\/12\/iosif-cj-961x1024.jpg 961w, https:\/\/covasna45.ro\/wp-content\/uploads\/2024\/12\/iosif-cj-282x300.jpg 282w, https:\/\/covasna45.ro\/wp-content\/uploads\/2024\/12\/iosif-cj-768x818.jpg 768w, https:\/\/covasna45.ro\/wp-content\/uploads\/2024\/12\/iosif-cj-150x160.jpg 150w, https:\/\/covasna45.ro\/wp-content\/uploads\/2024\/12\/iosif-cj-300x320.jpg 300w, https:\/\/covasna45.ro\/wp-content\/uploads\/2024\/12\/iosif-cj-696x741.jpg 696w, https:\/\/covasna45.ro\/wp-content\/uploads\/2024\/12\/iosif-cj-1068x1138.jpg 1068w, https:\/\/covasna45.ro\/wp-content\/uploads\/2024\/12\/iosif-cj.jpg 1151w\" sizes=\"auto, (max-width: 961px) 100vw, 961px\" \/><\/figure>\n\n\n\n<p>\u201e<strong>P\u00e2n\u0103 acum, aceste contracte se semnau pe diferite perioade, unele chiar de la an la an. Fermierii fac \u00eens\u0103 investi\u021bii pe aceste terenuri \u0219i, cel mai important, multe sunt investi\u021bii din fonduri europene. Pentru a ob\u021bine finan\u021bare, e de dorit ca un contract de arend\u0103 s\u0103 fie \u00eencheiat pe termen mai lung. Pentru c\u0103 implementarea dureaz\u0103. De aceea este bine c\u0103 s-a stabilit prin lege aceast\u0103 perioad\u0103. Dar \u0219i obliga\u021bia de a fi respectat contractul, chiar dac\u0103 terenul respectiv se vinde<\/strong>. <strong>Este o lege care confer\u0103 stabilitate \u0219i predictibilitate<\/strong>\u201d, a declarat Iosif Col\u021bea pentru <a href=\"https:\/\/covasna45.ro\/index.php\/lumea-larga\/fermierii-belgieni-protesteaza\/\">covasna45.ro<\/a>.<\/p>\n\n\n\n<h2 class=\"wp-block-heading\">Alian\u021ba pentru Agricultur\u0103 \u0219i Cooperare: \u201eO zi istoric\u0103 pentru agricultura rom\u00e2neasc\u0103\u201d.<\/h2>\n\n\n\n<p>Organiza\u021biile membre ale Alian\u021bei pentru Agricultur\u0103 \u0219i Cooperare, PRO AGRO, LAPAR, UNCSV \u0219i AFF, salut\u0103 adoptarea legii.<\/p>\n\n\n\n<p>Potrivit unui comunicat transmis <a href=\"https:\/\/covasna45.ro\/index.php\/lumea-noastra\/in-2023-romania-ar-fi-fost-cel-mai-mare-importator-de-produse-agricole-ucrainene\/\">covasna45.ro<\/a>, vorbim despre \u00a0\u201eo zi istoric\u0103 pentru agricultura rom\u00e2neasc\u0103\u201d. Noua lege, aliniat\u0103 la standardele europene, asigur\u0103 stabilitate \u0219i predictibilitate \u00een sector \u0219i, \u00een acela\u0219i timp, deschide noi perspective pentru fermierii rom\u00e2ni, \u00een special \u00een ceea ce prive\u0219te accesul la fondurile europene destinate dezvolt\u0103rii rurale \u0219i protej\u0103rii mediului.<\/p>\n\n\n\n<figure class=\"wp-block-image size-large\"><img loading=\"lazy\" decoding=\"async\" width=\"1024\" height=\"600\" src=\"https:\/\/covasna45.ro\/wp-content\/uploads\/2024\/07\/teren-agricol-cv-1024x600.jpg\" alt=\"\" class=\"wp-image-7075\" srcset=\"https:\/\/covasna45.ro\/wp-content\/uploads\/2024\/07\/teren-agricol-cv-1024x600.jpg 1024w, https:\/\/covasna45.ro\/wp-content\/uploads\/2024\/07\/teren-agricol-cv-300x176.jpg 300w, https:\/\/covasna45.ro\/wp-content\/uploads\/2024\/07\/teren-agricol-cv-768x450.jpg 768w, https:\/\/covasna45.ro\/wp-content\/uploads\/2024\/07\/teren-agricol-cv-1536x899.jpg 1536w, https:\/\/covasna45.ro\/wp-content\/uploads\/2024\/07\/teren-agricol-cv-150x88.jpg 150w, https:\/\/covasna45.ro\/wp-content\/uploads\/2024\/07\/teren-agricol-cv-696x407.jpg 696w, https:\/\/covasna45.ro\/wp-content\/uploads\/2024\/07\/teren-agricol-cv-1068x625.jpg 1068w, https:\/\/covasna45.ro\/wp-content\/uploads\/2024\/07\/teren-agricol-cv-1920x1124.jpg 1920w, https:\/\/covasna45.ro\/wp-content\/uploads\/2024\/07\/teren-agricol-cv.jpg 2048w\" sizes=\"auto, (max-width: 1024px) 100vw, 1024px\" \/><\/figure>\n\n\n\n<p><strong>Principalele avantaje ale noii legi, din puctul de vedere al Alian\u021bei:<\/strong><\/p>\n\n\n\n<ul class=\"wp-block-list\">\n<li>Aliniere la legisla\u021bia european\u0103: Rom\u00e2nia se aliniaz\u0103 la practicile europene \u00een domeniul agriculturii, facilit\u00e2nd accesul la fonduri europene \u0219i consolid\u00e2nd pozi\u021bia \u021b\u0103rii \u00een cadrul pie\u021bei comune agricole.<\/li>\n\n\n\n<li>Stabilitate \u0219i predictibilitate: Fermierii vor putea planifica pe termen lung activit\u0103\u021bile agricole, \u0219tiind c\u0103 nu vor fi nevoi\u021bi s\u0103 \u00ee\u0219i schimbe constant partenerii.<\/li>\n\n\n\n<li>Investi\u021bii \u00een tehnologie \u0219i infrastructur\u0103: Cu o durat\u0103 mai mare a contractelor, fermierii vor fi \u00eencuraja\u021bi s\u0103 investeasc\u0103 \u00een tehnologii moderne \u0219i \u00een \u00eembun\u0103t\u0103\u021birea infrastructurii agricole.<\/li>\n\n\n\n<li>Investi\u021bii \u00een tehnologii verzi: Fermierii vor putea accesa fonduri europene pentru a implementa practici agricole sustenabile, precum agricultura de precizie, energia regenerabil\u0103 \u0219i sistemele de iriga\u021bii eficiente.<\/li>\n\n\n\n<li>Protec\u021bia mediului: Al\u0103turi de modific\u0103rile aduse Codului Silvic, legea \u00eencurajeaz\u0103 practici agricole prietenoase cu mediul, precum \u00eenfiin\u021barea de perdele de protec\u021bie \u0219i a sistemelor agrosilvice, contribuind astfel la conservarea biodiversit\u0103\u021bii \u0219i la combaterea schimb\u0103rilor climatice.<\/li>\n\n\n\n<li>Cooperare \u00eentre fermieri: Legea faciliteaz\u0103 asocierea fermierilor pentru a implementa proiecte comune \u0219i a accesa fonduri europene\u00a0mai\u00a0mari.<\/li>\n\n\n\n<li>Durata minim\u0103 a contractelor de arend\u0103 de 7 ani: Aceast\u0103 m\u0103sur\u0103 ofer\u0103 fermierilor certitudinea necesar\u0103 pentru a investi \u00een tehnologii moderne, a \u00eembun\u0103t\u0103\u021bi calitatea solului \u0219i a asigura o produc\u021bie agricol\u0103 sustenabil\u0103 pe termen lung.<\/li>\n\n\n\n<li>Permite schimbul \u00eentre arenda\u0219i: Legea flexibilizeaz\u0103 procesul de transfer al contractelor de arend\u0103, facilit\u00e2nd accesul la terenuri agricole pentru tinerii fermieri \u0219i pentru cei care doresc s\u0103 \u00ee\u0219i extind\u0103 suprafe\u021bele cultivate.<\/li>\n\n\n\n<li>Securitate alimentar\u0103: O agricultur\u0103 stabil\u0103 \u0219i productiv\u0103 este esen\u021bial\u0103 pentru asigurarea securit\u0103\u021bii alimentare a \u021b\u0103rii noastre.<\/li>\n<\/ul>\n\n\n\n<h2 class=\"wp-block-heading\">K\u00f6nczei Csaba: Protec\u021bie pentru investi\u021bii<\/h2>\n\n\n\n<p>Deputatul UDMR de Covasna, K\u00f6nczei Csaba, membru \u00een Comisia pentru Agricultur\u0103 din Camera Deputa\u021bilor, spune c\u0103 initial ar fi trebuit s\u0103 fie zece ani contractul minim de arend\u0103, nu \u0219apte.<\/p>\n\n\n\n<figure class=\"wp-block-image size-large\"><img loading=\"lazy\" decoding=\"async\" width=\"1024\" height=\"1024\" src=\"https:\/\/covasna45.ro\/wp-content\/uploads\/2024\/01\/konczei-csaba-1024x1024.jpg\" alt=\"\" class=\"wp-image-4483\" srcset=\"https:\/\/covasna45.ro\/wp-content\/uploads\/2024\/01\/konczei-csaba-1024x1024.jpg 1024w, https:\/\/covasna45.ro\/wp-content\/uploads\/2024\/01\/konczei-csaba-300x300.jpg 300w, https:\/\/covasna45.ro\/wp-content\/uploads\/2024\/01\/konczei-csaba-150x150.jpg 150w, https:\/\/covasna45.ro\/wp-content\/uploads\/2024\/01\/konczei-csaba-768x768.jpg 768w, https:\/\/covasna45.ro\/wp-content\/uploads\/2024\/01\/konczei-csaba-696x696.jpg 696w, https:\/\/covasna45.ro\/wp-content\/uploads\/2024\/01\/konczei-csaba-1068x1068.jpg 1068w, https:\/\/covasna45.ro\/wp-content\/uploads\/2024\/01\/konczei-csaba.jpg 1365w\" sizes=\"auto, (max-width: 1024px) 100vw, 1024px\" \/><\/figure>\n\n\n\n<p>\u201eAm propus \u00een prim\u0103 faz\u0103 zece ani pentru c\u0103 vorbim despre dou\u0103 cicluri, unul la cinci ani. Terenul trebuie l\u0103sat s\u0103 se \u0219i odihneasc\u0103&#8230; Dar este bine \u0219i cu 7, pentru c\u0103 este aceast\u0103 necesitate la accesarea de fonduri europene, s\u0103 men\u021bii exploata\u021bia.<\/p>\n\n\n\n<p><strong>Pu\u021bini \u0219tiu c\u0103 \u00een primii ani un fermier doar investe\u0219te. El cur\u0103\u021b\u0103, lucreaz\u0103 p\u0103m\u00e2ntul, \u00eel fertilizeaz\u0103 \u0219i apoi venea proprietarul \u0219i \u00eel anun\u021ba c\u0103 s-a r\u0103zg\u00e2ndit\u2026 \u0218i fermierul r\u0103m\u00e2nea cu bani cheltui\u021bi. Acum avem protec\u021bie pentru investi\u021bii. <\/strong><\/p>\n\n\n\n<p>Pentru c\u0103 \u0219i dac\u0103 proprietarul vrea s\u0103 v\u00e2nd\u0103, s\u0103 doneze, s\u0103 lase mo\u0219tenire terenul respectiv, urm\u0103torul proprietar e obligat s\u0103 respecte contractul de arend\u0103\u201d, a precizat K\u00f6nczei pentru <a href=\"https:\/\/covasna45.ro\/index.php\/lumea-noastra\/ministerul-mediului-ajuta-fermierii\/\">covasna45.ro<\/a>.<\/p>\n","protected":false},"excerpt":{"rendered":"<p>Camera Deputa\u021bilor a adoptat azi a\u0219a-numita lege a arendei, care aduce modific\u0103ri importante. Una dintre ele este c\u0103 un contract de arend\u0103 se va semna pe minimum 7 ani, ceea ce asigur\u0103 predictibilitate pentru fermieri. Camera Deputa\u021bilor este for decizional, iar propunerea legislativ\u0103 modific\u0103 Legea nr. 287\/2009 privind Codul civil. Fermierii consider\u0103 c\u0103 este \u201eo [&hellip;]<\/p>\n","protected":false},"author":1,"featured_media":9201,"comment_status":"open","ping_status":"closed","sticky":false,"template":"","format":"standard","meta":{"tdm_status":"","tdm_grid_status":"","footnotes":""},"categories":[14],"tags":[1669,3191,3103,272,3192,3107],"class_list":{"0":"post-9199","1":"post","2":"type-post","3":"status-publish","4":"format-standard","5":"has-post-thumbnail","7":"category-lumea-noastra","8":"tag-agricultura-2","9":"tag-arenda","10":"tag-camera-deputatilor-2","11":"tag-fermieri","12":"tag-iosif-coltea-2","13":"tag-konczei-csaba"},"yoast_head":"<!-- This site is optimized with the Yoast SEO plugin v27.5 - https:\/\/yoast.com\/product\/yoast-seo-wordpress\/ -->\n<title>S-a votat \u201eLegea arendei\u201d: contractele se semneaz\u0103 pe minim 7 ani - Covasna45<\/title>\n<meta name=\"robots\" content=\"index, follow, max-snippet:-1, max-image-preview:large, max-video-preview:-1\" \/>\n<link rel=\"canonical\" href=\"https:\/\/covasna45.ro\/index.php\/lumea-noastra\/s-a-votat-legea-arendei-contractele-se-semneaza-pe-minim-7-ani\/\" \/>\n<meta property=\"og:locale\" content=\"ro_RO\" \/>\n<meta property=\"og:type\" content=\"article\" \/>\n<meta property=\"og:title\" content=\"S-a votat \u201eLegea arendei\u201d: contractele se semneaz\u0103 pe minim 7 ani - Covasna45\" \/>\n<meta property=\"og:description\" content=\"Camera Deputa\u021bilor a adoptat azi a\u0219a-numita lege a arendei, care aduce modific\u0103ri importante. Una dintre ele este c\u0103 un contract de arend\u0103 se va semna pe minimum 7 ani, ceea ce asigur\u0103 predictibilitate pentru fermieri. Camera Deputa\u021bilor este for decizional, iar propunerea legislativ\u0103 modific\u0103 Legea nr. 287\/2009 privind Codul civil. Fermierii consider\u0103 c\u0103 este \u201eo [&hellip;]\" \/>\n<meta property=\"og:url\" content=\"https:\/\/covasna45.ro\/index.php\/lumea-noastra\/s-a-votat-legea-arendei-contractele-se-semneaza-pe-minim-7-ani\/\" \/>\n<meta property=\"og:site_name\" content=\"Covasna45\" \/>\n<meta property=\"article:published_time\" content=\"2024-12-17T14:03:20+00:00\" \/>\n<meta property=\"article:modified_time\" content=\"2024-12-17T14:07:09+00:00\" \/>\n<meta property=\"og:image\" content=\"https:\/\/covasna45.ro\/wp-content\/uploads\/2024\/12\/fermieri.jpg\" \/>\n\t<meta property=\"og:image:width\" content=\"960\" \/>\n\t<meta property=\"og:image:height\" content=\"640\" \/>\n\t<meta property=\"og:image:type\" content=\"image\/jpeg\" \/>\n<meta name=\"author\" content=\"Covasna45\" \/>\n<meta name=\"twitter:card\" content=\"summary_large_image\" \/>\n<meta name=\"twitter:label1\" content=\"Scris de\" \/>\n\t<meta name=\"twitter:data1\" content=\"Covasna45\" \/>\n\t<meta name=\"twitter:label2\" content=\"Timp estimat pentru citire\" \/>\n\t<meta name=\"twitter:data2\" content=\"6 minute\" \/>\n<script type=\"application\/ld+json\" class=\"yoast-schema-graph\">{\"@context\":\"https:\\\/\\\/schema.org\",\"@graph\":[{\"@type\":\"Article\",\"@id\":\"https:\\\/\\\/covasna45.ro\\\/index.php\\\/lumea-noastra\\\/s-a-votat-legea-arendei-contractele-se-semneaza-pe-minim-7-ani\\\/#article\",\"isPartOf\":{\"@id\":\"https:\\\/\\\/covasna45.ro\\\/index.php\\\/lumea-noastra\\\/s-a-votat-legea-arendei-contractele-se-semneaza-pe-minim-7-ani\\\/\"},\"author\":{\"name\":\"Covasna45\",\"@id\":\"https:\\\/\\\/covasna45.ro\\\/#\\\/schema\\\/person\\\/e674052bd7d95d70bbb007a1060ab73c\"},\"headline\":\"S-a votat \u201eLegea arendei\u201d: contractele se semneaz\u0103 pe minim 7 ani\",\"datePublished\":\"2024-12-17T14:03:20+00:00\",\"dateModified\":\"2024-12-17T14:07:09+00:00\",\"mainEntityOfPage\":{\"@id\":\"https:\\\/\\\/covasna45.ro\\\/index.php\\\/lumea-noastra\\\/s-a-votat-legea-arendei-contractele-se-semneaza-pe-minim-7-ani\\\/\"},\"wordCount\":907,\"commentCount\":0,\"publisher\":{\"@id\":\"https:\\\/\\\/covasna45.ro\\\/#organization\"},\"image\":{\"@id\":\"https:\\\/\\\/covasna45.ro\\\/index.php\\\/lumea-noastra\\\/s-a-votat-legea-arendei-contractele-se-semneaza-pe-minim-7-ani\\\/#primaryimage\"},\"thumbnailUrl\":\"https:\\\/\\\/covasna45.ro\\\/wp-content\\\/uploads\\\/2024\\\/12\\\/fermieri.jpg\",\"keywords\":[\"agricultura\",\"arenda\",\"Camera Deputatilor\",\"Fermieri\",\"iosif coltea\",\"Konczei Csaba\"],\"articleSection\":[\"Lumea noastr\u0103\"],\"inLanguage\":\"ro-RO\",\"potentialAction\":[{\"@type\":\"CommentAction\",\"name\":\"Comment\",\"target\":[\"https:\\\/\\\/covasna45.ro\\\/index.php\\\/lumea-noastra\\\/s-a-votat-legea-arendei-contractele-se-semneaza-pe-minim-7-ani\\\/#respond\"]}]},{\"@type\":\"WebPage\",\"@id\":\"https:\\\/\\\/covasna45.ro\\\/index.php\\\/lumea-noastra\\\/s-a-votat-legea-arendei-contractele-se-semneaza-pe-minim-7-ani\\\/\",\"url\":\"https:\\\/\\\/covasna45.ro\\\/index.php\\\/lumea-noastra\\\/s-a-votat-legea-arendei-contractele-se-semneaza-pe-minim-7-ani\\\/\",\"name\":\"S-a votat \u201eLegea arendei\u201d: contractele se semneaz\u0103 pe minim 7 ani - Covasna45\",\"isPartOf\":{\"@id\":\"https:\\\/\\\/covasna45.ro\\\/#website\"},\"primaryImageOfPage\":{\"@id\":\"https:\\\/\\\/covasna45.ro\\\/index.php\\\/lumea-noastra\\\/s-a-votat-legea-arendei-contractele-se-semneaza-pe-minim-7-ani\\\/#primaryimage\"},\"image\":{\"@id\":\"https:\\\/\\\/covasna45.ro\\\/index.php\\\/lumea-noastra\\\/s-a-votat-legea-arendei-contractele-se-semneaza-pe-minim-7-ani\\\/#primaryimage\"},\"thumbnailUrl\":\"https:\\\/\\\/covasna45.ro\\\/wp-content\\\/uploads\\\/2024\\\/12\\\/fermieri.jpg\",\"datePublished\":\"2024-12-17T14:03:20+00:00\",\"dateModified\":\"2024-12-17T14:07:09+00:00\",\"breadcrumb\":{\"@id\":\"https:\\\/\\\/covasna45.ro\\\/index.php\\\/lumea-noastra\\\/s-a-votat-legea-arendei-contractele-se-semneaza-pe-minim-7-ani\\\/#breadcrumb\"},\"inLanguage\":\"ro-RO\",\"potentialAction\":[{\"@type\":\"ReadAction\",\"target\":[\"https:\\\/\\\/covasna45.ro\\\/index.php\\\/lumea-noastra\\\/s-a-votat-legea-arendei-contractele-se-semneaza-pe-minim-7-ani\\\/\"]}]},{\"@type\":\"ImageObject\",\"inLanguage\":\"ro-RO\",\"@id\":\"https:\\\/\\\/covasna45.ro\\\/index.php\\\/lumea-noastra\\\/s-a-votat-legea-arendei-contractele-se-semneaza-pe-minim-7-ani\\\/#primaryimage\",\"url\":\"https:\\\/\\\/covasna45.ro\\\/wp-content\\\/uploads\\\/2024\\\/12\\\/fermieri.jpg\",\"contentUrl\":\"https:\\\/\\\/covasna45.ro\\\/wp-content\\\/uploads\\\/2024\\\/12\\\/fermieri.jpg\",\"width\":960,\"height\":640},{\"@type\":\"BreadcrumbList\",\"@id\":\"https:\\\/\\\/covasna45.ro\\\/index.php\\\/lumea-noastra\\\/s-a-votat-legea-arendei-contractele-se-semneaza-pe-minim-7-ani\\\/#breadcrumb\",\"itemListElement\":[{\"@type\":\"ListItem\",\"position\":1,\"name\":\"Prima pagin\u0103\",\"item\":\"https:\\\/\\\/covasna45.ro\\\/\"},{\"@type\":\"ListItem\",\"position\":2,\"name\":\"S-a votat \u201eLegea arendei\u201d: contractele se semneaz\u0103 pe minim 7 ani\"}]},{\"@type\":\"WebSite\",\"@id\":\"https:\\\/\\\/covasna45.ro\\\/#website\",\"url\":\"https:\\\/\\\/covasna45.ro\\\/\",\"name\":\"covasna45.ro\",\"description\":\"\",\"publisher\":{\"@id\":\"https:\\\/\\\/covasna45.ro\\\/#organization\"},\"potentialAction\":[{\"@type\":\"SearchAction\",\"target\":{\"@type\":\"EntryPoint\",\"urlTemplate\":\"https:\\\/\\\/covasna45.ro\\\/?s={search_term_string}\"},\"query-input\":{\"@type\":\"PropertyValueSpecification\",\"valueRequired\":true,\"valueName\":\"search_term_string\"}}],\"inLanguage\":\"ro-RO\"},{\"@type\":\"Organization\",\"@id\":\"https:\\\/\\\/covasna45.ro\\\/#organization\",\"name\":\"covasna45.ro\",\"url\":\"https:\\\/\\\/covasna45.ro\\\/\",\"logo\":{\"@type\":\"ImageObject\",\"inLanguage\":\"ro-RO\",\"@id\":\"https:\\\/\\\/covasna45.ro\\\/#\\\/schema\\\/logo\\\/image\\\/\",\"url\":\"https:\\\/\\\/covasna45.ro\\\/wp-content\\\/uploads\\\/2023\\\/01\\\/icon_logo.png\",\"contentUrl\":\"https:\\\/\\\/covasna45.ro\\\/wp-content\\\/uploads\\\/2023\\\/01\\\/icon_logo.png\",\"width\":1900,\"height\":1900,\"caption\":\"covasna45.ro\"},\"image\":{\"@id\":\"https:\\\/\\\/covasna45.ro\\\/#\\\/schema\\\/logo\\\/image\\\/\"}},{\"@type\":\"Person\",\"@id\":\"https:\\\/\\\/covasna45.ro\\\/#\\\/schema\\\/person\\\/e674052bd7d95d70bbb007a1060ab73c\",\"name\":\"Covasna45\",\"image\":{\"@type\":\"ImageObject\",\"inLanguage\":\"ro-RO\",\"@id\":\"https:\\\/\\\/covasna45.ro\\\/wp-content\\\/uploads\\\/2025\\\/10\\\/icon_logo_covasna45-150x150.png\",\"url\":\"https:\\\/\\\/covasna45.ro\\\/wp-content\\\/uploads\\\/2025\\\/10\\\/icon_logo_covasna45-150x150.png\",\"contentUrl\":\"https:\\\/\\\/covasna45.ro\\\/wp-content\\\/uploads\\\/2025\\\/10\\\/icon_logo_covasna45-150x150.png\",\"caption\":\"Covasna45\"},\"sameAs\":[\"https:\\\/\\\/covasna45.ro\"],\"url\":\"https:\\\/\\\/covasna45.ro\\\/index.php\\\/author\\\/covasna\\\/\"}]}<\/script>\n<!-- \/ Yoast SEO plugin. -->","yoast_head_json":{"title":"S-a votat \u201eLegea arendei\u201d: contractele se semneaz\u0103 pe minim 7 ani - Covasna45","robots":{"index":"index","follow":"follow","max-snippet":"max-snippet:-1","max-image-preview":"max-image-preview:large","max-video-preview":"max-video-preview:-1"},"canonical":"https:\/\/covasna45.ro\/index.php\/lumea-noastra\/s-a-votat-legea-arendei-contractele-se-semneaza-pe-minim-7-ani\/","og_locale":"ro_RO","og_type":"article","og_title":"S-a votat \u201eLegea arendei\u201d: contractele se semneaz\u0103 pe minim 7 ani - Covasna45","og_description":"Camera Deputa\u021bilor a adoptat azi a\u0219a-numita lege a arendei, care aduce modific\u0103ri importante. Una dintre ele este c\u0103 un contract de arend\u0103 se va semna pe minimum 7 ani, ceea ce asigur\u0103 predictibilitate pentru fermieri. Camera Deputa\u021bilor este for decizional, iar propunerea legislativ\u0103 modific\u0103 Legea nr. 287\/2009 privind Codul civil. Fermierii consider\u0103 c\u0103 este \u201eo [&hellip;]","og_url":"https:\/\/covasna45.ro\/index.php\/lumea-noastra\/s-a-votat-legea-arendei-contractele-se-semneaza-pe-minim-7-ani\/","og_site_name":"Covasna45","article_published_time":"2024-12-17T14:03:20+00:00","article_modified_time":"2024-12-17T14:07:09+00:00","og_image":[{"width":960,"height":640,"url":"https:\/\/covasna45.ro\/wp-content\/uploads\/2024\/12\/fermieri.jpg","type":"image\/jpeg"}],"author":"Covasna45","twitter_card":"summary_large_image","twitter_misc":{"Scris de":"Covasna45","Timp estimat pentru citire":"6 minute"},"schema":{"@context":"https:\/\/schema.org","@graph":[{"@type":"Article","@id":"https:\/\/covasna45.ro\/index.php\/lumea-noastra\/s-a-votat-legea-arendei-contractele-se-semneaza-pe-minim-7-ani\/#article","isPartOf":{"@id":"https:\/\/covasna45.ro\/index.php\/lumea-noastra\/s-a-votat-legea-arendei-contractele-se-semneaza-pe-minim-7-ani\/"},"author":{"name":"Covasna45","@id":"https:\/\/covasna45.ro\/#\/schema\/person\/e674052bd7d95d70bbb007a1060ab73c"},"headline":"S-a votat \u201eLegea arendei\u201d: contractele se semneaz\u0103 pe minim 7 ani","datePublished":"2024-12-17T14:03:20+00:00","dateModified":"2024-12-17T14:07:09+00:00","mainEntityOfPage":{"@id":"https:\/\/covasna45.ro\/index.php\/lumea-noastra\/s-a-votat-legea-arendei-contractele-se-semneaza-pe-minim-7-ani\/"},"wordCount":907,"commentCount":0,"publisher":{"@id":"https:\/\/covasna45.ro\/#organization"},"image":{"@id":"https:\/\/covasna45.ro\/index.php\/lumea-noastra\/s-a-votat-legea-arendei-contractele-se-semneaza-pe-minim-7-ani\/#primaryimage"},"thumbnailUrl":"https:\/\/covasna45.ro\/wp-content\/uploads\/2024\/12\/fermieri.jpg","keywords":["agricultura","arenda","Camera Deputatilor","Fermieri","iosif coltea","Konczei Csaba"],"articleSection":["Lumea noastr\u0103"],"inLanguage":"ro-RO","potentialAction":[{"@type":"CommentAction","name":"Comment","target":["https:\/\/covasna45.ro\/index.php\/lumea-noastra\/s-a-votat-legea-arendei-contractele-se-semneaza-pe-minim-7-ani\/#respond"]}]},{"@type":"WebPage","@id":"https:\/\/covasna45.ro\/index.php\/lumea-noastra\/s-a-votat-legea-arendei-contractele-se-semneaza-pe-minim-7-ani\/","url":"https:\/\/covasna45.ro\/index.php\/lumea-noastra\/s-a-votat-legea-arendei-contractele-se-semneaza-pe-minim-7-ani\/","name":"S-a votat \u201eLegea arendei\u201d: contractele se semneaz\u0103 pe minim 7 ani - Covasna45","isPartOf":{"@id":"https:\/\/covasna45.ro\/#website"},"primaryImageOfPage":{"@id":"https:\/\/covasna45.ro\/index.php\/lumea-noastra\/s-a-votat-legea-arendei-contractele-se-semneaza-pe-minim-7-ani\/#primaryimage"},"image":{"@id":"https:\/\/covasna45.ro\/index.php\/lumea-noastra\/s-a-votat-legea-arendei-contractele-se-semneaza-pe-minim-7-ani\/#primaryimage"},"thumbnailUrl":"https:\/\/covasna45.ro\/wp-content\/uploads\/2024\/12\/fermieri.jpg","datePublished":"2024-12-17T14:03:20+00:00","dateModified":"2024-12-17T14:07:09+00:00","breadcrumb":{"@id":"https:\/\/covasna45.ro\/index.php\/lumea-noastra\/s-a-votat-legea-arendei-contractele-se-semneaza-pe-minim-7-ani\/#breadcrumb"},"inLanguage":"ro-RO","potentialAction":[{"@type":"ReadAction","target":["https:\/\/covasna45.ro\/index.php\/lumea-noastra\/s-a-votat-legea-arendei-contractele-se-semneaza-pe-minim-7-ani\/"]}]},{"@type":"ImageObject","inLanguage":"ro-RO","@id":"https:\/\/covasna45.ro\/index.php\/lumea-noastra\/s-a-votat-legea-arendei-contractele-se-semneaza-pe-minim-7-ani\/#primaryimage","url":"https:\/\/covasna45.ro\/wp-content\/uploads\/2024\/12\/fermieri.jpg","contentUrl":"https:\/\/covasna45.ro\/wp-content\/uploads\/2024\/12\/fermieri.jpg","width":960,"height":640},{"@type":"BreadcrumbList","@id":"https:\/\/covasna45.ro\/index.php\/lumea-noastra\/s-a-votat-legea-arendei-contractele-se-semneaza-pe-minim-7-ani\/#breadcrumb","itemListElement":[{"@type":"ListItem","position":1,"name":"Prima pagin\u0103","item":"https:\/\/covasna45.ro\/"},{"@type":"ListItem","position":2,"name":"S-a votat \u201eLegea arendei\u201d: contractele se semneaz\u0103 pe minim 7 ani"}]},{"@type":"WebSite","@id":"https:\/\/covasna45.ro\/#website","url":"https:\/\/covasna45.ro\/","name":"covasna45.ro","description":"","publisher":{"@id":"https:\/\/covasna45.ro\/#organization"},"potentialAction":[{"@type":"SearchAction","target":{"@type":"EntryPoint","urlTemplate":"https:\/\/covasna45.ro\/?s={search_term_string}"},"query-input":{"@type":"PropertyValueSpecification","valueRequired":true,"valueName":"search_term_string"}}],"inLanguage":"ro-RO"},{"@type":"Organization","@id":"https:\/\/covasna45.ro\/#organization","name":"covasna45.ro","url":"https:\/\/covasna45.ro\/","logo":{"@type":"ImageObject","inLanguage":"ro-RO","@id":"https:\/\/covasna45.ro\/#\/schema\/logo\/image\/","url":"https:\/\/covasna45.ro\/wp-content\/uploads\/2023\/01\/icon_logo.png","contentUrl":"https:\/\/covasna45.ro\/wp-content\/uploads\/2023\/01\/icon_logo.png","width":1900,"height":1900,"caption":"covasna45.ro"},"image":{"@id":"https:\/\/covasna45.ro\/#\/schema\/logo\/image\/"}},{"@type":"Person","@id":"https:\/\/covasna45.ro\/#\/schema\/person\/e674052bd7d95d70bbb007a1060ab73c","name":"Covasna45","image":{"@type":"ImageObject","inLanguage":"ro-RO","@id":"https:\/\/covasna45.ro\/wp-content\/uploads\/2025\/10\/icon_logo_covasna45-150x150.png","url":"https:\/\/covasna45.ro\/wp-content\/uploads\/2025\/10\/icon_logo_covasna45-150x150.png","contentUrl":"https:\/\/covasna45.ro\/wp-content\/uploads\/2025\/10\/icon_logo_covasna45-150x150.png","caption":"Covasna45"},"sameAs":["https:\/\/covasna45.ro"],"url":"https:\/\/covasna45.ro\/index.php\/author\/covasna\/"}]}},"_links":{"self":[{"href":"https:\/\/covasna45.ro\/index.php\/wp-json\/wp\/v2\/posts\/9199","targetHints":{"allow":["GET"]}}],"collection":[{"href":"https:\/\/covasna45.ro\/index.php\/wp-json\/wp\/v2\/posts"}],"about":[{"href":"https:\/\/covasna45.ro\/index.php\/wp-json\/wp\/v2\/types\/post"}],"author":[{"embeddable":true,"href":"https:\/\/covasna45.ro\/index.php\/wp-json\/wp\/v2\/users\/1"}],"replies":[{"embeddable":true,"href":"https:\/\/covasna45.ro\/index.php\/wp-json\/wp\/v2\/comments?post=9199"}],"version-history":[{"count":4,"href":"https:\/\/covasna45.ro\/index.php\/wp-json\/wp\/v2\/posts\/9199\/revisions"}],"predecessor-version":[{"id":9207,"href":"https:\/\/covasna45.ro\/index.php\/wp-json\/wp\/v2\/posts\/9199\/revisions\/9207"}],"wp:featuredmedia":[{"embeddable":true,"href":"https:\/\/covasna45.ro\/index.php\/wp-json\/wp\/v2\/media\/9201"}],"wp:attachment":[{"href":"https:\/\/covasna45.ro\/index.php\/wp-json\/wp\/v2\/media?parent=9199"}],"wp:term":[{"taxonomy":"category","embeddable":true,"href":"https:\/\/covasna45.ro\/index.php\/wp-json\/wp\/v2\/categories?post=9199"},{"taxonomy":"post_tag","embeddable":true,"href":"https:\/\/covasna45.ro\/index.php\/wp-json\/wp\/v2\/tags?post=9199"}],"curies":[{"name":"wp","href":"https:\/\/api.w.org\/{rel}","templated":true}]}}