{"id":9411,"date":"2025-01-10T10:19:22","date_gmt":"2025-01-10T08:19:22","guid":{"rendered":"https:\/\/covasna45.ro\/?p=9411"},"modified":"2025-01-10T11:10:50","modified_gmt":"2025-01-10T09:10:50","slug":"ministerul-mediului-2024-cel-mai-calduros-an-din-istoria-masuratorilor-meteo","status":"publish","type":"post","link":"https:\/\/covasna45.ro\/index.php\/lumea-noastra\/ministerul-mediului-2024-cel-mai-calduros-an-din-istoria-masuratorilor-meteo\/","title":{"rendered":"Ministerul Mediului: 2024, cel mai c\u0103lduros an din istoria m\u0103sur\u0103torilor meteo"},"content":{"rendered":"\n<p>Anul 2024 este cel mai c\u0103lduros an din istoria m\u0103sur\u0103torilor meteorologice \u00een Rom\u00e2nia, potrivit Administra\u021biei Na\u021bionale de Meteorologie. De asemenea, 2024 a fost confirmat \u0219i de Serviciul Copernicus pentru Schimb\u0103ri Climatice (C3S) ca fiind cel mai cald an \u00eenregistrat la nivel global \u0219i primul an calendaristic \u00een care temperatura medie global\u0103 a dep\u0103\u0219it cu 1,5\u00b0C nivelul preindustrial.<\/p>\n\n\n\n<p>C3S este implementat, \u00een numele Comisiei Europene, de Centrul European pentru Prognoze Meteo pe Termen Mediu (ECMWF), ale c\u0103rui echipe de oameni de \u0219tiin\u021b\u0103 monitorizeaz\u0103 indicatorii climatici cheie \u0219i documenteaz\u0103 recorduri f\u0103r\u0103 precedent ale temperaturilor zilnice, lunare \u0219i anuale pe parcursul anului 2024.<\/p>\n\n\n\n<p>\u201eAceste recorduri pe care le-au anun\u021bat colegii mei de la ANM nu fac dec\u00e2t s\u0103 ne \u00eengrijoreze \u0219i s\u0103 sublinieze ceea ce \u0219tiam: este o er\u0103 \u00een care efectele schimb\u0103rilor climatice devin din ce \u00een ce mai periculoase. Asta pentru c\u0103 aduc din ce \u00een ce mai des fenomene meteo extreme: secete, inunda\u021bii, furtuni puternice, incendii de vegeta\u021bie \u0219i a\u0219a mai departe. &nbsp;A\u0219adar, trebuie s\u0103 reg\u00e2ndim cum abord\u0103m lucrurile. Este crucial s\u0103 venim cu m\u0103suri care combat aceste efecte ale schimb\u0103rilor climatice prin reducerea emisiilor de gaze cu efect de ser\u0103, s\u0103 venim cu tehnologii inovatoare, s\u0103 avem un management adaptat acestei situa\u021bii \u00een ceea ce prive\u0219te apa, de\u0219eurile, \u00eemp\u0103duririle. S\u0103 avem o alt\u0103 abordare \u00een ceea ce prive\u0219te exploatarea resurselor naturale.&nbsp; Ceea ce vreau s\u0103 subliniez este faptul c\u0103 schimb\u0103rile climatice ne afecteaz\u0103 pe fiecare dintre noi \u0219i trebuie s\u0103 ac\u021bion\u0103m acum!\u201d, a subliniat ministrul mediului, apelor \u0219i p\u0103durilor, Mircea Fechet.<\/p>\n\n\n\n<p>Perioada 2012-2024 reprezint\u0103 cea mai c\u0103lduroas\u0103 perioad\u0103 de 13 ani consecutivi \u00een care abaterile termice anuale sunt pozitive (de la 0.2450\u00b0C \u00een 2021 p\u00e2n\u0103 la 2.7163\u00b0C \u00een 2024), primii 5 ani cei mai c\u0103lduro\u015fi din intervalul 1900-2024 fiind 2024, 2023, 2019, 2020 \u015fi 2022.<\/p>\n\n\n\n<p>Anul 2024 a \u00eenregistrat, \u00een 10 luni, abateri termice lunare pozitive, cele mai mari, \u00een ordine descresc\u0103toare fiind luna februarie<a>\/+7.0<\/a>\u00b0C, urmat\u0103 de iunie<a>\/+3.7<\/a>\u00b0C, iulie\/+3.5\u00b0C, martie\/ +3.4\u00b0C, august\/+3.2\u00b0C, aprilie\/+3.1\u00b0C, decembrie\/+2.7\u00b0C, septembrie\/+2.3\u00b0C, ianuarie\/+1.9\u00b0C \u015fi octombrie\/+0.9\u00b0C.<\/p>\n\n\n\n<p>De asemenea, februarie 2024 a \u00eenregistrat cea mai mare temperatur\u0103 medie lunar\u0103, cu o abatere termic\u0103 lunar\u0103 de +7.0<a>\u00b0<\/a>C, aceasta fiind cea mai mare abatere termic\u0103 at\u00e2t pentru luna februarie, dar \u015fi comparativ cu celelalte luni ale anului \u00een \u0163ara noastr\u0103.<\/p>\n\n\n\n<figure class=\"wp-block-image size-large\"><img loading=\"lazy\" decoding=\"async\" width=\"1024\" height=\"595\" src=\"https:\/\/covasna45.ro\/wp-content\/uploads\/2025\/01\/seceta-camp-1024x595.jpg\" alt=\"\" class=\"wp-image-9413\" srcset=\"https:\/\/covasna45.ro\/wp-content\/uploads\/2025\/01\/seceta-camp-1024x595.jpg 1024w, https:\/\/covasna45.ro\/wp-content\/uploads\/2025\/01\/seceta-camp-300x174.jpg 300w, https:\/\/covasna45.ro\/wp-content\/uploads\/2025\/01\/seceta-camp-768x447.jpg 768w, https:\/\/covasna45.ro\/wp-content\/uploads\/2025\/01\/seceta-camp-150x87.jpg 150w, https:\/\/covasna45.ro\/wp-content\/uploads\/2025\/01\/seceta-camp-696x405.jpg 696w, https:\/\/covasna45.ro\/wp-content\/uploads\/2025\/01\/seceta-camp-1068x621.jpg 1068w, https:\/\/covasna45.ro\/wp-content\/uploads\/2025\/01\/seceta-camp.jpg 1204w\" sizes=\"auto, (max-width: 1024px) 100vw, 1024px\" \/><\/figure>\n\n\n\n<p>\u00cen ceea ce prive\u0219te recordurile termice ale anului 2024 \u00een Rom\u00e2nia, iarna 2023-2024 a fost cea mai cald\u0103 iarn\u0103 din intervalul 1900-2024, temperatura medie anotimpual\u0103 fiind de 3.66\u00b0C, iar abaterea de +3.85\u00b0C comparativ cu media intervalului 1991-2020.<\/p>\n\n\n\n<p>Totodat\u0103, vara 2024 a fost cea mai cald\u0103 var\u0103 din intervalul 1900-2024, temperatura medie anotimpual\u0103 fiind de 22.80\u00b0C, iar abaterea de +3.50<a>\u00b0<\/a>C comparativ cu media intervalului 1991-2020, lunile iunie, iulie \u015fi august fiind cele mai c\u0103lduroase luni de var\u0103 din istorie \u015fi cu abateri termice de +3.20\u00b0C \u00een august 2024, +3.50\u00b0C&nbsp; \u00een iulie 2024 \u015fi 3.70\u00b0C \u00een iunie 2024, fa\u0163\u0103 de normalul termic al acestor luni.<\/p>\n\n\n\n<p>\u00cen vara 2024 a fost emis cel mai timpuriu cod ro\u015fu de canicul\u0103 \u00een zilele de 22-23 iunie, iar \u00een lunile iulie \u015fi august, cod ro\u015fu pentru cele mai lungi intervale de zile consecutive cu val de c\u0103ldur\u0103 persistent, intens \u015fi extins, respectiv 6 zile consecutive \u00een perioadele 13-18 iulie \u015fi 15-20 august 2024.<\/p>\n\n\n\n<h2 class=\"wp-block-heading\">De asemenea, \u00een vara 2024 s-au emis 15 avertiz\u0103ri meteorologice de cod ro\u015fu pentru canicul\u0103, val de c\u0103ldur\u0103 persitent \u015fi disconfort termic deosebit de accentuat.<\/h2>\n\n\n\n<p>Cele mai ridicate temperaturi maxime au fost: 39.1\u00b0C \u00een iunie 2024 la Alexandria, 41.7\u00b0C \u00een iulie 2024 la Cernavod\u0103 \u015fi respectiv, 41.1\u00b0C \u00een august 2024 la Zimnicea.<\/p>\n\n\n\n<p>Legat de anul agricol 2023- 2024, respectiv intervalul 1 Septembrie 2023 &#8211; 31 August 2024, a fost al-V-lea an agricol cel mai secetos, av\u00e2nd o cantitate medie anual\u0103 de 569.0 l\/mp, \u00een 8 luni precipita\u0163iile fiind sub normele specifice lunare, \u00een 4 luni consecutive (mai-august) deficitele de precipitatii asociate \u015fi cu temperaturile ridicate accentu\u00e2nd starea de secet\u0103 pedologic\u0103 puternic\u0103 \u015fi extrem\u0103 \u00een aproape toata \u0163ara.\u00a0<\/p>\n\n\n\n<p>Seceta pedologic\u0103 din anul agricol 2023-2024 a fost de lung\u0103 durat\u0103, \u00een accentuare de la o lun\u0103 la alta \u015fi \u00een extindere progresiv\u0103 \u00een special \u00een lunile mai-august 2024 \u00een toate zonele agricole din Rom\u00e2nia.<\/p>\n\n\n\n<h2 class=\"wp-block-heading\">\u00cen anul 2024 s-au emis \u00een total 166 alerte meteo generale, din care 18 de cod ro\u015fu.<\/h2>\n\n\n\n<p>Avertiz\u0103rile now-casting au fost \u00eentr-un num\u0103r total de 3063, din care 81 de cod ro\u015fu. Statistica alertelor meteorologice din perioada 2017-2024 reliefeaz\u0103 cre\u015fterea \u00een intensitate, frecven\u0163\u0103 \u015fi extindere a ariei fenomenelor meteorologice periculoase cu impact asupra activit\u0103\u0163ii socio-economice \u00een \u0163ara noastr\u0103.<\/p>\n\n\n\n<figure class=\"wp-block-image size-full\"><img loading=\"lazy\" decoding=\"async\" width=\"925\" height=\"612\" src=\"https:\/\/covasna45.ro\/wp-content\/uploads\/2025\/01\/seceta-iulie-2024.jpg\" alt=\"\" class=\"wp-image-9414\" srcset=\"https:\/\/covasna45.ro\/wp-content\/uploads\/2025\/01\/seceta-iulie-2024.jpg 925w, https:\/\/covasna45.ro\/wp-content\/uploads\/2025\/01\/seceta-iulie-2024-300x198.jpg 300w, https:\/\/covasna45.ro\/wp-content\/uploads\/2025\/01\/seceta-iulie-2024-768x508.jpg 768w, https:\/\/covasna45.ro\/wp-content\/uploads\/2025\/01\/seceta-iulie-2024-150x99.jpg 150w, https:\/\/covasna45.ro\/wp-content\/uploads\/2025\/01\/seceta-iulie-2024-696x460.jpg 696w\" sizes=\"auto, (max-width: 925px) 100vw, 925px\" \/><\/figure>\n\n\n\n<p>Potrivit comunicatului de pres\u0103 emis de Serviciul Copernicus pentru Schimb\u0103ri Climatice (C3S), 2024 a devenit primul an \u00een care s-a \u00eenregistrat o anomalie anual\u0103 a temperaturii care a dep\u0103\u0219it pragul de 1,5\u00b0C peste nivelul preindustrial. Media pe doi ani pentru 2023-2024 dep\u0103\u0219e\u0219te, de asemenea, acest prag.<\/p>\n\n\n\n<p>\u00cen 2024, \u00een \u00eentreaga lume au fost observate fenomene meteorologice extreme, de la furtuni \u0219i inunda\u021bii grave la valuri de c\u0103ldur\u0103, secet\u0103 \u0219i incendii de vegeta\u021bie. Frecven\u021ba \u0219i intensitatea crescute ale acestor fenomene reprezint\u0103 un risc semnificativ pentru mijloacele de subzisten\u021b\u0103 ale oamenilor din \u00eentreaga lume.<\/p>\n\n\n\n<p>Sursa: <a href=\"https:\/\/mmediu.ro\/\">Ministerul Mediului<\/a><\/p>\n","protected":false},"excerpt":{"rendered":"<p>Anul 2024 este cel mai c\u0103lduros an din istoria m\u0103sur\u0103torilor meteorologice \u00een Rom\u00e2nia, potrivit Administra\u021biei Na\u021bionale de Meteorologie. De asemenea, 2024 a fost confirmat \u0219i de Serviciul Copernicus pentru Schimb\u0103ri Climatice (C3S) ca fiind cel mai cald an \u00eenregistrat la nivel global \u0219i primul an calendaristic \u00een care temperatura medie global\u0103 a dep\u0103\u0219it cu 1,5\u00b0C [&hellip;]<\/p>\n","protected":false},"author":1,"featured_media":9412,"comment_status":"open","ping_status":"closed","sticky":false,"template":"","format":"standard","meta":{"tdm_status":"","tdm_grid_status":"","footnotes":""},"categories":[14],"tags":[1883,2589,2590,2786,971],"class_list":{"0":"post-9411","1":"post","2":"type-post","3":"status-publish","4":"format-standard","5":"has-post-thumbnail","7":"category-lumea-noastra","8":"tag-1883","9":"tag-anm","10":"tag-canicula","11":"tag-meteo","12":"tag-ministerul-mediului"},"yoast_head":"<!-- This site is optimized with the Yoast SEO plugin v27.5 - https:\/\/yoast.com\/product\/yoast-seo-wordpress\/ -->\n<title>Ministerul Mediului: 2024, cel mai c\u0103lduros an din istoria m\u0103sur\u0103torilor meteo - Covasna45<\/title>\n<meta name=\"description\" content=\"Anul 2024 este cel mai c\u0103lduros an din istoria m\u0103sur\u0103torilor meteorologice \u00een Rom\u00e2nia, potrivit Administra\u021biei Na\u021bionale de Meteorologie.\" \/>\n<meta name=\"robots\" content=\"index, follow, max-snippet:-1, max-image-preview:large, max-video-preview:-1\" \/>\n<link rel=\"canonical\" href=\"https:\/\/covasna45.ro\/index.php\/lumea-noastra\/ministerul-mediului-2024-cel-mai-calduros-an-din-istoria-masuratorilor-meteo\/\" \/>\n<meta property=\"og:locale\" content=\"ro_RO\" \/>\n<meta property=\"og:type\" content=\"article\" \/>\n<meta property=\"og:title\" content=\"Ministerul Mediului: 2024, cel mai c\u0103lduros an din istoria m\u0103sur\u0103torilor meteo - Covasna45\" \/>\n<meta property=\"og:description\" content=\"Anul 2024 este cel mai c\u0103lduros an din istoria m\u0103sur\u0103torilor meteorologice \u00een Rom\u00e2nia, potrivit Administra\u021biei Na\u021bionale de Meteorologie.\" \/>\n<meta property=\"og:url\" content=\"https:\/\/covasna45.ro\/index.php\/lumea-noastra\/ministerul-mediului-2024-cel-mai-calduros-an-din-istoria-masuratorilor-meteo\/\" \/>\n<meta property=\"og:site_name\" content=\"Covasna45\" \/>\n<meta property=\"article:published_time\" content=\"2025-01-10T08:19:22+00:00\" \/>\n<meta property=\"article:modified_time\" content=\"2025-01-10T09:10:50+00:00\" \/>\n<meta property=\"og:image\" content=\"https:\/\/covasna45.ro\/wp-content\/uploads\/2025\/01\/soare.jpg\" \/>\n\t<meta property=\"og:image:width\" content=\"1767\" \/>\n\t<meta property=\"og:image:height\" content=\"1177\" \/>\n\t<meta property=\"og:image:type\" content=\"image\/jpeg\" \/>\n<meta name=\"author\" content=\"Covasna45\" \/>\n<meta name=\"twitter:card\" content=\"summary_large_image\" \/>\n<meta name=\"twitter:label1\" content=\"Scris de\" \/>\n\t<meta name=\"twitter:data1\" content=\"Covasna45\" \/>\n\t<meta name=\"twitter:label2\" content=\"Timp estimat pentru citire\" \/>\n\t<meta name=\"twitter:data2\" content=\"6 minute\" \/>\n<script type=\"application\/ld+json\" class=\"yoast-schema-graph\">{\"@context\":\"https:\\\/\\\/schema.org\",\"@graph\":[{\"@type\":\"Article\",\"@id\":\"https:\\\/\\\/covasna45.ro\\\/index.php\\\/lumea-noastra\\\/ministerul-mediului-2024-cel-mai-calduros-an-din-istoria-masuratorilor-meteo\\\/#article\",\"isPartOf\":{\"@id\":\"https:\\\/\\\/covasna45.ro\\\/index.php\\\/lumea-noastra\\\/ministerul-mediului-2024-cel-mai-calduros-an-din-istoria-masuratorilor-meteo\\\/\"},\"author\":{\"name\":\"Covasna45\",\"@id\":\"https:\\\/\\\/covasna45.ro\\\/#\\\/schema\\\/person\\\/e674052bd7d95d70bbb007a1060ab73c\"},\"headline\":\"Ministerul Mediului: 2024, cel mai c\u0103lduros an din istoria m\u0103sur\u0103torilor meteo\",\"datePublished\":\"2025-01-10T08:19:22+00:00\",\"dateModified\":\"2025-01-10T09:10:50+00:00\",\"mainEntityOfPage\":{\"@id\":\"https:\\\/\\\/covasna45.ro\\\/index.php\\\/lumea-noastra\\\/ministerul-mediului-2024-cel-mai-calduros-an-din-istoria-masuratorilor-meteo\\\/\"},\"wordCount\":880,\"commentCount\":0,\"publisher\":{\"@id\":\"https:\\\/\\\/covasna45.ro\\\/#organization\"},\"image\":{\"@id\":\"https:\\\/\\\/covasna45.ro\\\/index.php\\\/lumea-noastra\\\/ministerul-mediului-2024-cel-mai-calduros-an-din-istoria-masuratorilor-meteo\\\/#primaryimage\"},\"thumbnailUrl\":\"https:\\\/\\\/covasna45.ro\\\/wp-content\\\/uploads\\\/2025\\\/01\\\/soare.jpg\",\"keywords\":[\"2024\",\"anm\",\"canicula\",\"meteo\",\"Ministerul Mediului\"],\"articleSection\":[\"Lumea noastr\u0103\"],\"inLanguage\":\"ro-RO\",\"potentialAction\":[{\"@type\":\"CommentAction\",\"name\":\"Comment\",\"target\":[\"https:\\\/\\\/covasna45.ro\\\/index.php\\\/lumea-noastra\\\/ministerul-mediului-2024-cel-mai-calduros-an-din-istoria-masuratorilor-meteo\\\/#respond\"]}]},{\"@type\":\"WebPage\",\"@id\":\"https:\\\/\\\/covasna45.ro\\\/index.php\\\/lumea-noastra\\\/ministerul-mediului-2024-cel-mai-calduros-an-din-istoria-masuratorilor-meteo\\\/\",\"url\":\"https:\\\/\\\/covasna45.ro\\\/index.php\\\/lumea-noastra\\\/ministerul-mediului-2024-cel-mai-calduros-an-din-istoria-masuratorilor-meteo\\\/\",\"name\":\"Ministerul Mediului: 2024, cel mai c\u0103lduros an din istoria m\u0103sur\u0103torilor meteo - Covasna45\",\"isPartOf\":{\"@id\":\"https:\\\/\\\/covasna45.ro\\\/#website\"},\"primaryImageOfPage\":{\"@id\":\"https:\\\/\\\/covasna45.ro\\\/index.php\\\/lumea-noastra\\\/ministerul-mediului-2024-cel-mai-calduros-an-din-istoria-masuratorilor-meteo\\\/#primaryimage\"},\"image\":{\"@id\":\"https:\\\/\\\/covasna45.ro\\\/index.php\\\/lumea-noastra\\\/ministerul-mediului-2024-cel-mai-calduros-an-din-istoria-masuratorilor-meteo\\\/#primaryimage\"},\"thumbnailUrl\":\"https:\\\/\\\/covasna45.ro\\\/wp-content\\\/uploads\\\/2025\\\/01\\\/soare.jpg\",\"datePublished\":\"2025-01-10T08:19:22+00:00\",\"dateModified\":\"2025-01-10T09:10:50+00:00\",\"description\":\"Anul 2024 este cel mai c\u0103lduros an din istoria m\u0103sur\u0103torilor meteorologice \u00een Rom\u00e2nia, potrivit Administra\u021biei Na\u021bionale de Meteorologie.\",\"breadcrumb\":{\"@id\":\"https:\\\/\\\/covasna45.ro\\\/index.php\\\/lumea-noastra\\\/ministerul-mediului-2024-cel-mai-calduros-an-din-istoria-masuratorilor-meteo\\\/#breadcrumb\"},\"inLanguage\":\"ro-RO\",\"potentialAction\":[{\"@type\":\"ReadAction\",\"target\":[\"https:\\\/\\\/covasna45.ro\\\/index.php\\\/lumea-noastra\\\/ministerul-mediului-2024-cel-mai-calduros-an-din-istoria-masuratorilor-meteo\\\/\"]}]},{\"@type\":\"ImageObject\",\"inLanguage\":\"ro-RO\",\"@id\":\"https:\\\/\\\/covasna45.ro\\\/index.php\\\/lumea-noastra\\\/ministerul-mediului-2024-cel-mai-calduros-an-din-istoria-masuratorilor-meteo\\\/#primaryimage\",\"url\":\"https:\\\/\\\/covasna45.ro\\\/wp-content\\\/uploads\\\/2025\\\/01\\\/soare.jpg\",\"contentUrl\":\"https:\\\/\\\/covasna45.ro\\\/wp-content\\\/uploads\\\/2025\\\/01\\\/soare.jpg\",\"width\":1767,\"height\":1177},{\"@type\":\"BreadcrumbList\",\"@id\":\"https:\\\/\\\/covasna45.ro\\\/index.php\\\/lumea-noastra\\\/ministerul-mediului-2024-cel-mai-calduros-an-din-istoria-masuratorilor-meteo\\\/#breadcrumb\",\"itemListElement\":[{\"@type\":\"ListItem\",\"position\":1,\"name\":\"Prima pagin\u0103\",\"item\":\"https:\\\/\\\/covasna45.ro\\\/\"},{\"@type\":\"ListItem\",\"position\":2,\"name\":\"Ministerul Mediului: 2024, cel mai c\u0103lduros an din istoria m\u0103sur\u0103torilor meteo\"}]},{\"@type\":\"WebSite\",\"@id\":\"https:\\\/\\\/covasna45.ro\\\/#website\",\"url\":\"https:\\\/\\\/covasna45.ro\\\/\",\"name\":\"covasna45.ro\",\"description\":\"\",\"publisher\":{\"@id\":\"https:\\\/\\\/covasna45.ro\\\/#organization\"},\"potentialAction\":[{\"@type\":\"SearchAction\",\"target\":{\"@type\":\"EntryPoint\",\"urlTemplate\":\"https:\\\/\\\/covasna45.ro\\\/?s={search_term_string}\"},\"query-input\":{\"@type\":\"PropertyValueSpecification\",\"valueRequired\":true,\"valueName\":\"search_term_string\"}}],\"inLanguage\":\"ro-RO\"},{\"@type\":\"Organization\",\"@id\":\"https:\\\/\\\/covasna45.ro\\\/#organization\",\"name\":\"covasna45.ro\",\"url\":\"https:\\\/\\\/covasna45.ro\\\/\",\"logo\":{\"@type\":\"ImageObject\",\"inLanguage\":\"ro-RO\",\"@id\":\"https:\\\/\\\/covasna45.ro\\\/#\\\/schema\\\/logo\\\/image\\\/\",\"url\":\"https:\\\/\\\/covasna45.ro\\\/wp-content\\\/uploads\\\/2023\\\/01\\\/icon_logo.png\",\"contentUrl\":\"https:\\\/\\\/covasna45.ro\\\/wp-content\\\/uploads\\\/2023\\\/01\\\/icon_logo.png\",\"width\":1900,\"height\":1900,\"caption\":\"covasna45.ro\"},\"image\":{\"@id\":\"https:\\\/\\\/covasna45.ro\\\/#\\\/schema\\\/logo\\\/image\\\/\"}},{\"@type\":\"Person\",\"@id\":\"https:\\\/\\\/covasna45.ro\\\/#\\\/schema\\\/person\\\/e674052bd7d95d70bbb007a1060ab73c\",\"name\":\"Covasna45\",\"image\":{\"@type\":\"ImageObject\",\"inLanguage\":\"ro-RO\",\"@id\":\"https:\\\/\\\/covasna45.ro\\\/wp-content\\\/uploads\\\/2025\\\/10\\\/icon_logo_covasna45-150x150.png\",\"url\":\"https:\\\/\\\/covasna45.ro\\\/wp-content\\\/uploads\\\/2025\\\/10\\\/icon_logo_covasna45-150x150.png\",\"contentUrl\":\"https:\\\/\\\/covasna45.ro\\\/wp-content\\\/uploads\\\/2025\\\/10\\\/icon_logo_covasna45-150x150.png\",\"caption\":\"Covasna45\"},\"sameAs\":[\"https:\\\/\\\/covasna45.ro\"],\"url\":\"https:\\\/\\\/covasna45.ro\\\/index.php\\\/author\\\/covasna\\\/\"}]}<\/script>\n<!-- \/ Yoast SEO plugin. -->","yoast_head_json":{"title":"Ministerul Mediului: 2024, cel mai c\u0103lduros an din istoria m\u0103sur\u0103torilor meteo - Covasna45","description":"Anul 2024 este cel mai c\u0103lduros an din istoria m\u0103sur\u0103torilor meteorologice \u00een Rom\u00e2nia, potrivit Administra\u021biei Na\u021bionale de Meteorologie.","robots":{"index":"index","follow":"follow","max-snippet":"max-snippet:-1","max-image-preview":"max-image-preview:large","max-video-preview":"max-video-preview:-1"},"canonical":"https:\/\/covasna45.ro\/index.php\/lumea-noastra\/ministerul-mediului-2024-cel-mai-calduros-an-din-istoria-masuratorilor-meteo\/","og_locale":"ro_RO","og_type":"article","og_title":"Ministerul Mediului: 2024, cel mai c\u0103lduros an din istoria m\u0103sur\u0103torilor meteo - Covasna45","og_description":"Anul 2024 este cel mai c\u0103lduros an din istoria m\u0103sur\u0103torilor meteorologice \u00een Rom\u00e2nia, potrivit Administra\u021biei Na\u021bionale de Meteorologie.","og_url":"https:\/\/covasna45.ro\/index.php\/lumea-noastra\/ministerul-mediului-2024-cel-mai-calduros-an-din-istoria-masuratorilor-meteo\/","og_site_name":"Covasna45","article_published_time":"2025-01-10T08:19:22+00:00","article_modified_time":"2025-01-10T09:10:50+00:00","og_image":[{"width":1767,"height":1177,"url":"https:\/\/covasna45.ro\/wp-content\/uploads\/2025\/01\/soare.jpg","type":"image\/jpeg"}],"author":"Covasna45","twitter_card":"summary_large_image","twitter_misc":{"Scris de":"Covasna45","Timp estimat pentru citire":"6 minute"},"schema":{"@context":"https:\/\/schema.org","@graph":[{"@type":"Article","@id":"https:\/\/covasna45.ro\/index.php\/lumea-noastra\/ministerul-mediului-2024-cel-mai-calduros-an-din-istoria-masuratorilor-meteo\/#article","isPartOf":{"@id":"https:\/\/covasna45.ro\/index.php\/lumea-noastra\/ministerul-mediului-2024-cel-mai-calduros-an-din-istoria-masuratorilor-meteo\/"},"author":{"name":"Covasna45","@id":"https:\/\/covasna45.ro\/#\/schema\/person\/e674052bd7d95d70bbb007a1060ab73c"},"headline":"Ministerul Mediului: 2024, cel mai c\u0103lduros an din istoria m\u0103sur\u0103torilor meteo","datePublished":"2025-01-10T08:19:22+00:00","dateModified":"2025-01-10T09:10:50+00:00","mainEntityOfPage":{"@id":"https:\/\/covasna45.ro\/index.php\/lumea-noastra\/ministerul-mediului-2024-cel-mai-calduros-an-din-istoria-masuratorilor-meteo\/"},"wordCount":880,"commentCount":0,"publisher":{"@id":"https:\/\/covasna45.ro\/#organization"},"image":{"@id":"https:\/\/covasna45.ro\/index.php\/lumea-noastra\/ministerul-mediului-2024-cel-mai-calduros-an-din-istoria-masuratorilor-meteo\/#primaryimage"},"thumbnailUrl":"https:\/\/covasna45.ro\/wp-content\/uploads\/2025\/01\/soare.jpg","keywords":["2024","anm","canicula","meteo","Ministerul Mediului"],"articleSection":["Lumea noastr\u0103"],"inLanguage":"ro-RO","potentialAction":[{"@type":"CommentAction","name":"Comment","target":["https:\/\/covasna45.ro\/index.php\/lumea-noastra\/ministerul-mediului-2024-cel-mai-calduros-an-din-istoria-masuratorilor-meteo\/#respond"]}]},{"@type":"WebPage","@id":"https:\/\/covasna45.ro\/index.php\/lumea-noastra\/ministerul-mediului-2024-cel-mai-calduros-an-din-istoria-masuratorilor-meteo\/","url":"https:\/\/covasna45.ro\/index.php\/lumea-noastra\/ministerul-mediului-2024-cel-mai-calduros-an-din-istoria-masuratorilor-meteo\/","name":"Ministerul Mediului: 2024, cel mai c\u0103lduros an din istoria m\u0103sur\u0103torilor meteo - Covasna45","isPartOf":{"@id":"https:\/\/covasna45.ro\/#website"},"primaryImageOfPage":{"@id":"https:\/\/covasna45.ro\/index.php\/lumea-noastra\/ministerul-mediului-2024-cel-mai-calduros-an-din-istoria-masuratorilor-meteo\/#primaryimage"},"image":{"@id":"https:\/\/covasna45.ro\/index.php\/lumea-noastra\/ministerul-mediului-2024-cel-mai-calduros-an-din-istoria-masuratorilor-meteo\/#primaryimage"},"thumbnailUrl":"https:\/\/covasna45.ro\/wp-content\/uploads\/2025\/01\/soare.jpg","datePublished":"2025-01-10T08:19:22+00:00","dateModified":"2025-01-10T09:10:50+00:00","description":"Anul 2024 este cel mai c\u0103lduros an din istoria m\u0103sur\u0103torilor meteorologice \u00een Rom\u00e2nia, potrivit Administra\u021biei Na\u021bionale de Meteorologie.","breadcrumb":{"@id":"https:\/\/covasna45.ro\/index.php\/lumea-noastra\/ministerul-mediului-2024-cel-mai-calduros-an-din-istoria-masuratorilor-meteo\/#breadcrumb"},"inLanguage":"ro-RO","potentialAction":[{"@type":"ReadAction","target":["https:\/\/covasna45.ro\/index.php\/lumea-noastra\/ministerul-mediului-2024-cel-mai-calduros-an-din-istoria-masuratorilor-meteo\/"]}]},{"@type":"ImageObject","inLanguage":"ro-RO","@id":"https:\/\/covasna45.ro\/index.php\/lumea-noastra\/ministerul-mediului-2024-cel-mai-calduros-an-din-istoria-masuratorilor-meteo\/#primaryimage","url":"https:\/\/covasna45.ro\/wp-content\/uploads\/2025\/01\/soare.jpg","contentUrl":"https:\/\/covasna45.ro\/wp-content\/uploads\/2025\/01\/soare.jpg","width":1767,"height":1177},{"@type":"BreadcrumbList","@id":"https:\/\/covasna45.ro\/index.php\/lumea-noastra\/ministerul-mediului-2024-cel-mai-calduros-an-din-istoria-masuratorilor-meteo\/#breadcrumb","itemListElement":[{"@type":"ListItem","position":1,"name":"Prima pagin\u0103","item":"https:\/\/covasna45.ro\/"},{"@type":"ListItem","position":2,"name":"Ministerul Mediului: 2024, cel mai c\u0103lduros an din istoria m\u0103sur\u0103torilor meteo"}]},{"@type":"WebSite","@id":"https:\/\/covasna45.ro\/#website","url":"https:\/\/covasna45.ro\/","name":"covasna45.ro","description":"","publisher":{"@id":"https:\/\/covasna45.ro\/#organization"},"potentialAction":[{"@type":"SearchAction","target":{"@type":"EntryPoint","urlTemplate":"https:\/\/covasna45.ro\/?s={search_term_string}"},"query-input":{"@type":"PropertyValueSpecification","valueRequired":true,"valueName":"search_term_string"}}],"inLanguage":"ro-RO"},{"@type":"Organization","@id":"https:\/\/covasna45.ro\/#organization","name":"covasna45.ro","url":"https:\/\/covasna45.ro\/","logo":{"@type":"ImageObject","inLanguage":"ro-RO","@id":"https:\/\/covasna45.ro\/#\/schema\/logo\/image\/","url":"https:\/\/covasna45.ro\/wp-content\/uploads\/2023\/01\/icon_logo.png","contentUrl":"https:\/\/covasna45.ro\/wp-content\/uploads\/2023\/01\/icon_logo.png","width":1900,"height":1900,"caption":"covasna45.ro"},"image":{"@id":"https:\/\/covasna45.ro\/#\/schema\/logo\/image\/"}},{"@type":"Person","@id":"https:\/\/covasna45.ro\/#\/schema\/person\/e674052bd7d95d70bbb007a1060ab73c","name":"Covasna45","image":{"@type":"ImageObject","inLanguage":"ro-RO","@id":"https:\/\/covasna45.ro\/wp-content\/uploads\/2025\/10\/icon_logo_covasna45-150x150.png","url":"https:\/\/covasna45.ro\/wp-content\/uploads\/2025\/10\/icon_logo_covasna45-150x150.png","contentUrl":"https:\/\/covasna45.ro\/wp-content\/uploads\/2025\/10\/icon_logo_covasna45-150x150.png","caption":"Covasna45"},"sameAs":["https:\/\/covasna45.ro"],"url":"https:\/\/covasna45.ro\/index.php\/author\/covasna\/"}]}},"_links":{"self":[{"href":"https:\/\/covasna45.ro\/index.php\/wp-json\/wp\/v2\/posts\/9411","targetHints":{"allow":["GET"]}}],"collection":[{"href":"https:\/\/covasna45.ro\/index.php\/wp-json\/wp\/v2\/posts"}],"about":[{"href":"https:\/\/covasna45.ro\/index.php\/wp-json\/wp\/v2\/types\/post"}],"author":[{"embeddable":true,"href":"https:\/\/covasna45.ro\/index.php\/wp-json\/wp\/v2\/users\/1"}],"replies":[{"embeddable":true,"href":"https:\/\/covasna45.ro\/index.php\/wp-json\/wp\/v2\/comments?post=9411"}],"version-history":[{"count":2,"href":"https:\/\/covasna45.ro\/index.php\/wp-json\/wp\/v2\/posts\/9411\/revisions"}],"predecessor-version":[{"id":9416,"href":"https:\/\/covasna45.ro\/index.php\/wp-json\/wp\/v2\/posts\/9411\/revisions\/9416"}],"wp:featuredmedia":[{"embeddable":true,"href":"https:\/\/covasna45.ro\/index.php\/wp-json\/wp\/v2\/media\/9412"}],"wp:attachment":[{"href":"https:\/\/covasna45.ro\/index.php\/wp-json\/wp\/v2\/media?parent=9411"}],"wp:term":[{"taxonomy":"category","embeddable":true,"href":"https:\/\/covasna45.ro\/index.php\/wp-json\/wp\/v2\/categories?post=9411"},{"taxonomy":"post_tag","embeddable":true,"href":"https:\/\/covasna45.ro\/index.php\/wp-json\/wp\/v2\/tags?post=9411"}],"curies":[{"name":"wp","href":"https:\/\/api.w.org\/{rel}","templated":true}]}}