{"id":9431,"date":"2025-01-13T09:54:46","date_gmt":"2025-01-13T07:54:46","guid":{"rendered":"https:\/\/covasna45.ro\/?p=9431"},"modified":"2025-01-13T09:54:46","modified_gmt":"2025-01-13T07:54:46","slug":"barcani-sat-de-poveste-si-statiunea-covasna-pe-lista-destinatia-anului-2025","status":"publish","type":"post","link":"https:\/\/covasna45.ro\/index.php\/lumea-noastra\/barcani-sat-de-poveste-si-statiunea-covasna-pe-lista-destinatia-anului-2025\/","title":{"rendered":"Barcani, \u201esat de poveste\u201d \u0219i sta\u021biunea Covasna, pe lista \u201eDestina\u021bia Anului 2025\u201d"},"content":{"rendered":"\n<p>Competi\u021bia \u201eDestina\u021bia Anului\u201d, cel mai amplu concurs turistic din Rom\u00e2nia, anun\u021b\u0103 cele peste 150 de destina\u021bii calificate \u00een edi\u021bia 2025. Cu reprezentan\u021bi din&nbsp;38 de jude\u021be \u0219i municipiul Bucure\u0219ti, selec\u021bia acoper\u0103 o diversitate impresionant\u0103 de regiuni \u0219i atrac\u021bii care definesc unicitatea \u021b\u0103rii noastre.<br><br>Potrivit unui comunicat al organizatorilor, obiectivul acestei etape a fost \u201ede a aduna c\u00e2t mai multe destina\u021bii care promit, o selec\u021bie c\u00e2t mai divers\u0103, acoperind toate regiunile \u021b\u0103rii\u201d. &nbsp;<br><br>Miile de nominaliz\u0103ri, primite de la public, parteneri \u0219i un juriu format din&nbsp;peste 100 de exper\u021bi \u00een turism, au generat o list\u0103 care eviden\u021biaz\u0103 destina\u021bii consacrate, dar \u0219i locuri mai pu\u021bin cunoscute, gata s\u0103 fie descoperite.&nbsp;<br><br>Se calific\u0103 destina\u021biile care au \u00eentrunit cele mai multe nominaliz\u0103ri din partea publicului, la care s-au ad\u0103ugat destina\u021bii nominalizate de minimum 3 din cei 100 de jura\u021bi dar \u0219i cele nominalizate de consiliile jude\u021bene, Ministerul Economiei, Antreprenoriatului \u0219i Turismului, Asocia\u021bia Societ\u0103\u021bilor de Arhitectur\u0103 din Rom\u00e2nia sau Institutul Ora\u0219elor Vizionare.<\/p>\n\n\n\n<p>Iat\u0103 cum sunt \u00eemp\u0103r\u021bite pe categorii, cele peste 150 de destina\u021bii calificate \u00een Competi\u021bia Destina\u021bia Anului:<\/p>\n\n\n\n<ul class=\"wp-block-list\">\n<li>Ora\u0219e care inspir\u0103\u00a0(municipiile care se remarc\u0103 prin notorietate \u0219i investi\u021bii \u00een turism) \u2013 s-au calificat \u00een competi\u021bie 19 ora\u0219e.<\/li>\n<\/ul>\n\n\n\n<ul class=\"wp-block-list\">\n<li>Sta\u021biuni Balneo-Climaterice\u00a0(sta\u021biuni deschise pe \u00eentreaga durat\u0103 a anului, de interes local \u0219i na\u021bional) &#8211; peste 25 de sta\u021biuni.<\/li>\n<\/ul>\n\n\n\n<ul class=\"wp-block-list\">\n<li>T\u0103r\u00e2muri fermecate\u00a0(localit\u0103\u021bi sau regiuni p\u00e2n\u0103 la 3,000 km\u00b2 cu valoare natural\u0103 \u0219i istoric\u0103 deosebit\u0103) &#8211; peste 30\u00a0de t\u0103r\u00e2muri.<\/li>\n<\/ul>\n\n\n\n<ul class=\"wp-block-list\">\n<li>Sate de poveste\u00a0(sate \u0219i comune ce ofer\u0103 experien\u021be autentice \u00een mediul rural) &#8211; s-au calificat in competi\u021bie mai mult de 25\u00a0de sate.<\/li>\n<\/ul>\n\n\n\n<p>Distrac\u021bie \u0219i aventur\u0103&nbsp;(destina\u021bii ce ofer\u0103 experien\u021be pentru toate v\u00e2rstele, sportive sau de agrement) &#8211; peste 20&nbsp;de atrac\u021bii.<\/p>\n\n\n\n<ul class=\"wp-block-list\">\n<li>Cultur\u0103 \u0219i educa\u021bie\u00a0(muzee, castele \u0219i alte atrac\u021bii culturale) &#8211; s-au calificat in competi\u021bie peste 40\u00a0de atrac\u021bii.<\/li>\n<\/ul>\n\n\n\n<h2 class=\"wp-block-heading\">Jude\u021bul Covasna, nu foarte atractiv<\/h2>\n\n\n\n<p>Din jude\u021bul Covasna sunt foarte pu\u021bine locuri calificate \u00een aceast\u0103 competi\u021bie. \u00cen categoria \u201eOra\u0219e care inspir\u0103\u201d nu exist\u0103 niciunul din jude\u021b, \u00een condi\u021biile \u00een care pe list\u0103 nu sunt doar ora\u0219e \u201emari\u201d, ci \u0219i T\u00e2rgu Neam\u021b, Piatra Neam\u021b, Lugoj, C\u0103l\u0103ra\u0219i sau Curtea de Arge\u0219\u2026 Nici la categoriile \u201eT\u0103r\u00e2muri fermecate\u201d sau \u201eDistrac\u021bie \u0219i aventur\u0103\u201d jude\u021bul Covasna nu figureaz\u0103 cu vreo atrac\u021bie.<\/p>\n\n\n\n<p>La categoria Sta\u021biuni Balneoclimaterice avem desigur Covasna, iar la \u201eSate de poveste\u201d a fost inclus pe list\u0103 Barcani.<\/p>\n\n\n\n<figure class=\"wp-block-image size-large\"><img loading=\"lazy\" decoding=\"async\" width=\"1024\" height=\"575\" src=\"https:\/\/covasna45.ro\/wp-content\/uploads\/2025\/01\/parada-cai-barcani-1024x575.jpg\" alt=\"\" class=\"wp-image-9432\" srcset=\"https:\/\/covasna45.ro\/wp-content\/uploads\/2025\/01\/parada-cai-barcani-1024x575.jpg 1024w, https:\/\/covasna45.ro\/wp-content\/uploads\/2025\/01\/parada-cai-barcani-300x168.jpg 300w, https:\/\/covasna45.ro\/wp-content\/uploads\/2025\/01\/parada-cai-barcani-768x431.jpg 768w, https:\/\/covasna45.ro\/wp-content\/uploads\/2025\/01\/parada-cai-barcani-150x84.jpg 150w, https:\/\/covasna45.ro\/wp-content\/uploads\/2025\/01\/parada-cai-barcani-696x390.jpg 696w, https:\/\/covasna45.ro\/wp-content\/uploads\/2025\/01\/parada-cai-barcani-1068x599.jpg 1068w, https:\/\/covasna45.ro\/wp-content\/uploads\/2025\/01\/parada-cai-barcani.jpg 1171w\" sizes=\"auto, (max-width: 1024px) 100vw, 1024px\" \/><figcaption class=\"wp-element-caption\">Parada cu cai la Barcani, de 1 decembrie 2024. Foto: Roxana Gheorghiu<\/figcaption><\/figure>\n\n\n\n<p>La \u201eCultur\u0103 \u0219i educa\u021bie\u201d jude\u021bul Covasna figureaz\u0103 cu dou\u0103 atrac\u021bii &#8211; Muzeul \u201eHaszmann P\u00e1l\u201d din Cernat \u0219i <a href=\"https:\/\/covasna45.ro\/index.php\/lumea-noastra\/s-a-redeschis-muzeul-national-secuiesc\/\">Muzeul Na\u021bional Secuiesc<\/a>.<\/p>\n\n\n\n<h2 class=\"wp-block-heading\">Jude\u021bul Harghita, prezent \u00een mai multe categorii<\/h2>\n\n\n\n<p>Comparativ, jude\u0163ul <a href=\"https:\/\/ziarharghita.ro\/harghita-inima-turismului-romanesc-in-competitia-destinatia-anului-2025\">Harghita<\/a> se remarc\u0103 drept unul dintre liderii competi\u0163iei, av\u00e2nd numeroase destina\u0163ii de excep\u0163ie care \u00eei pun \u00een valoare bog\u0103\u0163ia natural\u0103 \u015fi cultural\u0103. <\/p>\n\n\n\n<figure class=\"wp-block-image size-large\"><img loading=\"lazy\" decoding=\"async\" width=\"1024\" height=\"506\" src=\"https:\/\/covasna45.ro\/wp-content\/uploads\/2025\/01\/alpine-toplita-1024x506.jpg\" alt=\"\" class=\"wp-image-9434\" srcset=\"https:\/\/covasna45.ro\/wp-content\/uploads\/2025\/01\/alpine-toplita-1024x506.jpg 1024w, https:\/\/covasna45.ro\/wp-content\/uploads\/2025\/01\/alpine-toplita-300x148.jpg 300w, https:\/\/covasna45.ro\/wp-content\/uploads\/2025\/01\/alpine-toplita-768x380.jpg 768w, https:\/\/covasna45.ro\/wp-content\/uploads\/2025\/01\/alpine-toplita-1536x759.jpg 1536w, https:\/\/covasna45.ro\/wp-content\/uploads\/2025\/01\/alpine-toplita-150x74.jpg 150w, https:\/\/covasna45.ro\/wp-content\/uploads\/2025\/01\/alpine-toplita-696x344.jpg 696w, https:\/\/covasna45.ro\/wp-content\/uploads\/2025\/01\/alpine-toplita-1068x528.jpg 1068w, https:\/\/covasna45.ro\/wp-content\/uploads\/2025\/01\/alpine-toplita-1920x949.jpg 1920w, https:\/\/covasna45.ro\/wp-content\/uploads\/2025\/01\/alpine-toplita.jpg 2048w\" sizes=\"auto, (max-width: 1024px) 100vw, 1024px\" \/><figcaption class=\"wp-element-caption\">Alpine Coaster Topli\u021ba<\/figcaption><\/figure>\n\n\n\n<p>Categoria \u201eDistrac\u0163ie \u015fi aventur\u0103\u201d este dominat\u0103 de acest jude\u0163, care ofer\u0103 atrac\u0163ii unice precum Alpine Coaster Topli\u0163a, un parc de aventur\u0103 care combin\u0103 adrenalin\u0103 cu peisaje spectaculoase, \u015fi Club Aventura Praid, un loc ideal pentru familii \u015fi iubitori de activit\u0103\u0163i outdoor. Mini Transilvania, un parc tematic din Odorheiu Secuiesc, aduce \u00een prim-plan istoria \u015fi arhitectura regiunii \u00eentr-un mod interactiv, \u00een timp ce zona B\u0103ile Tu\u015fnad, \u00eencadrat\u0103 la categoria \u201eT\u0103r\u00e2muri fermecate\u201d, este recunoscut\u0103 pentru peisajele sale spectaculoase \u015fi beneficiile terapeutice ale apelor minerale.<\/p>\n\n\n\n<p><em>Sursa: <a href=\"https:\/\/www.destinatiaanului.ro\/media\/comunicate-de-presa\/destinatia-anului-dezvaluie-destinatiile-calificate-in-competitia-care-celebreaza-frumusetea-romaniei-id-8-cmsid-56\">Destina\u021bia anului<\/a><\/em><\/p>\n","protected":false},"excerpt":{"rendered":"<p>Competi\u021bia \u201eDestina\u021bia Anului\u201d, cel mai amplu concurs turistic din Rom\u00e2nia, anun\u021b\u0103 cele peste 150 de destina\u021bii calificate \u00een edi\u021bia 2025. Cu reprezentan\u021bi din&nbsp;38 de jude\u021be \u0219i municipiul Bucure\u0219ti, selec\u021bia acoper\u0103 o diversitate impresionant\u0103 de regiuni \u0219i atrac\u021bii care definesc unicitatea \u021b\u0103rii noastre. Potrivit unui comunicat al organizatorilor, obiectivul acestei etape a fost \u201ede a aduna [&hellip;]<\/p>\n","protected":false},"author":1,"featured_media":9433,"comment_status":"open","ping_status":"closed","sticky":false,"template":"","format":"standard","meta":{"tdm_status":"","tdm_grid_status":"","footnotes":""},"categories":[14],"tags":[1230,2429,21,3248],"class_list":{"0":"post-9431","1":"post","2":"type-post","3":"status-publish","4":"format-standard","5":"has-post-thumbnail","7":"category-lumea-noastra","8":"tag-1230","9":"tag-barcani","10":"tag-covasna","11":"tag-destinatia-anului"},"yoast_head":"<!-- This site is optimized with the Yoast SEO plugin v27.5 - https:\/\/yoast.com\/product\/yoast-seo-wordpress\/ -->\n<title>Barcani, \u201esat de poveste\u201d \u0219i sta\u021biunea Covasna, pe lista \u201eDestina\u021bia Anului 2025\u201d - Covasna45<\/title>\n<meta name=\"description\" content=\"Competi\u021bia \u201eDestina\u021bia Anului\u201d, cel mai amplu concurs turistic din Rom\u00e2nia, anun\u021b\u0103 cele peste 150 de destina\u021bii calificate \u00een edi\u021bia 2025.\" \/>\n<meta name=\"robots\" content=\"index, follow, max-snippet:-1, max-image-preview:large, max-video-preview:-1\" \/>\n<link rel=\"canonical\" href=\"https:\/\/covasna45.ro\/index.php\/lumea-noastra\/barcani-sat-de-poveste-si-statiunea-covasna-pe-lista-destinatia-anului-2025\/\" \/>\n<meta property=\"og:locale\" content=\"ro_RO\" \/>\n<meta property=\"og:type\" content=\"article\" \/>\n<meta property=\"og:title\" content=\"Barcani, \u201esat de poveste\u201d \u0219i sta\u021biunea Covasna, pe lista \u201eDestina\u021bia Anului 2025\u201d - Covasna45\" \/>\n<meta property=\"og:description\" content=\"Competi\u021bia \u201eDestina\u021bia Anului\u201d, cel mai amplu concurs turistic din Rom\u00e2nia, anun\u021b\u0103 cele peste 150 de destina\u021bii calificate \u00een edi\u021bia 2025.\" \/>\n<meta property=\"og:url\" content=\"https:\/\/covasna45.ro\/index.php\/lumea-noastra\/barcani-sat-de-poveste-si-statiunea-covasna-pe-lista-destinatia-anului-2025\/\" \/>\n<meta property=\"og:site_name\" content=\"Covasna45\" \/>\n<meta property=\"article:published_time\" content=\"2025-01-13T07:54:46+00:00\" \/>\n<meta property=\"og:image\" content=\"https:\/\/covasna45.ro\/wp-content\/uploads\/2025\/01\/covasna-foto.jpg\" \/>\n\t<meta property=\"og:image:width\" content=\"2048\" \/>\n\t<meta property=\"og:image:height\" content=\"1536\" \/>\n\t<meta property=\"og:image:type\" content=\"image\/jpeg\" \/>\n<meta name=\"author\" content=\"Covasna45\" \/>\n<meta name=\"twitter:card\" content=\"summary_large_image\" \/>\n<meta name=\"twitter:label1\" content=\"Scris de\" \/>\n\t<meta name=\"twitter:data1\" content=\"Covasna45\" \/>\n\t<meta name=\"twitter:label2\" content=\"Timp estimat pentru citire\" \/>\n\t<meta name=\"twitter:data2\" content=\"4 minute\" \/>\n<script type=\"application\/ld+json\" class=\"yoast-schema-graph\">{\"@context\":\"https:\\\/\\\/schema.org\",\"@graph\":[{\"@type\":\"Article\",\"@id\":\"https:\\\/\\\/covasna45.ro\\\/index.php\\\/lumea-noastra\\\/barcani-sat-de-poveste-si-statiunea-covasna-pe-lista-destinatia-anului-2025\\\/#article\",\"isPartOf\":{\"@id\":\"https:\\\/\\\/covasna45.ro\\\/index.php\\\/lumea-noastra\\\/barcani-sat-de-poveste-si-statiunea-covasna-pe-lista-destinatia-anului-2025\\\/\"},\"author\":{\"name\":\"Covasna45\",\"@id\":\"https:\\\/\\\/covasna45.ro\\\/#\\\/schema\\\/person\\\/e674052bd7d95d70bbb007a1060ab73c\"},\"headline\":\"Barcani, \u201esat de poveste\u201d \u0219i sta\u021biunea Covasna, pe lista \u201eDestina\u021bia Anului 2025\u201d\",\"datePublished\":\"2025-01-13T07:54:46+00:00\",\"mainEntityOfPage\":{\"@id\":\"https:\\\/\\\/covasna45.ro\\\/index.php\\\/lumea-noastra\\\/barcani-sat-de-poveste-si-statiunea-covasna-pe-lista-destinatia-anului-2025\\\/\"},\"wordCount\":627,\"commentCount\":0,\"publisher\":{\"@id\":\"https:\\\/\\\/covasna45.ro\\\/#organization\"},\"image\":{\"@id\":\"https:\\\/\\\/covasna45.ro\\\/index.php\\\/lumea-noastra\\\/barcani-sat-de-poveste-si-statiunea-covasna-pe-lista-destinatia-anului-2025\\\/#primaryimage\"},\"thumbnailUrl\":\"https:\\\/\\\/covasna45.ro\\\/wp-content\\\/uploads\\\/2025\\\/01\\\/covasna-foto.jpg\",\"keywords\":[\"2025\",\"Barcani\",\"covasna\",\"destinatia anului\"],\"articleSection\":[\"Lumea noastr\u0103\"],\"inLanguage\":\"ro-RO\",\"potentialAction\":[{\"@type\":\"CommentAction\",\"name\":\"Comment\",\"target\":[\"https:\\\/\\\/covasna45.ro\\\/index.php\\\/lumea-noastra\\\/barcani-sat-de-poveste-si-statiunea-covasna-pe-lista-destinatia-anului-2025\\\/#respond\"]}]},{\"@type\":\"WebPage\",\"@id\":\"https:\\\/\\\/covasna45.ro\\\/index.php\\\/lumea-noastra\\\/barcani-sat-de-poveste-si-statiunea-covasna-pe-lista-destinatia-anului-2025\\\/\",\"url\":\"https:\\\/\\\/covasna45.ro\\\/index.php\\\/lumea-noastra\\\/barcani-sat-de-poveste-si-statiunea-covasna-pe-lista-destinatia-anului-2025\\\/\",\"name\":\"Barcani, \u201esat de poveste\u201d \u0219i sta\u021biunea Covasna, pe lista \u201eDestina\u021bia Anului 2025\u201d - Covasna45\",\"isPartOf\":{\"@id\":\"https:\\\/\\\/covasna45.ro\\\/#website\"},\"primaryImageOfPage\":{\"@id\":\"https:\\\/\\\/covasna45.ro\\\/index.php\\\/lumea-noastra\\\/barcani-sat-de-poveste-si-statiunea-covasna-pe-lista-destinatia-anului-2025\\\/#primaryimage\"},\"image\":{\"@id\":\"https:\\\/\\\/covasna45.ro\\\/index.php\\\/lumea-noastra\\\/barcani-sat-de-poveste-si-statiunea-covasna-pe-lista-destinatia-anului-2025\\\/#primaryimage\"},\"thumbnailUrl\":\"https:\\\/\\\/covasna45.ro\\\/wp-content\\\/uploads\\\/2025\\\/01\\\/covasna-foto.jpg\",\"datePublished\":\"2025-01-13T07:54:46+00:00\",\"description\":\"Competi\u021bia \u201eDestina\u021bia Anului\u201d, cel mai amplu concurs turistic din Rom\u00e2nia, anun\u021b\u0103 cele peste 150 de destina\u021bii calificate \u00een edi\u021bia 2025.\",\"breadcrumb\":{\"@id\":\"https:\\\/\\\/covasna45.ro\\\/index.php\\\/lumea-noastra\\\/barcani-sat-de-poveste-si-statiunea-covasna-pe-lista-destinatia-anului-2025\\\/#breadcrumb\"},\"inLanguage\":\"ro-RO\",\"potentialAction\":[{\"@type\":\"ReadAction\",\"target\":[\"https:\\\/\\\/covasna45.ro\\\/index.php\\\/lumea-noastra\\\/barcani-sat-de-poveste-si-statiunea-covasna-pe-lista-destinatia-anului-2025\\\/\"]}]},{\"@type\":\"ImageObject\",\"inLanguage\":\"ro-RO\",\"@id\":\"https:\\\/\\\/covasna45.ro\\\/index.php\\\/lumea-noastra\\\/barcani-sat-de-poveste-si-statiunea-covasna-pe-lista-destinatia-anului-2025\\\/#primaryimage\",\"url\":\"https:\\\/\\\/covasna45.ro\\\/wp-content\\\/uploads\\\/2025\\\/01\\\/covasna-foto.jpg\",\"contentUrl\":\"https:\\\/\\\/covasna45.ro\\\/wp-content\\\/uploads\\\/2025\\\/01\\\/covasna-foto.jpg\",\"width\":2048,\"height\":1536},{\"@type\":\"BreadcrumbList\",\"@id\":\"https:\\\/\\\/covasna45.ro\\\/index.php\\\/lumea-noastra\\\/barcani-sat-de-poveste-si-statiunea-covasna-pe-lista-destinatia-anului-2025\\\/#breadcrumb\",\"itemListElement\":[{\"@type\":\"ListItem\",\"position\":1,\"name\":\"Prima pagin\u0103\",\"item\":\"https:\\\/\\\/covasna45.ro\\\/\"},{\"@type\":\"ListItem\",\"position\":2,\"name\":\"Barcani, \u201esat de poveste\u201d \u0219i sta\u021biunea Covasna, pe lista \u201eDestina\u021bia Anului 2025\u201d\"}]},{\"@type\":\"WebSite\",\"@id\":\"https:\\\/\\\/covasna45.ro\\\/#website\",\"url\":\"https:\\\/\\\/covasna45.ro\\\/\",\"name\":\"covasna45.ro\",\"description\":\"\",\"publisher\":{\"@id\":\"https:\\\/\\\/covasna45.ro\\\/#organization\"},\"potentialAction\":[{\"@type\":\"SearchAction\",\"target\":{\"@type\":\"EntryPoint\",\"urlTemplate\":\"https:\\\/\\\/covasna45.ro\\\/?s={search_term_string}\"},\"query-input\":{\"@type\":\"PropertyValueSpecification\",\"valueRequired\":true,\"valueName\":\"search_term_string\"}}],\"inLanguage\":\"ro-RO\"},{\"@type\":\"Organization\",\"@id\":\"https:\\\/\\\/covasna45.ro\\\/#organization\",\"name\":\"covasna45.ro\",\"url\":\"https:\\\/\\\/covasna45.ro\\\/\",\"logo\":{\"@type\":\"ImageObject\",\"inLanguage\":\"ro-RO\",\"@id\":\"https:\\\/\\\/covasna45.ro\\\/#\\\/schema\\\/logo\\\/image\\\/\",\"url\":\"https:\\\/\\\/covasna45.ro\\\/wp-content\\\/uploads\\\/2023\\\/01\\\/icon_logo.png\",\"contentUrl\":\"https:\\\/\\\/covasna45.ro\\\/wp-content\\\/uploads\\\/2023\\\/01\\\/icon_logo.png\",\"width\":1900,\"height\":1900,\"caption\":\"covasna45.ro\"},\"image\":{\"@id\":\"https:\\\/\\\/covasna45.ro\\\/#\\\/schema\\\/logo\\\/image\\\/\"}},{\"@type\":\"Person\",\"@id\":\"https:\\\/\\\/covasna45.ro\\\/#\\\/schema\\\/person\\\/e674052bd7d95d70bbb007a1060ab73c\",\"name\":\"Covasna45\",\"image\":{\"@type\":\"ImageObject\",\"inLanguage\":\"ro-RO\",\"@id\":\"https:\\\/\\\/covasna45.ro\\\/wp-content\\\/uploads\\\/2025\\\/10\\\/icon_logo_covasna45-150x150.png\",\"url\":\"https:\\\/\\\/covasna45.ro\\\/wp-content\\\/uploads\\\/2025\\\/10\\\/icon_logo_covasna45-150x150.png\",\"contentUrl\":\"https:\\\/\\\/covasna45.ro\\\/wp-content\\\/uploads\\\/2025\\\/10\\\/icon_logo_covasna45-150x150.png\",\"caption\":\"Covasna45\"},\"sameAs\":[\"https:\\\/\\\/covasna45.ro\"],\"url\":\"https:\\\/\\\/covasna45.ro\\\/index.php\\\/author\\\/covasna\\\/\"}]}<\/script>\n<!-- \/ Yoast SEO plugin. -->","yoast_head_json":{"title":"Barcani, \u201esat de poveste\u201d \u0219i sta\u021biunea Covasna, pe lista \u201eDestina\u021bia Anului 2025\u201d - Covasna45","description":"Competi\u021bia \u201eDestina\u021bia Anului\u201d, cel mai amplu concurs turistic din Rom\u00e2nia, anun\u021b\u0103 cele peste 150 de destina\u021bii calificate \u00een edi\u021bia 2025.","robots":{"index":"index","follow":"follow","max-snippet":"max-snippet:-1","max-image-preview":"max-image-preview:large","max-video-preview":"max-video-preview:-1"},"canonical":"https:\/\/covasna45.ro\/index.php\/lumea-noastra\/barcani-sat-de-poveste-si-statiunea-covasna-pe-lista-destinatia-anului-2025\/","og_locale":"ro_RO","og_type":"article","og_title":"Barcani, \u201esat de poveste\u201d \u0219i sta\u021biunea Covasna, pe lista \u201eDestina\u021bia Anului 2025\u201d - Covasna45","og_description":"Competi\u021bia \u201eDestina\u021bia Anului\u201d, cel mai amplu concurs turistic din Rom\u00e2nia, anun\u021b\u0103 cele peste 150 de destina\u021bii calificate \u00een edi\u021bia 2025.","og_url":"https:\/\/covasna45.ro\/index.php\/lumea-noastra\/barcani-sat-de-poveste-si-statiunea-covasna-pe-lista-destinatia-anului-2025\/","og_site_name":"Covasna45","article_published_time":"2025-01-13T07:54:46+00:00","og_image":[{"width":2048,"height":1536,"url":"https:\/\/covasna45.ro\/wp-content\/uploads\/2025\/01\/covasna-foto.jpg","type":"image\/jpeg"}],"author":"Covasna45","twitter_card":"summary_large_image","twitter_misc":{"Scris de":"Covasna45","Timp estimat pentru citire":"4 minute"},"schema":{"@context":"https:\/\/schema.org","@graph":[{"@type":"Article","@id":"https:\/\/covasna45.ro\/index.php\/lumea-noastra\/barcani-sat-de-poveste-si-statiunea-covasna-pe-lista-destinatia-anului-2025\/#article","isPartOf":{"@id":"https:\/\/covasna45.ro\/index.php\/lumea-noastra\/barcani-sat-de-poveste-si-statiunea-covasna-pe-lista-destinatia-anului-2025\/"},"author":{"name":"Covasna45","@id":"https:\/\/covasna45.ro\/#\/schema\/person\/e674052bd7d95d70bbb007a1060ab73c"},"headline":"Barcani, \u201esat de poveste\u201d \u0219i sta\u021biunea Covasna, pe lista \u201eDestina\u021bia Anului 2025\u201d","datePublished":"2025-01-13T07:54:46+00:00","mainEntityOfPage":{"@id":"https:\/\/covasna45.ro\/index.php\/lumea-noastra\/barcani-sat-de-poveste-si-statiunea-covasna-pe-lista-destinatia-anului-2025\/"},"wordCount":627,"commentCount":0,"publisher":{"@id":"https:\/\/covasna45.ro\/#organization"},"image":{"@id":"https:\/\/covasna45.ro\/index.php\/lumea-noastra\/barcani-sat-de-poveste-si-statiunea-covasna-pe-lista-destinatia-anului-2025\/#primaryimage"},"thumbnailUrl":"https:\/\/covasna45.ro\/wp-content\/uploads\/2025\/01\/covasna-foto.jpg","keywords":["2025","Barcani","covasna","destinatia anului"],"articleSection":["Lumea noastr\u0103"],"inLanguage":"ro-RO","potentialAction":[{"@type":"CommentAction","name":"Comment","target":["https:\/\/covasna45.ro\/index.php\/lumea-noastra\/barcani-sat-de-poveste-si-statiunea-covasna-pe-lista-destinatia-anului-2025\/#respond"]}]},{"@type":"WebPage","@id":"https:\/\/covasna45.ro\/index.php\/lumea-noastra\/barcani-sat-de-poveste-si-statiunea-covasna-pe-lista-destinatia-anului-2025\/","url":"https:\/\/covasna45.ro\/index.php\/lumea-noastra\/barcani-sat-de-poveste-si-statiunea-covasna-pe-lista-destinatia-anului-2025\/","name":"Barcani, \u201esat de poveste\u201d \u0219i sta\u021biunea Covasna, pe lista \u201eDestina\u021bia Anului 2025\u201d - Covasna45","isPartOf":{"@id":"https:\/\/covasna45.ro\/#website"},"primaryImageOfPage":{"@id":"https:\/\/covasna45.ro\/index.php\/lumea-noastra\/barcani-sat-de-poveste-si-statiunea-covasna-pe-lista-destinatia-anului-2025\/#primaryimage"},"image":{"@id":"https:\/\/covasna45.ro\/index.php\/lumea-noastra\/barcani-sat-de-poveste-si-statiunea-covasna-pe-lista-destinatia-anului-2025\/#primaryimage"},"thumbnailUrl":"https:\/\/covasna45.ro\/wp-content\/uploads\/2025\/01\/covasna-foto.jpg","datePublished":"2025-01-13T07:54:46+00:00","description":"Competi\u021bia \u201eDestina\u021bia Anului\u201d, cel mai amplu concurs turistic din Rom\u00e2nia, anun\u021b\u0103 cele peste 150 de destina\u021bii calificate \u00een edi\u021bia 2025.","breadcrumb":{"@id":"https:\/\/covasna45.ro\/index.php\/lumea-noastra\/barcani-sat-de-poveste-si-statiunea-covasna-pe-lista-destinatia-anului-2025\/#breadcrumb"},"inLanguage":"ro-RO","potentialAction":[{"@type":"ReadAction","target":["https:\/\/covasna45.ro\/index.php\/lumea-noastra\/barcani-sat-de-poveste-si-statiunea-covasna-pe-lista-destinatia-anului-2025\/"]}]},{"@type":"ImageObject","inLanguage":"ro-RO","@id":"https:\/\/covasna45.ro\/index.php\/lumea-noastra\/barcani-sat-de-poveste-si-statiunea-covasna-pe-lista-destinatia-anului-2025\/#primaryimage","url":"https:\/\/covasna45.ro\/wp-content\/uploads\/2025\/01\/covasna-foto.jpg","contentUrl":"https:\/\/covasna45.ro\/wp-content\/uploads\/2025\/01\/covasna-foto.jpg","width":2048,"height":1536},{"@type":"BreadcrumbList","@id":"https:\/\/covasna45.ro\/index.php\/lumea-noastra\/barcani-sat-de-poveste-si-statiunea-covasna-pe-lista-destinatia-anului-2025\/#breadcrumb","itemListElement":[{"@type":"ListItem","position":1,"name":"Prima pagin\u0103","item":"https:\/\/covasna45.ro\/"},{"@type":"ListItem","position":2,"name":"Barcani, \u201esat de poveste\u201d \u0219i sta\u021biunea Covasna, pe lista \u201eDestina\u021bia Anului 2025\u201d"}]},{"@type":"WebSite","@id":"https:\/\/covasna45.ro\/#website","url":"https:\/\/covasna45.ro\/","name":"covasna45.ro","description":"","publisher":{"@id":"https:\/\/covasna45.ro\/#organization"},"potentialAction":[{"@type":"SearchAction","target":{"@type":"EntryPoint","urlTemplate":"https:\/\/covasna45.ro\/?s={search_term_string}"},"query-input":{"@type":"PropertyValueSpecification","valueRequired":true,"valueName":"search_term_string"}}],"inLanguage":"ro-RO"},{"@type":"Organization","@id":"https:\/\/covasna45.ro\/#organization","name":"covasna45.ro","url":"https:\/\/covasna45.ro\/","logo":{"@type":"ImageObject","inLanguage":"ro-RO","@id":"https:\/\/covasna45.ro\/#\/schema\/logo\/image\/","url":"https:\/\/covasna45.ro\/wp-content\/uploads\/2023\/01\/icon_logo.png","contentUrl":"https:\/\/covasna45.ro\/wp-content\/uploads\/2023\/01\/icon_logo.png","width":1900,"height":1900,"caption":"covasna45.ro"},"image":{"@id":"https:\/\/covasna45.ro\/#\/schema\/logo\/image\/"}},{"@type":"Person","@id":"https:\/\/covasna45.ro\/#\/schema\/person\/e674052bd7d95d70bbb007a1060ab73c","name":"Covasna45","image":{"@type":"ImageObject","inLanguage":"ro-RO","@id":"https:\/\/covasna45.ro\/wp-content\/uploads\/2025\/10\/icon_logo_covasna45-150x150.png","url":"https:\/\/covasna45.ro\/wp-content\/uploads\/2025\/10\/icon_logo_covasna45-150x150.png","contentUrl":"https:\/\/covasna45.ro\/wp-content\/uploads\/2025\/10\/icon_logo_covasna45-150x150.png","caption":"Covasna45"},"sameAs":["https:\/\/covasna45.ro"],"url":"https:\/\/covasna45.ro\/index.php\/author\/covasna\/"}]}},"_links":{"self":[{"href":"https:\/\/covasna45.ro\/index.php\/wp-json\/wp\/v2\/posts\/9431","targetHints":{"allow":["GET"]}}],"collection":[{"href":"https:\/\/covasna45.ro\/index.php\/wp-json\/wp\/v2\/posts"}],"about":[{"href":"https:\/\/covasna45.ro\/index.php\/wp-json\/wp\/v2\/types\/post"}],"author":[{"embeddable":true,"href":"https:\/\/covasna45.ro\/index.php\/wp-json\/wp\/v2\/users\/1"}],"replies":[{"embeddable":true,"href":"https:\/\/covasna45.ro\/index.php\/wp-json\/wp\/v2\/comments?post=9431"}],"version-history":[{"count":1,"href":"https:\/\/covasna45.ro\/index.php\/wp-json\/wp\/v2\/posts\/9431\/revisions"}],"predecessor-version":[{"id":9435,"href":"https:\/\/covasna45.ro\/index.php\/wp-json\/wp\/v2\/posts\/9431\/revisions\/9435"}],"wp:featuredmedia":[{"embeddable":true,"href":"https:\/\/covasna45.ro\/index.php\/wp-json\/wp\/v2\/media\/9433"}],"wp:attachment":[{"href":"https:\/\/covasna45.ro\/index.php\/wp-json\/wp\/v2\/media?parent=9431"}],"wp:term":[{"taxonomy":"category","embeddable":true,"href":"https:\/\/covasna45.ro\/index.php\/wp-json\/wp\/v2\/categories?post=9431"},{"taxonomy":"post_tag","embeddable":true,"href":"https:\/\/covasna45.ro\/index.php\/wp-json\/wp\/v2\/tags?post=9431"}],"curies":[{"name":"wp","href":"https:\/\/api.w.org\/{rel}","templated":true}]}}