{"id":9446,"date":"2025-01-14T11:51:26","date_gmt":"2025-01-14T09:51:26","guid":{"rendered":"https:\/\/covasna45.ro\/?p=9446"},"modified":"2025-01-14T11:56:10","modified_gmt":"2025-01-14T09:56:10","slug":"extrema-dreapta-din-germania-si-a-anuntat-programul","status":"publish","type":"post","link":"https:\/\/covasna45.ro\/index.php\/lumea-larga\/extrema-dreapta-din-germania-si-a-anuntat-programul\/","title":{"rendered":"Extrema dreapt\u0103 din Germania \u0219i-a anun\u021bat programul: \u201eRegulile \u0219i interdic\u021biile UE trebuie s\u0103 ia sf\u00e2r\u0219it\u201d"},"content":{"rendered":"\n<p>Sus\u0163inut de sondaje record, partidul AfD&nbsp;(Alternativa pentru&nbsp;Germania) \u0219i-a prezentat s\u00e2mb\u0103t\u0103 propunerile \u201eplanului s\u0103u de viitor\u201d pentru \u0163ar\u0103 \u0219i Europa. Evenimentul are loc cu \u015fase s\u0103pt\u0103m\u00e2ni \u00eenainte de alegerile legislative anticipate.<\/p>\n\n\n\n<p>\u201eFuria (partidelor) sistemului cre\u015fte de la o zi la alta. De ce sunt ei furio\u015fi? Pentru c\u0103 noi avem succes\u201d, a declarat Alice Weidel, liderul Alternativei pentru Germania (AfD), la deschiderea congresului care a avut loc la Riesa, \u00een estul \u0163\u0103rii, un bastion al partidului de extrem\u0103 dreapta, relateaz\u0103 AFP, citat\u0103 de <a href=\"https:\/\/www.stiripesurse.ro\/manifest-afd-germania-europa_3549595.html\">stiripesurse.ro<\/a>.<\/p>\n\n\n\n<h2 class=\"wp-block-heading\">Principalele puncte din programul politic:<\/h2>\n\n\n\n<p>\u201eProtejarea grani\u021belor. Grani\u021bele trebuie s\u0103 fie securizate f\u0103r\u0103 probleme. Oricine intr\u0103 ilegal \u00een \u021bar\u0103 sau f\u0103r\u0103 acte trebuie s\u0103 fie returnat. Mesajul nostru clar c\u0103tre lume: de acum \u00eenainte, vom determina din nou cine vine la noi \u0219i cine nu.<\/p>\n\n\n\n<p>Gata cu beneficiile \u00een numerar pentru solicitan\u021bii de azil. \u00cengrijirea solicitan\u021bilor de azil trebuie schimbat\u0103 de la beneficii \u00een numerar la beneficii non-monetare; beneficiile sociale pentru nereziden\u021bi trebuie abolite \u0219i trebuie organizate repatrieri pe scar\u0103 larg\u0103.<\/p>\n\n\n\n<p>\u00cen\u0103spre\u0219te dreptul la azil. Azilul este o \u0219edere temporar\u0103 \u0219i se \u00eencheie atunci c\u00e2nd motivul fugii \u00eenceteaz\u0103 s\u0103 mai existe. \u00cengrijirea refugia\u021bilor din regiunea lor de origine are prioritate. Mul\u021bi nu ar trebui s\u0103 vin\u0103 \u00een Germania \u00een primul r\u00e2nd.<\/p>\n\n\n\n<p>Nu ne mai renun\u021ba\u021bi la cet\u0103\u021benie. Naturaliz\u0103rile turbo trebuie s\u0103 \u00eenceteze. Nu exist\u0103 un drept automat la pa\u0219aportul german. Urm\u00e2nd exemplul \u021a\u0103rilor de Jos \u0219i al Ungariei, trebuie declarat\u0103 ie\u0219irea din sistemul de azil al UE.<\/p>\n\n\n\n<p>Munca trebuie s\u0103 dea roade din nou. Aloca\u021bia de cet\u0103\u021bean urmeaz\u0103 s\u0103 fie transformat\u0103 \u00eentr-un venit de baz\u0103 activ \u0219i limitat\u0103 la cet\u0103\u021beni \u0219i cet\u0103\u021beni ai UE prezen\u021bi \u00een mod legal. Ne vom asigura c\u0103 sute de mii de beneficiari care pot lucra se \u00eentorc pe pia\u021ba muncii.<\/p>\n\n\n\n<p>Revenire pentru to\u021bi \u00een loc de interdic\u021bii verzi. Vrem deschidere c\u0103tre tehnologie: interdic\u021biile privind motoarele cu ardere intern\u0103 \u0219i sistemele de \u00eenc\u0103lzire cu ulei \u0219i gaz trebuie ridicate \u2013 din p\u0103cate, CDU nu este \u00een m\u0103sur\u0103 s\u0103 fac\u0103 acest lucru.<\/p>\n\n\n\n<p>Reducerea taxelor pentru cet\u0103\u021beni \u0219i companii. Vrem s\u0103 reducem impozitul pe venit, consumul \u0219i impozitele pe profit la un nivel competitiv la nivel interna\u021bional. Am dori s\u0103 cre\u0219tem deducerea fiscal\u0103 la 14.000 de euro, s\u0103 elimin\u0103m taxa pe CO2 \u0219i s\u0103 reducem masiv taxele pe energie. &#8222;Suprataxa de solidaritate&#8221; trebuie eliminat\u0103 complet \u0219i trebuie ini\u021biat\u0103 o reform\u0103 fiscal\u0103 fundamental\u0103 \u0219i o simplificare fiscal\u0103.<\/p>\n\n\n\n<p>Pune\u021bi cap\u0103t birocra\u021biei f\u0103r\u0103 sens. Regulile \u0219i interdic\u021biile UE f\u0103r\u0103 sens trebuie s\u0103 ia sf\u00e2r\u0219it. Monstrul birocratic &#8222;Supply Chain Due Diligence Act&#8221; trebuie abolit.<\/p>\n\n\n\n<p>Energia trebuie s\u0103 devin\u0103 din nou ieftin\u0103. Subven\u021biile \u0219i programele de finan\u021bare pentru &#8222;protec\u021bia climei&#8221; \u0219i taxa EEG &#8211; este vorba despre\u00a0taxa\u00a0suplimentar\u0103 perceput\u0103 pe pre\u021bul energiei electrice pentru a finan\u021ba energia regenerabil\u0103 &#8211; urmeaz\u0103 s\u0103 fie eliminate f\u0103r\u0103 \u00eenlocuire. Vom anun\u021ba sf\u00e2r\u0219itul \u201etranzi\u021biei energetice&#8221; costisitoare \u0219i ie\u0219irea din \u201epolitica climatic\u0103&#8221; a UE. Pentru energie ieftin\u0103 \u0219i fiabil\u0103, Germania trebuie s\u0103 reintre \u00een energia nuclear\u0103 \u0219i s\u0103-\u0219i men\u021bin\u0103 centralele electrice pe c\u0103rbune.<\/p>\n\n\n\n<p>Ap\u0103rarea libert\u0103\u021bii de exprimare. Lupt\u0103m \u00eempotriva oric\u0103ror \u00eencerc\u0103ri ale politicienilor \u0219i autorit\u0103\u021bilor de a restric\u021biona libertatea de exprimare \u00een Germania \u0219i UE.<\/p>\n\n\n\n<p>Politica de locuin\u021be. Vrem s\u0103 avem mai mul\u021bi proprietari de locuin\u021be. De\u021binerea unei locuin\u021be promoveaz\u0103 ata\u0219amentul fa\u021b\u0103 de \u021bara natal\u0103 \u0219i dorin\u021ba de a p\u0103stra \u0219i p\u0103stra propriul mediu. Trebuie luate m\u0103suri adecvate \u00een acest scop. Reducerea impozitului pe transferul imobiliar \u0219i consolidarea cooperativelor de locuin\u021be non-profit \u0219i a companiilor de locuin\u021be se num\u0103r\u0103 printre aceste m\u0103suri.<\/p>\n\n\n\n<p>Deciziile pripite de a elimina treptat energia nuclear\u0103 \u00een 2002 \u0219i 2011 au fost nefondate \u0219i d\u0103un\u0103toare din punct de vedere economic. At\u00e2ta timp c\u00e2t alimentarea cu energie electric\u0103 nu este suficient de asigurat\u0103, AfD militeaz\u0103 pentru o prelungire tranzitorie a duratei de via\u021b\u0103 a centralelor nucleare \u00eenc\u0103 \u00een func\u021biune.<\/p>\n\n\n\n<p>Privatiz\u0103rile urmeaz\u0103 s\u0103 fie decise prin referendum la nivelul statului respectiv, \u00een special \u00een serviciile publice de interes general \u0219i \u00een ceea ce prive\u0219te locuin\u021bele publice \u0219i imobiliarele. Evacuarea poluan\u021bilor \u00een ciclul apei trebuie redus\u0103 prin protec\u021bia preventiv\u0103 a apei. Vrem s\u0103 sprijinim companiile municipale, descentralizate de alimentare cu ap\u0103. Respingem privatizarea \u0219i, prin urmare, comercializarea aprovizion\u0103rii de baz\u0103 cu ap\u0103 potabil\u0103.<\/p>\n\n\n\n<p>Alternativa pentru Germania este dedicat\u0103 familiei tradi\u021bionale ca principiu c\u0103l\u0103uzitor. Conform Legii fundamentale, c\u0103s\u0103toria \u0219i familia se afl\u0103 pe bun\u0103 dreptate sub protec\u021bia special\u0103 a statului.<\/p>\n\n\n\n<p>Sus\u021binem s\u0103 nu se amestece \u00een afacerile interne ale altor state. AfD reprezint\u0103 o politic\u0103 extern\u0103 care se angajeaz\u0103 s\u0103 protejeze interesele Germaniei.<\/p>\n\n\n\n<p>Ca na\u021biune recunoscut\u0103 la nivel mondial \u0219i ca al treilea cel mai mare contribuitor la Na\u021biunile Unite, cerem un loc permanent \u00een Consiliul de Securitate al ONU pentru Germania.<\/p>\n\n\n\n<p>NATO doar ca alian\u021b\u0103 defensiv\u0103. Apartenen\u021ba la NATO corespunde intereselor politicii externe \u0219i de securitate a Germaniei, \u00een m\u0103sura \u00een care NATO se limiteaz\u0103 la misiunea sa de alian\u021b\u0103 de ap\u0103rare. Misiunile NATO \u00een afara zonei alian\u021bei la care particip\u0103 for\u021bele armate germane ar trebui s\u0103 se desf\u0103\u0219oare \u00een general sub mandat ONU \u0219i numai dac\u0103 sunt luate \u00een considerare interesele de securitate ale Germaniei. AfD se angajeaz\u0103 s\u0103 retrag\u0103 toate trupele aliate \u00eenc\u0103 sta\u021bionate pe teritoriul german, \u00een special armele lor nucleare.<\/p>\n\n\n\n<p>Rela\u021bii mai bune cu Rusia. &#8222;R\u0103zboiul Rece&#8221; s-a \u00eencheiat. SUA r\u0103m\u00e2n partenerul nostru. Prin urmare, AfD militeaz\u0103 pentru \u00eencetarea sanc\u021biunilor \u0219i \u00eembun\u0103t\u0103\u021birea rela\u021biilor cu Rusia.<\/p>\n\n\n\n<p>F\u0103r\u0103 armat\u0103 european\u0103. AfD respinge for\u021bele armate europene comune \u0219i ader\u0103 la o Bundeswehr capabil\u0103 ca piatr\u0103 de temelie a suveranit\u0103\u021bii germane.<\/p>\n\n\n\n<p>Restabilirea recrut\u0103rii. AfD pledeaz\u0103 pentru restabilirea serviciului militar de baz\u0103 pentru to\u021bi cet\u0103\u021benii germani de sex masculin cu v\u00e2rste cuprinse \u00eentre 18 \u0219i 25 de ani.&#8221;<\/p>\n\n\n\n<p>AfD se afl\u0103 pe locul al doilea \u00een sondajele pentru alegerile din 23 februarie, c\u00e2\u015ftig\u00e2nd din ce \u00een ce mai mult teren, potrivit unui studiu publicat s\u00e2mb\u0103t\u0103, care acord\u0103 partidului 22% din voturi, \u00een urma conservatorilor din tab\u0103ra CDU\/CSU, cota\u0163i cu aproximativ 30%, dar \u00eenaintea social-democra\u0163ilor cancelarului Olaf Scholz, cu 16%.<\/p>\n","protected":false},"excerpt":{"rendered":"<p>Sus\u0163inut de sondaje record, partidul AfD&nbsp;(Alternativa pentru&nbsp;Germania) \u0219i-a prezentat s\u00e2mb\u0103t\u0103 propunerile \u201eplanului s\u0103u de viitor\u201d pentru \u0163ar\u0103 \u0219i Europa. Evenimentul are loc cu \u015fase s\u0103pt\u0103m\u00e2ni \u00eenainte de alegerile legislative anticipate. \u201eFuria (partidelor) sistemului cre\u015fte de la o zi la alta. De ce sunt ei furio\u015fi? Pentru c\u0103 noi avem succes\u201d, a declarat Alice Weidel, liderul [&hellip;]<\/p>\n","protected":false},"author":1,"featured_media":9447,"comment_status":"open","ping_status":"closed","sticky":false,"template":"","format":"standard","meta":{"tdm_status":"","tdm_grid_status":"","footnotes":""},"categories":[10],"tags":[2587,340,3257,3256,531],"class_list":{"0":"post-9446","1":"post","2":"type-post","3":"status-publish","4":"format-standard","5":"has-post-thumbnail","7":"category-lumea-larga","8":"tag-afd","9":"tag-alegeri","10":"tag-alice-weidel","11":"tag-extrema-dreapta","12":"tag-germania"},"yoast_head":"<!-- This site is optimized with the Yoast SEO plugin v27.5 - https:\/\/yoast.com\/product\/yoast-seo-wordpress\/ -->\n<title>Extrema dreapt\u0103 din Germania \u0219i-a anun\u021bat programul: \u201eRegulile \u0219i interdic\u021biile UE trebuie s\u0103 ia sf\u00e2r\u0219it\u201d - Covasna45<\/title>\n<meta name=\"description\" content=\"Sus\u0163inut de sondaje record, partidul AfD\u00a0(Alternativa pentru\u00a0Germania) \u0219i-a prezentat s\u00e2mb\u0103t\u0103 propunerile \u201eplanului s\u0103u de viitor\u201d.\" \/>\n<meta name=\"robots\" content=\"index, follow, max-snippet:-1, max-image-preview:large, max-video-preview:-1\" \/>\n<link rel=\"canonical\" href=\"https:\/\/covasna45.ro\/index.php\/lumea-larga\/extrema-dreapta-din-germania-si-a-anuntat-programul\/\" \/>\n<meta property=\"og:locale\" content=\"ro_RO\" \/>\n<meta property=\"og:type\" content=\"article\" \/>\n<meta property=\"og:title\" content=\"Extrema dreapt\u0103 din Germania \u0219i-a anun\u021bat programul: \u201eRegulile \u0219i interdic\u021biile UE trebuie s\u0103 ia sf\u00e2r\u0219it\u201d - Covasna45\" \/>\n<meta property=\"og:description\" content=\"Sus\u0163inut de sondaje record, partidul AfD\u00a0(Alternativa pentru\u00a0Germania) \u0219i-a prezentat s\u00e2mb\u0103t\u0103 propunerile \u201eplanului s\u0103u de viitor\u201d.\" \/>\n<meta property=\"og:url\" content=\"https:\/\/covasna45.ro\/index.php\/lumea-larga\/extrema-dreapta-din-germania-si-a-anuntat-programul\/\" \/>\n<meta property=\"og:site_name\" content=\"Covasna45\" \/>\n<meta property=\"article:published_time\" content=\"2025-01-14T09:51:26+00:00\" \/>\n<meta property=\"article:modified_time\" content=\"2025-01-14T09:56:10+00:00\" \/>\n<meta property=\"og:image\" content=\"https:\/\/covasna45.ro\/wp-content\/uploads\/2025\/01\/afd-germ.jpg\" \/>\n\t<meta property=\"og:image:width\" content=\"1253\" \/>\n\t<meta property=\"og:image:height\" content=\"792\" \/>\n\t<meta property=\"og:image:type\" content=\"image\/jpeg\" \/>\n<meta name=\"author\" content=\"Covasna45\" \/>\n<meta name=\"twitter:card\" content=\"summary_large_image\" \/>\n<meta name=\"twitter:label1\" content=\"Scris de\" \/>\n\t<meta name=\"twitter:data1\" content=\"Covasna45\" \/>\n\t<meta name=\"twitter:label2\" content=\"Timp estimat pentru citire\" \/>\n\t<meta name=\"twitter:data2\" content=\"6 minute\" \/>\n<script type=\"application\/ld+json\" class=\"yoast-schema-graph\">{\"@context\":\"https:\\\/\\\/schema.org\",\"@graph\":[{\"@type\":\"Article\",\"@id\":\"https:\\\/\\\/covasna45.ro\\\/index.php\\\/lumea-larga\\\/extrema-dreapta-din-germania-si-a-anuntat-programul\\\/#article\",\"isPartOf\":{\"@id\":\"https:\\\/\\\/covasna45.ro\\\/index.php\\\/lumea-larga\\\/extrema-dreapta-din-germania-si-a-anuntat-programul\\\/\"},\"author\":{\"name\":\"Covasna45\",\"@id\":\"https:\\\/\\\/covasna45.ro\\\/#\\\/schema\\\/person\\\/e674052bd7d95d70bbb007a1060ab73c\"},\"headline\":\"Extrema dreapt\u0103 din Germania \u0219i-a anun\u021bat programul: \u201eRegulile \u0219i interdic\u021biile UE trebuie s\u0103 ia sf\u00e2r\u0219it\u201d\",\"datePublished\":\"2025-01-14T09:51:26+00:00\",\"dateModified\":\"2025-01-14T09:56:10+00:00\",\"mainEntityOfPage\":{\"@id\":\"https:\\\/\\\/covasna45.ro\\\/index.php\\\/lumea-larga\\\/extrema-dreapta-din-germania-si-a-anuntat-programul\\\/\"},\"wordCount\":1120,\"commentCount\":0,\"publisher\":{\"@id\":\"https:\\\/\\\/covasna45.ro\\\/#organization\"},\"image\":{\"@id\":\"https:\\\/\\\/covasna45.ro\\\/index.php\\\/lumea-larga\\\/extrema-dreapta-din-germania-si-a-anuntat-programul\\\/#primaryimage\"},\"thumbnailUrl\":\"https:\\\/\\\/covasna45.ro\\\/wp-content\\\/uploads\\\/2025\\\/01\\\/afd-germ.jpg\",\"keywords\":[\"afd\",\"Alegeri\",\"Alice Weidel\",\"extrema dreapta\",\"Germania\"],\"articleSection\":[\"Lumea larg\u0103\"],\"inLanguage\":\"ro-RO\",\"potentialAction\":[{\"@type\":\"CommentAction\",\"name\":\"Comment\",\"target\":[\"https:\\\/\\\/covasna45.ro\\\/index.php\\\/lumea-larga\\\/extrema-dreapta-din-germania-si-a-anuntat-programul\\\/#respond\"]}]},{\"@type\":\"WebPage\",\"@id\":\"https:\\\/\\\/covasna45.ro\\\/index.php\\\/lumea-larga\\\/extrema-dreapta-din-germania-si-a-anuntat-programul\\\/\",\"url\":\"https:\\\/\\\/covasna45.ro\\\/index.php\\\/lumea-larga\\\/extrema-dreapta-din-germania-si-a-anuntat-programul\\\/\",\"name\":\"Extrema dreapt\u0103 din Germania \u0219i-a anun\u021bat programul: \u201eRegulile \u0219i interdic\u021biile UE trebuie s\u0103 ia sf\u00e2r\u0219it\u201d - Covasna45\",\"isPartOf\":{\"@id\":\"https:\\\/\\\/covasna45.ro\\\/#website\"},\"primaryImageOfPage\":{\"@id\":\"https:\\\/\\\/covasna45.ro\\\/index.php\\\/lumea-larga\\\/extrema-dreapta-din-germania-si-a-anuntat-programul\\\/#primaryimage\"},\"image\":{\"@id\":\"https:\\\/\\\/covasna45.ro\\\/index.php\\\/lumea-larga\\\/extrema-dreapta-din-germania-si-a-anuntat-programul\\\/#primaryimage\"},\"thumbnailUrl\":\"https:\\\/\\\/covasna45.ro\\\/wp-content\\\/uploads\\\/2025\\\/01\\\/afd-germ.jpg\",\"datePublished\":\"2025-01-14T09:51:26+00:00\",\"dateModified\":\"2025-01-14T09:56:10+00:00\",\"description\":\"Sus\u0163inut de sondaje record, partidul AfD\u00a0(Alternativa pentru\u00a0Germania) \u0219i-a prezentat s\u00e2mb\u0103t\u0103 propunerile \u201eplanului s\u0103u de viitor\u201d.\",\"breadcrumb\":{\"@id\":\"https:\\\/\\\/covasna45.ro\\\/index.php\\\/lumea-larga\\\/extrema-dreapta-din-germania-si-a-anuntat-programul\\\/#breadcrumb\"},\"inLanguage\":\"ro-RO\",\"potentialAction\":[{\"@type\":\"ReadAction\",\"target\":[\"https:\\\/\\\/covasna45.ro\\\/index.php\\\/lumea-larga\\\/extrema-dreapta-din-germania-si-a-anuntat-programul\\\/\"]}]},{\"@type\":\"ImageObject\",\"inLanguage\":\"ro-RO\",\"@id\":\"https:\\\/\\\/covasna45.ro\\\/index.php\\\/lumea-larga\\\/extrema-dreapta-din-germania-si-a-anuntat-programul\\\/#primaryimage\",\"url\":\"https:\\\/\\\/covasna45.ro\\\/wp-content\\\/uploads\\\/2025\\\/01\\\/afd-germ.jpg\",\"contentUrl\":\"https:\\\/\\\/covasna45.ro\\\/wp-content\\\/uploads\\\/2025\\\/01\\\/afd-germ.jpg\",\"width\":1253,\"height\":792},{\"@type\":\"BreadcrumbList\",\"@id\":\"https:\\\/\\\/covasna45.ro\\\/index.php\\\/lumea-larga\\\/extrema-dreapta-din-germania-si-a-anuntat-programul\\\/#breadcrumb\",\"itemListElement\":[{\"@type\":\"ListItem\",\"position\":1,\"name\":\"Prima pagin\u0103\",\"item\":\"https:\\\/\\\/covasna45.ro\\\/\"},{\"@type\":\"ListItem\",\"position\":2,\"name\":\"Extrema dreapt\u0103 din Germania \u0219i-a anun\u021bat programul: \u201eRegulile \u0219i interdic\u021biile UE trebuie s\u0103 ia sf\u00e2r\u0219it\u201d\"}]},{\"@type\":\"WebSite\",\"@id\":\"https:\\\/\\\/covasna45.ro\\\/#website\",\"url\":\"https:\\\/\\\/covasna45.ro\\\/\",\"name\":\"covasna45.ro\",\"description\":\"\",\"publisher\":{\"@id\":\"https:\\\/\\\/covasna45.ro\\\/#organization\"},\"potentialAction\":[{\"@type\":\"SearchAction\",\"target\":{\"@type\":\"EntryPoint\",\"urlTemplate\":\"https:\\\/\\\/covasna45.ro\\\/?s={search_term_string}\"},\"query-input\":{\"@type\":\"PropertyValueSpecification\",\"valueRequired\":true,\"valueName\":\"search_term_string\"}}],\"inLanguage\":\"ro-RO\"},{\"@type\":\"Organization\",\"@id\":\"https:\\\/\\\/covasna45.ro\\\/#organization\",\"name\":\"covasna45.ro\",\"url\":\"https:\\\/\\\/covasna45.ro\\\/\",\"logo\":{\"@type\":\"ImageObject\",\"inLanguage\":\"ro-RO\",\"@id\":\"https:\\\/\\\/covasna45.ro\\\/#\\\/schema\\\/logo\\\/image\\\/\",\"url\":\"https:\\\/\\\/covasna45.ro\\\/wp-content\\\/uploads\\\/2023\\\/01\\\/icon_logo.png\",\"contentUrl\":\"https:\\\/\\\/covasna45.ro\\\/wp-content\\\/uploads\\\/2023\\\/01\\\/icon_logo.png\",\"width\":1900,\"height\":1900,\"caption\":\"covasna45.ro\"},\"image\":{\"@id\":\"https:\\\/\\\/covasna45.ro\\\/#\\\/schema\\\/logo\\\/image\\\/\"}},{\"@type\":\"Person\",\"@id\":\"https:\\\/\\\/covasna45.ro\\\/#\\\/schema\\\/person\\\/e674052bd7d95d70bbb007a1060ab73c\",\"name\":\"Covasna45\",\"image\":{\"@type\":\"ImageObject\",\"inLanguage\":\"ro-RO\",\"@id\":\"https:\\\/\\\/covasna45.ro\\\/wp-content\\\/uploads\\\/2025\\\/10\\\/icon_logo_covasna45-150x150.png\",\"url\":\"https:\\\/\\\/covasna45.ro\\\/wp-content\\\/uploads\\\/2025\\\/10\\\/icon_logo_covasna45-150x150.png\",\"contentUrl\":\"https:\\\/\\\/covasna45.ro\\\/wp-content\\\/uploads\\\/2025\\\/10\\\/icon_logo_covasna45-150x150.png\",\"caption\":\"Covasna45\"},\"sameAs\":[\"https:\\\/\\\/covasna45.ro\"],\"url\":\"https:\\\/\\\/covasna45.ro\\\/index.php\\\/author\\\/covasna\\\/\"}]}<\/script>\n<!-- \/ Yoast SEO plugin. -->","yoast_head_json":{"title":"Extrema dreapt\u0103 din Germania \u0219i-a anun\u021bat programul: \u201eRegulile \u0219i interdic\u021biile UE trebuie s\u0103 ia sf\u00e2r\u0219it\u201d - Covasna45","description":"Sus\u0163inut de sondaje record, partidul AfD\u00a0(Alternativa pentru\u00a0Germania) \u0219i-a prezentat s\u00e2mb\u0103t\u0103 propunerile \u201eplanului s\u0103u de viitor\u201d.","robots":{"index":"index","follow":"follow","max-snippet":"max-snippet:-1","max-image-preview":"max-image-preview:large","max-video-preview":"max-video-preview:-1"},"canonical":"https:\/\/covasna45.ro\/index.php\/lumea-larga\/extrema-dreapta-din-germania-si-a-anuntat-programul\/","og_locale":"ro_RO","og_type":"article","og_title":"Extrema dreapt\u0103 din Germania \u0219i-a anun\u021bat programul: \u201eRegulile \u0219i interdic\u021biile UE trebuie s\u0103 ia sf\u00e2r\u0219it\u201d - Covasna45","og_description":"Sus\u0163inut de sondaje record, partidul AfD\u00a0(Alternativa pentru\u00a0Germania) \u0219i-a prezentat s\u00e2mb\u0103t\u0103 propunerile \u201eplanului s\u0103u de viitor\u201d.","og_url":"https:\/\/covasna45.ro\/index.php\/lumea-larga\/extrema-dreapta-din-germania-si-a-anuntat-programul\/","og_site_name":"Covasna45","article_published_time":"2025-01-14T09:51:26+00:00","article_modified_time":"2025-01-14T09:56:10+00:00","og_image":[{"width":1253,"height":792,"url":"https:\/\/covasna45.ro\/wp-content\/uploads\/2025\/01\/afd-germ.jpg","type":"image\/jpeg"}],"author":"Covasna45","twitter_card":"summary_large_image","twitter_misc":{"Scris de":"Covasna45","Timp estimat pentru citire":"6 minute"},"schema":{"@context":"https:\/\/schema.org","@graph":[{"@type":"Article","@id":"https:\/\/covasna45.ro\/index.php\/lumea-larga\/extrema-dreapta-din-germania-si-a-anuntat-programul\/#article","isPartOf":{"@id":"https:\/\/covasna45.ro\/index.php\/lumea-larga\/extrema-dreapta-din-germania-si-a-anuntat-programul\/"},"author":{"name":"Covasna45","@id":"https:\/\/covasna45.ro\/#\/schema\/person\/e674052bd7d95d70bbb007a1060ab73c"},"headline":"Extrema dreapt\u0103 din Germania \u0219i-a anun\u021bat programul: \u201eRegulile \u0219i interdic\u021biile UE trebuie s\u0103 ia sf\u00e2r\u0219it\u201d","datePublished":"2025-01-14T09:51:26+00:00","dateModified":"2025-01-14T09:56:10+00:00","mainEntityOfPage":{"@id":"https:\/\/covasna45.ro\/index.php\/lumea-larga\/extrema-dreapta-din-germania-si-a-anuntat-programul\/"},"wordCount":1120,"commentCount":0,"publisher":{"@id":"https:\/\/covasna45.ro\/#organization"},"image":{"@id":"https:\/\/covasna45.ro\/index.php\/lumea-larga\/extrema-dreapta-din-germania-si-a-anuntat-programul\/#primaryimage"},"thumbnailUrl":"https:\/\/covasna45.ro\/wp-content\/uploads\/2025\/01\/afd-germ.jpg","keywords":["afd","Alegeri","Alice Weidel","extrema dreapta","Germania"],"articleSection":["Lumea larg\u0103"],"inLanguage":"ro-RO","potentialAction":[{"@type":"CommentAction","name":"Comment","target":["https:\/\/covasna45.ro\/index.php\/lumea-larga\/extrema-dreapta-din-germania-si-a-anuntat-programul\/#respond"]}]},{"@type":"WebPage","@id":"https:\/\/covasna45.ro\/index.php\/lumea-larga\/extrema-dreapta-din-germania-si-a-anuntat-programul\/","url":"https:\/\/covasna45.ro\/index.php\/lumea-larga\/extrema-dreapta-din-germania-si-a-anuntat-programul\/","name":"Extrema dreapt\u0103 din Germania \u0219i-a anun\u021bat programul: \u201eRegulile \u0219i interdic\u021biile UE trebuie s\u0103 ia sf\u00e2r\u0219it\u201d - Covasna45","isPartOf":{"@id":"https:\/\/covasna45.ro\/#website"},"primaryImageOfPage":{"@id":"https:\/\/covasna45.ro\/index.php\/lumea-larga\/extrema-dreapta-din-germania-si-a-anuntat-programul\/#primaryimage"},"image":{"@id":"https:\/\/covasna45.ro\/index.php\/lumea-larga\/extrema-dreapta-din-germania-si-a-anuntat-programul\/#primaryimage"},"thumbnailUrl":"https:\/\/covasna45.ro\/wp-content\/uploads\/2025\/01\/afd-germ.jpg","datePublished":"2025-01-14T09:51:26+00:00","dateModified":"2025-01-14T09:56:10+00:00","description":"Sus\u0163inut de sondaje record, partidul AfD\u00a0(Alternativa pentru\u00a0Germania) \u0219i-a prezentat s\u00e2mb\u0103t\u0103 propunerile \u201eplanului s\u0103u de viitor\u201d.","breadcrumb":{"@id":"https:\/\/covasna45.ro\/index.php\/lumea-larga\/extrema-dreapta-din-germania-si-a-anuntat-programul\/#breadcrumb"},"inLanguage":"ro-RO","potentialAction":[{"@type":"ReadAction","target":["https:\/\/covasna45.ro\/index.php\/lumea-larga\/extrema-dreapta-din-germania-si-a-anuntat-programul\/"]}]},{"@type":"ImageObject","inLanguage":"ro-RO","@id":"https:\/\/covasna45.ro\/index.php\/lumea-larga\/extrema-dreapta-din-germania-si-a-anuntat-programul\/#primaryimage","url":"https:\/\/covasna45.ro\/wp-content\/uploads\/2025\/01\/afd-germ.jpg","contentUrl":"https:\/\/covasna45.ro\/wp-content\/uploads\/2025\/01\/afd-germ.jpg","width":1253,"height":792},{"@type":"BreadcrumbList","@id":"https:\/\/covasna45.ro\/index.php\/lumea-larga\/extrema-dreapta-din-germania-si-a-anuntat-programul\/#breadcrumb","itemListElement":[{"@type":"ListItem","position":1,"name":"Prima pagin\u0103","item":"https:\/\/covasna45.ro\/"},{"@type":"ListItem","position":2,"name":"Extrema dreapt\u0103 din Germania \u0219i-a anun\u021bat programul: \u201eRegulile \u0219i interdic\u021biile UE trebuie s\u0103 ia sf\u00e2r\u0219it\u201d"}]},{"@type":"WebSite","@id":"https:\/\/covasna45.ro\/#website","url":"https:\/\/covasna45.ro\/","name":"covasna45.ro","description":"","publisher":{"@id":"https:\/\/covasna45.ro\/#organization"},"potentialAction":[{"@type":"SearchAction","target":{"@type":"EntryPoint","urlTemplate":"https:\/\/covasna45.ro\/?s={search_term_string}"},"query-input":{"@type":"PropertyValueSpecification","valueRequired":true,"valueName":"search_term_string"}}],"inLanguage":"ro-RO"},{"@type":"Organization","@id":"https:\/\/covasna45.ro\/#organization","name":"covasna45.ro","url":"https:\/\/covasna45.ro\/","logo":{"@type":"ImageObject","inLanguage":"ro-RO","@id":"https:\/\/covasna45.ro\/#\/schema\/logo\/image\/","url":"https:\/\/covasna45.ro\/wp-content\/uploads\/2023\/01\/icon_logo.png","contentUrl":"https:\/\/covasna45.ro\/wp-content\/uploads\/2023\/01\/icon_logo.png","width":1900,"height":1900,"caption":"covasna45.ro"},"image":{"@id":"https:\/\/covasna45.ro\/#\/schema\/logo\/image\/"}},{"@type":"Person","@id":"https:\/\/covasna45.ro\/#\/schema\/person\/e674052bd7d95d70bbb007a1060ab73c","name":"Covasna45","image":{"@type":"ImageObject","inLanguage":"ro-RO","@id":"https:\/\/covasna45.ro\/wp-content\/uploads\/2025\/10\/icon_logo_covasna45-150x150.png","url":"https:\/\/covasna45.ro\/wp-content\/uploads\/2025\/10\/icon_logo_covasna45-150x150.png","contentUrl":"https:\/\/covasna45.ro\/wp-content\/uploads\/2025\/10\/icon_logo_covasna45-150x150.png","caption":"Covasna45"},"sameAs":["https:\/\/covasna45.ro"],"url":"https:\/\/covasna45.ro\/index.php\/author\/covasna\/"}]}},"_links":{"self":[{"href":"https:\/\/covasna45.ro\/index.php\/wp-json\/wp\/v2\/posts\/9446","targetHints":{"allow":["GET"]}}],"collection":[{"href":"https:\/\/covasna45.ro\/index.php\/wp-json\/wp\/v2\/posts"}],"about":[{"href":"https:\/\/covasna45.ro\/index.php\/wp-json\/wp\/v2\/types\/post"}],"author":[{"embeddable":true,"href":"https:\/\/covasna45.ro\/index.php\/wp-json\/wp\/v2\/users\/1"}],"replies":[{"embeddable":true,"href":"https:\/\/covasna45.ro\/index.php\/wp-json\/wp\/v2\/comments?post=9446"}],"version-history":[{"count":2,"href":"https:\/\/covasna45.ro\/index.php\/wp-json\/wp\/v2\/posts\/9446\/revisions"}],"predecessor-version":[{"id":9450,"href":"https:\/\/covasna45.ro\/index.php\/wp-json\/wp\/v2\/posts\/9446\/revisions\/9450"}],"wp:featuredmedia":[{"embeddable":true,"href":"https:\/\/covasna45.ro\/index.php\/wp-json\/wp\/v2\/media\/9447"}],"wp:attachment":[{"href":"https:\/\/covasna45.ro\/index.php\/wp-json\/wp\/v2\/media?parent=9446"}],"wp:term":[{"taxonomy":"category","embeddable":true,"href":"https:\/\/covasna45.ro\/index.php\/wp-json\/wp\/v2\/categories?post=9446"},{"taxonomy":"post_tag","embeddable":true,"href":"https:\/\/covasna45.ro\/index.php\/wp-json\/wp\/v2\/tags?post=9446"}],"curies":[{"name":"wp","href":"https:\/\/api.w.org\/{rel}","templated":true}]}}