{"id":9514,"date":"2025-01-20T10:09:34","date_gmt":"2025-01-20T08:09:34","guid":{"rendered":"https:\/\/covasna45.ro\/?p=9514"},"modified":"2025-01-20T10:09:35","modified_gmt":"2025-01-20T08:09:35","slug":"donald-trump-revine-la-putere-ziua-investirii-celui-de-al-47-lea-presedinte-al-sua","status":"publish","type":"post","link":"https:\/\/covasna45.ro\/index.php\/lumea-larga\/donald-trump-revine-la-putere-ziua-investirii-celui-de-al-47-lea-presedinte-al-sua\/","title":{"rendered":"Donald Trump revine la putere: Ziua \u00eenvestirii celui de al 47-lea pre\u0219edinte al SUA"},"content":{"rendered":"\n<p>Donald Trump va depune ast\u0103zi jur\u0103m\u00e2ntul \u00een prezen\u0163a pre\u015fedintelui Cur\u0163ii Supreme de Justi\u0163ie a Statelor Unite, John Roberts, la ora local\u0103 12 p.m. (19.00, ora Rom\u00e2niei). Ceremonia va avea loc \u00een Capitoliul Statelor Unite, din cauza vremii foarte reci.<\/p>\n\n\n\n<p>Majoritatea americanilor sunt optimi\u015fti cu privire la urm\u0103torii patru ani cu Donald Trump ca pre\u015fedinte, chiar \u00eentr-o propor\u0163ie mai mare dec\u00e2t au fost \u00een 2017, \u00eenainte de primul s\u0103u mandat. Iar majoritatea sunt plini de speran\u0163\u0103 cu privire la anul care urmeaz\u0103, arat\u0103 datele unui sondaj f\u0103cut la comanda CBS News.<\/p>\n\n\n\n<p>Donald Trump a anun\u021bat c\u0103 a preg\u0103tit \u00een jur de o sut\u0103 initiative pe care vrea s\u0103 le pun\u0103 \u00een practic\u0103. El a vorbit despre <a href=\"https:\/\/www.news.ro\/externe\/ziua-investirii-donald-trump-revine-putere-depunand-juramantul-rotonda-capitoliului-sua-locul-insurectiei-6-ianuarie-2021-planuri-marete-odata-administratie-s-schimbat-cei-patru-ani-lipsit-casa-alba-1922400020002025010721904555\">priorit\u0103\u021bile<\/a> sale ca pre\u0219edinte.<\/p>\n\n\n\n<p>Printre acestea:<\/p>\n\n\n\n<ul class=\"wp-block-list\">\n<li>Problema imigra\u021biei &#8211; razii \u00eempotriva imigran\u021bilor ilegali din marile ora\u0219e \u0219i deport\u0103ri \u00een mas\u0103<\/li>\n\n\n\n<li>Taxe vamale de 10 la sut\u0103 pentru toate m\u0103rfurile care intr\u0103 \u00een SUA. Mexicul, Canada \u015fi China, care sunt cei mai mari parteneri comerciali ai \u0163\u0103rii, s-ar putea confrunta cu taxe vamale chiar \u015fi mai mari.<\/li>\n\n\n\n<li>Taxa pe ap\u0103rare pentru \u021b\u0103rile NATO de 5% din PIB<\/li>\n\n\n\n<li>Renuntarea la politicile de mediu \u0219i mai mult petrol american, mai multe gaze americane<\/li>\n\n\n\n<li>China, Iran, Ucraina. Acestea vor fi prioritatile politicii externe .<\/li>\n\n\n\n<li> \u201eDistrugerea&#8221; politicilor DEI (Diversity, Equity, Inclusion) \u0219i a mi\u0219c\u0103rii Woke.<\/li>\n<\/ul>\n","protected":false},"excerpt":{"rendered":"<p>Donald Trump va depune ast\u0103zi jur\u0103m\u00e2ntul \u00een prezen\u0163a pre\u015fedintelui Cur\u0163ii Supreme de Justi\u0163ie a Statelor Unite, John Roberts, la ora local\u0103 12 p.m. (19.00, ora Rom\u00e2niei). Ceremonia va avea loc \u00een Capitoliul Statelor Unite, din cauza vremii foarte reci. Majoritatea americanilor sunt optimi\u015fti cu privire la urm\u0103torii patru ani cu Donald Trump ca pre\u015fedinte, chiar [&hellip;]<\/p>\n","protected":false},"author":1,"featured_media":4465,"comment_status":"open","ping_status":"closed","sticky":false,"template":"","format":"standard","meta":{"tdm_status":"","tdm_grid_status":"","footnotes":""},"categories":[10],"tags":[339,275],"class_list":{"0":"post-9514","1":"post","2":"type-post","3":"status-publish","4":"format-standard","5":"has-post-thumbnail","7":"category-lumea-larga","8":"tag-donald-trump","9":"tag-sua"},"yoast_head":"<!-- This site is optimized with the Yoast SEO plugin v27.5 - https:\/\/yoast.com\/product\/yoast-seo-wordpress\/ -->\n<title>Donald Trump revine la putere: Ziua \u00eenvestirii celui de al 47-lea pre\u0219edinte al SUA - Covasna45<\/title>\n<meta name=\"description\" content=\"Donald Trump va depune ast\u0103zi jur\u0103m\u00e2ntul \u00een prezen\u0163a pre\u015fedintelui Cur\u0163ii Supreme de Justi\u0163ie a Statelor Unite.\" \/>\n<meta name=\"robots\" content=\"index, follow, max-snippet:-1, max-image-preview:large, max-video-preview:-1\" \/>\n<link rel=\"canonical\" href=\"https:\/\/covasna45.ro\/index.php\/lumea-larga\/donald-trump-revine-la-putere-ziua-investirii-celui-de-al-47-lea-presedinte-al-sua\/\" \/>\n<meta property=\"og:locale\" content=\"ro_RO\" \/>\n<meta property=\"og:type\" content=\"article\" \/>\n<meta property=\"og:title\" content=\"Donald Trump revine la putere: Ziua \u00eenvestirii celui de al 47-lea pre\u0219edinte al SUA - Covasna45\" \/>\n<meta property=\"og:description\" content=\"Donald Trump va depune ast\u0103zi jur\u0103m\u00e2ntul \u00een prezen\u0163a pre\u015fedintelui Cur\u0163ii Supreme de Justi\u0163ie a Statelor Unite.\" \/>\n<meta property=\"og:url\" content=\"https:\/\/covasna45.ro\/index.php\/lumea-larga\/donald-trump-revine-la-putere-ziua-investirii-celui-de-al-47-lea-presedinte-al-sua\/\" \/>\n<meta property=\"og:site_name\" content=\"Covasna45\" \/>\n<meta property=\"article:published_time\" content=\"2025-01-20T08:09:34+00:00\" \/>\n<meta property=\"article:modified_time\" content=\"2025-01-20T08:09:35+00:00\" \/>\n<meta property=\"og:image\" content=\"https:\/\/covasna45.ro\/wp-content\/uploads\/2024\/01\/Trump-2.jpg\" \/>\n\t<meta property=\"og:image:width\" content=\"1100\" \/>\n\t<meta property=\"og:image:height\" content=\"733\" \/>\n\t<meta property=\"og:image:type\" content=\"image\/jpeg\" \/>\n<meta name=\"author\" content=\"Covasna45\" \/>\n<meta name=\"twitter:card\" content=\"summary_large_image\" \/>\n<meta name=\"twitter:label1\" content=\"Scris de\" \/>\n\t<meta name=\"twitter:data1\" content=\"Covasna45\" \/>\n\t<meta name=\"twitter:label2\" content=\"Timp estimat pentru citire\" \/>\n\t<meta name=\"twitter:data2\" content=\"2 minute\" \/>\n<script type=\"application\/ld+json\" class=\"yoast-schema-graph\">{\"@context\":\"https:\\\/\\\/schema.org\",\"@graph\":[{\"@type\":\"Article\",\"@id\":\"https:\\\/\\\/covasna45.ro\\\/index.php\\\/lumea-larga\\\/donald-trump-revine-la-putere-ziua-investirii-celui-de-al-47-lea-presedinte-al-sua\\\/#article\",\"isPartOf\":{\"@id\":\"https:\\\/\\\/covasna45.ro\\\/index.php\\\/lumea-larga\\\/donald-trump-revine-la-putere-ziua-investirii-celui-de-al-47-lea-presedinte-al-sua\\\/\"},\"author\":{\"name\":\"Covasna45\",\"@id\":\"https:\\\/\\\/covasna45.ro\\\/#\\\/schema\\\/person\\\/e674052bd7d95d70bbb007a1060ab73c\"},\"headline\":\"Donald Trump revine la putere: Ziua \u00eenvestirii celui de al 47-lea pre\u0219edinte al SUA\",\"datePublished\":\"2025-01-20T08:09:34+00:00\",\"dateModified\":\"2025-01-20T08:09:35+00:00\",\"mainEntityOfPage\":{\"@id\":\"https:\\\/\\\/covasna45.ro\\\/index.php\\\/lumea-larga\\\/donald-trump-revine-la-putere-ziua-investirii-celui-de-al-47-lea-presedinte-al-sua\\\/\"},\"wordCount\":252,\"commentCount\":0,\"publisher\":{\"@id\":\"https:\\\/\\\/covasna45.ro\\\/#organization\"},\"image\":{\"@id\":\"https:\\\/\\\/covasna45.ro\\\/index.php\\\/lumea-larga\\\/donald-trump-revine-la-putere-ziua-investirii-celui-de-al-47-lea-presedinte-al-sua\\\/#primaryimage\"},\"thumbnailUrl\":\"https:\\\/\\\/covasna45.ro\\\/wp-content\\\/uploads\\\/2024\\\/01\\\/Trump-2.jpg\",\"keywords\":[\"Donald Trump\",\"SUA\"],\"articleSection\":[\"Lumea larg\u0103\"],\"inLanguage\":\"ro-RO\",\"potentialAction\":[{\"@type\":\"CommentAction\",\"name\":\"Comment\",\"target\":[\"https:\\\/\\\/covasna45.ro\\\/index.php\\\/lumea-larga\\\/donald-trump-revine-la-putere-ziua-investirii-celui-de-al-47-lea-presedinte-al-sua\\\/#respond\"]}]},{\"@type\":\"WebPage\",\"@id\":\"https:\\\/\\\/covasna45.ro\\\/index.php\\\/lumea-larga\\\/donald-trump-revine-la-putere-ziua-investirii-celui-de-al-47-lea-presedinte-al-sua\\\/\",\"url\":\"https:\\\/\\\/covasna45.ro\\\/index.php\\\/lumea-larga\\\/donald-trump-revine-la-putere-ziua-investirii-celui-de-al-47-lea-presedinte-al-sua\\\/\",\"name\":\"Donald Trump revine la putere: Ziua \u00eenvestirii celui de al 47-lea pre\u0219edinte al SUA - Covasna45\",\"isPartOf\":{\"@id\":\"https:\\\/\\\/covasna45.ro\\\/#website\"},\"primaryImageOfPage\":{\"@id\":\"https:\\\/\\\/covasna45.ro\\\/index.php\\\/lumea-larga\\\/donald-trump-revine-la-putere-ziua-investirii-celui-de-al-47-lea-presedinte-al-sua\\\/#primaryimage\"},\"image\":{\"@id\":\"https:\\\/\\\/covasna45.ro\\\/index.php\\\/lumea-larga\\\/donald-trump-revine-la-putere-ziua-investirii-celui-de-al-47-lea-presedinte-al-sua\\\/#primaryimage\"},\"thumbnailUrl\":\"https:\\\/\\\/covasna45.ro\\\/wp-content\\\/uploads\\\/2024\\\/01\\\/Trump-2.jpg\",\"datePublished\":\"2025-01-20T08:09:34+00:00\",\"dateModified\":\"2025-01-20T08:09:35+00:00\",\"description\":\"Donald Trump va depune ast\u0103zi jur\u0103m\u00e2ntul \u00een prezen\u0163a pre\u015fedintelui Cur\u0163ii Supreme de Justi\u0163ie a Statelor Unite.\",\"breadcrumb\":{\"@id\":\"https:\\\/\\\/covasna45.ro\\\/index.php\\\/lumea-larga\\\/donald-trump-revine-la-putere-ziua-investirii-celui-de-al-47-lea-presedinte-al-sua\\\/#breadcrumb\"},\"inLanguage\":\"ro-RO\",\"potentialAction\":[{\"@type\":\"ReadAction\",\"target\":[\"https:\\\/\\\/covasna45.ro\\\/index.php\\\/lumea-larga\\\/donald-trump-revine-la-putere-ziua-investirii-celui-de-al-47-lea-presedinte-al-sua\\\/\"]}]},{\"@type\":\"ImageObject\",\"inLanguage\":\"ro-RO\",\"@id\":\"https:\\\/\\\/covasna45.ro\\\/index.php\\\/lumea-larga\\\/donald-trump-revine-la-putere-ziua-investirii-celui-de-al-47-lea-presedinte-al-sua\\\/#primaryimage\",\"url\":\"https:\\\/\\\/covasna45.ro\\\/wp-content\\\/uploads\\\/2024\\\/01\\\/Trump-2.jpg\",\"contentUrl\":\"https:\\\/\\\/covasna45.ro\\\/wp-content\\\/uploads\\\/2024\\\/01\\\/Trump-2.jpg\",\"width\":1100,\"height\":733},{\"@type\":\"BreadcrumbList\",\"@id\":\"https:\\\/\\\/covasna45.ro\\\/index.php\\\/lumea-larga\\\/donald-trump-revine-la-putere-ziua-investirii-celui-de-al-47-lea-presedinte-al-sua\\\/#breadcrumb\",\"itemListElement\":[{\"@type\":\"ListItem\",\"position\":1,\"name\":\"Prima pagin\u0103\",\"item\":\"https:\\\/\\\/covasna45.ro\\\/\"},{\"@type\":\"ListItem\",\"position\":2,\"name\":\"Donald Trump revine la putere: Ziua \u00eenvestirii celui de al 47-lea pre\u0219edinte al SUA\"}]},{\"@type\":\"WebSite\",\"@id\":\"https:\\\/\\\/covasna45.ro\\\/#website\",\"url\":\"https:\\\/\\\/covasna45.ro\\\/\",\"name\":\"covasna45.ro\",\"description\":\"\",\"publisher\":{\"@id\":\"https:\\\/\\\/covasna45.ro\\\/#organization\"},\"potentialAction\":[{\"@type\":\"SearchAction\",\"target\":{\"@type\":\"EntryPoint\",\"urlTemplate\":\"https:\\\/\\\/covasna45.ro\\\/?s={search_term_string}\"},\"query-input\":{\"@type\":\"PropertyValueSpecification\",\"valueRequired\":true,\"valueName\":\"search_term_string\"}}],\"inLanguage\":\"ro-RO\"},{\"@type\":\"Organization\",\"@id\":\"https:\\\/\\\/covasna45.ro\\\/#organization\",\"name\":\"covasna45.ro\",\"url\":\"https:\\\/\\\/covasna45.ro\\\/\",\"logo\":{\"@type\":\"ImageObject\",\"inLanguage\":\"ro-RO\",\"@id\":\"https:\\\/\\\/covasna45.ro\\\/#\\\/schema\\\/logo\\\/image\\\/\",\"url\":\"https:\\\/\\\/covasna45.ro\\\/wp-content\\\/uploads\\\/2023\\\/01\\\/icon_logo.png\",\"contentUrl\":\"https:\\\/\\\/covasna45.ro\\\/wp-content\\\/uploads\\\/2023\\\/01\\\/icon_logo.png\",\"width\":1900,\"height\":1900,\"caption\":\"covasna45.ro\"},\"image\":{\"@id\":\"https:\\\/\\\/covasna45.ro\\\/#\\\/schema\\\/logo\\\/image\\\/\"}},{\"@type\":\"Person\",\"@id\":\"https:\\\/\\\/covasna45.ro\\\/#\\\/schema\\\/person\\\/e674052bd7d95d70bbb007a1060ab73c\",\"name\":\"Covasna45\",\"image\":{\"@type\":\"ImageObject\",\"inLanguage\":\"ro-RO\",\"@id\":\"https:\\\/\\\/covasna45.ro\\\/wp-content\\\/uploads\\\/2025\\\/10\\\/icon_logo_covasna45-150x150.png\",\"url\":\"https:\\\/\\\/covasna45.ro\\\/wp-content\\\/uploads\\\/2025\\\/10\\\/icon_logo_covasna45-150x150.png\",\"contentUrl\":\"https:\\\/\\\/covasna45.ro\\\/wp-content\\\/uploads\\\/2025\\\/10\\\/icon_logo_covasna45-150x150.png\",\"caption\":\"Covasna45\"},\"sameAs\":[\"https:\\\/\\\/covasna45.ro\"],\"url\":\"https:\\\/\\\/covasna45.ro\\\/index.php\\\/author\\\/covasna\\\/\"}]}<\/script>\n<!-- \/ Yoast SEO plugin. -->","yoast_head_json":{"title":"Donald Trump revine la putere: Ziua \u00eenvestirii celui de al 47-lea pre\u0219edinte al SUA - Covasna45","description":"Donald Trump va depune ast\u0103zi jur\u0103m\u00e2ntul \u00een prezen\u0163a pre\u015fedintelui Cur\u0163ii Supreme de Justi\u0163ie a Statelor Unite.","robots":{"index":"index","follow":"follow","max-snippet":"max-snippet:-1","max-image-preview":"max-image-preview:large","max-video-preview":"max-video-preview:-1"},"canonical":"https:\/\/covasna45.ro\/index.php\/lumea-larga\/donald-trump-revine-la-putere-ziua-investirii-celui-de-al-47-lea-presedinte-al-sua\/","og_locale":"ro_RO","og_type":"article","og_title":"Donald Trump revine la putere: Ziua \u00eenvestirii celui de al 47-lea pre\u0219edinte al SUA - Covasna45","og_description":"Donald Trump va depune ast\u0103zi jur\u0103m\u00e2ntul \u00een prezen\u0163a pre\u015fedintelui Cur\u0163ii Supreme de Justi\u0163ie a Statelor Unite.","og_url":"https:\/\/covasna45.ro\/index.php\/lumea-larga\/donald-trump-revine-la-putere-ziua-investirii-celui-de-al-47-lea-presedinte-al-sua\/","og_site_name":"Covasna45","article_published_time":"2025-01-20T08:09:34+00:00","article_modified_time":"2025-01-20T08:09:35+00:00","og_image":[{"width":1100,"height":733,"url":"https:\/\/covasna45.ro\/wp-content\/uploads\/2024\/01\/Trump-2.jpg","type":"image\/jpeg"}],"author":"Covasna45","twitter_card":"summary_large_image","twitter_misc":{"Scris de":"Covasna45","Timp estimat pentru citire":"2 minute"},"schema":{"@context":"https:\/\/schema.org","@graph":[{"@type":"Article","@id":"https:\/\/covasna45.ro\/index.php\/lumea-larga\/donald-trump-revine-la-putere-ziua-investirii-celui-de-al-47-lea-presedinte-al-sua\/#article","isPartOf":{"@id":"https:\/\/covasna45.ro\/index.php\/lumea-larga\/donald-trump-revine-la-putere-ziua-investirii-celui-de-al-47-lea-presedinte-al-sua\/"},"author":{"name":"Covasna45","@id":"https:\/\/covasna45.ro\/#\/schema\/person\/e674052bd7d95d70bbb007a1060ab73c"},"headline":"Donald Trump revine la putere: Ziua \u00eenvestirii celui de al 47-lea pre\u0219edinte al SUA","datePublished":"2025-01-20T08:09:34+00:00","dateModified":"2025-01-20T08:09:35+00:00","mainEntityOfPage":{"@id":"https:\/\/covasna45.ro\/index.php\/lumea-larga\/donald-trump-revine-la-putere-ziua-investirii-celui-de-al-47-lea-presedinte-al-sua\/"},"wordCount":252,"commentCount":0,"publisher":{"@id":"https:\/\/covasna45.ro\/#organization"},"image":{"@id":"https:\/\/covasna45.ro\/index.php\/lumea-larga\/donald-trump-revine-la-putere-ziua-investirii-celui-de-al-47-lea-presedinte-al-sua\/#primaryimage"},"thumbnailUrl":"https:\/\/covasna45.ro\/wp-content\/uploads\/2024\/01\/Trump-2.jpg","keywords":["Donald Trump","SUA"],"articleSection":["Lumea larg\u0103"],"inLanguage":"ro-RO","potentialAction":[{"@type":"CommentAction","name":"Comment","target":["https:\/\/covasna45.ro\/index.php\/lumea-larga\/donald-trump-revine-la-putere-ziua-investirii-celui-de-al-47-lea-presedinte-al-sua\/#respond"]}]},{"@type":"WebPage","@id":"https:\/\/covasna45.ro\/index.php\/lumea-larga\/donald-trump-revine-la-putere-ziua-investirii-celui-de-al-47-lea-presedinte-al-sua\/","url":"https:\/\/covasna45.ro\/index.php\/lumea-larga\/donald-trump-revine-la-putere-ziua-investirii-celui-de-al-47-lea-presedinte-al-sua\/","name":"Donald Trump revine la putere: Ziua \u00eenvestirii celui de al 47-lea pre\u0219edinte al SUA - Covasna45","isPartOf":{"@id":"https:\/\/covasna45.ro\/#website"},"primaryImageOfPage":{"@id":"https:\/\/covasna45.ro\/index.php\/lumea-larga\/donald-trump-revine-la-putere-ziua-investirii-celui-de-al-47-lea-presedinte-al-sua\/#primaryimage"},"image":{"@id":"https:\/\/covasna45.ro\/index.php\/lumea-larga\/donald-trump-revine-la-putere-ziua-investirii-celui-de-al-47-lea-presedinte-al-sua\/#primaryimage"},"thumbnailUrl":"https:\/\/covasna45.ro\/wp-content\/uploads\/2024\/01\/Trump-2.jpg","datePublished":"2025-01-20T08:09:34+00:00","dateModified":"2025-01-20T08:09:35+00:00","description":"Donald Trump va depune ast\u0103zi jur\u0103m\u00e2ntul \u00een prezen\u0163a pre\u015fedintelui Cur\u0163ii Supreme de Justi\u0163ie a Statelor Unite.","breadcrumb":{"@id":"https:\/\/covasna45.ro\/index.php\/lumea-larga\/donald-trump-revine-la-putere-ziua-investirii-celui-de-al-47-lea-presedinte-al-sua\/#breadcrumb"},"inLanguage":"ro-RO","potentialAction":[{"@type":"ReadAction","target":["https:\/\/covasna45.ro\/index.php\/lumea-larga\/donald-trump-revine-la-putere-ziua-investirii-celui-de-al-47-lea-presedinte-al-sua\/"]}]},{"@type":"ImageObject","inLanguage":"ro-RO","@id":"https:\/\/covasna45.ro\/index.php\/lumea-larga\/donald-trump-revine-la-putere-ziua-investirii-celui-de-al-47-lea-presedinte-al-sua\/#primaryimage","url":"https:\/\/covasna45.ro\/wp-content\/uploads\/2024\/01\/Trump-2.jpg","contentUrl":"https:\/\/covasna45.ro\/wp-content\/uploads\/2024\/01\/Trump-2.jpg","width":1100,"height":733},{"@type":"BreadcrumbList","@id":"https:\/\/covasna45.ro\/index.php\/lumea-larga\/donald-trump-revine-la-putere-ziua-investirii-celui-de-al-47-lea-presedinte-al-sua\/#breadcrumb","itemListElement":[{"@type":"ListItem","position":1,"name":"Prima pagin\u0103","item":"https:\/\/covasna45.ro\/"},{"@type":"ListItem","position":2,"name":"Donald Trump revine la putere: Ziua \u00eenvestirii celui de al 47-lea pre\u0219edinte al SUA"}]},{"@type":"WebSite","@id":"https:\/\/covasna45.ro\/#website","url":"https:\/\/covasna45.ro\/","name":"covasna45.ro","description":"","publisher":{"@id":"https:\/\/covasna45.ro\/#organization"},"potentialAction":[{"@type":"SearchAction","target":{"@type":"EntryPoint","urlTemplate":"https:\/\/covasna45.ro\/?s={search_term_string}"},"query-input":{"@type":"PropertyValueSpecification","valueRequired":true,"valueName":"search_term_string"}}],"inLanguage":"ro-RO"},{"@type":"Organization","@id":"https:\/\/covasna45.ro\/#organization","name":"covasna45.ro","url":"https:\/\/covasna45.ro\/","logo":{"@type":"ImageObject","inLanguage":"ro-RO","@id":"https:\/\/covasna45.ro\/#\/schema\/logo\/image\/","url":"https:\/\/covasna45.ro\/wp-content\/uploads\/2023\/01\/icon_logo.png","contentUrl":"https:\/\/covasna45.ro\/wp-content\/uploads\/2023\/01\/icon_logo.png","width":1900,"height":1900,"caption":"covasna45.ro"},"image":{"@id":"https:\/\/covasna45.ro\/#\/schema\/logo\/image\/"}},{"@type":"Person","@id":"https:\/\/covasna45.ro\/#\/schema\/person\/e674052bd7d95d70bbb007a1060ab73c","name":"Covasna45","image":{"@type":"ImageObject","inLanguage":"ro-RO","@id":"https:\/\/covasna45.ro\/wp-content\/uploads\/2025\/10\/icon_logo_covasna45-150x150.png","url":"https:\/\/covasna45.ro\/wp-content\/uploads\/2025\/10\/icon_logo_covasna45-150x150.png","contentUrl":"https:\/\/covasna45.ro\/wp-content\/uploads\/2025\/10\/icon_logo_covasna45-150x150.png","caption":"Covasna45"},"sameAs":["https:\/\/covasna45.ro"],"url":"https:\/\/covasna45.ro\/index.php\/author\/covasna\/"}]}},"_links":{"self":[{"href":"https:\/\/covasna45.ro\/index.php\/wp-json\/wp\/v2\/posts\/9514","targetHints":{"allow":["GET"]}}],"collection":[{"href":"https:\/\/covasna45.ro\/index.php\/wp-json\/wp\/v2\/posts"}],"about":[{"href":"https:\/\/covasna45.ro\/index.php\/wp-json\/wp\/v2\/types\/post"}],"author":[{"embeddable":true,"href":"https:\/\/covasna45.ro\/index.php\/wp-json\/wp\/v2\/users\/1"}],"replies":[{"embeddable":true,"href":"https:\/\/covasna45.ro\/index.php\/wp-json\/wp\/v2\/comments?post=9514"}],"version-history":[{"count":1,"href":"https:\/\/covasna45.ro\/index.php\/wp-json\/wp\/v2\/posts\/9514\/revisions"}],"predecessor-version":[{"id":9515,"href":"https:\/\/covasna45.ro\/index.php\/wp-json\/wp\/v2\/posts\/9514\/revisions\/9515"}],"wp:featuredmedia":[{"embeddable":true,"href":"https:\/\/covasna45.ro\/index.php\/wp-json\/wp\/v2\/media\/4465"}],"wp:attachment":[{"href":"https:\/\/covasna45.ro\/index.php\/wp-json\/wp\/v2\/media?parent=9514"}],"wp:term":[{"taxonomy":"category","embeddable":true,"href":"https:\/\/covasna45.ro\/index.php\/wp-json\/wp\/v2\/categories?post=9514"},{"taxonomy":"post_tag","embeddable":true,"href":"https:\/\/covasna45.ro\/index.php\/wp-json\/wp\/v2\/tags?post=9514"}],"curies":[{"name":"wp","href":"https:\/\/api.w.org\/{rel}","templated":true}]}}