{"id":9564,"date":"2025-01-23T09:46:13","date_gmt":"2025-01-23T07:46:13","guid":{"rendered":"https:\/\/covasna45.ro\/?p=9564"},"modified":"2025-01-23T09:48:26","modified_gmt":"2025-01-23T07:48:26","slug":"primarul-din-sinaia-la-dna-e-acuzat-de-luare-de-mita","status":"publish","type":"post","link":"https:\/\/covasna45.ro\/index.php\/lumea-noastra\/primarul-din-sinaia-la-dna-e-acuzat-de-luare-de-mita\/","title":{"rendered":"Primarul din Sinaia, la DNA. E acuzat de luare de mit\u0103"},"content":{"rendered":"\n<p>Primarul din Sinaia, Vlad Oprea, a fost dus, azi-diminea\u0163\u0103, la sediul central al Direc\u0163iei Na\u0163ionale Anticorup\u0163ie, pentru a fi audiat, anun\u021b\u0103 <a href=\"https:\/\/www.news.ro\/justitie\/primarul-din-sinaia-vlad-oprea-dus-la-audieri-la-dna-in-cursul-noptii-el-a-ajuns-cu-ambulanta-la-spital-dupa-ce-i-s-a-facut-rau-1922402523372025010921908802\">news.ro<\/a>. \u00cen cursul nop\u0163ii, el a fost transportat cu ambulan\u0163a la spital, dup\u0103 ce i s-a f\u0103cut r\u0103u.<\/p>\n\n\n\n<p>\u00cen timpul perchezi\u0163iilor f\u0103cute de procurorii DNA, Vlad Oprea a acuzat st\u0103ri de r\u0103u, fiind transportat, \u00een noaptea de miercuri spre joi, cu ambulan\u0163a la spital.<\/p>\n\n\n\n<p>Ulterior, joi diminea\u0163\u0103 el a fost dus la sediul DNA din Bucure\u015fti, pentru audieri.<\/p>\n\n\n\n<p>\u00cen dosarul \u00een care procurorii DNA a f\u0103cut, miercuri, perchezi\u0163ii la mai multe adrese din Sinaia, Vlad Oprea este acuzat de luare de mit\u0103 \u00een form\u0103 continuat\u0103, efectuare de opera\u0163iuni financiare ca acte de comer\u0163 incompatibile cu func\u0163ia, ori \u00eencheierea de tranzac\u0163ii financiare, utiliz\u00e2nd informa\u0163iile ob\u0163inute \u00een virtutea func\u0163iei, atribu\u0163iei sau \u00eens\u0103rcin\u0103rii sale, abuz \u00een serviciu \u015fi sp\u0103lare a banilor.<\/p>\n\n\n\n<p>Potrivit unor surse judiciare, Vlad Oprea este suspectat c\u0103 a pretins \u015fi primit de la reprezentan\u0163ii firmei SC Nordis Best Construct 238.000 de euro mit\u0103 pentru ca Prim\u0103ria Sinaia s\u0103 elibereze documenta\u0163ia necesar\u0103 construirii unei unit\u0103\u0163i de cazare \u00een sta\u0163iunea de pe Valea Prahovei.<\/p>\n\n\n\n<p>Banii au fost primi\u0163i \u00een dou\u0103 tran\u015fe, spun sursele citate, pentru ca Prim\u0103ria Sinaia s\u0103 avizeze Planul Urbanistic Zonal necesar edific\u0103rii construc\u0163iei \u015fi s\u0103 elibereze autoriza\u0163iile prev\u0103zute prin lege.<\/p>\n\n\n\n<p>Patronul Nordis, omul de afaceri Vladimir Ciorb\u0103, este cel care l-a denun\u0163at la DNA, sus\u0163in sursele citate.<\/p>\n\n\n\n<p>O parte din bani a fost \u00eencasat\u0103 prin societatea comercial\u0103 Privacons, controlat\u0103 de Vlad Oprea Gheorghe, iar procurorii suspecteaz\u0103 c\u0103 banii au fost utiliza\u0163i pentru cump\u0103rarea de c\u0103tre acesta a unei sta\u0163ii de beton din Turcia.<\/p>\n\n\n\n<p>Oprea este, de asemenea, suspectat c\u0103, \u00een ultimii patru ani, a administrat, \u00een fapt, prin interpu\u015fi, societatea Privacons SRL de aici \u015fi suspiciunea privind efectuarea de opera\u0163iuni financiare ca acte de comer\u0163 incompatibile cu func\u0163ia de\u0163inut\u0103.<\/p>\n\n\n\n<p>Edilul din Sinaia este suspectat \u015fi c\u0103, \u00een perioada iulie 2019-ianuarie 2024, a permis patronilor unui restaurant din Sinaia s\u0103 \u00ee\u015fi desf\u0103\u015foare activitatea f\u0103r\u0103 a de\u0163ine autoriza\u0163iile necesare.<\/p>\n","protected":false},"excerpt":{"rendered":"<p>Primarul din Sinaia, Vlad Oprea, a fost dus, azi-diminea\u0163\u0103, la sediul central al Direc\u0163iei Na\u0163ionale Anticorup\u0163ie, pentru a fi audiat, anun\u021b\u0103 news.ro. \u00cen cursul nop\u0163ii, el a fost transportat cu ambulan\u0163a la spital, dup\u0103 ce i s-a f\u0103cut r\u0103u. \u00cen timpul perchezi\u0163iilor f\u0103cute de procurorii DNA, Vlad Oprea a acuzat st\u0103ri de r\u0103u, fiind transportat, [&hellip;]<\/p>\n","protected":false},"author":1,"featured_media":9567,"comment_status":"open","ping_status":"closed","sticky":false,"template":"","format":"standard","meta":{"tdm_status":"","tdm_grid_status":"","footnotes":""},"categories":[14],"tags":[1613,3057,3282,3281],"class_list":{"0":"post-9564","1":"post","2":"type-post","3":"status-publish","4":"format-standard","5":"has-post-thumbnail","7":"category-lumea-noastra","8":"tag-dna","9":"tag-mita","10":"tag-sinaia","11":"tag-vlad-oprea"},"yoast_head":"<!-- This site is optimized with the Yoast SEO plugin v27.5 - https:\/\/yoast.com\/product\/yoast-seo-wordpress\/ -->\n<title>Primarul din Sinaia, la DNA. E acuzat de luare de mit\u0103 - Covasna45<\/title>\n<meta name=\"description\" content=\"Vlad Oprea este suspectat c\u0103 a pretins \u015fi primit de la reprezentan\u0163ii firmei SC Nordis Best Construct 238.000 de euro mit\u0103.\" \/>\n<meta name=\"robots\" content=\"index, follow, max-snippet:-1, max-image-preview:large, max-video-preview:-1\" \/>\n<link rel=\"canonical\" href=\"https:\/\/covasna45.ro\/index.php\/lumea-noastra\/primarul-din-sinaia-la-dna-e-acuzat-de-luare-de-mita\/\" \/>\n<meta property=\"og:locale\" content=\"ro_RO\" \/>\n<meta property=\"og:type\" content=\"article\" \/>\n<meta property=\"og:title\" content=\"Primarul din Sinaia, la DNA. E acuzat de luare de mit\u0103 - Covasna45\" \/>\n<meta property=\"og:description\" content=\"Vlad Oprea este suspectat c\u0103 a pretins \u015fi primit de la reprezentan\u0163ii firmei SC Nordis Best Construct 238.000 de euro mit\u0103.\" \/>\n<meta property=\"og:url\" content=\"https:\/\/covasna45.ro\/index.php\/lumea-noastra\/primarul-din-sinaia-la-dna-e-acuzat-de-luare-de-mita\/\" \/>\n<meta property=\"og:site_name\" content=\"Covasna45\" \/>\n<meta property=\"article:published_time\" content=\"2025-01-23T07:46:13+00:00\" \/>\n<meta property=\"article:modified_time\" content=\"2025-01-23T07:48:26+00:00\" \/>\n<meta property=\"og:image\" content=\"https:\/\/covasna45.ro\/wp-content\/uploads\/2025\/01\/oprea-sinaia.jpg\" \/>\n\t<meta property=\"og:image:width\" content=\"1261\" \/>\n\t<meta property=\"og:image:height\" content=\"689\" \/>\n\t<meta property=\"og:image:type\" content=\"image\/jpeg\" \/>\n<meta name=\"author\" content=\"Covasna45\" \/>\n<meta name=\"twitter:card\" content=\"summary_large_image\" \/>\n<meta name=\"twitter:label1\" content=\"Scris de\" \/>\n\t<meta name=\"twitter:data1\" content=\"Covasna45\" \/>\n\t<meta name=\"twitter:label2\" content=\"Timp estimat pentru citire\" \/>\n\t<meta name=\"twitter:data2\" content=\"2 minute\" \/>\n<script type=\"application\/ld+json\" class=\"yoast-schema-graph\">{\"@context\":\"https:\\\/\\\/schema.org\",\"@graph\":[{\"@type\":\"Article\",\"@id\":\"https:\\\/\\\/covasna45.ro\\\/index.php\\\/lumea-noastra\\\/primarul-din-sinaia-la-dna-e-acuzat-de-luare-de-mita\\\/#article\",\"isPartOf\":{\"@id\":\"https:\\\/\\\/covasna45.ro\\\/index.php\\\/lumea-noastra\\\/primarul-din-sinaia-la-dna-e-acuzat-de-luare-de-mita\\\/\"},\"author\":{\"name\":\"Covasna45\",\"@id\":\"https:\\\/\\\/covasna45.ro\\\/#\\\/schema\\\/person\\\/e674052bd7d95d70bbb007a1060ab73c\"},\"headline\":\"Primarul din Sinaia, la DNA. E acuzat de luare de mit\u0103\",\"datePublished\":\"2025-01-23T07:46:13+00:00\",\"dateModified\":\"2025-01-23T07:48:26+00:00\",\"mainEntityOfPage\":{\"@id\":\"https:\\\/\\\/covasna45.ro\\\/index.php\\\/lumea-noastra\\\/primarul-din-sinaia-la-dna-e-acuzat-de-luare-de-mita\\\/\"},\"wordCount\":391,\"commentCount\":0,\"publisher\":{\"@id\":\"https:\\\/\\\/covasna45.ro\\\/#organization\"},\"image\":{\"@id\":\"https:\\\/\\\/covasna45.ro\\\/index.php\\\/lumea-noastra\\\/primarul-din-sinaia-la-dna-e-acuzat-de-luare-de-mita\\\/#primaryimage\"},\"thumbnailUrl\":\"https:\\\/\\\/covasna45.ro\\\/wp-content\\\/uploads\\\/2025\\\/01\\\/oprea-sinaia.jpg\",\"keywords\":[\"DNA\",\"mita\",\"Sinaia\",\"Vlad Oprea\"],\"articleSection\":[\"Lumea noastr\u0103\"],\"inLanguage\":\"ro-RO\",\"potentialAction\":[{\"@type\":\"CommentAction\",\"name\":\"Comment\",\"target\":[\"https:\\\/\\\/covasna45.ro\\\/index.php\\\/lumea-noastra\\\/primarul-din-sinaia-la-dna-e-acuzat-de-luare-de-mita\\\/#respond\"]}]},{\"@type\":\"WebPage\",\"@id\":\"https:\\\/\\\/covasna45.ro\\\/index.php\\\/lumea-noastra\\\/primarul-din-sinaia-la-dna-e-acuzat-de-luare-de-mita\\\/\",\"url\":\"https:\\\/\\\/covasna45.ro\\\/index.php\\\/lumea-noastra\\\/primarul-din-sinaia-la-dna-e-acuzat-de-luare-de-mita\\\/\",\"name\":\"Primarul din Sinaia, la DNA. E acuzat de luare de mit\u0103 - Covasna45\",\"isPartOf\":{\"@id\":\"https:\\\/\\\/covasna45.ro\\\/#website\"},\"primaryImageOfPage\":{\"@id\":\"https:\\\/\\\/covasna45.ro\\\/index.php\\\/lumea-noastra\\\/primarul-din-sinaia-la-dna-e-acuzat-de-luare-de-mita\\\/#primaryimage\"},\"image\":{\"@id\":\"https:\\\/\\\/covasna45.ro\\\/index.php\\\/lumea-noastra\\\/primarul-din-sinaia-la-dna-e-acuzat-de-luare-de-mita\\\/#primaryimage\"},\"thumbnailUrl\":\"https:\\\/\\\/covasna45.ro\\\/wp-content\\\/uploads\\\/2025\\\/01\\\/oprea-sinaia.jpg\",\"datePublished\":\"2025-01-23T07:46:13+00:00\",\"dateModified\":\"2025-01-23T07:48:26+00:00\",\"description\":\"Vlad Oprea este suspectat c\u0103 a pretins \u015fi primit de la reprezentan\u0163ii firmei SC Nordis Best Construct 238.000 de euro mit\u0103.\",\"breadcrumb\":{\"@id\":\"https:\\\/\\\/covasna45.ro\\\/index.php\\\/lumea-noastra\\\/primarul-din-sinaia-la-dna-e-acuzat-de-luare-de-mita\\\/#breadcrumb\"},\"inLanguage\":\"ro-RO\",\"potentialAction\":[{\"@type\":\"ReadAction\",\"target\":[\"https:\\\/\\\/covasna45.ro\\\/index.php\\\/lumea-noastra\\\/primarul-din-sinaia-la-dna-e-acuzat-de-luare-de-mita\\\/\"]}]},{\"@type\":\"ImageObject\",\"inLanguage\":\"ro-RO\",\"@id\":\"https:\\\/\\\/covasna45.ro\\\/index.php\\\/lumea-noastra\\\/primarul-din-sinaia-la-dna-e-acuzat-de-luare-de-mita\\\/#primaryimage\",\"url\":\"https:\\\/\\\/covasna45.ro\\\/wp-content\\\/uploads\\\/2025\\\/01\\\/oprea-sinaia.jpg\",\"contentUrl\":\"https:\\\/\\\/covasna45.ro\\\/wp-content\\\/uploads\\\/2025\\\/01\\\/oprea-sinaia.jpg\",\"width\":1261,\"height\":689},{\"@type\":\"BreadcrumbList\",\"@id\":\"https:\\\/\\\/covasna45.ro\\\/index.php\\\/lumea-noastra\\\/primarul-din-sinaia-la-dna-e-acuzat-de-luare-de-mita\\\/#breadcrumb\",\"itemListElement\":[{\"@type\":\"ListItem\",\"position\":1,\"name\":\"Prima pagin\u0103\",\"item\":\"https:\\\/\\\/covasna45.ro\\\/\"},{\"@type\":\"ListItem\",\"position\":2,\"name\":\"Primarul din Sinaia, la DNA. E acuzat de luare de mit\u0103\"}]},{\"@type\":\"WebSite\",\"@id\":\"https:\\\/\\\/covasna45.ro\\\/#website\",\"url\":\"https:\\\/\\\/covasna45.ro\\\/\",\"name\":\"covasna45.ro\",\"description\":\"\",\"publisher\":{\"@id\":\"https:\\\/\\\/covasna45.ro\\\/#organization\"},\"potentialAction\":[{\"@type\":\"SearchAction\",\"target\":{\"@type\":\"EntryPoint\",\"urlTemplate\":\"https:\\\/\\\/covasna45.ro\\\/?s={search_term_string}\"},\"query-input\":{\"@type\":\"PropertyValueSpecification\",\"valueRequired\":true,\"valueName\":\"search_term_string\"}}],\"inLanguage\":\"ro-RO\"},{\"@type\":\"Organization\",\"@id\":\"https:\\\/\\\/covasna45.ro\\\/#organization\",\"name\":\"covasna45.ro\",\"url\":\"https:\\\/\\\/covasna45.ro\\\/\",\"logo\":{\"@type\":\"ImageObject\",\"inLanguage\":\"ro-RO\",\"@id\":\"https:\\\/\\\/covasna45.ro\\\/#\\\/schema\\\/logo\\\/image\\\/\",\"url\":\"https:\\\/\\\/covasna45.ro\\\/wp-content\\\/uploads\\\/2023\\\/01\\\/icon_logo.png\",\"contentUrl\":\"https:\\\/\\\/covasna45.ro\\\/wp-content\\\/uploads\\\/2023\\\/01\\\/icon_logo.png\",\"width\":1900,\"height\":1900,\"caption\":\"covasna45.ro\"},\"image\":{\"@id\":\"https:\\\/\\\/covasna45.ro\\\/#\\\/schema\\\/logo\\\/image\\\/\"}},{\"@type\":\"Person\",\"@id\":\"https:\\\/\\\/covasna45.ro\\\/#\\\/schema\\\/person\\\/e674052bd7d95d70bbb007a1060ab73c\",\"name\":\"Covasna45\",\"image\":{\"@type\":\"ImageObject\",\"inLanguage\":\"ro-RO\",\"@id\":\"https:\\\/\\\/covasna45.ro\\\/wp-content\\\/uploads\\\/2025\\\/10\\\/icon_logo_covasna45-150x150.png\",\"url\":\"https:\\\/\\\/covasna45.ro\\\/wp-content\\\/uploads\\\/2025\\\/10\\\/icon_logo_covasna45-150x150.png\",\"contentUrl\":\"https:\\\/\\\/covasna45.ro\\\/wp-content\\\/uploads\\\/2025\\\/10\\\/icon_logo_covasna45-150x150.png\",\"caption\":\"Covasna45\"},\"sameAs\":[\"https:\\\/\\\/covasna45.ro\"],\"url\":\"https:\\\/\\\/covasna45.ro\\\/index.php\\\/author\\\/covasna\\\/\"}]}<\/script>\n<!-- \/ Yoast SEO plugin. -->","yoast_head_json":{"title":"Primarul din Sinaia, la DNA. E acuzat de luare de mit\u0103 - Covasna45","description":"Vlad Oprea este suspectat c\u0103 a pretins \u015fi primit de la reprezentan\u0163ii firmei SC Nordis Best Construct 238.000 de euro mit\u0103.","robots":{"index":"index","follow":"follow","max-snippet":"max-snippet:-1","max-image-preview":"max-image-preview:large","max-video-preview":"max-video-preview:-1"},"canonical":"https:\/\/covasna45.ro\/index.php\/lumea-noastra\/primarul-din-sinaia-la-dna-e-acuzat-de-luare-de-mita\/","og_locale":"ro_RO","og_type":"article","og_title":"Primarul din Sinaia, la DNA. E acuzat de luare de mit\u0103 - Covasna45","og_description":"Vlad Oprea este suspectat c\u0103 a pretins \u015fi primit de la reprezentan\u0163ii firmei SC Nordis Best Construct 238.000 de euro mit\u0103.","og_url":"https:\/\/covasna45.ro\/index.php\/lumea-noastra\/primarul-din-sinaia-la-dna-e-acuzat-de-luare-de-mita\/","og_site_name":"Covasna45","article_published_time":"2025-01-23T07:46:13+00:00","article_modified_time":"2025-01-23T07:48:26+00:00","og_image":[{"width":1261,"height":689,"url":"https:\/\/covasna45.ro\/wp-content\/uploads\/2025\/01\/oprea-sinaia.jpg","type":"image\/jpeg"}],"author":"Covasna45","twitter_card":"summary_large_image","twitter_misc":{"Scris de":"Covasna45","Timp estimat pentru citire":"2 minute"},"schema":{"@context":"https:\/\/schema.org","@graph":[{"@type":"Article","@id":"https:\/\/covasna45.ro\/index.php\/lumea-noastra\/primarul-din-sinaia-la-dna-e-acuzat-de-luare-de-mita\/#article","isPartOf":{"@id":"https:\/\/covasna45.ro\/index.php\/lumea-noastra\/primarul-din-sinaia-la-dna-e-acuzat-de-luare-de-mita\/"},"author":{"name":"Covasna45","@id":"https:\/\/covasna45.ro\/#\/schema\/person\/e674052bd7d95d70bbb007a1060ab73c"},"headline":"Primarul din Sinaia, la DNA. E acuzat de luare de mit\u0103","datePublished":"2025-01-23T07:46:13+00:00","dateModified":"2025-01-23T07:48:26+00:00","mainEntityOfPage":{"@id":"https:\/\/covasna45.ro\/index.php\/lumea-noastra\/primarul-din-sinaia-la-dna-e-acuzat-de-luare-de-mita\/"},"wordCount":391,"commentCount":0,"publisher":{"@id":"https:\/\/covasna45.ro\/#organization"},"image":{"@id":"https:\/\/covasna45.ro\/index.php\/lumea-noastra\/primarul-din-sinaia-la-dna-e-acuzat-de-luare-de-mita\/#primaryimage"},"thumbnailUrl":"https:\/\/covasna45.ro\/wp-content\/uploads\/2025\/01\/oprea-sinaia.jpg","keywords":["DNA","mita","Sinaia","Vlad Oprea"],"articleSection":["Lumea noastr\u0103"],"inLanguage":"ro-RO","potentialAction":[{"@type":"CommentAction","name":"Comment","target":["https:\/\/covasna45.ro\/index.php\/lumea-noastra\/primarul-din-sinaia-la-dna-e-acuzat-de-luare-de-mita\/#respond"]}]},{"@type":"WebPage","@id":"https:\/\/covasna45.ro\/index.php\/lumea-noastra\/primarul-din-sinaia-la-dna-e-acuzat-de-luare-de-mita\/","url":"https:\/\/covasna45.ro\/index.php\/lumea-noastra\/primarul-din-sinaia-la-dna-e-acuzat-de-luare-de-mita\/","name":"Primarul din Sinaia, la DNA. E acuzat de luare de mit\u0103 - Covasna45","isPartOf":{"@id":"https:\/\/covasna45.ro\/#website"},"primaryImageOfPage":{"@id":"https:\/\/covasna45.ro\/index.php\/lumea-noastra\/primarul-din-sinaia-la-dna-e-acuzat-de-luare-de-mita\/#primaryimage"},"image":{"@id":"https:\/\/covasna45.ro\/index.php\/lumea-noastra\/primarul-din-sinaia-la-dna-e-acuzat-de-luare-de-mita\/#primaryimage"},"thumbnailUrl":"https:\/\/covasna45.ro\/wp-content\/uploads\/2025\/01\/oprea-sinaia.jpg","datePublished":"2025-01-23T07:46:13+00:00","dateModified":"2025-01-23T07:48:26+00:00","description":"Vlad Oprea este suspectat c\u0103 a pretins \u015fi primit de la reprezentan\u0163ii firmei SC Nordis Best Construct 238.000 de euro mit\u0103.","breadcrumb":{"@id":"https:\/\/covasna45.ro\/index.php\/lumea-noastra\/primarul-din-sinaia-la-dna-e-acuzat-de-luare-de-mita\/#breadcrumb"},"inLanguage":"ro-RO","potentialAction":[{"@type":"ReadAction","target":["https:\/\/covasna45.ro\/index.php\/lumea-noastra\/primarul-din-sinaia-la-dna-e-acuzat-de-luare-de-mita\/"]}]},{"@type":"ImageObject","inLanguage":"ro-RO","@id":"https:\/\/covasna45.ro\/index.php\/lumea-noastra\/primarul-din-sinaia-la-dna-e-acuzat-de-luare-de-mita\/#primaryimage","url":"https:\/\/covasna45.ro\/wp-content\/uploads\/2025\/01\/oprea-sinaia.jpg","contentUrl":"https:\/\/covasna45.ro\/wp-content\/uploads\/2025\/01\/oprea-sinaia.jpg","width":1261,"height":689},{"@type":"BreadcrumbList","@id":"https:\/\/covasna45.ro\/index.php\/lumea-noastra\/primarul-din-sinaia-la-dna-e-acuzat-de-luare-de-mita\/#breadcrumb","itemListElement":[{"@type":"ListItem","position":1,"name":"Prima pagin\u0103","item":"https:\/\/covasna45.ro\/"},{"@type":"ListItem","position":2,"name":"Primarul din Sinaia, la DNA. E acuzat de luare de mit\u0103"}]},{"@type":"WebSite","@id":"https:\/\/covasna45.ro\/#website","url":"https:\/\/covasna45.ro\/","name":"covasna45.ro","description":"","publisher":{"@id":"https:\/\/covasna45.ro\/#organization"},"potentialAction":[{"@type":"SearchAction","target":{"@type":"EntryPoint","urlTemplate":"https:\/\/covasna45.ro\/?s={search_term_string}"},"query-input":{"@type":"PropertyValueSpecification","valueRequired":true,"valueName":"search_term_string"}}],"inLanguage":"ro-RO"},{"@type":"Organization","@id":"https:\/\/covasna45.ro\/#organization","name":"covasna45.ro","url":"https:\/\/covasna45.ro\/","logo":{"@type":"ImageObject","inLanguage":"ro-RO","@id":"https:\/\/covasna45.ro\/#\/schema\/logo\/image\/","url":"https:\/\/covasna45.ro\/wp-content\/uploads\/2023\/01\/icon_logo.png","contentUrl":"https:\/\/covasna45.ro\/wp-content\/uploads\/2023\/01\/icon_logo.png","width":1900,"height":1900,"caption":"covasna45.ro"},"image":{"@id":"https:\/\/covasna45.ro\/#\/schema\/logo\/image\/"}},{"@type":"Person","@id":"https:\/\/covasna45.ro\/#\/schema\/person\/e674052bd7d95d70bbb007a1060ab73c","name":"Covasna45","image":{"@type":"ImageObject","inLanguage":"ro-RO","@id":"https:\/\/covasna45.ro\/wp-content\/uploads\/2025\/10\/icon_logo_covasna45-150x150.png","url":"https:\/\/covasna45.ro\/wp-content\/uploads\/2025\/10\/icon_logo_covasna45-150x150.png","contentUrl":"https:\/\/covasna45.ro\/wp-content\/uploads\/2025\/10\/icon_logo_covasna45-150x150.png","caption":"Covasna45"},"sameAs":["https:\/\/covasna45.ro"],"url":"https:\/\/covasna45.ro\/index.php\/author\/covasna\/"}]}},"_links":{"self":[{"href":"https:\/\/covasna45.ro\/index.php\/wp-json\/wp\/v2\/posts\/9564","targetHints":{"allow":["GET"]}}],"collection":[{"href":"https:\/\/covasna45.ro\/index.php\/wp-json\/wp\/v2\/posts"}],"about":[{"href":"https:\/\/covasna45.ro\/index.php\/wp-json\/wp\/v2\/types\/post"}],"author":[{"embeddable":true,"href":"https:\/\/covasna45.ro\/index.php\/wp-json\/wp\/v2\/users\/1"}],"replies":[{"embeddable":true,"href":"https:\/\/covasna45.ro\/index.php\/wp-json\/wp\/v2\/comments?post=9564"}],"version-history":[{"count":1,"href":"https:\/\/covasna45.ro\/index.php\/wp-json\/wp\/v2\/posts\/9564\/revisions"}],"predecessor-version":[{"id":9566,"href":"https:\/\/covasna45.ro\/index.php\/wp-json\/wp\/v2\/posts\/9564\/revisions\/9566"}],"wp:featuredmedia":[{"embeddable":true,"href":"https:\/\/covasna45.ro\/index.php\/wp-json\/wp\/v2\/media\/9567"}],"wp:attachment":[{"href":"https:\/\/covasna45.ro\/index.php\/wp-json\/wp\/v2\/media?parent=9564"}],"wp:term":[{"taxonomy":"category","embeddable":true,"href":"https:\/\/covasna45.ro\/index.php\/wp-json\/wp\/v2\/categories?post=9564"},{"taxonomy":"post_tag","embeddable":true,"href":"https:\/\/covasna45.ro\/index.php\/wp-json\/wp\/v2\/tags?post=9564"}],"curies":[{"name":"wp","href":"https:\/\/api.w.org\/{rel}","templated":true}]}}