{"id":9756,"date":"2025-02-10T09:37:03","date_gmt":"2025-02-10T07:37:03","guid":{"rendered":"https:\/\/covasna45.ro\/?p=9756"},"modified":"2025-02-10T09:37:04","modified_gmt":"2025-02-10T07:37:04","slug":"parlamentul-discuta-azi-o-noua-cerere-de-suspendare-a-lui-klaus-iohannis","status":"publish","type":"post","link":"https:\/\/covasna45.ro\/index.php\/lumea-noastra\/parlamentul-discuta-azi-o-noua-cerere-de-suspendare-a-lui-klaus-iohannis\/","title":{"rendered":"Parlamentul discut\u0103 azi o nou\u0103 cerere de suspendare a lui Klaus Iohannis"},"content":{"rendered":"\n<p>Cererea de suspendare a pre\u015fedintelui Klaus Iohannis\u00a0intr\u0103, azi, pentru a treia oar\u0103 \u00een \u015fedin\u0163a Birourilor reunite ale Parlamentului. Dup\u0103 ce solicitarea Opozi\u0163iei a fost respins\u0103 de dou\u0103 ori, din motive procedurale, de data aceasta POT, AUR, SOS \u015fi USR au str\u00e2ns 178 de semn\u0103turi, anun\u021b\u0103 <a href=\"https:\/\/www.stiripesurse.ro\/a-treia-incercare-de-suspendare-a-presedintelui-de-aceasta-data-si-cu-semnaturile-usr_3576751.html\">stiripesurse.ro<\/a>. Cu toate acestea, partidele semnatare nu au voturile necesare pentru a trece o astfel de solicitare, \u00een plenul reunit, fiind necesare 233 de voturi, iar aceste partide av\u00e2nd doar 215 voturi \u00een cele dou\u0103 Camere.<\/p>\n\n\n\n<p>Pentru a trecere de votul comun al Parlamentului, solicitarea de suspendare a pre\u015fedintelui trebuie s\u0103 \u00eentruneasc\u0103 majoritarea voturilor deputa\u0163ilor \u015fi senatorilor, adic\u0103 233 de voturi \u00een favoarea cererii de suspendare. PSD, PNL, UDMR \u015fi minorit\u0103\u0163ile au \u00een Camera Deputa\u0163ilor 174 de parlamentari \u015fi 68 la Senat, \u00een total 242 de voturi \u00eempotriva suspend\u0103rii pre\u015fedintelui. AUR, SOS, POT \u015fi USR au \u00een Camera Deputa\u0163ilor 151 de parlamentari care ar vota suspendarea pre\u015fedintelui iar la Senat, 64 de parlamentari, \u00een total 215 voturi \u00een favorarea suspend\u0103rii \u015fefului statului. <\/p>\n\n\n\n<p>Mai sunt doi parlamentari neafilia\u0163i la Senat \u015fi 5 la Camera Deputa\u0163ilor, \u00een total 7, ace\u015ftia fiind parlamentari care au p\u0103r\u0103sit S.O.S Rom\u00e2nia. Potrivit calculelor politice, Opozi\u0163ia nu are \u015fanse s\u0103 treac\u0103, la un vot \u00een plenul reunit, cererea de suspendare.<\/p>\n","protected":false},"excerpt":{"rendered":"<p>Cererea de suspendare a pre\u015fedintelui Klaus Iohannis\u00a0intr\u0103, azi, pentru a treia oar\u0103 \u00een \u015fedin\u0163a Birourilor reunite ale Parlamentului. Dup\u0103 ce solicitarea Opozi\u0163iei a fost respins\u0103 de dou\u0103 ori, din motive procedurale, de data aceasta POT, AUR, SOS \u015fi USR au str\u00e2ns 178 de semn\u0103turi, anun\u021b\u0103 stiripesurse.ro. Cu toate acestea, partidele semnatare nu au voturile necesare [&hellip;]<\/p>\n","protected":false},"author":1,"featured_media":9757,"comment_status":"open","ping_status":"closed","sticky":false,"template":"","format":"standard","meta":{"tdm_status":"","tdm_grid_status":"","footnotes":""},"categories":[14],"tags":[2149,3325,635],"class_list":{"0":"post-9756","1":"post","2":"type-post","3":"status-publish","4":"format-standard","5":"has-post-thumbnail","7":"category-lumea-noastra","8":"tag-klaus-iohannis","9":"tag-parlamant","10":"tag-suspendare"},"yoast_head":"<!-- This site is optimized with the Yoast SEO plugin v27.5 - https:\/\/yoast.com\/product\/yoast-seo-wordpress\/ -->\n<title>Parlamentul discut\u0103 azi o nou\u0103 cerere de suspendare a lui Klaus Iohannis - Covasna45<\/title>\n<meta name=\"description\" content=\"Cererea de suspendare a pre\u015fedintelui Klaus Iohannis\u00a0intr\u0103, azi, pentru a treia oar\u0103 \u00een \u015fedin\u0163a Birourilor reunite ale Parlamentului.\" \/>\n<meta name=\"robots\" content=\"index, follow, max-snippet:-1, max-image-preview:large, max-video-preview:-1\" \/>\n<link rel=\"canonical\" href=\"https:\/\/covasna45.ro\/index.php\/lumea-noastra\/parlamentul-discuta-azi-o-noua-cerere-de-suspendare-a-lui-klaus-iohannis\/\" \/>\n<meta property=\"og:locale\" content=\"ro_RO\" \/>\n<meta property=\"og:type\" content=\"article\" \/>\n<meta property=\"og:title\" content=\"Parlamentul discut\u0103 azi o nou\u0103 cerere de suspendare a lui Klaus Iohannis - Covasna45\" \/>\n<meta property=\"og:description\" content=\"Cererea de suspendare a pre\u015fedintelui Klaus Iohannis\u00a0intr\u0103, azi, pentru a treia oar\u0103 \u00een \u015fedin\u0163a Birourilor reunite ale Parlamentului.\" \/>\n<meta property=\"og:url\" content=\"https:\/\/covasna45.ro\/index.php\/lumea-noastra\/parlamentul-discuta-azi-o-noua-cerere-de-suspendare-a-lui-klaus-iohannis\/\" \/>\n<meta property=\"og:site_name\" content=\"Covasna45\" \/>\n<meta property=\"article:published_time\" content=\"2025-02-10T07:37:03+00:00\" \/>\n<meta property=\"article:modified_time\" content=\"2025-02-10T07:37:04+00:00\" \/>\n<meta property=\"og:image\" content=\"https:\/\/covasna45.ro\/wp-content\/uploads\/2025\/02\/klaus-i-3.jpg\" \/>\n\t<meta property=\"og:image:width\" content=\"2000\" \/>\n\t<meta property=\"og:image:height\" content=\"1333\" \/>\n\t<meta property=\"og:image:type\" content=\"image\/jpeg\" \/>\n<meta name=\"author\" content=\"Covasna45\" \/>\n<meta name=\"twitter:card\" content=\"summary_large_image\" \/>\n<meta name=\"twitter:label1\" content=\"Scris de\" \/>\n\t<meta name=\"twitter:data1\" content=\"Covasna45\" \/>\n\t<meta name=\"twitter:label2\" content=\"Timp estimat pentru citire\" \/>\n\t<meta name=\"twitter:data2\" content=\"2 minute\" \/>\n<script type=\"application\/ld+json\" class=\"yoast-schema-graph\">{\"@context\":\"https:\\\/\\\/schema.org\",\"@graph\":[{\"@type\":\"Article\",\"@id\":\"https:\\\/\\\/covasna45.ro\\\/index.php\\\/lumea-noastra\\\/parlamentul-discuta-azi-o-noua-cerere-de-suspendare-a-lui-klaus-iohannis\\\/#article\",\"isPartOf\":{\"@id\":\"https:\\\/\\\/covasna45.ro\\\/index.php\\\/lumea-noastra\\\/parlamentul-discuta-azi-o-noua-cerere-de-suspendare-a-lui-klaus-iohannis\\\/\"},\"author\":{\"name\":\"Covasna45\",\"@id\":\"https:\\\/\\\/covasna45.ro\\\/#\\\/schema\\\/person\\\/e674052bd7d95d70bbb007a1060ab73c\"},\"headline\":\"Parlamentul discut\u0103 azi o nou\u0103 cerere de suspendare a lui Klaus Iohannis\",\"datePublished\":\"2025-02-10T07:37:03+00:00\",\"dateModified\":\"2025-02-10T07:37:04+00:00\",\"mainEntityOfPage\":{\"@id\":\"https:\\\/\\\/covasna45.ro\\\/index.php\\\/lumea-noastra\\\/parlamentul-discuta-azi-o-noua-cerere-de-suspendare-a-lui-klaus-iohannis\\\/\"},\"wordCount\":234,\"commentCount\":0,\"publisher\":{\"@id\":\"https:\\\/\\\/covasna45.ro\\\/#organization\"},\"image\":{\"@id\":\"https:\\\/\\\/covasna45.ro\\\/index.php\\\/lumea-noastra\\\/parlamentul-discuta-azi-o-noua-cerere-de-suspendare-a-lui-klaus-iohannis\\\/#primaryimage\"},\"thumbnailUrl\":\"https:\\\/\\\/covasna45.ro\\\/wp-content\\\/uploads\\\/2025\\\/02\\\/klaus-i-3.jpg\",\"keywords\":[\"Klaus Iohannis\",\"Parlamant\",\"Suspendare\"],\"articleSection\":[\"Lumea noastr\u0103\"],\"inLanguage\":\"ro-RO\",\"potentialAction\":[{\"@type\":\"CommentAction\",\"name\":\"Comment\",\"target\":[\"https:\\\/\\\/covasna45.ro\\\/index.php\\\/lumea-noastra\\\/parlamentul-discuta-azi-o-noua-cerere-de-suspendare-a-lui-klaus-iohannis\\\/#respond\"]}]},{\"@type\":\"WebPage\",\"@id\":\"https:\\\/\\\/covasna45.ro\\\/index.php\\\/lumea-noastra\\\/parlamentul-discuta-azi-o-noua-cerere-de-suspendare-a-lui-klaus-iohannis\\\/\",\"url\":\"https:\\\/\\\/covasna45.ro\\\/index.php\\\/lumea-noastra\\\/parlamentul-discuta-azi-o-noua-cerere-de-suspendare-a-lui-klaus-iohannis\\\/\",\"name\":\"Parlamentul discut\u0103 azi o nou\u0103 cerere de suspendare a lui Klaus Iohannis - Covasna45\",\"isPartOf\":{\"@id\":\"https:\\\/\\\/covasna45.ro\\\/#website\"},\"primaryImageOfPage\":{\"@id\":\"https:\\\/\\\/covasna45.ro\\\/index.php\\\/lumea-noastra\\\/parlamentul-discuta-azi-o-noua-cerere-de-suspendare-a-lui-klaus-iohannis\\\/#primaryimage\"},\"image\":{\"@id\":\"https:\\\/\\\/covasna45.ro\\\/index.php\\\/lumea-noastra\\\/parlamentul-discuta-azi-o-noua-cerere-de-suspendare-a-lui-klaus-iohannis\\\/#primaryimage\"},\"thumbnailUrl\":\"https:\\\/\\\/covasna45.ro\\\/wp-content\\\/uploads\\\/2025\\\/02\\\/klaus-i-3.jpg\",\"datePublished\":\"2025-02-10T07:37:03+00:00\",\"dateModified\":\"2025-02-10T07:37:04+00:00\",\"description\":\"Cererea de suspendare a pre\u015fedintelui Klaus Iohannis\u00a0intr\u0103, azi, pentru a treia oar\u0103 \u00een \u015fedin\u0163a Birourilor reunite ale Parlamentului.\",\"breadcrumb\":{\"@id\":\"https:\\\/\\\/covasna45.ro\\\/index.php\\\/lumea-noastra\\\/parlamentul-discuta-azi-o-noua-cerere-de-suspendare-a-lui-klaus-iohannis\\\/#breadcrumb\"},\"inLanguage\":\"ro-RO\",\"potentialAction\":[{\"@type\":\"ReadAction\",\"target\":[\"https:\\\/\\\/covasna45.ro\\\/index.php\\\/lumea-noastra\\\/parlamentul-discuta-azi-o-noua-cerere-de-suspendare-a-lui-klaus-iohannis\\\/\"]}]},{\"@type\":\"ImageObject\",\"inLanguage\":\"ro-RO\",\"@id\":\"https:\\\/\\\/covasna45.ro\\\/index.php\\\/lumea-noastra\\\/parlamentul-discuta-azi-o-noua-cerere-de-suspendare-a-lui-klaus-iohannis\\\/#primaryimage\",\"url\":\"https:\\\/\\\/covasna45.ro\\\/wp-content\\\/uploads\\\/2025\\\/02\\\/klaus-i-3.jpg\",\"contentUrl\":\"https:\\\/\\\/covasna45.ro\\\/wp-content\\\/uploads\\\/2025\\\/02\\\/klaus-i-3.jpg\",\"width\":2000,\"height\":1333},{\"@type\":\"BreadcrumbList\",\"@id\":\"https:\\\/\\\/covasna45.ro\\\/index.php\\\/lumea-noastra\\\/parlamentul-discuta-azi-o-noua-cerere-de-suspendare-a-lui-klaus-iohannis\\\/#breadcrumb\",\"itemListElement\":[{\"@type\":\"ListItem\",\"position\":1,\"name\":\"Prima pagin\u0103\",\"item\":\"https:\\\/\\\/covasna45.ro\\\/\"},{\"@type\":\"ListItem\",\"position\":2,\"name\":\"Parlamentul discut\u0103 azi o nou\u0103 cerere de suspendare a lui Klaus Iohannis\"}]},{\"@type\":\"WebSite\",\"@id\":\"https:\\\/\\\/covasna45.ro\\\/#website\",\"url\":\"https:\\\/\\\/covasna45.ro\\\/\",\"name\":\"covasna45.ro\",\"description\":\"\",\"publisher\":{\"@id\":\"https:\\\/\\\/covasna45.ro\\\/#organization\"},\"potentialAction\":[{\"@type\":\"SearchAction\",\"target\":{\"@type\":\"EntryPoint\",\"urlTemplate\":\"https:\\\/\\\/covasna45.ro\\\/?s={search_term_string}\"},\"query-input\":{\"@type\":\"PropertyValueSpecification\",\"valueRequired\":true,\"valueName\":\"search_term_string\"}}],\"inLanguage\":\"ro-RO\"},{\"@type\":\"Organization\",\"@id\":\"https:\\\/\\\/covasna45.ro\\\/#organization\",\"name\":\"covasna45.ro\",\"url\":\"https:\\\/\\\/covasna45.ro\\\/\",\"logo\":{\"@type\":\"ImageObject\",\"inLanguage\":\"ro-RO\",\"@id\":\"https:\\\/\\\/covasna45.ro\\\/#\\\/schema\\\/logo\\\/image\\\/\",\"url\":\"https:\\\/\\\/covasna45.ro\\\/wp-content\\\/uploads\\\/2023\\\/01\\\/icon_logo.png\",\"contentUrl\":\"https:\\\/\\\/covasna45.ro\\\/wp-content\\\/uploads\\\/2023\\\/01\\\/icon_logo.png\",\"width\":1900,\"height\":1900,\"caption\":\"covasna45.ro\"},\"image\":{\"@id\":\"https:\\\/\\\/covasna45.ro\\\/#\\\/schema\\\/logo\\\/image\\\/\"}},{\"@type\":\"Person\",\"@id\":\"https:\\\/\\\/covasna45.ro\\\/#\\\/schema\\\/person\\\/e674052bd7d95d70bbb007a1060ab73c\",\"name\":\"Covasna45\",\"image\":{\"@type\":\"ImageObject\",\"inLanguage\":\"ro-RO\",\"@id\":\"https:\\\/\\\/covasna45.ro\\\/wp-content\\\/uploads\\\/2025\\\/10\\\/icon_logo_covasna45-150x150.png\",\"url\":\"https:\\\/\\\/covasna45.ro\\\/wp-content\\\/uploads\\\/2025\\\/10\\\/icon_logo_covasna45-150x150.png\",\"contentUrl\":\"https:\\\/\\\/covasna45.ro\\\/wp-content\\\/uploads\\\/2025\\\/10\\\/icon_logo_covasna45-150x150.png\",\"caption\":\"Covasna45\"},\"sameAs\":[\"https:\\\/\\\/covasna45.ro\"],\"url\":\"https:\\\/\\\/covasna45.ro\\\/index.php\\\/author\\\/covasna\\\/\"}]}<\/script>\n<!-- \/ Yoast SEO plugin. -->","yoast_head_json":{"title":"Parlamentul discut\u0103 azi o nou\u0103 cerere de suspendare a lui Klaus Iohannis - Covasna45","description":"Cererea de suspendare a pre\u015fedintelui Klaus Iohannis\u00a0intr\u0103, azi, pentru a treia oar\u0103 \u00een \u015fedin\u0163a Birourilor reunite ale Parlamentului.","robots":{"index":"index","follow":"follow","max-snippet":"max-snippet:-1","max-image-preview":"max-image-preview:large","max-video-preview":"max-video-preview:-1"},"canonical":"https:\/\/covasna45.ro\/index.php\/lumea-noastra\/parlamentul-discuta-azi-o-noua-cerere-de-suspendare-a-lui-klaus-iohannis\/","og_locale":"ro_RO","og_type":"article","og_title":"Parlamentul discut\u0103 azi o nou\u0103 cerere de suspendare a lui Klaus Iohannis - Covasna45","og_description":"Cererea de suspendare a pre\u015fedintelui Klaus Iohannis\u00a0intr\u0103, azi, pentru a treia oar\u0103 \u00een \u015fedin\u0163a Birourilor reunite ale Parlamentului.","og_url":"https:\/\/covasna45.ro\/index.php\/lumea-noastra\/parlamentul-discuta-azi-o-noua-cerere-de-suspendare-a-lui-klaus-iohannis\/","og_site_name":"Covasna45","article_published_time":"2025-02-10T07:37:03+00:00","article_modified_time":"2025-02-10T07:37:04+00:00","og_image":[{"width":2000,"height":1333,"url":"https:\/\/covasna45.ro\/wp-content\/uploads\/2025\/02\/klaus-i-3.jpg","type":"image\/jpeg"}],"author":"Covasna45","twitter_card":"summary_large_image","twitter_misc":{"Scris de":"Covasna45","Timp estimat pentru citire":"2 minute"},"schema":{"@context":"https:\/\/schema.org","@graph":[{"@type":"Article","@id":"https:\/\/covasna45.ro\/index.php\/lumea-noastra\/parlamentul-discuta-azi-o-noua-cerere-de-suspendare-a-lui-klaus-iohannis\/#article","isPartOf":{"@id":"https:\/\/covasna45.ro\/index.php\/lumea-noastra\/parlamentul-discuta-azi-o-noua-cerere-de-suspendare-a-lui-klaus-iohannis\/"},"author":{"name":"Covasna45","@id":"https:\/\/covasna45.ro\/#\/schema\/person\/e674052bd7d95d70bbb007a1060ab73c"},"headline":"Parlamentul discut\u0103 azi o nou\u0103 cerere de suspendare a lui Klaus Iohannis","datePublished":"2025-02-10T07:37:03+00:00","dateModified":"2025-02-10T07:37:04+00:00","mainEntityOfPage":{"@id":"https:\/\/covasna45.ro\/index.php\/lumea-noastra\/parlamentul-discuta-azi-o-noua-cerere-de-suspendare-a-lui-klaus-iohannis\/"},"wordCount":234,"commentCount":0,"publisher":{"@id":"https:\/\/covasna45.ro\/#organization"},"image":{"@id":"https:\/\/covasna45.ro\/index.php\/lumea-noastra\/parlamentul-discuta-azi-o-noua-cerere-de-suspendare-a-lui-klaus-iohannis\/#primaryimage"},"thumbnailUrl":"https:\/\/covasna45.ro\/wp-content\/uploads\/2025\/02\/klaus-i-3.jpg","keywords":["Klaus Iohannis","Parlamant","Suspendare"],"articleSection":["Lumea noastr\u0103"],"inLanguage":"ro-RO","potentialAction":[{"@type":"CommentAction","name":"Comment","target":["https:\/\/covasna45.ro\/index.php\/lumea-noastra\/parlamentul-discuta-azi-o-noua-cerere-de-suspendare-a-lui-klaus-iohannis\/#respond"]}]},{"@type":"WebPage","@id":"https:\/\/covasna45.ro\/index.php\/lumea-noastra\/parlamentul-discuta-azi-o-noua-cerere-de-suspendare-a-lui-klaus-iohannis\/","url":"https:\/\/covasna45.ro\/index.php\/lumea-noastra\/parlamentul-discuta-azi-o-noua-cerere-de-suspendare-a-lui-klaus-iohannis\/","name":"Parlamentul discut\u0103 azi o nou\u0103 cerere de suspendare a lui Klaus Iohannis - Covasna45","isPartOf":{"@id":"https:\/\/covasna45.ro\/#website"},"primaryImageOfPage":{"@id":"https:\/\/covasna45.ro\/index.php\/lumea-noastra\/parlamentul-discuta-azi-o-noua-cerere-de-suspendare-a-lui-klaus-iohannis\/#primaryimage"},"image":{"@id":"https:\/\/covasna45.ro\/index.php\/lumea-noastra\/parlamentul-discuta-azi-o-noua-cerere-de-suspendare-a-lui-klaus-iohannis\/#primaryimage"},"thumbnailUrl":"https:\/\/covasna45.ro\/wp-content\/uploads\/2025\/02\/klaus-i-3.jpg","datePublished":"2025-02-10T07:37:03+00:00","dateModified":"2025-02-10T07:37:04+00:00","description":"Cererea de suspendare a pre\u015fedintelui Klaus Iohannis\u00a0intr\u0103, azi, pentru a treia oar\u0103 \u00een \u015fedin\u0163a Birourilor reunite ale Parlamentului.","breadcrumb":{"@id":"https:\/\/covasna45.ro\/index.php\/lumea-noastra\/parlamentul-discuta-azi-o-noua-cerere-de-suspendare-a-lui-klaus-iohannis\/#breadcrumb"},"inLanguage":"ro-RO","potentialAction":[{"@type":"ReadAction","target":["https:\/\/covasna45.ro\/index.php\/lumea-noastra\/parlamentul-discuta-azi-o-noua-cerere-de-suspendare-a-lui-klaus-iohannis\/"]}]},{"@type":"ImageObject","inLanguage":"ro-RO","@id":"https:\/\/covasna45.ro\/index.php\/lumea-noastra\/parlamentul-discuta-azi-o-noua-cerere-de-suspendare-a-lui-klaus-iohannis\/#primaryimage","url":"https:\/\/covasna45.ro\/wp-content\/uploads\/2025\/02\/klaus-i-3.jpg","contentUrl":"https:\/\/covasna45.ro\/wp-content\/uploads\/2025\/02\/klaus-i-3.jpg","width":2000,"height":1333},{"@type":"BreadcrumbList","@id":"https:\/\/covasna45.ro\/index.php\/lumea-noastra\/parlamentul-discuta-azi-o-noua-cerere-de-suspendare-a-lui-klaus-iohannis\/#breadcrumb","itemListElement":[{"@type":"ListItem","position":1,"name":"Prima pagin\u0103","item":"https:\/\/covasna45.ro\/"},{"@type":"ListItem","position":2,"name":"Parlamentul discut\u0103 azi o nou\u0103 cerere de suspendare a lui Klaus Iohannis"}]},{"@type":"WebSite","@id":"https:\/\/covasna45.ro\/#website","url":"https:\/\/covasna45.ro\/","name":"covasna45.ro","description":"","publisher":{"@id":"https:\/\/covasna45.ro\/#organization"},"potentialAction":[{"@type":"SearchAction","target":{"@type":"EntryPoint","urlTemplate":"https:\/\/covasna45.ro\/?s={search_term_string}"},"query-input":{"@type":"PropertyValueSpecification","valueRequired":true,"valueName":"search_term_string"}}],"inLanguage":"ro-RO"},{"@type":"Organization","@id":"https:\/\/covasna45.ro\/#organization","name":"covasna45.ro","url":"https:\/\/covasna45.ro\/","logo":{"@type":"ImageObject","inLanguage":"ro-RO","@id":"https:\/\/covasna45.ro\/#\/schema\/logo\/image\/","url":"https:\/\/covasna45.ro\/wp-content\/uploads\/2023\/01\/icon_logo.png","contentUrl":"https:\/\/covasna45.ro\/wp-content\/uploads\/2023\/01\/icon_logo.png","width":1900,"height":1900,"caption":"covasna45.ro"},"image":{"@id":"https:\/\/covasna45.ro\/#\/schema\/logo\/image\/"}},{"@type":"Person","@id":"https:\/\/covasna45.ro\/#\/schema\/person\/e674052bd7d95d70bbb007a1060ab73c","name":"Covasna45","image":{"@type":"ImageObject","inLanguage":"ro-RO","@id":"https:\/\/covasna45.ro\/wp-content\/uploads\/2025\/10\/icon_logo_covasna45-150x150.png","url":"https:\/\/covasna45.ro\/wp-content\/uploads\/2025\/10\/icon_logo_covasna45-150x150.png","contentUrl":"https:\/\/covasna45.ro\/wp-content\/uploads\/2025\/10\/icon_logo_covasna45-150x150.png","caption":"Covasna45"},"sameAs":["https:\/\/covasna45.ro"],"url":"https:\/\/covasna45.ro\/index.php\/author\/covasna\/"}]}},"_links":{"self":[{"href":"https:\/\/covasna45.ro\/index.php\/wp-json\/wp\/v2\/posts\/9756","targetHints":{"allow":["GET"]}}],"collection":[{"href":"https:\/\/covasna45.ro\/index.php\/wp-json\/wp\/v2\/posts"}],"about":[{"href":"https:\/\/covasna45.ro\/index.php\/wp-json\/wp\/v2\/types\/post"}],"author":[{"embeddable":true,"href":"https:\/\/covasna45.ro\/index.php\/wp-json\/wp\/v2\/users\/1"}],"replies":[{"embeddable":true,"href":"https:\/\/covasna45.ro\/index.php\/wp-json\/wp\/v2\/comments?post=9756"}],"version-history":[{"count":1,"href":"https:\/\/covasna45.ro\/index.php\/wp-json\/wp\/v2\/posts\/9756\/revisions"}],"predecessor-version":[{"id":9758,"href":"https:\/\/covasna45.ro\/index.php\/wp-json\/wp\/v2\/posts\/9756\/revisions\/9758"}],"wp:featuredmedia":[{"embeddable":true,"href":"https:\/\/covasna45.ro\/index.php\/wp-json\/wp\/v2\/media\/9757"}],"wp:attachment":[{"href":"https:\/\/covasna45.ro\/index.php\/wp-json\/wp\/v2\/media?parent=9756"}],"wp:term":[{"taxonomy":"category","embeddable":true,"href":"https:\/\/covasna45.ro\/index.php\/wp-json\/wp\/v2\/categories?post=9756"},{"taxonomy":"post_tag","embeddable":true,"href":"https:\/\/covasna45.ro\/index.php\/wp-json\/wp\/v2\/tags?post=9756"}],"curies":[{"name":"wp","href":"https:\/\/api.w.org\/{rel}","templated":true}]}}