{"id":9824,"date":"2025-02-13T09:59:03","date_gmt":"2025-02-13T07:59:03","guid":{"rendered":"https:\/\/covasna45.ro\/?p=9824"},"modified":"2025-02-13T09:59:03","modified_gmt":"2025-02-13T07:59:03","slug":"traian-basescu-presedintele-nu-si-abandoneaza-tara-doar-pentru-ca-voteaza-300-de-parlamentari","status":"publish","type":"post","link":"https:\/\/covasna45.ro\/index.php\/lumea-noastra\/traian-basescu-presedintele-nu-si-abandoneaza-tara-doar-pentru-ca-voteaza-300-de-parlamentari\/","title":{"rendered":"Traian B\u0103sescu: \u201ePre\u015fedintele nu-\u015fi abandoneaz\u0103 \u0163ara doar pentru c\u0103 voteaz\u0103 300 de parlamentari\u201d"},"content":{"rendered":"\n<p>Fostul pre\u015fedinte Traian B\u0103sescu a declarat, referitor la priorit\u0103\u0163ile pentru Rom\u00e2nia, dup\u0103 plecarea de la cotroceni a lui Klaus Iohannis \u015fi preluarea interimatului de c\u0103tre Ilie Bolojan, c\u0103 dincolo de problema intern\u0103 privind clarificarea anul\u0103rii alegerilor preziden\u0163iale de anul trecut, Rom\u00e2nia are problema \u201erecredibiliz\u0103rii imediate a \u0163\u0103rii\u201d, \u00een condi\u0163iile \u00een care sunt \u201emomente extrem de fluide\u201d \u00een politica extern\u0103 \u015fi trei mari puteri nucleare care toate \u201eau poft\u0103 de extinderi teritoriale\u201d.<\/p>\n\n\n\n<p>\u201e<strong>Dincolo de problema noastr\u0103 intern\u0103, care vizeaz\u0103 clarificarea anul\u0103rii alegerilor preziden\u0163iale, avem problema recredibiliz\u0103rii imediate a \u0163\u0103rii, pentru c\u0103 sunt momente extrem de fluide \u00een politica extern\u0103. <\/strong><\/p>\n\n\n\n<p><strong>Vedem c\u0103 \u00een momentul de fa\u0163\u0103 avem trei mari puteri nucleare, SUA, Federa\u0163ia Rus\u0103 \u015fi China, care toate au poft\u0103 de extinderi teritoriale, vedem c\u0103 r\u0103zboiul din Ucraina nu se \u00eencheie \u00een 24 de ore, ci urmeaz\u0103 s\u0103 se discute \u00een ce condi\u0163ii se poate \u00eencheia acest r\u0103zboi, deci avem nevoie de o Rom\u00e2nie cu o politic\u0103 extern\u0103 \u015fi cu un pre\u015fedinte extrem de puternic \u015fi care \u015ftiu ce vor. <\/strong><\/p>\n\n\n\n<p><strong>C\u0103 s-ar putea, cu ocazia negocierilor Rusia &#8211; Statele Unite pentru Ucraina, s\u0103 ne trezim cu alte tr\u0103zn\u0103i<\/strong>\u201d, a declarat, ieri, Traian B\u0103sescu \u00eentr-o interven\u0163ie telefonic\u0103 la Digi24, f\u0103c\u00e2nd referire nu doar la problema Ucrainei, ci \u015fi la problema influen\u0163ei \u00een spa\u0163iul ex-comunist.<br><br>\u00centrebat dac\u0103 Klaus Iohannis avea vreo variant\u0103 pentru a evita suspendarea sa, \u00een Parlament, dac\u0103 nu demisiona, B\u0103sescu a spus c\u0103, din punctul s\u0103u de vedere, demisia pre\u015fedintelui \u00een astfel de condi\u0163ii nu este o onoare.<br><br>\u201e<strong>Eu a\u015f fi stat s\u0103 lupt p\u00e2n\u0103 la cap\u0103t cu majoritatea, chiar \u00een condi\u0163iile \u00een care vedem c\u0103 fo\u015fti subofi\u0163eri de poli\u0163ie, care acum sunt toat\u0103 ziua la televizor, vorbesc extrem de ur\u00e2t despre pre\u015fedin\u0163i. \u00cei blameaz\u0103, au ceva de acuzat la pre\u015fedin\u0163i, dar nu se uit\u0103 ce au l\u0103sat ei \u00een urm\u0103 \u00een via\u0163a lor. <\/strong><\/p>\n\n\n\n<p><strong>\u00cen situa\u0163ia lui Iohannis eu nu a\u015f fi demisionat, a\u015f fi mers pe ideea c\u0103 \u015fi \u00een condi\u0163iile unei suspend\u0103ri aveam ocazia timp de 30 de zile, cel pu\u0163in, s\u0103 explic ce am f\u0103cut \u015fi de ce este incorect\u0103 suspendarea. Iar la cap\u0103tul acestui termen, exist\u0103 o prevedere legal\u0103 care spune c\u0103 poate fi revocat pre\u015fedintele prin referendum, \u00een condi\u0163iile \u00een care la referendum particip\u0103 jum\u0103tate plus unu din cifra electoral\u0103. <\/strong><\/p>\n\n\n\n<p><strong>Deci ar fi trebuit s\u0103 fie o participare de circa 9 milioane \u015fi ceva de rom\u00e2ni la referendum, ceea ce nu s-a \u00eent\u00e2mplat nici \u00een 2012<\/strong>\u201d, a afirmat B\u0103sescu.<br><br>Fostul \u015fef al statului a spus c\u0103, \u00een locul lui Iohannis, mergea \u201ep\u00e2n\u0103 la cap\u0103t\u201d.<br><br>\u201e<strong>Pre\u015fedintele nu \u015fi abandoneaz\u0103 \u0163ara doar pentru c\u0103 voteaz\u0103 300 de parlamentari. \u015ei-o abandoneaz\u0103 dac\u0103 asta \u00eei cere poporul. Se duce \u00een referendum p\u00e2n\u0103 la cap\u0103t<\/strong>\u201d, a punctat B\u0103sescu.<br><br>\u00centrebat ce i-ar spune lui <a href=\"https:\/\/covasna45.ro\/index.php\/lumea-noastra\/ilie-bolojan-este-de-astazi-presedinte-interimar-al-romaniei\/\">Iohannis<\/a> dac\u0103 ar trece la momentul actual prin fa\u0163a lui, B\u0103sescu a r\u0103spuns: \u201e<strong>I-a\u015f repro\u015fa c\u0103 nu a stat p\u00e2n\u0103 la cap\u0103t. Pre\u015fedin\u0163ii sunt precum comandan\u0163ii de nav\u0103, nu sunt primii care pleac\u0103 de pe nav\u0103, ci sunt ultimii<\/strong>\u201d.<\/p>\n\n\n\n<p><em>Sursa: <a href=\"https:\/\/www.news.ro\/politic-intern\/traian-basescu-prioritatile-romania-dincolo-clarificarea-anularii-alegerilor-avem-problema-recredibilizarii-imediate-tarii-trei-mari-puteri-nucleare-au-toate-pofta-extinderi-teritoriale-momente-1922402212412025021821931843\">news.ro<\/a><\/em><\/p>\n","protected":false},"excerpt":{"rendered":"<p>Fostul pre\u015fedinte Traian B\u0103sescu a declarat, referitor la priorit\u0103\u0163ile pentru Rom\u00e2nia, dup\u0103 plecarea de la cotroceni a lui Klaus Iohannis \u015fi preluarea interimatului de c\u0103tre Ilie Bolojan, c\u0103 dincolo de problema intern\u0103 privind clarificarea anul\u0103rii alegerilor preziden\u0163iale de anul trecut, Rom\u00e2nia are problema \u201erecredibiliz\u0103rii imediate a \u0163\u0103rii\u201d, \u00een condi\u0163iile \u00een care sunt \u201emomente extrem de [&hellip;]<\/p>\n","protected":false},"author":1,"featured_media":6222,"comment_status":"open","ping_status":"closed","sticky":false,"template":"","format":"standard","meta":{"tdm_status":"","tdm_grid_status":"","footnotes":""},"categories":[14],"tags":[2149,2452],"class_list":{"0":"post-9824","1":"post","2":"type-post","3":"status-publish","4":"format-standard","5":"has-post-thumbnail","7":"category-lumea-noastra","8":"tag-klaus-iohannis","9":"tag-traian-basescu"},"yoast_head":"<!-- This site is optimized with the Yoast SEO plugin v27.5 - https:\/\/yoast.com\/product\/yoast-seo-wordpress\/ -->\n<title>Traian B\u0103sescu: \u201ePre\u015fedintele nu-\u015fi abandoneaz\u0103 \u0163ara doar pentru c\u0103 voteaz\u0103 300 de parlamentari\u201d - Covasna45<\/title>\n<meta name=\"description\" content=\"B\u0103sescu a spus c\u0103, din punctul s\u0103u de vedere, demisia pre\u015fedintelui \u00een astfel de condi\u0163ii nu este o onoare.\" \/>\n<meta name=\"robots\" content=\"index, follow, max-snippet:-1, max-image-preview:large, max-video-preview:-1\" \/>\n<link rel=\"canonical\" href=\"https:\/\/covasna45.ro\/index.php\/lumea-noastra\/traian-basescu-presedintele-nu-si-abandoneaza-tara-doar-pentru-ca-voteaza-300-de-parlamentari\/\" \/>\n<meta property=\"og:locale\" content=\"ro_RO\" \/>\n<meta property=\"og:type\" content=\"article\" \/>\n<meta property=\"og:title\" content=\"Traian B\u0103sescu: \u201ePre\u015fedintele nu-\u015fi abandoneaz\u0103 \u0163ara doar pentru c\u0103 voteaz\u0103 300 de parlamentari\u201d - Covasna45\" \/>\n<meta property=\"og:description\" content=\"B\u0103sescu a spus c\u0103, din punctul s\u0103u de vedere, demisia pre\u015fedintelui \u00een astfel de condi\u0163ii nu este o onoare.\" \/>\n<meta property=\"og:url\" content=\"https:\/\/covasna45.ro\/index.php\/lumea-noastra\/traian-basescu-presedintele-nu-si-abandoneaza-tara-doar-pentru-ca-voteaza-300-de-parlamentari\/\" \/>\n<meta property=\"og:site_name\" content=\"Covasna45\" \/>\n<meta property=\"article:published_time\" content=\"2025-02-13T07:59:03+00:00\" \/>\n<meta property=\"og:image\" content=\"https:\/\/covasna45.ro\/wp-content\/uploads\/2024\/05\/traian-basescu.jpg\" \/>\n\t<meta property=\"og:image:width\" content=\"1624\" \/>\n\t<meta property=\"og:image:height\" content=\"967\" \/>\n\t<meta property=\"og:image:type\" content=\"image\/jpeg\" \/>\n<meta name=\"author\" content=\"Covasna45\" \/>\n<meta name=\"twitter:card\" content=\"summary_large_image\" \/>\n<meta name=\"twitter:label1\" content=\"Scris de\" \/>\n\t<meta name=\"twitter:data1\" content=\"Covasna45\" \/>\n\t<meta name=\"twitter:label2\" content=\"Timp estimat pentru citire\" \/>\n\t<meta name=\"twitter:data2\" content=\"3 minute\" \/>\n<script type=\"application\/ld+json\" class=\"yoast-schema-graph\">{\"@context\":\"https:\\\/\\\/schema.org\",\"@graph\":[{\"@type\":\"Article\",\"@id\":\"https:\\\/\\\/covasna45.ro\\\/index.php\\\/lumea-noastra\\\/traian-basescu-presedintele-nu-si-abandoneaza-tara-doar-pentru-ca-voteaza-300-de-parlamentari\\\/#article\",\"isPartOf\":{\"@id\":\"https:\\\/\\\/covasna45.ro\\\/index.php\\\/lumea-noastra\\\/traian-basescu-presedintele-nu-si-abandoneaza-tara-doar-pentru-ca-voteaza-300-de-parlamentari\\\/\"},\"author\":{\"name\":\"Covasna45\",\"@id\":\"https:\\\/\\\/covasna45.ro\\\/#\\\/schema\\\/person\\\/e674052bd7d95d70bbb007a1060ab73c\"},\"headline\":\"Traian B\u0103sescu: \u201ePre\u015fedintele nu-\u015fi abandoneaz\u0103 \u0163ara doar pentru c\u0103 voteaz\u0103 300 de parlamentari\u201d\",\"datePublished\":\"2025-02-13T07:59:03+00:00\",\"mainEntityOfPage\":{\"@id\":\"https:\\\/\\\/covasna45.ro\\\/index.php\\\/lumea-noastra\\\/traian-basescu-presedintele-nu-si-abandoneaza-tara-doar-pentru-ca-voteaza-300-de-parlamentari\\\/\"},\"wordCount\":575,\"commentCount\":0,\"publisher\":{\"@id\":\"https:\\\/\\\/covasna45.ro\\\/#organization\"},\"image\":{\"@id\":\"https:\\\/\\\/covasna45.ro\\\/index.php\\\/lumea-noastra\\\/traian-basescu-presedintele-nu-si-abandoneaza-tara-doar-pentru-ca-voteaza-300-de-parlamentari\\\/#primaryimage\"},\"thumbnailUrl\":\"https:\\\/\\\/covasna45.ro\\\/wp-content\\\/uploads\\\/2024\\\/05\\\/traian-basescu.jpg\",\"keywords\":[\"Klaus Iohannis\",\"Traian Basescu\"],\"articleSection\":[\"Lumea noastr\u0103\"],\"inLanguage\":\"ro-RO\",\"potentialAction\":[{\"@type\":\"CommentAction\",\"name\":\"Comment\",\"target\":[\"https:\\\/\\\/covasna45.ro\\\/index.php\\\/lumea-noastra\\\/traian-basescu-presedintele-nu-si-abandoneaza-tara-doar-pentru-ca-voteaza-300-de-parlamentari\\\/#respond\"]}]},{\"@type\":\"WebPage\",\"@id\":\"https:\\\/\\\/covasna45.ro\\\/index.php\\\/lumea-noastra\\\/traian-basescu-presedintele-nu-si-abandoneaza-tara-doar-pentru-ca-voteaza-300-de-parlamentari\\\/\",\"url\":\"https:\\\/\\\/covasna45.ro\\\/index.php\\\/lumea-noastra\\\/traian-basescu-presedintele-nu-si-abandoneaza-tara-doar-pentru-ca-voteaza-300-de-parlamentari\\\/\",\"name\":\"Traian B\u0103sescu: \u201ePre\u015fedintele nu-\u015fi abandoneaz\u0103 \u0163ara doar pentru c\u0103 voteaz\u0103 300 de parlamentari\u201d - Covasna45\",\"isPartOf\":{\"@id\":\"https:\\\/\\\/covasna45.ro\\\/#website\"},\"primaryImageOfPage\":{\"@id\":\"https:\\\/\\\/covasna45.ro\\\/index.php\\\/lumea-noastra\\\/traian-basescu-presedintele-nu-si-abandoneaza-tara-doar-pentru-ca-voteaza-300-de-parlamentari\\\/#primaryimage\"},\"image\":{\"@id\":\"https:\\\/\\\/covasna45.ro\\\/index.php\\\/lumea-noastra\\\/traian-basescu-presedintele-nu-si-abandoneaza-tara-doar-pentru-ca-voteaza-300-de-parlamentari\\\/#primaryimage\"},\"thumbnailUrl\":\"https:\\\/\\\/covasna45.ro\\\/wp-content\\\/uploads\\\/2024\\\/05\\\/traian-basescu.jpg\",\"datePublished\":\"2025-02-13T07:59:03+00:00\",\"description\":\"B\u0103sescu a spus c\u0103, din punctul s\u0103u de vedere, demisia pre\u015fedintelui \u00een astfel de condi\u0163ii nu este o onoare.\",\"breadcrumb\":{\"@id\":\"https:\\\/\\\/covasna45.ro\\\/index.php\\\/lumea-noastra\\\/traian-basescu-presedintele-nu-si-abandoneaza-tara-doar-pentru-ca-voteaza-300-de-parlamentari\\\/#breadcrumb\"},\"inLanguage\":\"ro-RO\",\"potentialAction\":[{\"@type\":\"ReadAction\",\"target\":[\"https:\\\/\\\/covasna45.ro\\\/index.php\\\/lumea-noastra\\\/traian-basescu-presedintele-nu-si-abandoneaza-tara-doar-pentru-ca-voteaza-300-de-parlamentari\\\/\"]}]},{\"@type\":\"ImageObject\",\"inLanguage\":\"ro-RO\",\"@id\":\"https:\\\/\\\/covasna45.ro\\\/index.php\\\/lumea-noastra\\\/traian-basescu-presedintele-nu-si-abandoneaza-tara-doar-pentru-ca-voteaza-300-de-parlamentari\\\/#primaryimage\",\"url\":\"https:\\\/\\\/covasna45.ro\\\/wp-content\\\/uploads\\\/2024\\\/05\\\/traian-basescu.jpg\",\"contentUrl\":\"https:\\\/\\\/covasna45.ro\\\/wp-content\\\/uploads\\\/2024\\\/05\\\/traian-basescu.jpg\",\"width\":1624,\"height\":967},{\"@type\":\"BreadcrumbList\",\"@id\":\"https:\\\/\\\/covasna45.ro\\\/index.php\\\/lumea-noastra\\\/traian-basescu-presedintele-nu-si-abandoneaza-tara-doar-pentru-ca-voteaza-300-de-parlamentari\\\/#breadcrumb\",\"itemListElement\":[{\"@type\":\"ListItem\",\"position\":1,\"name\":\"Prima pagin\u0103\",\"item\":\"https:\\\/\\\/covasna45.ro\\\/\"},{\"@type\":\"ListItem\",\"position\":2,\"name\":\"Traian B\u0103sescu: \u201ePre\u015fedintele nu-\u015fi abandoneaz\u0103 \u0163ara doar pentru c\u0103 voteaz\u0103 300 de parlamentari\u201d\"}]},{\"@type\":\"WebSite\",\"@id\":\"https:\\\/\\\/covasna45.ro\\\/#website\",\"url\":\"https:\\\/\\\/covasna45.ro\\\/\",\"name\":\"covasna45.ro\",\"description\":\"\",\"publisher\":{\"@id\":\"https:\\\/\\\/covasna45.ro\\\/#organization\"},\"potentialAction\":[{\"@type\":\"SearchAction\",\"target\":{\"@type\":\"EntryPoint\",\"urlTemplate\":\"https:\\\/\\\/covasna45.ro\\\/?s={search_term_string}\"},\"query-input\":{\"@type\":\"PropertyValueSpecification\",\"valueRequired\":true,\"valueName\":\"search_term_string\"}}],\"inLanguage\":\"ro-RO\"},{\"@type\":\"Organization\",\"@id\":\"https:\\\/\\\/covasna45.ro\\\/#organization\",\"name\":\"covasna45.ro\",\"url\":\"https:\\\/\\\/covasna45.ro\\\/\",\"logo\":{\"@type\":\"ImageObject\",\"inLanguage\":\"ro-RO\",\"@id\":\"https:\\\/\\\/covasna45.ro\\\/#\\\/schema\\\/logo\\\/image\\\/\",\"url\":\"https:\\\/\\\/covasna45.ro\\\/wp-content\\\/uploads\\\/2023\\\/01\\\/icon_logo.png\",\"contentUrl\":\"https:\\\/\\\/covasna45.ro\\\/wp-content\\\/uploads\\\/2023\\\/01\\\/icon_logo.png\",\"width\":1900,\"height\":1900,\"caption\":\"covasna45.ro\"},\"image\":{\"@id\":\"https:\\\/\\\/covasna45.ro\\\/#\\\/schema\\\/logo\\\/image\\\/\"}},{\"@type\":\"Person\",\"@id\":\"https:\\\/\\\/covasna45.ro\\\/#\\\/schema\\\/person\\\/e674052bd7d95d70bbb007a1060ab73c\",\"name\":\"Covasna45\",\"image\":{\"@type\":\"ImageObject\",\"inLanguage\":\"ro-RO\",\"@id\":\"https:\\\/\\\/covasna45.ro\\\/wp-content\\\/uploads\\\/2025\\\/10\\\/icon_logo_covasna45-150x150.png\",\"url\":\"https:\\\/\\\/covasna45.ro\\\/wp-content\\\/uploads\\\/2025\\\/10\\\/icon_logo_covasna45-150x150.png\",\"contentUrl\":\"https:\\\/\\\/covasna45.ro\\\/wp-content\\\/uploads\\\/2025\\\/10\\\/icon_logo_covasna45-150x150.png\",\"caption\":\"Covasna45\"},\"sameAs\":[\"https:\\\/\\\/covasna45.ro\"],\"url\":\"https:\\\/\\\/covasna45.ro\\\/index.php\\\/author\\\/covasna\\\/\"}]}<\/script>\n<!-- \/ Yoast SEO plugin. -->","yoast_head_json":{"title":"Traian B\u0103sescu: \u201ePre\u015fedintele nu-\u015fi abandoneaz\u0103 \u0163ara doar pentru c\u0103 voteaz\u0103 300 de parlamentari\u201d - Covasna45","description":"B\u0103sescu a spus c\u0103, din punctul s\u0103u de vedere, demisia pre\u015fedintelui \u00een astfel de condi\u0163ii nu este o onoare.","robots":{"index":"index","follow":"follow","max-snippet":"max-snippet:-1","max-image-preview":"max-image-preview:large","max-video-preview":"max-video-preview:-1"},"canonical":"https:\/\/covasna45.ro\/index.php\/lumea-noastra\/traian-basescu-presedintele-nu-si-abandoneaza-tara-doar-pentru-ca-voteaza-300-de-parlamentari\/","og_locale":"ro_RO","og_type":"article","og_title":"Traian B\u0103sescu: \u201ePre\u015fedintele nu-\u015fi abandoneaz\u0103 \u0163ara doar pentru c\u0103 voteaz\u0103 300 de parlamentari\u201d - Covasna45","og_description":"B\u0103sescu a spus c\u0103, din punctul s\u0103u de vedere, demisia pre\u015fedintelui \u00een astfel de condi\u0163ii nu este o onoare.","og_url":"https:\/\/covasna45.ro\/index.php\/lumea-noastra\/traian-basescu-presedintele-nu-si-abandoneaza-tara-doar-pentru-ca-voteaza-300-de-parlamentari\/","og_site_name":"Covasna45","article_published_time":"2025-02-13T07:59:03+00:00","og_image":[{"width":1624,"height":967,"url":"https:\/\/covasna45.ro\/wp-content\/uploads\/2024\/05\/traian-basescu.jpg","type":"image\/jpeg"}],"author":"Covasna45","twitter_card":"summary_large_image","twitter_misc":{"Scris de":"Covasna45","Timp estimat pentru citire":"3 minute"},"schema":{"@context":"https:\/\/schema.org","@graph":[{"@type":"Article","@id":"https:\/\/covasna45.ro\/index.php\/lumea-noastra\/traian-basescu-presedintele-nu-si-abandoneaza-tara-doar-pentru-ca-voteaza-300-de-parlamentari\/#article","isPartOf":{"@id":"https:\/\/covasna45.ro\/index.php\/lumea-noastra\/traian-basescu-presedintele-nu-si-abandoneaza-tara-doar-pentru-ca-voteaza-300-de-parlamentari\/"},"author":{"name":"Covasna45","@id":"https:\/\/covasna45.ro\/#\/schema\/person\/e674052bd7d95d70bbb007a1060ab73c"},"headline":"Traian B\u0103sescu: \u201ePre\u015fedintele nu-\u015fi abandoneaz\u0103 \u0163ara doar pentru c\u0103 voteaz\u0103 300 de parlamentari\u201d","datePublished":"2025-02-13T07:59:03+00:00","mainEntityOfPage":{"@id":"https:\/\/covasna45.ro\/index.php\/lumea-noastra\/traian-basescu-presedintele-nu-si-abandoneaza-tara-doar-pentru-ca-voteaza-300-de-parlamentari\/"},"wordCount":575,"commentCount":0,"publisher":{"@id":"https:\/\/covasna45.ro\/#organization"},"image":{"@id":"https:\/\/covasna45.ro\/index.php\/lumea-noastra\/traian-basescu-presedintele-nu-si-abandoneaza-tara-doar-pentru-ca-voteaza-300-de-parlamentari\/#primaryimage"},"thumbnailUrl":"https:\/\/covasna45.ro\/wp-content\/uploads\/2024\/05\/traian-basescu.jpg","keywords":["Klaus Iohannis","Traian Basescu"],"articleSection":["Lumea noastr\u0103"],"inLanguage":"ro-RO","potentialAction":[{"@type":"CommentAction","name":"Comment","target":["https:\/\/covasna45.ro\/index.php\/lumea-noastra\/traian-basescu-presedintele-nu-si-abandoneaza-tara-doar-pentru-ca-voteaza-300-de-parlamentari\/#respond"]}]},{"@type":"WebPage","@id":"https:\/\/covasna45.ro\/index.php\/lumea-noastra\/traian-basescu-presedintele-nu-si-abandoneaza-tara-doar-pentru-ca-voteaza-300-de-parlamentari\/","url":"https:\/\/covasna45.ro\/index.php\/lumea-noastra\/traian-basescu-presedintele-nu-si-abandoneaza-tara-doar-pentru-ca-voteaza-300-de-parlamentari\/","name":"Traian B\u0103sescu: \u201ePre\u015fedintele nu-\u015fi abandoneaz\u0103 \u0163ara doar pentru c\u0103 voteaz\u0103 300 de parlamentari\u201d - Covasna45","isPartOf":{"@id":"https:\/\/covasna45.ro\/#website"},"primaryImageOfPage":{"@id":"https:\/\/covasna45.ro\/index.php\/lumea-noastra\/traian-basescu-presedintele-nu-si-abandoneaza-tara-doar-pentru-ca-voteaza-300-de-parlamentari\/#primaryimage"},"image":{"@id":"https:\/\/covasna45.ro\/index.php\/lumea-noastra\/traian-basescu-presedintele-nu-si-abandoneaza-tara-doar-pentru-ca-voteaza-300-de-parlamentari\/#primaryimage"},"thumbnailUrl":"https:\/\/covasna45.ro\/wp-content\/uploads\/2024\/05\/traian-basescu.jpg","datePublished":"2025-02-13T07:59:03+00:00","description":"B\u0103sescu a spus c\u0103, din punctul s\u0103u de vedere, demisia pre\u015fedintelui \u00een astfel de condi\u0163ii nu este o onoare.","breadcrumb":{"@id":"https:\/\/covasna45.ro\/index.php\/lumea-noastra\/traian-basescu-presedintele-nu-si-abandoneaza-tara-doar-pentru-ca-voteaza-300-de-parlamentari\/#breadcrumb"},"inLanguage":"ro-RO","potentialAction":[{"@type":"ReadAction","target":["https:\/\/covasna45.ro\/index.php\/lumea-noastra\/traian-basescu-presedintele-nu-si-abandoneaza-tara-doar-pentru-ca-voteaza-300-de-parlamentari\/"]}]},{"@type":"ImageObject","inLanguage":"ro-RO","@id":"https:\/\/covasna45.ro\/index.php\/lumea-noastra\/traian-basescu-presedintele-nu-si-abandoneaza-tara-doar-pentru-ca-voteaza-300-de-parlamentari\/#primaryimage","url":"https:\/\/covasna45.ro\/wp-content\/uploads\/2024\/05\/traian-basescu.jpg","contentUrl":"https:\/\/covasna45.ro\/wp-content\/uploads\/2024\/05\/traian-basescu.jpg","width":1624,"height":967},{"@type":"BreadcrumbList","@id":"https:\/\/covasna45.ro\/index.php\/lumea-noastra\/traian-basescu-presedintele-nu-si-abandoneaza-tara-doar-pentru-ca-voteaza-300-de-parlamentari\/#breadcrumb","itemListElement":[{"@type":"ListItem","position":1,"name":"Prima pagin\u0103","item":"https:\/\/covasna45.ro\/"},{"@type":"ListItem","position":2,"name":"Traian B\u0103sescu: \u201ePre\u015fedintele nu-\u015fi abandoneaz\u0103 \u0163ara doar pentru c\u0103 voteaz\u0103 300 de parlamentari\u201d"}]},{"@type":"WebSite","@id":"https:\/\/covasna45.ro\/#website","url":"https:\/\/covasna45.ro\/","name":"covasna45.ro","description":"","publisher":{"@id":"https:\/\/covasna45.ro\/#organization"},"potentialAction":[{"@type":"SearchAction","target":{"@type":"EntryPoint","urlTemplate":"https:\/\/covasna45.ro\/?s={search_term_string}"},"query-input":{"@type":"PropertyValueSpecification","valueRequired":true,"valueName":"search_term_string"}}],"inLanguage":"ro-RO"},{"@type":"Organization","@id":"https:\/\/covasna45.ro\/#organization","name":"covasna45.ro","url":"https:\/\/covasna45.ro\/","logo":{"@type":"ImageObject","inLanguage":"ro-RO","@id":"https:\/\/covasna45.ro\/#\/schema\/logo\/image\/","url":"https:\/\/covasna45.ro\/wp-content\/uploads\/2023\/01\/icon_logo.png","contentUrl":"https:\/\/covasna45.ro\/wp-content\/uploads\/2023\/01\/icon_logo.png","width":1900,"height":1900,"caption":"covasna45.ro"},"image":{"@id":"https:\/\/covasna45.ro\/#\/schema\/logo\/image\/"}},{"@type":"Person","@id":"https:\/\/covasna45.ro\/#\/schema\/person\/e674052bd7d95d70bbb007a1060ab73c","name":"Covasna45","image":{"@type":"ImageObject","inLanguage":"ro-RO","@id":"https:\/\/covasna45.ro\/wp-content\/uploads\/2025\/10\/icon_logo_covasna45-150x150.png","url":"https:\/\/covasna45.ro\/wp-content\/uploads\/2025\/10\/icon_logo_covasna45-150x150.png","contentUrl":"https:\/\/covasna45.ro\/wp-content\/uploads\/2025\/10\/icon_logo_covasna45-150x150.png","caption":"Covasna45"},"sameAs":["https:\/\/covasna45.ro"],"url":"https:\/\/covasna45.ro\/index.php\/author\/covasna\/"}]}},"_links":{"self":[{"href":"https:\/\/covasna45.ro\/index.php\/wp-json\/wp\/v2\/posts\/9824","targetHints":{"allow":["GET"]}}],"collection":[{"href":"https:\/\/covasna45.ro\/index.php\/wp-json\/wp\/v2\/posts"}],"about":[{"href":"https:\/\/covasna45.ro\/index.php\/wp-json\/wp\/v2\/types\/post"}],"author":[{"embeddable":true,"href":"https:\/\/covasna45.ro\/index.php\/wp-json\/wp\/v2\/users\/1"}],"replies":[{"embeddable":true,"href":"https:\/\/covasna45.ro\/index.php\/wp-json\/wp\/v2\/comments?post=9824"}],"version-history":[{"count":1,"href":"https:\/\/covasna45.ro\/index.php\/wp-json\/wp\/v2\/posts\/9824\/revisions"}],"predecessor-version":[{"id":9825,"href":"https:\/\/covasna45.ro\/index.php\/wp-json\/wp\/v2\/posts\/9824\/revisions\/9825"}],"wp:featuredmedia":[{"embeddable":true,"href":"https:\/\/covasna45.ro\/index.php\/wp-json\/wp\/v2\/media\/6222"}],"wp:attachment":[{"href":"https:\/\/covasna45.ro\/index.php\/wp-json\/wp\/v2\/media?parent=9824"}],"wp:term":[{"taxonomy":"category","embeddable":true,"href":"https:\/\/covasna45.ro\/index.php\/wp-json\/wp\/v2\/categories?post=9824"},{"taxonomy":"post_tag","embeddable":true,"href":"https:\/\/covasna45.ro\/index.php\/wp-json\/wp\/v2\/tags?post=9824"}],"curies":[{"name":"wp","href":"https:\/\/api.w.org\/{rel}","templated":true}]}}