{"id":9863,"date":"2025-02-19T11:12:29","date_gmt":"2025-02-19T09:12:29","guid":{"rendered":"https:\/\/covasna45.ro\/?p=9863"},"modified":"2025-02-19T11:12:29","modified_gmt":"2025-02-19T09:12:29","slug":"politistii-au-discutat-cu-directorii-de-scoli-din-judet-despre-problema-drogurilor","status":"publish","type":"post","link":"https:\/\/covasna45.ro\/index.php\/lumea-noastra\/politistii-au-discutat-cu-directorii-de-scoli-din-judet-despre-problema-drogurilor\/","title":{"rendered":"Poli\u021bi\u0219tii au discutat cu directorii de \u0219coli din jude\u021b despre problema drogurilor"},"content":{"rendered":"\n<p>Poli\u021bi\u0219ti din cadrul Inspectoratului de Poli\u021bie Jude\u021bean Covasna au discutat, ieri, cu directorii de \u0219coli din jude\u021bul Covasna, principala tem\u0103  fiind \u201esiguran\u021ba \u00een \u0219coli\u201d.<\/p>\n\n\n\n<p>\u00cen acest context, poli\u021bi\u0219tii au prezentat aspecte relevante din domeniul siguran\u021bei \u0219colare, aduc\u00e2nd \u00een discu\u021bie teme de actualitate precum necesitatea concentr\u0103rii eforturilor \u00een vederea identific\u0103rii \u0219i gestion\u0103rii timpurii a situa\u021biilor de risc, astfel \u00eenc\u00e2t la nivelul \u0219colilor s\u0103 se evite, pe c\u00e2t posibil, producerea unor incidente grave cu implicarea elevilor.<\/p>\n\n\n\n<figure class=\"wp-block-image size-large\"><img loading=\"lazy\" decoding=\"async\" width=\"768\" height=\"1024\" src=\"https:\/\/covasna45.ro\/wp-content\/uploads\/2025\/02\/Ghid-768x1024.jpeg\" alt=\"\" class=\"wp-image-9865\" srcset=\"https:\/\/covasna45.ro\/wp-content\/uploads\/2025\/02\/Ghid-768x1024.jpeg 768w, https:\/\/covasna45.ro\/wp-content\/uploads\/2025\/02\/Ghid-225x300.jpeg 225w, https:\/\/covasna45.ro\/wp-content\/uploads\/2025\/02\/Ghid-1152x1536.jpeg 1152w, https:\/\/covasna45.ro\/wp-content\/uploads\/2025\/02\/Ghid-150x200.jpeg 150w, https:\/\/covasna45.ro\/wp-content\/uploads\/2025\/02\/Ghid-300x400.jpeg 300w, https:\/\/covasna45.ro\/wp-content\/uploads\/2025\/02\/Ghid-696x928.jpeg 696w, https:\/\/covasna45.ro\/wp-content\/uploads\/2025\/02\/Ghid-1068x1424.jpeg 1068w, https:\/\/covasna45.ro\/wp-content\/uploads\/2025\/02\/Ghid.jpeg 1536w\" sizes=\"auto, (max-width: 768px) 100vw, 768px\" \/><\/figure>\n\n\n\n<p>De asemenea, un punct important al discu\u021biilor l-a reprezentat tema prevenirii traficului \u0219i consumului de substan\u021be interzise \u00een r\u00e2ndul elevilor, cu accent pe importan\u021ba cooper\u0103rii tuturor factorilor implica\u021bi \u00een procesul educa\u021bional \u00een lupta cu acest flagel.<\/p>\n\n\n\n<p>\u00cen cadrul acestei \u00eent\u00e2lniri a fost diseminat Ghidul de prevenire a consumului de droguri \u0219i alte substan\u021be cu efect psihoactiv \u00een r\u00e2ndul tinerilor care se adreseaz\u0103 p\u0103rin\u021bilor\/ apar\u021bin\u0103torilor\/ reprezenta\u021bilor legali. Acesta cuprinde repere legislative \u0219i aspecte de ordin general, cu accent pe recomand\u0103ri practice pentru categoria de persoane men\u021bionat\u0103, dar \u0219i date de contact ale institu\u021biile cu atribu\u021bii \u00een domeniu.<\/p>\n\n\n\n<p>Totodat\u0103, directorilor participan\u021bi le-a fost solicitat\u0103 completarea unui chestionar, \u00een scopul identific\u0103rii temelor de interes a fi abordate \u00een cadrul activit\u0103\u021bilor informativ-preventive desf\u0103\u0219urate \u00een r\u00e2ndul personalului didactic.<\/p>\n\n\n\n<p>Sursa: IPJ Covasna<\/p>\n","protected":false},"excerpt":{"rendered":"<p>Poli\u021bi\u0219ti din cadrul Inspectoratului de Poli\u021bie Jude\u021bean Covasna au discutat, ieri, cu directorii de \u0219coli din jude\u021bul Covasna, principala tem\u0103 fiind \u201esiguran\u021ba \u00een \u0219coli\u201d. \u00cen acest context, poli\u021bi\u0219tii au prezentat aspecte relevante din domeniul siguran\u021bei \u0219colare, aduc\u00e2nd \u00een discu\u021bie teme de actualitate precum necesitatea concentr\u0103rii eforturilor \u00een vederea identific\u0103rii \u0219i gestion\u0103rii timpurii a situa\u021biilor de [&hellip;]<\/p>\n","protected":false},"author":1,"featured_media":9864,"comment_status":"open","ping_status":"closed","sticky":false,"template":"","format":"standard","meta":{"tdm_status":"","tdm_grid_status":"","footnotes":""},"categories":[14],"tags":[1100,2197,3357],"class_list":{"0":"post-9863","1":"post","2":"type-post","3":"status-publish","4":"format-standard","5":"has-post-thumbnail","7":"category-lumea-noastra","8":"tag-droguri","9":"tag-ipj-covasna","10":"tag-scoli-2"},"yoast_head":"<!-- This site is optimized with the Yoast SEO plugin v27.5 - https:\/\/yoast.com\/product\/yoast-seo-wordpress\/ -->\n<title>Poli\u021bi\u0219tii au discutat cu directorii de \u0219coli din jude\u021b despre problema drogurilor - Covasna45<\/title>\n<meta name=\"description\" content=\"Un punct important al discu\u021biilor l-a reprezentat tema prevenirii traficului \u0219i consumului de substan\u021be interzise.\" \/>\n<meta name=\"robots\" content=\"index, follow, max-snippet:-1, max-image-preview:large, max-video-preview:-1\" \/>\n<link rel=\"canonical\" href=\"https:\/\/covasna45.ro\/index.php\/lumea-noastra\/politistii-au-discutat-cu-directorii-de-scoli-din-judet-despre-problema-drogurilor\/\" \/>\n<meta property=\"og:locale\" content=\"ro_RO\" \/>\n<meta property=\"og:type\" content=\"article\" \/>\n<meta property=\"og:title\" content=\"Poli\u021bi\u0219tii au discutat cu directorii de \u0219coli din jude\u021b despre problema drogurilor - Covasna45\" \/>\n<meta property=\"og:description\" content=\"Un punct important al discu\u021biilor l-a reprezentat tema prevenirii traficului \u0219i consumului de substan\u021be interzise.\" \/>\n<meta property=\"og:url\" content=\"https:\/\/covasna45.ro\/index.php\/lumea-noastra\/politistii-au-discutat-cu-directorii-de-scoli-din-judet-despre-problema-drogurilor\/\" \/>\n<meta property=\"og:site_name\" content=\"Covasna45\" \/>\n<meta property=\"article:published_time\" content=\"2025-02-19T09:12:29+00:00\" \/>\n<meta property=\"og:image\" content=\"https:\/\/covasna45.ro\/wp-content\/uploads\/2025\/02\/Siguranta-in-scoli.jpeg\" \/>\n\t<meta property=\"og:image:width\" content=\"2048\" \/>\n\t<meta property=\"og:image:height\" content=\"1568\" \/>\n\t<meta property=\"og:image:type\" content=\"image\/jpeg\" \/>\n<meta name=\"author\" content=\"Covasna45\" \/>\n<meta name=\"twitter:card\" content=\"summary_large_image\" \/>\n<meta name=\"twitter:label1\" content=\"Scris de\" \/>\n\t<meta name=\"twitter:data1\" content=\"Covasna45\" \/>\n\t<meta name=\"twitter:label2\" content=\"Timp estimat pentru citire\" \/>\n\t<meta name=\"twitter:data2\" content=\"2 minute\" \/>\n<script type=\"application\/ld+json\" class=\"yoast-schema-graph\">{\"@context\":\"https:\\\/\\\/schema.org\",\"@graph\":[{\"@type\":\"Article\",\"@id\":\"https:\\\/\\\/covasna45.ro\\\/index.php\\\/lumea-noastra\\\/politistii-au-discutat-cu-directorii-de-scoli-din-judet-despre-problema-drogurilor\\\/#article\",\"isPartOf\":{\"@id\":\"https:\\\/\\\/covasna45.ro\\\/index.php\\\/lumea-noastra\\\/politistii-au-discutat-cu-directorii-de-scoli-din-judet-despre-problema-drogurilor\\\/\"},\"author\":{\"name\":\"Covasna45\",\"@id\":\"https:\\\/\\\/covasna45.ro\\\/#\\\/schema\\\/person\\\/e674052bd7d95d70bbb007a1060ab73c\"},\"headline\":\"Poli\u021bi\u0219tii au discutat cu directorii de \u0219coli din jude\u021b despre problema drogurilor\",\"datePublished\":\"2025-02-19T09:12:29+00:00\",\"mainEntityOfPage\":{\"@id\":\"https:\\\/\\\/covasna45.ro\\\/index.php\\\/lumea-noastra\\\/politistii-au-discutat-cu-directorii-de-scoli-din-judet-despre-problema-drogurilor\\\/\"},\"wordCount\":255,\"commentCount\":0,\"publisher\":{\"@id\":\"https:\\\/\\\/covasna45.ro\\\/#organization\"},\"image\":{\"@id\":\"https:\\\/\\\/covasna45.ro\\\/index.php\\\/lumea-noastra\\\/politistii-au-discutat-cu-directorii-de-scoli-din-judet-despre-problema-drogurilor\\\/#primaryimage\"},\"thumbnailUrl\":\"https:\\\/\\\/covasna45.ro\\\/wp-content\\\/uploads\\\/2025\\\/02\\\/Siguranta-in-scoli.jpeg\",\"keywords\":[\"Droguri\",\"ipj covasna\",\"\u0219coli\"],\"articleSection\":[\"Lumea noastr\u0103\"],\"inLanguage\":\"ro-RO\",\"potentialAction\":[{\"@type\":\"CommentAction\",\"name\":\"Comment\",\"target\":[\"https:\\\/\\\/covasna45.ro\\\/index.php\\\/lumea-noastra\\\/politistii-au-discutat-cu-directorii-de-scoli-din-judet-despre-problema-drogurilor\\\/#respond\"]}]},{\"@type\":\"WebPage\",\"@id\":\"https:\\\/\\\/covasna45.ro\\\/index.php\\\/lumea-noastra\\\/politistii-au-discutat-cu-directorii-de-scoli-din-judet-despre-problema-drogurilor\\\/\",\"url\":\"https:\\\/\\\/covasna45.ro\\\/index.php\\\/lumea-noastra\\\/politistii-au-discutat-cu-directorii-de-scoli-din-judet-despre-problema-drogurilor\\\/\",\"name\":\"Poli\u021bi\u0219tii au discutat cu directorii de \u0219coli din jude\u021b despre problema drogurilor - Covasna45\",\"isPartOf\":{\"@id\":\"https:\\\/\\\/covasna45.ro\\\/#website\"},\"primaryImageOfPage\":{\"@id\":\"https:\\\/\\\/covasna45.ro\\\/index.php\\\/lumea-noastra\\\/politistii-au-discutat-cu-directorii-de-scoli-din-judet-despre-problema-drogurilor\\\/#primaryimage\"},\"image\":{\"@id\":\"https:\\\/\\\/covasna45.ro\\\/index.php\\\/lumea-noastra\\\/politistii-au-discutat-cu-directorii-de-scoli-din-judet-despre-problema-drogurilor\\\/#primaryimage\"},\"thumbnailUrl\":\"https:\\\/\\\/covasna45.ro\\\/wp-content\\\/uploads\\\/2025\\\/02\\\/Siguranta-in-scoli.jpeg\",\"datePublished\":\"2025-02-19T09:12:29+00:00\",\"description\":\"Un punct important al discu\u021biilor l-a reprezentat tema prevenirii traficului \u0219i consumului de substan\u021be interzise.\",\"breadcrumb\":{\"@id\":\"https:\\\/\\\/covasna45.ro\\\/index.php\\\/lumea-noastra\\\/politistii-au-discutat-cu-directorii-de-scoli-din-judet-despre-problema-drogurilor\\\/#breadcrumb\"},\"inLanguage\":\"ro-RO\",\"potentialAction\":[{\"@type\":\"ReadAction\",\"target\":[\"https:\\\/\\\/covasna45.ro\\\/index.php\\\/lumea-noastra\\\/politistii-au-discutat-cu-directorii-de-scoli-din-judet-despre-problema-drogurilor\\\/\"]}]},{\"@type\":\"ImageObject\",\"inLanguage\":\"ro-RO\",\"@id\":\"https:\\\/\\\/covasna45.ro\\\/index.php\\\/lumea-noastra\\\/politistii-au-discutat-cu-directorii-de-scoli-din-judet-despre-problema-drogurilor\\\/#primaryimage\",\"url\":\"https:\\\/\\\/covasna45.ro\\\/wp-content\\\/uploads\\\/2025\\\/02\\\/Siguranta-in-scoli.jpeg\",\"contentUrl\":\"https:\\\/\\\/covasna45.ro\\\/wp-content\\\/uploads\\\/2025\\\/02\\\/Siguranta-in-scoli.jpeg\",\"width\":2048,\"height\":1568},{\"@type\":\"BreadcrumbList\",\"@id\":\"https:\\\/\\\/covasna45.ro\\\/index.php\\\/lumea-noastra\\\/politistii-au-discutat-cu-directorii-de-scoli-din-judet-despre-problema-drogurilor\\\/#breadcrumb\",\"itemListElement\":[{\"@type\":\"ListItem\",\"position\":1,\"name\":\"Prima pagin\u0103\",\"item\":\"https:\\\/\\\/covasna45.ro\\\/\"},{\"@type\":\"ListItem\",\"position\":2,\"name\":\"Poli\u021bi\u0219tii au discutat cu directorii de \u0219coli din jude\u021b despre problema drogurilor\"}]},{\"@type\":\"WebSite\",\"@id\":\"https:\\\/\\\/covasna45.ro\\\/#website\",\"url\":\"https:\\\/\\\/covasna45.ro\\\/\",\"name\":\"covasna45.ro\",\"description\":\"\",\"publisher\":{\"@id\":\"https:\\\/\\\/covasna45.ro\\\/#organization\"},\"potentialAction\":[{\"@type\":\"SearchAction\",\"target\":{\"@type\":\"EntryPoint\",\"urlTemplate\":\"https:\\\/\\\/covasna45.ro\\\/?s={search_term_string}\"},\"query-input\":{\"@type\":\"PropertyValueSpecification\",\"valueRequired\":true,\"valueName\":\"search_term_string\"}}],\"inLanguage\":\"ro-RO\"},{\"@type\":\"Organization\",\"@id\":\"https:\\\/\\\/covasna45.ro\\\/#organization\",\"name\":\"covasna45.ro\",\"url\":\"https:\\\/\\\/covasna45.ro\\\/\",\"logo\":{\"@type\":\"ImageObject\",\"inLanguage\":\"ro-RO\",\"@id\":\"https:\\\/\\\/covasna45.ro\\\/#\\\/schema\\\/logo\\\/image\\\/\",\"url\":\"https:\\\/\\\/covasna45.ro\\\/wp-content\\\/uploads\\\/2023\\\/01\\\/icon_logo.png\",\"contentUrl\":\"https:\\\/\\\/covasna45.ro\\\/wp-content\\\/uploads\\\/2023\\\/01\\\/icon_logo.png\",\"width\":1900,\"height\":1900,\"caption\":\"covasna45.ro\"},\"image\":{\"@id\":\"https:\\\/\\\/covasna45.ro\\\/#\\\/schema\\\/logo\\\/image\\\/\"}},{\"@type\":\"Person\",\"@id\":\"https:\\\/\\\/covasna45.ro\\\/#\\\/schema\\\/person\\\/e674052bd7d95d70bbb007a1060ab73c\",\"name\":\"Covasna45\",\"image\":{\"@type\":\"ImageObject\",\"inLanguage\":\"ro-RO\",\"@id\":\"https:\\\/\\\/covasna45.ro\\\/wp-content\\\/uploads\\\/2025\\\/10\\\/icon_logo_covasna45-150x150.png\",\"url\":\"https:\\\/\\\/covasna45.ro\\\/wp-content\\\/uploads\\\/2025\\\/10\\\/icon_logo_covasna45-150x150.png\",\"contentUrl\":\"https:\\\/\\\/covasna45.ro\\\/wp-content\\\/uploads\\\/2025\\\/10\\\/icon_logo_covasna45-150x150.png\",\"caption\":\"Covasna45\"},\"sameAs\":[\"https:\\\/\\\/covasna45.ro\"],\"url\":\"https:\\\/\\\/covasna45.ro\\\/index.php\\\/author\\\/covasna\\\/\"}]}<\/script>\n<!-- \/ Yoast SEO plugin. -->","yoast_head_json":{"title":"Poli\u021bi\u0219tii au discutat cu directorii de \u0219coli din jude\u021b despre problema drogurilor - Covasna45","description":"Un punct important al discu\u021biilor l-a reprezentat tema prevenirii traficului \u0219i consumului de substan\u021be interzise.","robots":{"index":"index","follow":"follow","max-snippet":"max-snippet:-1","max-image-preview":"max-image-preview:large","max-video-preview":"max-video-preview:-1"},"canonical":"https:\/\/covasna45.ro\/index.php\/lumea-noastra\/politistii-au-discutat-cu-directorii-de-scoli-din-judet-despre-problema-drogurilor\/","og_locale":"ro_RO","og_type":"article","og_title":"Poli\u021bi\u0219tii au discutat cu directorii de \u0219coli din jude\u021b despre problema drogurilor - Covasna45","og_description":"Un punct important al discu\u021biilor l-a reprezentat tema prevenirii traficului \u0219i consumului de substan\u021be interzise.","og_url":"https:\/\/covasna45.ro\/index.php\/lumea-noastra\/politistii-au-discutat-cu-directorii-de-scoli-din-judet-despre-problema-drogurilor\/","og_site_name":"Covasna45","article_published_time":"2025-02-19T09:12:29+00:00","og_image":[{"width":2048,"height":1568,"url":"https:\/\/covasna45.ro\/wp-content\/uploads\/2025\/02\/Siguranta-in-scoli.jpeg","type":"image\/jpeg"}],"author":"Covasna45","twitter_card":"summary_large_image","twitter_misc":{"Scris de":"Covasna45","Timp estimat pentru citire":"2 minute"},"schema":{"@context":"https:\/\/schema.org","@graph":[{"@type":"Article","@id":"https:\/\/covasna45.ro\/index.php\/lumea-noastra\/politistii-au-discutat-cu-directorii-de-scoli-din-judet-despre-problema-drogurilor\/#article","isPartOf":{"@id":"https:\/\/covasna45.ro\/index.php\/lumea-noastra\/politistii-au-discutat-cu-directorii-de-scoli-din-judet-despre-problema-drogurilor\/"},"author":{"name":"Covasna45","@id":"https:\/\/covasna45.ro\/#\/schema\/person\/e674052bd7d95d70bbb007a1060ab73c"},"headline":"Poli\u021bi\u0219tii au discutat cu directorii de \u0219coli din jude\u021b despre problema drogurilor","datePublished":"2025-02-19T09:12:29+00:00","mainEntityOfPage":{"@id":"https:\/\/covasna45.ro\/index.php\/lumea-noastra\/politistii-au-discutat-cu-directorii-de-scoli-din-judet-despre-problema-drogurilor\/"},"wordCount":255,"commentCount":0,"publisher":{"@id":"https:\/\/covasna45.ro\/#organization"},"image":{"@id":"https:\/\/covasna45.ro\/index.php\/lumea-noastra\/politistii-au-discutat-cu-directorii-de-scoli-din-judet-despre-problema-drogurilor\/#primaryimage"},"thumbnailUrl":"https:\/\/covasna45.ro\/wp-content\/uploads\/2025\/02\/Siguranta-in-scoli.jpeg","keywords":["Droguri","ipj covasna","\u0219coli"],"articleSection":["Lumea noastr\u0103"],"inLanguage":"ro-RO","potentialAction":[{"@type":"CommentAction","name":"Comment","target":["https:\/\/covasna45.ro\/index.php\/lumea-noastra\/politistii-au-discutat-cu-directorii-de-scoli-din-judet-despre-problema-drogurilor\/#respond"]}]},{"@type":"WebPage","@id":"https:\/\/covasna45.ro\/index.php\/lumea-noastra\/politistii-au-discutat-cu-directorii-de-scoli-din-judet-despre-problema-drogurilor\/","url":"https:\/\/covasna45.ro\/index.php\/lumea-noastra\/politistii-au-discutat-cu-directorii-de-scoli-din-judet-despre-problema-drogurilor\/","name":"Poli\u021bi\u0219tii au discutat cu directorii de \u0219coli din jude\u021b despre problema drogurilor - Covasna45","isPartOf":{"@id":"https:\/\/covasna45.ro\/#website"},"primaryImageOfPage":{"@id":"https:\/\/covasna45.ro\/index.php\/lumea-noastra\/politistii-au-discutat-cu-directorii-de-scoli-din-judet-despre-problema-drogurilor\/#primaryimage"},"image":{"@id":"https:\/\/covasna45.ro\/index.php\/lumea-noastra\/politistii-au-discutat-cu-directorii-de-scoli-din-judet-despre-problema-drogurilor\/#primaryimage"},"thumbnailUrl":"https:\/\/covasna45.ro\/wp-content\/uploads\/2025\/02\/Siguranta-in-scoli.jpeg","datePublished":"2025-02-19T09:12:29+00:00","description":"Un punct important al discu\u021biilor l-a reprezentat tema prevenirii traficului \u0219i consumului de substan\u021be interzise.","breadcrumb":{"@id":"https:\/\/covasna45.ro\/index.php\/lumea-noastra\/politistii-au-discutat-cu-directorii-de-scoli-din-judet-despre-problema-drogurilor\/#breadcrumb"},"inLanguage":"ro-RO","potentialAction":[{"@type":"ReadAction","target":["https:\/\/covasna45.ro\/index.php\/lumea-noastra\/politistii-au-discutat-cu-directorii-de-scoli-din-judet-despre-problema-drogurilor\/"]}]},{"@type":"ImageObject","inLanguage":"ro-RO","@id":"https:\/\/covasna45.ro\/index.php\/lumea-noastra\/politistii-au-discutat-cu-directorii-de-scoli-din-judet-despre-problema-drogurilor\/#primaryimage","url":"https:\/\/covasna45.ro\/wp-content\/uploads\/2025\/02\/Siguranta-in-scoli.jpeg","contentUrl":"https:\/\/covasna45.ro\/wp-content\/uploads\/2025\/02\/Siguranta-in-scoli.jpeg","width":2048,"height":1568},{"@type":"BreadcrumbList","@id":"https:\/\/covasna45.ro\/index.php\/lumea-noastra\/politistii-au-discutat-cu-directorii-de-scoli-din-judet-despre-problema-drogurilor\/#breadcrumb","itemListElement":[{"@type":"ListItem","position":1,"name":"Prima pagin\u0103","item":"https:\/\/covasna45.ro\/"},{"@type":"ListItem","position":2,"name":"Poli\u021bi\u0219tii au discutat cu directorii de \u0219coli din jude\u021b despre problema drogurilor"}]},{"@type":"WebSite","@id":"https:\/\/covasna45.ro\/#website","url":"https:\/\/covasna45.ro\/","name":"covasna45.ro","description":"","publisher":{"@id":"https:\/\/covasna45.ro\/#organization"},"potentialAction":[{"@type":"SearchAction","target":{"@type":"EntryPoint","urlTemplate":"https:\/\/covasna45.ro\/?s={search_term_string}"},"query-input":{"@type":"PropertyValueSpecification","valueRequired":true,"valueName":"search_term_string"}}],"inLanguage":"ro-RO"},{"@type":"Organization","@id":"https:\/\/covasna45.ro\/#organization","name":"covasna45.ro","url":"https:\/\/covasna45.ro\/","logo":{"@type":"ImageObject","inLanguage":"ro-RO","@id":"https:\/\/covasna45.ro\/#\/schema\/logo\/image\/","url":"https:\/\/covasna45.ro\/wp-content\/uploads\/2023\/01\/icon_logo.png","contentUrl":"https:\/\/covasna45.ro\/wp-content\/uploads\/2023\/01\/icon_logo.png","width":1900,"height":1900,"caption":"covasna45.ro"},"image":{"@id":"https:\/\/covasna45.ro\/#\/schema\/logo\/image\/"}},{"@type":"Person","@id":"https:\/\/covasna45.ro\/#\/schema\/person\/e674052bd7d95d70bbb007a1060ab73c","name":"Covasna45","image":{"@type":"ImageObject","inLanguage":"ro-RO","@id":"https:\/\/covasna45.ro\/wp-content\/uploads\/2025\/10\/icon_logo_covasna45-150x150.png","url":"https:\/\/covasna45.ro\/wp-content\/uploads\/2025\/10\/icon_logo_covasna45-150x150.png","contentUrl":"https:\/\/covasna45.ro\/wp-content\/uploads\/2025\/10\/icon_logo_covasna45-150x150.png","caption":"Covasna45"},"sameAs":["https:\/\/covasna45.ro"],"url":"https:\/\/covasna45.ro\/index.php\/author\/covasna\/"}]}},"_links":{"self":[{"href":"https:\/\/covasna45.ro\/index.php\/wp-json\/wp\/v2\/posts\/9863","targetHints":{"allow":["GET"]}}],"collection":[{"href":"https:\/\/covasna45.ro\/index.php\/wp-json\/wp\/v2\/posts"}],"about":[{"href":"https:\/\/covasna45.ro\/index.php\/wp-json\/wp\/v2\/types\/post"}],"author":[{"embeddable":true,"href":"https:\/\/covasna45.ro\/index.php\/wp-json\/wp\/v2\/users\/1"}],"replies":[{"embeddable":true,"href":"https:\/\/covasna45.ro\/index.php\/wp-json\/wp\/v2\/comments?post=9863"}],"version-history":[{"count":1,"href":"https:\/\/covasna45.ro\/index.php\/wp-json\/wp\/v2\/posts\/9863\/revisions"}],"predecessor-version":[{"id":9866,"href":"https:\/\/covasna45.ro\/index.php\/wp-json\/wp\/v2\/posts\/9863\/revisions\/9866"}],"wp:featuredmedia":[{"embeddable":true,"href":"https:\/\/covasna45.ro\/index.php\/wp-json\/wp\/v2\/media\/9864"}],"wp:attachment":[{"href":"https:\/\/covasna45.ro\/index.php\/wp-json\/wp\/v2\/media?parent=9863"}],"wp:term":[{"taxonomy":"category","embeddable":true,"href":"https:\/\/covasna45.ro\/index.php\/wp-json\/wp\/v2\/categories?post=9863"},{"taxonomy":"post_tag","embeddable":true,"href":"https:\/\/covasna45.ro\/index.php\/wp-json\/wp\/v2\/tags?post=9863"}],"curies":[{"name":"wp","href":"https:\/\/api.w.org\/{rel}","templated":true}]}}